{"id":3864,"date":"1996-03-16T12:14:22","date_gmt":"1996-03-16T12:14:22","guid":{"rendered":"\/?p=3864"},"modified":"2016-05-11T06:30:37","modified_gmt":"2016-05-11T06:30:37","slug":"comment-je-suis-devenu-educateur","status":"publish","type":"post","link":"https:\/\/www.servir.caef.net\/?p=3864","title":{"rendered":"T\u00e9moignage &#8211; Comment je suis devenu \u00e9ducateur"},"content":{"rendered":"<h1 style=\"text-align: center;\" align=\"JUSTIFY\"><a href=\"\/wp-content\/uploads\/2011\/05\/Temoignage.jpg\"><img loading=\"lazy\" decoding=\"async\" class=\"alignnone size-full wp-image-2645\" src=\"\/wp-content\/uploads\/2011\/05\/Temoignage.jpg\" alt=\"Temoignage\" width=\"390\" height=\"36\" srcset=\"https:\/\/www.servir.caef.net\/wp-content\/uploads\/2011\/05\/Temoignage.jpg 390w, https:\/\/www.servir.caef.net\/wp-content\/uploads\/2011\/05\/Temoignage-300x27.jpg 300w\" sizes=\"auto, (max-width: 390px) 100vw, 390px\" \/><\/a><\/h1>\n<h1 style=\"text-align: center;\" align=\"JUSTIFY\">\u00a0<\/h1>\n<h1 style=\"text-align: center;\" align=\"JUSTIFY\">Comment je suis devenu \u00e9ducateur<\/h1>\n<p align=\"JUSTIFY\">\u00a0<\/p>\n<p align=\"JUSTIFY\"><a href=\"\/wp-content\/uploads\/2014\/04\/dialogue-2.jpg\"><img loading=\"lazy\" decoding=\"async\" class=\"size-full wp-image-8166 aligncenter\" src=\"\/wp-content\/uploads\/2014\/04\/dialogue-2.jpg\" alt=\"dialogue-2\" width=\"182\" height=\"190\" \/><\/a><\/p>\n<p align=\"JUSTIFY\">\u00a0<\/p>\n<p align=\"JUSTIFY\"><strong>par <span style=\"font-size: 16px;\"><span style=\"color: #b22222;\">Marc BUCKENHAM<\/span><\/span><\/strong><\/p>\n<p align=\"JUSTIFY\">\u00a0<\/p>\n<p align=\"JUSTIFY\">\u00a0<\/p>\n<p align=\"JUSTIFY\">\u00a0<\/p>\n<p>&nbsp;<\/p>\n<p align=\"JUSTIFY\">J&rsquo;avais 19 ans et j&rsquo;allais passer mon baccalaur\u00e9at. La vie se d\u00e9roulait plut\u00f4t agr\u00e9ablement : je m&rsquo;entendais bien avec ma famille, j&rsquo;avais de bons camarades au lyc\u00e9e. Entre les Centres A\u00e9r\u00e9s o\u00f9 je travaillais et les cours d&rsquo;anglais que je donnais, j&rsquo;avais assez d&rsquo;argent de poche. A l&rsquo;\u00e9glise j&rsquo;avais trouv\u00e9 ma place et je m&rsquo;occupais du groupe de jeunes. Et enfin depuis quelques mois j&rsquo;\u00e9tais amoureux&#8230; Je regardais l&rsquo;avenir avec optimisme !<\/p>\n<p align=\"JUSTIFY\">\u00a0<\/p>\n<p align=\"JUSTIFY\"><!--more--><\/p>\n<p align=\"JUSTIFY\"><a href=\"\/wp-content\/uploads\/1996\/pdf1996\/1996_02_11_devenueducateur.pdf\" target=\"_blank\"><img loading=\"lazy\" decoding=\"async\" title=\"iconePDF\" src=\"\/wp-content\/uploads\/2011\/01\/iconePDF.jpg\" alt=\"\" width=\"81\" height=\"76\" align=\"right\" hspace=\"8\" vspace=\"8\" \/><\/a>Il y avait cependant un domaine o\u00f9 je m&rsquo;interrogeais : Quel avenir professionnel ? Quelles \u00e9tudes, pour quel m\u00e9tier ? Je n&rsquo;avais pas d&rsquo;id\u00e9e bien pr\u00e9cise sur ce que je voulais faire&#8230;<\/p>\n<p align=\"JUSTIFY\">\u00a0<\/p>\n<p align=\"JUSTIFY\">Quelques dix-huit ans plus tard, je suis \u00e9ducateur, chef de service. Comment s&rsquo;est op\u00e9r\u00e9 ce choix ?<\/p>\n<p align=\"JUSTIFY\">\u00a0<\/p>\n<p align=\"JUSTIFY\">Mon enfance a \u00e9t\u00e9 sans doute l&rsquo;un des \u00e9l\u00e9ments d\u00e9terminants dans mon cheminement. Jusqu&rsquo;\u00e0 l&rsquo;\u00e2ge de 15 ans, j&rsquo;ai grandi dans la maison d&rsquo;enfants que dirigeaient mes parents. Aussi loin que remontent mes souvenirs, j&rsquo;ai toujours \u00e9t\u00e9 entour\u00e9 d&rsquo;enfants, de jeunes, et d&rsquo;adultes plus ou moins en difficult\u00e9. J&rsquo;ai pu conna\u00eetre de grands moments de bonheur et de joie dans cette maison pleine de rires, de voix, de vie ! J&rsquo;aimais cette force que nous avions entre nous, cette connivence lors des soir\u00e9es, des jeux, des promenades, des activit\u00e9s en commun.<\/p>\n<p align=\"JUSTIFY\">\u00a0<\/p>\n<p align=\"JUSTIFY\">J&rsquo;ai aussi ressenti des aspects plus difficiles. Je me souviens par exemple de mon fr\u00e8re qui avait, lui, du mal \u00e0 partager ses parents ! Et je ne suis pas pr\u00e8s d&rsquo;oublier cet \u00e9t\u00e9 1973 o\u00f9 mes parents, sans doute \u00e9puis\u00e9s, sont tomb\u00e9s malades tous les deux, et o\u00f9 j&rsquo;ai cru pendant plusieurs semaines perdre mon p\u00e8re. Comment, \u00e0 l&rsquo;\u00e2ge de 15 ans, ne pas remettre en cause l&rsquo;engagement professionnel quand celui-ci conduit \u00e0 un tel \u00e9tat de fatigue ?<\/p>\n<p align=\"JUSTIFY\">\u00a0<\/p>\n<p align=\"JUSTIFY\">Malgr\u00e9 tout, ce que je retiens de ces 15 ans, c&rsquo;est d&rsquo;avoir vu des enfants et des jeunes arriver \u00e0 la maison avec des besoins affectifs et psychologiques \u00e0 combler. J&rsquo;ai \u00e9t\u00e9 t\u00e9moin de l&rsquo;amour, du soutien apport\u00e9s, j&rsquo;ai ressenti la chaleur et l&rsquo;ambiance de la maison. Je vivais <span style=\"background-color: #add8e6;\"><em>Matthieu 25. 34 \u00e0 46 : \u00ab\u00a0J&rsquo;ai eu faim et&#8230;\u00a0\u00bb<\/em><\/span>. J&rsquo;ai aussi ressenti ce plaisir, ce bien-\u00eatre qu&rsquo;il y a \u00e0 aider, \u00e0 donner de ce que l&rsquo;on est.<\/p>\n<p align=\"JUSTIFY\">\u00a0<\/p>\n<p align=\"JUSTIFY\">Plus tard, j&rsquo;ai \u00e9t\u00e9 animateur de jeunes dans l&rsquo;\u00e9glise, animateur en Centre de Vacances et en Centre A\u00e9r\u00e9. J&rsquo;ai appr\u00e9ci\u00e9 ces exp\u00e9riences et j&rsquo;ai compris que je pouvais \u00eatre utile. Cela a sans doute constitu\u00e9 un pas de plus vers un travail social. A cette \u00e9poque-l\u00e0 je me promettais malgr\u00e9 tout de ne jamais faire comme mes parents !<\/p>\n<p align=\"JUSTIFY\">\u00a0<\/p>\n<p align=\"JUSTIFY\">Mon bac en poche, il fallait choisir I une orientation. Mes id\u00e9es \u00e9taient encore floues : pourquoi pas instituteur &#8211; orthophoniste &#8211; \u00e9ducateur &#8211; infirmier ? Bien s\u00fbr, vous l&rsquo;aurez remarqu\u00e9, ces pistes \u00e9taient quand m\u00eame d\u00e9j\u00e0 orient\u00e9es ! J&rsquo;avais envie d&rsquo;aider les autres et de travailler aupr\u00e8s d&rsquo;enfants : j&rsquo;aimais observer, \u00e9couter, \u00ab\u00a0sentir\u00a0\u00bb les choses&#8230; Et puis la vie nous guide et nous aide \u00e0 faire nos choix.<\/p>\n<p align=\"JUSTIFY\">\u00a0<\/p>\n<p align=\"JUSTIFY\">A l&rsquo;\u00e2ge de 20 ans, j&rsquo;ai d\u00e9cid\u00e9 de me marier, et pour permettre \u00e0 ma femme de finir ses \u00e9tudes en attendant de commencer les miennes, j&rsquo;ai postul\u00e9 pour une place d&rsquo;\u00e9ducateur dans un foyer pour cas sociaux. Ceci m&rsquo;\u00e9tait indispensable pour entrer en formation et je souhaitais v\u00e9rifier si c&rsquo;\u00e9tait vraiment le m\u00e9tier qui correspondait \u00e0 mes convictions et \u00e0 mes aptitudes. Ces deux ann\u00e9es ont pass\u00e9 tr\u00e8s vite, j&rsquo;avais la conviction d&rsquo;avoir trouv\u00e9 ma voie et j&rsquo;ai donc entam\u00e9 ma formation d&rsquo;\u00e9ducateur sp\u00e9cialis\u00e9.<\/p>\n<p align=\"JUSTIFY\">\u00a0<\/p>\n<p align=\"JUSTIFY\">Le m\u00e9tier d&rsquo;\u00e9ducateur peut \u00eatre un heureux m\u00e9tier, avec ses joies mais aussi ses peines. Si l&rsquo;on souhaite appliquer le second commandement que nous donne J\u00e9sus : <span style=\"background-color: #add8e6;\"><em>\u00ab\u00a0Tu aimeras | ton prochain&#8230;\u00a0\u00bb<\/em><\/span>, le champ d&rsquo;action est alors tr\u00e8s vaste et vari\u00e9. Je mettrais toutefois en garde ceux qui voudraient devenir \u00e9ducateurs \u00ab\u00a0par d\u00e9faut\u00a0\u00bb : c&rsquo;est un travail o\u00f9 l&rsquo;on peut apprendre beaucoup de choses, mais o\u00f9 l&rsquo;on a aussi et surtout besoin d&rsquo;ETRE. Je crois sinc\u00e8rement que l&rsquo;on a besoin d&rsquo;avoir en soi des dispositions pour un travail de relation o\u00f9 l&rsquo;on montre et o\u00f9 l&rsquo;on donne beaucoup de soi.<\/p>\n<p align=\"JUSTIFY\">\u00a0<\/p>\n<p align=\"CENTER\">M.B.<\/p>\n<p align=\"JUSTIFY\">\u00a0<\/p>\n","protected":false},"excerpt":{"rendered":"<p>\u00a0 Comment je suis devenu \u00e9ducateur \u00a0 \u00a0 par Marc BUCKENHAM \u00a0 \u00a0 \u00a0 &nbsp; J&rsquo;avais 19 ans et j&rsquo;allais passer mon baccalaur\u00e9at. La vie se d\u00e9roulait plut\u00f4t agr\u00e9ablement : je m&rsquo;entendais bien avec ma famille, j&rsquo;avais de bons camarades au lyc\u00e9e. Entre les Centres A\u00e9r\u00e9s o\u00f9 je travaillais et les cours d&rsquo;anglais que je [&hellip;]<\/p>\n","protected":false},"author":148,"featured_media":0,"comment_status":"closed","ping_status":"closed","sticky":false,"template":"","format":"standard","meta":{"footnotes":""},"categories":[50,33],"tags":[],"class_list":["post-3864","post","type-post","status-publish","format-standard","hentry","category-jeunesse","category-temoignages"],"_links":{"self":[{"href":"https:\/\/www.servir.caef.net\/index.php?rest_route=\/wp\/v2\/posts\/3864","targetHints":{"allow":["GET"]}}],"collection":[{"href":"https:\/\/www.servir.caef.net\/index.php?rest_route=\/wp\/v2\/posts"}],"about":[{"href":"https:\/\/www.servir.caef.net\/index.php?rest_route=\/wp\/v2\/types\/post"}],"author":[{"embeddable":true,"href":"https:\/\/www.servir.caef.net\/index.php?rest_route=\/wp\/v2\/users\/148"}],"replies":[{"embeddable":true,"href":"https:\/\/www.servir.caef.net\/index.php?rest_route=%2Fwp%2Fv2%2Fcomments&post=3864"}],"version-history":[{"count":0,"href":"https:\/\/www.servir.caef.net\/index.php?rest_route=\/wp\/v2\/posts\/3864\/revisions"}],"wp:attachment":[{"href":"https:\/\/www.servir.caef.net\/index.php?rest_route=%2Fwp%2Fv2%2Fmedia&parent=3864"}],"wp:term":[{"taxonomy":"category","embeddable":true,"href":"https:\/\/www.servir.caef.net\/index.php?rest_route=%2Fwp%2Fv2%2Fcategories&post=3864"},{"taxonomy":"post_tag","embeddable":true,"href":"https:\/\/www.servir.caef.net\/index.php?rest_route=%2Fwp%2Fv2%2Ftags&post=3864"}],"curies":[{"name":"wp","href":"https:\/\/api.w.org\/{rel}","templated":true}]}}