{"id":391,"date":"2009-03-24T12:09:43","date_gmt":"2009-03-24T12:09:43","guid":{"rendered":"\/?p=391"},"modified":"2017-04-19T07:23:06","modified_gmt":"2017-04-19T07:23:06","slug":"relation-d%e2%80%99aide-le-rapport-eglises-oeuvres","status":"publish","type":"post","link":"https:\/\/www.servir.caef.net\/?p=391","title":{"rendered":"Relation d\u2019aide: le rapport Eglises-oeuvres"},"content":{"rendered":"<p>&nbsp;<\/p>\n<p><img loading=\"lazy\" decoding=\"async\" class=\"alignleft size-full wp-image-394\" title=\"Isabelle MILLEMANN\" src=\"\/wp-content\/uploads\/2011\/02\/Isabelle-MILLEMANN.jpg\" alt=\"\" width=\"112\" height=\"146\" align=\"left\" hspace=\"10\" vspace=\"10\" \/><\/p>\n<h1 style=\"text-align: center;\">Relation d\u2019aide: le rapport Eglises-oeuvres<\/h1>\n<p>&nbsp;<\/p>\n<p>&nbsp;<\/p>\n<p>&nbsp;<\/p>\n<p style=\"text-align: justify;\">Indiquons en pr\u00e9ambule que les rapports des Eglises avec \u00ab Famille Je t\u2019Aime \u00bb ( <a href=\"http:\/\/www.famillejetaime.com\/\" target=\"_blank\"><strong><span style=\"color: #0f15c1;\">FJA<\/span><\/strong><\/a>), en tant qu\u2019oeuvre de relation d\u2019aide (RA), ne sauraient \u00eatre repr\u00e9sentatifs de ceux qu\u2019entretiennent toutes les autres oeuvres de m\u00eame type.<br \/> Dans le paysage \u00e9vang\u00e9lique fran\u00e7ais, nous sommes nombreux \u00e0 travailler sur ce cr\u00e9neau et nous avons le privil\u00e8ge de vivre le respect et la reconnaissance mutuelle gr\u00e2ce \u00e0 l\u2019action del\u2019<a href=\"http:\/\/www.acc-france.fr\/\" target=\"_blank\"><span style=\"color: #0f15c1;\"><strong>ACC<\/strong><\/span><\/a><strong><sub>1<\/sub><\/strong>.<\/p>\n<p style=\"text-align: justify;\">Pour autant nous avons nos sp\u00e9cificit\u00e9s.<\/p>\n<p>&nbsp;<\/p>\n<p style=\"text-align: justify;\">D\u00e8s sa cr\u00e9ation il y a 20 ans, FJA a pris le parti d\u2019\u00eatre une \u00ab Association de service, partenaire des Eglises pour oeuvrer aupr\u00e8s de familles \u00bb. Les termes ont leur importance et assoient un cadre de travail.<br \/> \u00catre une association de service nous place dans la sph\u00e8re interd\u00e9nominationnelle.<\/p>\n<p><!--more--><\/p>\n<p>&nbsp;<\/p>\n<p><img loading=\"lazy\" decoding=\"async\" class=\"alignleft\" style=\"margin: 10px;\" title=\"relation d aide\" src=\"\/wp-content\/uploads\/2009\/03\/relation-d-aide.jpg\" alt=\"\" width=\"425\" height=\"283\" align=\"right\" hspace=\"10\" vspace=\"10\" \/><\/p>\n<p style=\"text-align: justify;\"><a href=\"\/wp-content\/uploads\/2009\/pdf2009\/Servir2009_2.pdf#page=19\" target=\"_blank\"><img loading=\"lazy\" decoding=\"async\" title=\"iconePDF\" src=\"\/wp-content\/uploads\/2011\/01\/iconePDF.jpg\" alt=\"\" width=\"81\" height=\"76\" align=\"right\" hspace=\"8\" vspace=\"8\" \/><\/a>L\u2019intervention sur les probl\u00e9matiques des individus, des couples et des familles, laisse les Eglises garantes des options th\u00e9ologiques qui leurs sont propres. Le fondement de notre travail est profond\u00e9ment scripturaire, mais ne touche pas aux grandes doctrines qui font les particularismes de nos diverses assembl\u00e9es. Nous vivons en tant qu\u2019\u00e9quipe sur la base doctrinale de la d\u00e9claration de foi de l\u2019<strong><a href=\"http:\/\/www.alliance-evangelique.org\/accueil\/\" target=\"_blank\"><span style=\"color: #0f15c1;\">AEF<\/span><\/a><\/strong><strong><sub>3<\/sub> <\/strong>et avons une unit\u00e9 de vision sur les questions des familles d\u2019aujourd\u2019hui.<\/p>\n<p>&nbsp;<\/p>\n<p>&nbsp;<\/p>\n<p style=\"text-align: justify;\">Ceci nous permet de venir de milieux tr\u00e8s diff\u00e9rents et donc de servir toutes les d\u00e9nominations. \u00catre en partenariat avec les Eglises nous oblige \u00e0 une r\u00e9flexion sur les interactions entre l\u2019Eglise et l\u2019aide aux personnes en souffrance. Le Dr Dejardin<strong><sub>4<\/sub><\/strong> exprime bien notre position \u00e0 ce sujet :<strong> \u00ab On attend une autre r\u00e9ponse de l\u2019Eglise qu\u2019une proposition de traitement : elle proclame le salut en J\u00e9sus-Christ. Elle ne soigne pas les souvenirs, elle appelle \u00e0 la repentance.(\u2026) Quand la voix de l\u2019Eglise se fait psychologisante, son message s\u2019affadit, sa voix devient confuse parce qu\u2019elle ne r\u00e9pond plus \u00e0 sa mission. \u00bb<\/strong><\/p>\n<p>&nbsp;<\/p>\n<p>&nbsp;<\/p>\n<p style=\"text-align: justify;\">Nous partons donc du principe que les probl\u00e8mes des chr\u00e9tiens ne se r\u00e9solvent pas dans l\u2019\u00e9glise sur le mode psychoth\u00e9rapeutique. Pourtant nous croyons que l\u2019\u00e9glise a quelque chose \u00e0 dire sur beaucoup de difficult\u00e9s individuelles et familiales. La sp\u00e9cificit\u00e9 de FJA est de se positionner volontairement hors du champ de la psychoth\u00e9rapie en visant une coh\u00e9rence probl\u00e8me\/solutions. Ainsi nous recherchons des <strong>solutions bibliques<\/strong>, non pas \u00e0 des probl\u00e8mes que d\u00e9finirait la psychologie, mais \u00e0 des probl\u00e8mes d\u00e9finis en termes bibliques. Inversement nous n\u2019enseignons pas des m\u00e9thodes et des concepts psychoth\u00e9rapeutiques pour traiter des probl\u00e8mes spirituels et ce, m\u00eame si nous travaillons beaucoup la m\u00e9thodologie de l\u2019accompagnement. Comme le souligne D. Dejardin<strong><sub>5<\/sub><\/strong> \u00ab la vision de l\u2019homme \u201cpsychologique\u201d n\u2019est pas celle qui ressort de l\u2019enseignement biblique. La Bible ne se place pas sur ce terrain. \u00bb<\/p>\n<p>&nbsp;<\/p>\n<p style=\"text-align: justify;\">De ce fait nous faisons soigneusement le tri entre les sympt\u00f4mes dont nous pouvons traiter l\u2019origine, et ceux qui ne rel\u00e8vent pas de notre comp\u00e9tence. Notre postulat est que les difficult\u00e9s rencontr\u00e9es par les chr\u00e9tiens proviennent souvent d\u2019une mauvaise compr\u00e9hension de leur identit\u00e9 en Christ et d\u2019un d\u00e9faut dans l\u2019appropriation de celle-ci pour vivre une vie conforme au projet divin.<\/p>\n<p>&nbsp;<\/p>\n<p style=\"text-align: justify;\">De la m\u00eame mani\u00e8re que nous ne nous sommes pas convertis sur des bases psychologiques, nous croyons que nous pouvons vivre et accompagner sur des bases bibliques. D\u00e8s lors notre travail avec les Eglises prend tout son sens. Nous adoptons la d\u00e9finition de la RA de J. De Vries<strong><sub>6<\/sub><\/strong> : Accompagnement dont \u00able but est d\u2019\u00eatre conforme \u00e0 l\u2019image de J\u00e9sus-Christ, de parvenir \u00e0 la maturit\u00e9 spirituelle \u00bb. Nous croyons que le b\u00e9n\u00e9fice secondaire d\u2019une vie de plus en plus conforme \u00e0 l\u2019image de Christ (sanctification) est une vie lib\u00e9r\u00e9e de la plupart des probl\u00e8mes (sympt\u00f4mes) que nous rencontrons. D\u00e9finie ainsi la RA dans l\u2019\u00e9glise reste christocentrique et ne bascule pas dans l\u2019anthropocentrisme. La RA pastorale est un minist\u00e8re spirituel qui n\u00e9cessite formation et technique. Cette vision nous permet de rester dans notre vocation : \u00e9quiper les pasteurs et les membres de l\u2019Eglise reconnus par elle, \u00e0 effectuer un accompagnement pastoral en profondeur.<\/p>\n<p>&nbsp;<\/p>\n<p style=\"text-align: center;\"><strong>Isabelle MILLEMANN<sub>2<\/sub><\/strong><\/p>\n<hr \/>\n<p>&nbsp;<\/p>\n<p>NOTES<\/p>\n<p>&nbsp;<\/p>\n<p>&nbsp;<\/p>\n<p><strong>1<\/strong>. Association des Conseillers Chr\u00e9tiens<\/p>\n<p>&nbsp;<\/p>\n<p><strong>2<\/strong>. Directrice de<em> Famille je t\u2019Aime<\/em><br \/> \u00a0<\/p>\n<p><strong>3<\/strong>. Alliance Evang\u00e9lique Fran\u00e7aise<br \/> \u00a0<\/p>\n<p><strong>4<\/strong>. D. DEJARDIN \u2013 Les pouvoirs illimit\u00e9s de la psychologie \u2013 Fac R\u00e9flexion n\u00b0 37, 1996\/4 \u2013 Vaux sur Seine p 26<br \/> \u00a0<\/p>\n<p><strong>5.<\/strong> ibid<br \/> \u00a0<\/p>\n<p><strong>6.<\/strong> J. de VRIES &amp; W. BARRET \u2013 <em>La Bible au centre de la relation d\u2019aide<\/em> \u2013 Ed. ELB \u2013 Braine-l\u2019Alleud \u2013 1995 \u2013 p 60<br \/> \u00a0<\/p>\n","protected":false},"excerpt":{"rendered":"<p>&nbsp; Relation d\u2019aide: le rapport Eglises-oeuvres &nbsp; &nbsp; &nbsp; Indiquons en pr\u00e9ambule que les rapports des Eglises avec \u00ab Famille Je t\u2019Aime \u00bb ( FJA), en tant qu\u2019oeuvre de relation d\u2019aide (RA), ne sauraient \u00eatre repr\u00e9sentatifs de ceux qu\u2019entretiennent toutes les autres oeuvres de m\u00eame type. Dans le paysage \u00e9vang\u00e9lique fran\u00e7ais, nous sommes nombreux \u00e0 [&hellip;]<\/p>\n","protected":false},"author":24,"featured_media":0,"comment_status":"closed","ping_status":"closed","sticky":false,"template":"","format":"standard","meta":{"footnotes":""},"categories":[14,29,9],"tags":[],"class_list":["post-391","post","type-post","status-publish","format-standard","hentry","category-eglises-et-oeuvres","category-la-famille","category-oeuvres-et-missions"],"_links":{"self":[{"href":"https:\/\/www.servir.caef.net\/index.php?rest_route=\/wp\/v2\/posts\/391","targetHints":{"allow":["GET"]}}],"collection":[{"href":"https:\/\/www.servir.caef.net\/index.php?rest_route=\/wp\/v2\/posts"}],"about":[{"href":"https:\/\/www.servir.caef.net\/index.php?rest_route=\/wp\/v2\/types\/post"}],"author":[{"embeddable":true,"href":"https:\/\/www.servir.caef.net\/index.php?rest_route=\/wp\/v2\/users\/24"}],"replies":[{"embeddable":true,"href":"https:\/\/www.servir.caef.net\/index.php?rest_route=%2Fwp%2Fv2%2Fcomments&post=391"}],"version-history":[{"count":0,"href":"https:\/\/www.servir.caef.net\/index.php?rest_route=\/wp\/v2\/posts\/391\/revisions"}],"wp:attachment":[{"href":"https:\/\/www.servir.caef.net\/index.php?rest_route=%2Fwp%2Fv2%2Fmedia&parent=391"}],"wp:term":[{"taxonomy":"category","embeddable":true,"href":"https:\/\/www.servir.caef.net\/index.php?rest_route=%2Fwp%2Fv2%2Fcategories&post=391"},{"taxonomy":"post_tag","embeddable":true,"href":"https:\/\/www.servir.caef.net\/index.php?rest_route=%2Fwp%2Fv2%2Ftags&post=391"}],"curies":[{"name":"wp","href":"https:\/\/api.w.org\/{rel}","templated":true}]}}