{"id":3999,"date":"1996-11-22T19:16:41","date_gmt":"1996-11-22T19:16:41","guid":{"rendered":"\/?p=3999"},"modified":"2016-05-19T05:40:51","modified_gmt":"2016-05-19T05:40:51","slug":"jamais-seul-et-sans-resources","status":"publish","type":"post","link":"https:\/\/www.servir.caef.net\/?p=3999","title":{"rendered":"Jamais seul et sans resources"},"content":{"rendered":"<h1 style=\"text-align: center;\">Jamais seul et sans resources<sub>1<\/sub><\/h1>\n<p align=\"JUSTIFY\">\u00a0<a href=\"\/wp-content\/uploads\/2008\/03\/colombe.gif\"><img loading=\"lazy\" decoding=\"async\" class=\"size-full wp-image-8308 aligncenter\" src=\"\/wp-content\/uploads\/2008\/03\/colombe.gif\" alt=\"colombe\" width=\"274\" height=\"207\" \/><\/a><\/p>\n<p align=\"JUSTIFY\"><strong>par <span style=\"color: #b22222;\"><span style=\"font-size: 16px;\">Jean-Fran\u00e7ois BUTEL <\/span><\/span><\/strong><\/p>\n<p align=\"JUSTIFY\">\u00a0<\/p>\n<p align=\"JUSTIFY\">\u00a0<\/p>\n<p align=\"JUSTIFY\"><strong><span style=\"background-color: #add8e6;\"><em>\u00ab\u00a0Ils s&rsquo;en all\u00e8rent pr\u00eacher partout et le Seigneur travaillait avec eux et confirmait la Parole par les miracles qui l&rsquo;accompagnaient\u00a0\u00bb (Mc 16.20)<\/em><\/span><\/strong><\/p>\n<p align=\"JUSTIFY\">\u00a0<\/p>\n<p>&nbsp;<\/p>\n<p align=\"JUSTIFY\">Quel encouragement pour les disciples : \u00ab\u00a0Le Seigneur est avec eux\u00a0\u00bb ! Les disciples n&rsquo;\u00e9taient pas seuls ; J\u00e9sus leur avait promis, avant de monter au ciel : <span style=\"background-color: #add8e6;\"><em>\u00ab\u00a0Voici, je suis avec vous tous les jours jusqu&rsquo;\u00e0 la fin du mond\u00e9\u00a0\u00bb (Mt 28.20).<\/em><\/span><\/p>\n<p align=\"JUSTIFY\">\u00a0<\/p>\n<p align=\"JUSTIFY\"><!--more--><\/p>\n<p>&nbsp;<\/p>\n<h2>T\u00e9moins<\/h2>\n<p align=\"JUSTIFY\">\u00a0<\/p>\n<p align=\"JUSTIFY\"><a href=\"\/wp-content\/uploads\/1996\/pdf1996\/1996_06_13_jamaissansressources.pdf\" target=\"_blank\"><img loading=\"lazy\" decoding=\"async\" title=\"iconePDF\" src=\"\/wp-content\/uploads\/2011\/01\/iconePDF.jpg\" alt=\"\" width=\"81\" height=\"76\" align=\"right\" hspace=\"8\" vspace=\"8\" \/><\/a>Le Seigneur J\u00e9sus n&rsquo;a pas laiss\u00e9 ses enfants orphelins puisqu&rsquo;il leur a envoy\u00e9 le Consolateur, l&rsquo;Esprit, pour \u00eatre avec eux \u00e0 l&rsquo;oeuvre dans le monde. Tout au long des Actes des Ap\u00f4tres, nous avons la confirmation de sa pr\u00e9sence et de son action, bouleversant les vies de ceux qu&rsquo;il a touch\u00e9s.<\/p>\n<p align=\"JUSTIFY\">\u00a0<\/p>\n<p align=\"JUSTIFY\">Oui, le Seigneur a fait de ses disciples des TEMOINS. C&rsquo;est ce qu&rsquo;il d\u00e9clare en <span style=\"background-color: #add8e6;\"><em>Ac 1.8 :<\/em><\/span> <span style=\"background-color: #add8e6;\"><em>\u00ab\u00a0Vous serez mes t\u00e9moins\u00a0\u00bb<\/em><\/span> ; mais il doit aussi le confirmer aux yeux du monde. La Parole qu&rsquo;ils annoncent doit \u00eatre reconnue pour vraie. Elle va donc \u00eatre accompagn\u00e9e de toutes sortes de signes et de miracles qui ne seront pas une fin en soi, mais qui attesteront que Dieu est avec eux.<\/p>\n<p align=\"JUSTIFY\">\u00a0<\/p>\n<p align=\"JUSTIFY\">\u00a0<\/p>\n<h2>Les miracles autrefois<\/h2>\n<p align=\"JUSTIFY\">\u00a0<\/p>\n<p align=\"JUSTIFY\">Cela commence en <span style=\"background-color: #add8e6;\"><em>Ac 2.6-12, 42-43<\/em><\/span>. Notez bien que ce sont les ap\u00f4tres eux-m\u00eames qui sont les instruments de Dieu pour accomplir ces prodiges et ces miracles. En <span style=\"background-color: #add8e6;\"><em>Ac 3<\/em><\/span>, il est question de la gu\u00e9rison d&rsquo;un boiteux. Cet incident a \u00e9t\u00e9 permis par le Saint-Esprit pour attirer le peuple et le rendre attentif au message qu&rsquo;annoncent les disciples <span style=\"background-color: #add8e6;\"><em>(lire Ac 3.9-11)<\/em><\/span>. Cette gu\u00e9rison va avoir de nombreuses cons\u00e9quences, peut-\u00eatre inattendues pour les disciples ! Elle va permettre \u00e0 Pierre et \u00e0 Jean d&rsquo;annoncer l&rsquo;Evangile \u00e0 <span style=\"background-color: #add8e6;\"><em>\u00ab\u00a0une foule nombreuse\u00a0\u00bb.<\/em><\/span><\/p>\n<p align=\"JUSTIFY\">\u00a0<\/p>\n<p align=\"JUSTIFY\">Le r\u00e9sultat visible de ce \u00ab\u00a0plein air\u00a0\u00bb improvis\u00e9 est d\u00e9crit en <span style=\"background-color: #add8e6;\"><em>Ac 4.4 : \u00ab\u00a0Beaucoup crurent, et le nombre des hommes s&rsquo;\u00e9leva \u00e0 environ cinq mille\u00a0\u00bb<\/em><\/span>. Les nombreuses conversions d\u00e9montraient qu&rsquo;en effet <span style=\"background-color: #add8e6;\"><em>\u00ab\u00a0le Seigneur travaillait avec ses disciples\u00a0\u00bb<\/em><\/span>. A cet exemple nous pourrions en ajouter bien d&rsquo;autres, tels les \u00e9v\u00e9nements rapport\u00e9s en <span style=\"background-color: #add8e6;\"><em>Ac 5.12-16<\/em><\/span>. Par cette m\u00e9thode le Seigneur a \u00e9tabli son Eglise, lui donnant de cro\u00eetre et de s&rsquo;\u00e9tendre.<\/p>\n<p align=\"JUSTIFY\">\u00a0<\/p>\n<p align=\"JUSTIFY\">La puissance de Dieu a \u00e9t\u00e9 manifest\u00e9e, et a renvers\u00e9 l&rsquo;hostilit\u00e9 des hommes, en particulier celle des chefs juifs qui voulaient emp\u00eacher les chr\u00e9tiens d&rsquo;annoncer librement l&rsquo;Evangile de J\u00e9sus-Christ. Nous devons noter \u00e0 ce sujet l&rsquo;importance de la r\u00e9union de pri\u00e8re suscit\u00e9e par l&rsquo;\u00e9nergique interrogatoire de Pierre et Jean devant le Sanh\u00e9drin <span style=\"background-color: #add8e6;\"><em>(Ac 4.23-31)<\/em><\/span>. Nous assistons \u00e0 la r\u00e9alisation de la promesse faite \u00e0 Pierre par le Seigneur : <em><span style=\"background-color: #add8e6;\">\u00ab\u00a0Tu es Pierre, et sur cette pierre, je b\u00e2tirai mon \u00e9glise, et les portes du s\u00e9jour des morts ne pr\u00e9vaudront pas contre elle\u00a0\u00bb (Mt 16.18)<\/span><\/em>. La victoire sur la puissance des t\u00e9n\u00e8bres a \u00e9t\u00e9 ainsi confirm\u00e9e. Une fois achev\u00e9e cette premi\u00e8re phase essentielle pour l&rsquo;avenir de l&rsquo;Eglise, il est possible d&rsquo;affirmer que durant les si\u00e8cles suivants, cette Eglise a v\u00e9cu d&rsquo;une autre \u00e9conomie.<\/p>\n<p align=\"JUSTIFY\">\u00a0<\/p>\n<p align=\"JUSTIFY\">\u00a0<\/p>\n<h2>Les miracles aujourd&rsquo;hui<\/h2>\n<p align=\"JUSTIFY\">\u00a0<\/p>\n<p align=\"JUSTIFY\">2000 ans plus tard, o\u00f9 en sommes-nous ? Devons-nous rejoindre ceux qui estiment n\u00e9cessaire un accomplissement litt\u00e9ral des promesses de <span style=\"background-color: #add8e6;\"><em>Mc 16.20<\/em><\/span>, concernant les <span style=\"background-color: #add8e6;\"><em>\u00ab\u00a0miracles accompagnant la Parole\u00a0\u00bb<\/em><\/span> ? Il est tout \u00e0 fait certain que le Seigneur n&rsquo;est pas limit\u00e9, et qu&rsquo;il peut encore accomplir des miracles et des prodiges, confirmant ainsi le t\u00e9moignage de ses enfants.<\/p>\n<p align=\"JUSTIFY\">\u00a0<\/p>\n<p align=\"JUSTIFY\">Mais il faut ajouter que nulle part dans les Ecritures, il n&rsquo;est indiqu\u00e9 que le miracle soit un signe clair de spiritualit\u00e9 et d&rsquo;approbation de la part de Dieu. Lire \u00e0 ce sujet <span style=\"background-color: #add8e6;\"><em>Mt 7.21-23<\/em><\/span>. Et selon <span style=\"background-color: #add8e6;\"><em>Rm 10.17<\/em><\/span>, il faut de plus en plus affirmer que le miracle n&rsquo;est pas la source de la foi : celle-ci est engendr\u00e9e par la Parole, le miracle ne servant qu&rsquo;\u00e0 attirer l&rsquo;attention sur la v\u00e9rit\u00e9. La pens\u00e9e de J\u00e9sus lui-m\u00eame sur cette question est soulign\u00e9e par Jean dans son Evangile <em><span style=\"background-color: #add8e6;\">(2.23-24; 4.48)<\/span><\/em>. Si vous ne voyez des miracles et des prodiges, vous ne croyez pas.<\/p>\n<p align=\"JUSTIFY\">\u00a0<\/p>\n<p align=\"JUSTIFY\"><a href=\"\/wp-content\/uploads\/2007\/07\/Lecture-de-la-Bible.jpg\"><img loading=\"lazy\" decoding=\"async\" class=\" wp-image-2626 alignleft\" style=\"margin: 10px;\" src=\"\/wp-content\/uploads\/2007\/07\/Lecture-de-la-Bible.jpg\" alt=\"Lecture de la Bible\" width=\"204\" height=\"287\" \/><\/a>La Bible &#8211; aujourd&rsquo;hui accessible pour la plupart des hommes &#8211; devrait le plus souvent suffire \u00e0 la d\u00e9couverte de la v\u00e9rit\u00e9 lorsqu&rsquo;elle est vraiment recherch\u00e9e. D\u00e9j\u00e0 les juifs de B\u00e9r\u00e9e <span style=\"background-color: #add8e6;\"><em>\u00ab\u00a0examinaient chaque jour les Ecritures, pour voir si ce qu&rsquo;on leur disait \u00e9tait exact\u00a0\u00bb (Ac 17.11-12)<\/em><\/span>. Ces hommes, manifestement, ne recherchaient pas les miracles.<\/p>\n<p align=\"JUSTIFY\">\u00a0<\/p>\n<p align=\"JUSTIFY\">Il est n\u00e9anmoins incontestable, que certains r\u00e9veils dans l&rsquo;histoire ont \u00e9t\u00e9 accompagn\u00e9s de manifestations miraculeuses. Nous connaissons nous-m\u00eames certainement d&rsquo;authentiques t\u00e9moignages attestant des interventions directes de Dieu dans la vie de personnes proches de nous. Combien il est stimulant d&rsquo;entendre relater de tels \u00e9v\u00e9nements, et de pouvoir glorifier le Seigneur ensemble pour sa grande puissance ! Mais rien dans le Nouveau Testament n&rsquo;indique que de telles interventions aient eu un caract\u00e8re syst\u00e9matique dans la vie de l&rsquo;\u00e9glise.<\/p>\n<p align=\"JUSTIFY\">\u00a0<\/p>\n<p align=\"JUSTIFY\">Pour nous, il y a des signes plus probants qui ont pour nom, repentance, confession des p\u00e9ch\u00e9s, nouvelle naissance, transformation de vie. C&rsquo;est dans ces signes que Dieu met en \u00e9vidence son action. Etes-vous \u00e9merveill\u00e9s chaque fois qu&rsquo;une personne se tourne vers le Seigneur ? C&rsquo;est le travail du Saint-Esprit : il doit nous pousser \u00e0 glorifier le Seigneur comme confirmation de sa pr\u00e9sence et de son action. Chaque chr\u00e9tien peut vivre <em><span style=\"background-color: #add8e6;\">Mc 16.20<\/span><\/em>, en \u00e9tant un t\u00e9moin fid\u00e8le du Seigneur l\u00e0 o\u00f9 le Ma\u00eetre le place. Voil\u00e0 ce \u00e0 quoi nous devons aspirer par-dessus tout.<\/p>\n<p align=\"JUSTIFY\">\u00a0<\/p>\n<p align=\"JUSTIFY\">\u00a0<\/p>\n<h2>Dieu reste souverain<\/h2>\n<p align=\"JUSTIFY\">\u00a0<\/p>\n<p align=\"JUSTIFY\">Le temps des ap\u00f4tres est termin\u00e9 depuis bien longtemps ; le n\u00f4tre continue ! Il peut plaire \u00e0 Dieu dans Sa souverainet\u00e9, \u00e0 l&rsquo;heure o\u00f9 il en d\u00e9cidera lui-m\u00eame, de manifester sa puissance dans le monde et dans l&rsquo;\u00e9glise par toutes sortes de prodiges et de miracles. Pour nous, ce qui est demand\u00e9, c&rsquo;est de pers\u00e9v\u00e9rer dans la t\u00e2che qui nous est confi\u00e9e, portant la Parole de Vie contre vents et mar\u00e9es.<\/p>\n<p align=\"JUSTIFY\">\u00a0<\/p>\n<p align=\"JUSTIFY\">Dieu a fait une promesse : <span style=\"background-color: #add8e6;\"><em>\u00ab\u00a0le ciel et la terre dispara\u00eetront, mais mes paroles ne dispara\u00eetront jamais\u00a0\u00bb (Mt 24.35)<\/em><\/span>. Et nous sommes simplement une petite lumi\u00e8re qui luit dans un monde de t\u00e9n\u00e8bres. Si le Seigneur nous accorde de voir une \u00e2me arrach\u00e9e aux t\u00e9n\u00e8bres, s&rsquo;il nous accorde la gr\u00e2ce de contempler une vie transform\u00e9e par sa puissance, alors r\u00e9jouissons-nous de tout notre coeur, et repensons \u00e0 cette merveilleuse parole de <span style=\"background-color: #add8e6;\"><em>Marc 16.20<\/em><\/span>.<\/p>\n<p align=\"JUSTIFY\">\u00a0<\/p>\n<p align=\"JUSTIFY\"><span style=\"background-color: #add8e6;\"><em>\u00ab\u00a0Les disciples partirent pour annoncer partout la bonne nouvelle, le Seigneur les aidait dans ce travail, et montrait que leur pr\u00e9dication \u00e9tait vraie, par les miracles qui l&rsquo;accompagnaient\u00a0\u00bb <\/em>(traduction <span style=\"text-decoration: underline;\">Bonne nouvelle pour aujourd&rsquo;hui<\/span>).<\/span><\/p>\n<p align=\"JUSTIFY\">\u00a0<\/p>\n<p align=\"JUSTIFY\">C&rsquo;est avant tout par la foi que nous sommes ouvriers avec Dieu. Nous voulons \u00eatre simplement reconnaissants lorsqu&rsquo;il lui pla\u00eet de confirmer sa parole par des signes visibles. Beaucoup de fruits ne seront r\u00e9v\u00e9l\u00e9s que bien plus tard. Notre t\u00e2che consiste \u00e0 semer la Parole de Dieu fid\u00e8lement par la foi en ayant dans nos coeurs la paisible assurance de l&rsquo;approbation du ma\u00eetre. Ne nous occupons pas de choses \u00ab\u00a0trop \u00e9lev\u00e9es\u00a0\u00bb pour nous ; soyons simplement fid\u00e8les, et le Seigneur b\u00e9nira quand le temps sera venu.<\/p>\n<p align=\"JUSTIFY\">\u00a0<\/p>\n<p align=\"CENTER\">J.-F. B.<\/p>\n<hr \/>\n<p>&nbsp;<\/p>\n<p align=\"JUSTIFY\">NOTE<\/p>\n<p align=\"JUSTIFY\">\u00a0<\/p>\n<p align=\"JUSTIFY\">\u00a0<\/p>\n<p><strong>1<\/strong> : Exhortation donn\u00e9e lors de la rencontre de l&rsquo;Ascension 1996 \u00e0 Rambouillet. Jean-Fran\u00e7ois Butel exerce le minist\u00e8re pastoral dans l&rsquo;Eglise Evang\u00e9lique de Rennes-Sud.<\/p>\n<p align=\"JUSTIFY\">\u00a0<\/p>\n","protected":false},"excerpt":{"rendered":"<p>Jamais seul et sans resources1 \u00a0 par Jean-Fran\u00e7ois BUTEL \u00a0 \u00a0 \u00ab\u00a0Ils s&rsquo;en all\u00e8rent pr\u00eacher partout et le Seigneur travaillait avec eux et confirmait la Parole par les miracles qui l&rsquo;accompagnaient\u00a0\u00bb (Mc 16.20) \u00a0 &nbsp; Quel encouragement pour les disciples : \u00ab\u00a0Le Seigneur est avec eux\u00a0\u00bb ! Les disciples n&rsquo;\u00e9taient pas seuls ; J\u00e9sus leur [&hellip;]<\/p>\n","protected":false},"author":157,"featured_media":0,"comment_status":"closed","ping_status":"closed","sticky":false,"template":"","format":"standard","meta":{"footnotes":""},"categories":[26,8,42,11],"tags":[],"class_list":["post-3999","post","type-post","status-publish","format-standard","hentry","category-la-bible","category-evangelisation","category-foi","category-la-vie-du-chretien"],"_links":{"self":[{"href":"https:\/\/www.servir.caef.net\/index.php?rest_route=\/wp\/v2\/posts\/3999","targetHints":{"allow":["GET"]}}],"collection":[{"href":"https:\/\/www.servir.caef.net\/index.php?rest_route=\/wp\/v2\/posts"}],"about":[{"href":"https:\/\/www.servir.caef.net\/index.php?rest_route=\/wp\/v2\/types\/post"}],"author":[{"embeddable":true,"href":"https:\/\/www.servir.caef.net\/index.php?rest_route=\/wp\/v2\/users\/157"}],"replies":[{"embeddable":true,"href":"https:\/\/www.servir.caef.net\/index.php?rest_route=%2Fwp%2Fv2%2Fcomments&post=3999"}],"version-history":[{"count":0,"href":"https:\/\/www.servir.caef.net\/index.php?rest_route=\/wp\/v2\/posts\/3999\/revisions"}],"wp:attachment":[{"href":"https:\/\/www.servir.caef.net\/index.php?rest_route=%2Fwp%2Fv2%2Fmedia&parent=3999"}],"wp:term":[{"taxonomy":"category","embeddable":true,"href":"https:\/\/www.servir.caef.net\/index.php?rest_route=%2Fwp%2Fv2%2Fcategories&post=3999"},{"taxonomy":"post_tag","embeddable":true,"href":"https:\/\/www.servir.caef.net\/index.php?rest_route=%2Fwp%2Fv2%2Ftags&post=3999"}],"curies":[{"name":"wp","href":"https:\/\/api.w.org\/{rel}","templated":true}]}}