{"id":4076,"date":"1994-05-21T08:24:49","date_gmt":"1994-05-21T08:24:49","guid":{"rendered":"\/?p=4076"},"modified":"2016-05-04T07:22:59","modified_gmt":"2016-05-04T07:22:59","slug":"editorial-du-n%c2%b03-mai-juin-1994","status":"publish","type":"post","link":"https:\/\/www.servir.caef.net\/?p=4076","title":{"rendered":"Editorial du n\u00b03 Mai-Juin 1994 &#8211; Conf\u00e9rence nationale des C.A.E.F. 1993"},"content":{"rendered":"<p style=\"text-align: center;\"><img loading=\"lazy\" decoding=\"async\" class=\"alignnone size-medium wp-image-4077\" title=\"1994_03_00 couverture PM\" src=\"\/wp-content\/uploads\/2011\/09\/1994_03_00-couverture-PM-211x300.jpg\" alt=\"\" width=\"211\" height=\"300\" srcset=\"https:\/\/www.servir.caef.net\/wp-content\/uploads\/2011\/09\/1994_03_00-couverture-PM-211x300.jpg 211w, https:\/\/www.servir.caef.net\/wp-content\/uploads\/2011\/09\/1994_03_00-couverture-PM-721x1024.jpg 721w, https:\/\/www.servir.caef.net\/wp-content\/uploads\/2011\/09\/1994_03_00-couverture-PM.jpg 873w\" sizes=\"auto, (max-width: 211px) 100vw, 211px\" \/><\/p>\n<p style=\"text-align: center;\">\u00a0<\/p>\n<p style=\"text-align: center;\">\u00a0<\/p>\n<h1 style=\"text-align: center;\">Conf\u00e9rence nationale des C.A.E.F. 1993<\/h1>\n<p align=\"JUSTIFY\">\u00a0<\/p>\n<p>&nbsp;<\/p>\n<p align=\"JUSTIFY\">La Conf\u00e9rence nationale des Communaut\u00e9s et Assembl\u00e9es de France 93 fait d\u00e9j\u00e0 partie du pass\u00e9 et pourtant les \u00e9chos des bienfaits re\u00e7us continuent de nous parvenir, et les cassettes des \u00e9tudes des deux intervenants nous sont encore demand\u00e9es. La communion fraternelle, les \u00e9changes de nouvelles, joies et peines de ceux qui sont engag\u00e9s dans l&rsquo;oeuvre du Seigneur ont \u00e9t\u00e9 tr\u00e8s appr\u00e9ci\u00e9s.<\/p>\n<p align=\"JUSTIFY\">\u00a0<\/p>\n<p align=\"JUSTIFY\">\u00a0<\/p>\n<p align=\"JUSTIFY\"><!--more--><\/p>\n<p align=\"JUSTIFY\"><a href=\"\/wp-content\/pdf1994\/1994_03_00B_editoria.pdf\" target=\"_blank\"><img loading=\"lazy\" decoding=\"async\" title=\"iconePDF\" src=\"\/wp-content\/uploads\/2011\/01\/iconePDF.jpg\" alt=\"\" width=\"81\" height=\"76\" align=\"right\" hspace=\"8\" vspace=\"8\" \/><\/a>Nul doute que les rencontres 94 qui se d\u00e9rouleront dans la r\u00e9gion lyonnaise attireront, cette ann\u00e9e encore, un grand nombre de participants. Retenez-en les dates ! Le prospectus encart\u00e9 dans le prochain num\u00e9ro de Servir vous donnera toutes les informations utiles pour vous y inscrire. Ne manquez pas ce rendez-vous national avec vos fr\u00e8res et s\u0153urs !<\/p>\n<p align=\"JUSTIFY\">\u00a0<\/p>\n<p align=\"JUSTIFY\">Le th\u00e8me des r\u00e9flexions des Rencontres 93 sur \u00ab Le mariage, le divorce et le remariage aujourd&rsquo;hui \u00bb a suscit\u00e9 un tel int\u00e9r\u00eat que Servir a voulu en publier l&rsquo;essentiel. Vous trouverez dans ce num\u00e9ro la suite de l&rsquo;article de Marc L\u00fcthi sur \u00ab l&rsquo;approche pastorale du mariage \u00bb et la premi\u00e8re partie de l&rsquo;expos\u00e9 d&rsquo;Henri Blocher sur \u00ab le mariage et ses alt\u00e9rations \u00e0 la lumi\u00e8re de l&rsquo;Ecriture \u00bb. Cet article para\u00eetra peut-\u00eatre difficile, trop th\u00e9ologique \u00e0 certains, mais sera appr\u00e9ci\u00e9 de tous ceux qui recherchent un enseignement pr\u00e9cis, solide, fond\u00e9 sur l&rsquo;Ecriture.<\/p>\n<p align=\"JUSTIFY\">\u00a0<\/p>\n<p align=\"JUSTIFY\">Dans un temps o\u00f9 les \u00e9glises aussi sont influenc\u00e9es par les habitudes du monde, il est essentiel de rappeler l&rsquo;enseignement des Ecritures sur le mariage. Il faut aussi que les anciens de nos assembl\u00e9es et tous ceux qui veulent \u00eatre en aide \u00e0 leurs fr\u00e8res, s&rsquo;\u00e9quipent pour \u00eatre de vrais bergers capables d&rsquo;aimer, de comprendre et de conduire vers une vraie d\u00e9livrance ceux qui ont \u00e9t\u00e9 meurtris par les d\u00e9chirures de la vie. Alors s&rsquo;accomplira encore la parole d&rsquo;Esa\u00efe le proph\u00e8te :<\/p>\n<p align=\"JUSTIFY\">\u00a0<\/p>\n<p align=\"JUSTIFY\"><span style=\"background-color: #add8e6;\"><em>\u00ab Les tiens reb\u00e2tiront sur d&rsquo;anciennes ruines, tu rel\u00e8veras des fondements antiques ; on t&rsquo;appellera r\u00e9parateur des br\u00e8ches, celui qui restaure les chemins, qui rend le pays habitable \u00bb (Es 58.12).<\/em><\/span><\/p>\n<p align=\"JUSTIFY\">\u00a0<\/p>\n<p align=\"CENTER\">F. BAILET<\/p>\n","protected":false},"excerpt":{"rendered":"<p>\u00a0 \u00a0 Conf\u00e9rence nationale des C.A.E.F. 1993 \u00a0 &nbsp; La Conf\u00e9rence nationale des Communaut\u00e9s et Assembl\u00e9es de France 93 fait d\u00e9j\u00e0 partie du pass\u00e9 et pourtant les \u00e9chos des bienfaits re\u00e7us continuent de nous parvenir, et les cassettes des \u00e9tudes des deux intervenants nous sont encore demand\u00e9es. La communion fraternelle, les \u00e9changes de nouvelles, joies [&hellip;]<\/p>\n","protected":false},"author":13,"featured_media":0,"comment_status":"closed","ping_status":"closed","sticky":false,"template":"","format":"standard","meta":{"footnotes":""},"categories":[3,39,13],"tags":[],"class_list":["post-4076","post","type-post","status-publish","format-standard","hentry","category-caef","category-editorial","category-la-vie-de-leglise"],"_links":{"self":[{"href":"https:\/\/www.servir.caef.net\/index.php?rest_route=\/wp\/v2\/posts\/4076","targetHints":{"allow":["GET"]}}],"collection":[{"href":"https:\/\/www.servir.caef.net\/index.php?rest_route=\/wp\/v2\/posts"}],"about":[{"href":"https:\/\/www.servir.caef.net\/index.php?rest_route=\/wp\/v2\/types\/post"}],"author":[{"embeddable":true,"href":"https:\/\/www.servir.caef.net\/index.php?rest_route=\/wp\/v2\/users\/13"}],"replies":[{"embeddable":true,"href":"https:\/\/www.servir.caef.net\/index.php?rest_route=%2Fwp%2Fv2%2Fcomments&post=4076"}],"version-history":[{"count":0,"href":"https:\/\/www.servir.caef.net\/index.php?rest_route=\/wp\/v2\/posts\/4076\/revisions"}],"wp:attachment":[{"href":"https:\/\/www.servir.caef.net\/index.php?rest_route=%2Fwp%2Fv2%2Fmedia&parent=4076"}],"wp:term":[{"taxonomy":"category","embeddable":true,"href":"https:\/\/www.servir.caef.net\/index.php?rest_route=%2Fwp%2Fv2%2Fcategories&post=4076"},{"taxonomy":"post_tag","embeddable":true,"href":"https:\/\/www.servir.caef.net\/index.php?rest_route=%2Fwp%2Fv2%2Ftags&post=4076"}],"curies":[{"name":"wp","href":"https:\/\/api.w.org\/{rel}","templated":true}]}}