{"id":4189,"date":"1992-01-22T12:29:20","date_gmt":"1992-01-22T12:29:20","guid":{"rendered":"\/?p=4189"},"modified":"2016-03-25T09:08:42","modified_gmt":"2016-03-25T09:08:42","slug":"editorial-vous-avez-dit-meilleurs-voeux","status":"publish","type":"post","link":"https:\/\/www.servir.caef.net\/?p=4189","title":{"rendered":"Editorial du n\u00b01 Janvier-F\u00e9vrier 1992 &#8211; Vous avez dit : Meilleurs voeux&#8230;"},"content":{"rendered":"<p style=\"line-height: 125%; margin: 10mm 4cm 0mm;\" align=\"center\"><a href=\"\/wp-content\/uploads\/2011\/09\/1992_01_00-couverture-PM.jpg\"><img loading=\"lazy\" decoding=\"async\" class=\"alignnone size-medium wp-image-4191\" title=\"1992_01_00 couverture PM\" src=\"\/wp-content\/uploads\/2011\/09\/1992_01_00-couverture-PM-212x300.jpg\" alt=\"\" width=\"212\" height=\"300\" srcset=\"https:\/\/www.servir.caef.net\/wp-content\/uploads\/2011\/09\/1992_01_00-couverture-PM-212x300.jpg 212w, https:\/\/www.servir.caef.net\/wp-content\/uploads\/2011\/09\/1992_01_00-couverture-PM-725x1024.jpg 725w, https:\/\/www.servir.caef.net\/wp-content\/uploads\/2011\/09\/1992_01_00-couverture-PM.jpg 878w\" sizes=\"auto, (max-width: 212px) 100vw, 212px\" \/><\/a><\/p>\n<p align=\"center\">\u00a0<\/p>\n<h1 align=\"center\">Editorial du n\u00b01 Janvier-F\u00e9vrier 1992<\/h1>\n<p style=\"line-height: 125%; margin: 10mm 4cm 0mm;\" align=\"center\">\u00a0<\/p>\n<h1 style=\"text-align: center;\">\u00ab Vous avez dit : Meilleurs voeux \u00bb<\/h1>\n<p style=\"margin-bottom: 0cm;\" align=\"JUSTIFY\">\u00a0<\/p>\n<p style=\"margin-bottom: 0cm;\" align=\"JUSTIFY\">\u00a0<\/p>\n<p><span style=\"color: #800000; font-size: medium;\"><strong>Par Jean-Pierre BORY<\/strong><\/span><\/p>\n<p>&nbsp;<\/p>\n<p>&nbsp;<\/p>\n<p style=\"margin-bottom: 0cm;\" align=\"JUSTIFY\"><strong><span style=\"background-color: #add8e6;\"><em>\u00ab Voici les larmes des opprim\u00e9s, et personne pour les consoler ! \u00bb<\/em><\/span><\/strong> II y a peut-\u00eatre 30 si\u00e8cles que l&rsquo;Eccl\u00e9siaste faisait cette constatation <span style=\"background-color: #add8e6;\"><em>(Ec 4.1)<\/em><\/span>. Depuis, que d&#8217;empires se sont cr\u00e9\u00e9s, \u00e9croul\u00e9s, reconstruits, d\u00e9compos\u00e9s, mais l&rsquo;homme n&rsquo;a pas chang\u00e9. Quelques privil\u00e9gi\u00e9s (dont nous faisons partie) ont de quoi envisager l&rsquo;an nouveau avec une relative s\u00e9r\u00e9nit\u00e9. Alors qu&rsquo;ici ou l\u00e0 des files d&rsquo;affam\u00e9s assi\u00e8gent des magasins vides. Et parfois, il n&rsquo;y a m\u00eame pas de magasin.<\/p>\n<p style=\"margin-bottom: 0cm;\" align=\"JUSTIFY\">\u00a0<\/p>\n<p style=\"margin-bottom: 0cm;\" align=\"JUSTIFY\"><!--more--><\/p>\n<p style=\"margin-bottom: 0cm;\" align=\"JUSTIFY\"><a href=\"\/wp-content\/uploads\/1992\/pdf1992\/1992_01_00B_editorial.pdf\" target=\"_blank\"><img loading=\"lazy\" decoding=\"async\" title=\"iconePDF\" src=\"\/wp-content\/uploads\/2011\/01\/iconePDF.jpg\" alt=\"\" width=\"81\" height=\"76\" align=\"right\" hspace=\"8\" vspace=\"8\" \/><\/a>En ce d\u00e9but d&rsquo;ann\u00e9e, quels \u00ab bons voeux \u00bb pourrions-nous souhaiter \u00e0 nos amis du Za\u00efre,de Moscou, du Cambodge, de Yougoslavie, du Sahel, etc. ? Petit \u00e0 petit chacun prend conscience du d\u00e9risoire des aides apport\u00e9es ici ou l\u00e0, au prix de grands et co\u00fbteux efforts,d&rsquo;abn\u00e9gation, de vies sacrifi\u00e9es. Les chefs d&rsquo;Etat constatent leur impuissance devant l&rsquo;ampleur des besoins \u00e0 assumer. Plus que jamais <span style=\"background-color: #add8e6;\"><em>\u00ab la Cr\u00e9ation enti\u00e8re soupire et souffre \u00bb (Rm 8.22).<\/em><\/span><\/p>\n<p style=\"margin-bottom: 0cm;\" align=\"JUSTIFY\">\u00a0<\/p>\n<p style=\"margin-bottom: 0cm;\" align=\"JUSTIFY\">Au milieu de cette d\u00e9b\u00e2cle, l&rsquo;Eglise est-elle \u00e0 sa place pour indiquer le Rocher qui lui, ne vacille pas ? Est-elle capable de vivre dans l&rsquo;unit\u00e9, ou se disloque-t-elle, elle aussi pour des raisons souvent d\u00e9risoires ? Daniel Herrmann nous rappelle que nous sommes au service d&rsquo;UN SEUL MAITRE, Briand Tatford que la majeure partie de l&rsquo;humanit\u00e9 vit en ville aujourd&rsquo;hui, et que l\u00e0, l&rsquo;Eglise doit \u00eatre pr\u00e9sente.<\/p>\n<p style=\"margin-bottom: 0cm;\" align=\"JUSTIFY\">\u00a0<\/p>\n<p style=\"margin-bottom: 0cm;\" align=\"JUSTIFY\"><span style=\"background-color: #add8e6;\"><em>\u00ab Dieu a mis en nous la parole de la r\u00e9conciliation. Nous sommes donc ambassadeurs pour Christ, comme si Dieu exhortait par nous \u00bb (2 Co 5.19-20)<\/em><\/span>. Puissions-nous<span style=\"background-color: #fff;\"> <em>\u00ab remplir nos villes \u00bb<\/em><\/span> de l&rsquo;enseignement du nom de J\u00e9sus, comme la premi\u00e8re Eglise l&rsquo;avait fait \u00e0 J\u00e9rusalem <span style=\"background-color: #add8e6;\"><em>(Ac 5.28)<\/em><\/span> !<\/p>\n<p style=\"margin-bottom: 0cm;\" align=\"JUSTIFY\">\u00a0<\/p>\n<p style=\"margin-bottom: 0cm;\" align=\"JUSTIFY\">Et pour la nouvelle ann\u00e9e, un cadeau I <strong>Une nouvelle rubrique<\/strong> s&rsquo;ouvre ! et ses auteurs ont quelque chose \u00e0 nous dire ! Leurs pages sont SANS TITRE, mais pas sans id\u00e9es&#8230;<\/p>\n<p style=\"margin-bottom: 0cm;\" align=\"JUSTIFY\">\u00a0<\/p>\n<p style=\"margin-bottom: 0cm; text-align: center;\">Jean-Pierre BORY<\/p>\n","protected":false},"excerpt":{"rendered":"<p>\u00a0 Editorial du n\u00b01 Janvier-F\u00e9vrier 1992 \u00a0 \u00ab Vous avez dit : Meilleurs voeux \u00bb \u00a0 \u00a0 Par Jean-Pierre BORY &nbsp; &nbsp; \u00ab Voici les larmes des opprim\u00e9s, et personne pour les consoler ! \u00bb II y a peut-\u00eatre 30 si\u00e8cles que l&rsquo;Eccl\u00e9siaste faisait cette constatation (Ec 4.1). Depuis, que d&#8217;empires se sont cr\u00e9\u00e9s, \u00e9croul\u00e9s, [&hellip;]<\/p>\n","protected":false},"author":10,"featured_media":0,"comment_status":"closed","ping_status":"closed","sticky":false,"template":"","format":"standard","meta":{"footnotes":""},"categories":[16,39,84],"tags":[],"class_list":["post-4189","post","type-post","status-publish","format-standard","hentry","category-le-chretien-et-la-societe","category-editorial","category-fete"],"_links":{"self":[{"href":"https:\/\/www.servir.caef.net\/index.php?rest_route=\/wp\/v2\/posts\/4189","targetHints":{"allow":["GET"]}}],"collection":[{"href":"https:\/\/www.servir.caef.net\/index.php?rest_route=\/wp\/v2\/posts"}],"about":[{"href":"https:\/\/www.servir.caef.net\/index.php?rest_route=\/wp\/v2\/types\/post"}],"author":[{"embeddable":true,"href":"https:\/\/www.servir.caef.net\/index.php?rest_route=\/wp\/v2\/users\/10"}],"replies":[{"embeddable":true,"href":"https:\/\/www.servir.caef.net\/index.php?rest_route=%2Fwp%2Fv2%2Fcomments&post=4189"}],"version-history":[{"count":0,"href":"https:\/\/www.servir.caef.net\/index.php?rest_route=\/wp\/v2\/posts\/4189\/revisions"}],"wp:attachment":[{"href":"https:\/\/www.servir.caef.net\/index.php?rest_route=%2Fwp%2Fv2%2Fmedia&parent=4189"}],"wp:term":[{"taxonomy":"category","embeddable":true,"href":"https:\/\/www.servir.caef.net\/index.php?rest_route=%2Fwp%2Fv2%2Fcategories&post=4189"},{"taxonomy":"post_tag","embeddable":true,"href":"https:\/\/www.servir.caef.net\/index.php?rest_route=%2Fwp%2Fv2%2Ftags&post=4189"}],"curies":[{"name":"wp","href":"https:\/\/api.w.org\/{rel}","templated":true}]}}