{"id":4360,"date":"1992-09-06T13:46:56","date_gmt":"1992-09-06T13:46:56","guid":{"rendered":"\/?p=4360"},"modified":"2016-04-21T07:02:12","modified_gmt":"2016-04-21T07:02:12","slug":"laction-sociale-de-leglise","status":"publish","type":"post","link":"https:\/\/www.servir.caef.net\/?p=4360","title":{"rendered":"L&rsquo;action sociale de l&rsquo;Eglise"},"content":{"rendered":"<h1 style=\"text-align: center;\" align=\"JUSTIFY\">L&rsquo;action sociale de l&rsquo;Eglise<\/h1>\n<p style=\"text-align: center;\" align=\"JUSTIFY\">\u00a0<a href=\"\/wp-content\/uploads\/2008\/12\/4-mains.jpg\"><img loading=\"lazy\" decoding=\"async\" class=\" wp-image-8432 aligncenter\" src=\"\/wp-content\/uploads\/2008\/12\/4-mains.jpg\" alt=\"4-mains\" width=\"355\" height=\"234\" srcset=\"https:\/\/www.servir.caef.net\/wp-content\/uploads\/2008\/12\/4-mains.jpg 592w, https:\/\/www.servir.caef.net\/wp-content\/uploads\/2008\/12\/4-mains-300x197.jpg 300w\" sizes=\"auto, (max-width: 355px) 100vw, 355px\" \/><\/a><\/p>\n<p align=\"JUSTIFY\">\u00a0<\/p>\n<p align=\"JUSTIFY\"><strong>par <span style=\"font-size: 16px;\"><span style=\"color: #b22222;\">Jean Metz<\/span><\/span><\/strong><\/p>\n<p align=\"JUSTIFY\">\u00a0<\/p>\n<p align=\"JUSTIFY\">\u00a0<\/p>\n<p align=\"JUSTIFY\"><strong>Avec cinq ann\u00e9es de recul, une \u00e9glise locale partage ses exp\u00e9riences. <\/strong><\/p>\n<p align=\"JUSTIFY\">\u00a0<\/p>\n<p align=\"JUSTIFY\">\u00a0<\/p>\n<h2>Introduction<\/h2>\n<p align=\"JUSTIFY\">\u00a0<\/p>\n<p align=\"JUSTIFY\"><span style=\"background-color: #add8e6;\"><em>\u00ab\u00a0Ayant \u00e9t\u00e9 cr\u00e9\u00e9s en J\u00e9sus-Christ <strong>pour de bonnes oeuvres<\/strong> que Dieu a pr\u00e9par\u00e9es d&rsquo;avance\u00a0\u00bb<\/em><\/span>. C&rsquo;est l\u00e0 une affirmation tr\u00e8s forte de l&rsquo;Ecriture &#8211; parmi beaucoup d&rsquo;autres &#8211; pour engager le chr\u00e9tien \u00e0 vivre <strong>pratiquement<\/strong> sa foi et son amour pour les autres, Beaucoup de chr\u00e9tiens dans notre \u00e9glise de la Bonne Nouvelle de Strasbourg l&rsquo;ont compris depuis longtemps, et pas seulement parmi les responsables. L&rsquo;amour mis en pratique et qui s&rsquo;exprime dans la discr\u00e9tion est une forme permanente d&rsquo;<strong>action sociale<\/strong>.<\/p>\n<p align=\"JUSTIFY\">\u00a0<\/p>\n<p align=\"JUSTIFY\"><!--more--><\/p>\n<p align=\"JUSTIFY\"><strong><a href=\"..\/wp-content\/uploads\/1992\/pdf1992\/1992_05_16_actionsocialedansleglise.pdf\" target=\"_blank\"><img loading=\"lazy\" decoding=\"async\" src=\"..\/wp-content\/uploads\/2011\/01\/iconePDF.jpg\" alt=\"\" width=\"81\" height=\"76\" name=\"images1\" align=\"RIGHT\" border=\"1\" hspace=\"8\" vspace=\"8\" \/><\/a><\/strong>Ne fallait-il pas pour autant n\u00e9gliger d&rsquo;avoir en tant qu&rsquo;\u00e9glise une action diaconale plus organis\u00e9e ? L&rsquo;\u00e9glise doit rappeler \u00e0 tous ses membres, quand c&rsquo;est possible, sa responsabilit\u00e9 dans un monde de plus en plus malheureux. Le service, la diaconie sont l&rsquo;affaire de toute l&rsquo;\u00e9glise et pas seulement de quelques sp\u00e9cialistes.<\/p>\n<p align=\"JUSTIFY\">\u00a0<\/p>\n<p align=\"JUSTIFY\">\u00a0<\/p>\n<h2>Historique<\/h2>\n<p align=\"JUSTIFY\">\u00a0<\/p>\n<p align=\"JUSTIFY\">C&rsquo;est ainsi qu&rsquo;est n\u00e9 en 1988 le <em>Groupe de R\u00e9flexion et d&rsquo;Action Diaconale<\/em> (GRAD). Les deux exigences de la <strong>r\u00e9flexion<\/strong> (en commun) et de l&rsquo;<strong>action<\/strong> sont en effet indissociables. Un groupe de six personnes a jou\u00e9 le r\u00f4le de moteur pour faire comprendre \u00e0 toute l&rsquo;\u00e9glise la n\u00e9cessit\u00e9 de ce GRAD.<\/p>\n<p align=\"JUSTIFY\">\u00a0<\/p>\n<p align=\"JUSTIFY\">\u00a0<\/p>\n<h2>Buts<\/h2>\n<p align=\"JUSTIFY\">\u00a0<\/p>\n<p align=\"JUSTIFY\">Les buts propos\u00e9s par le Grad peuvent se r\u00e9sumer ainsi :<\/p>\n<p align=\"JUSTIFY\">\u00a0<\/p>\n<p align=\"JUSTIFY\">1. En premier lieu une action tourn\u00e9e vers les <strong>besoins int\u00e9rieurs<\/strong> de l&rsquo;\u00e9glise :<\/p>\n<ul>\n<li>\n<p align=\"JUSTIFY\">encourager, d\u00e9velopper, organiser l\u00e0 o\u00f9 c&rsquo;est possible l&rsquo;entraide qui existe d\u00e9j\u00e0,<\/p>\n<\/li>\n<li>\n<p align=\"JUSTIFY\">aider \u00e0 <strong>mieux vivre la fraternit\u00e9<\/strong> dans l&rsquo;\u00e9glise,<\/p>\n<\/li>\n<\/ul>\n<p align=\"JUSTIFY\">\u00a0<\/p>\n<p align=\"JUSTIFY\">2. vers<strong> l&rsquo;ext\u00e9rieur<\/strong>, et d&rsquo;une fa\u00e7on plus g\u00e9n\u00e9rale :<\/p>\n<ul>\n<li>\n<p align=\"JUSTIFY\">permettre l&rsquo;\u00e9change, la r\u00e9flexion, la motivation parmi les membres de l&rsquo;\u00e9glise sur les sujets d&rsquo;actualit\u00e9 devant lesquels tout chr\u00e9tien est plac\u00e9 aujourd&rsquo;hui (pauvret\u00e9, ch\u00f4mage, \u00e9trangers, solitude, drogue, psychose, etc.) ;<\/p>\n<\/li>\n<li>\n<p align=\"JUSTIFY\">proposer des implications pratiques \u00e0 la suite de ces prises de conscience ;<\/p>\n<\/li>\n<li>\n<p align=\"JUSTIFY\">dans cette voie de r\u00e9flexion et de mise en oeuvre, cr\u00e9er et entretenir vers l&rsquo;ext\u00e9rieur des contacts chr\u00e9tiens (ou d&rsquo;inspiration chr\u00e9tienne), stimulants pour tous (ASEv, FOE&#8230;).<\/p>\n<\/li>\n<\/ul>\n<p align=\"JUSTIFY\">\u00a0<\/p>\n<p align=\"JUSTIFY\">Les moyens pratiques sont tr\u00e8s divers ; voici les principaux :<\/p>\n<ul>\n<li>\n<p align=\"JUSTIFY\">utiliser toutes les occasions possibles pour \u00e9tendre l&rsquo;esprit et le travail du GRAD \u00e0 <strong>toute<\/strong> l&rsquo;\u00e9glise ;<\/p>\n<\/li>\n<li>\n<p align=\"JUSTIFY\">organiser une <strong>Commission de secours<\/strong> bien d\u00e9finie, aux r\u00e8gles pr\u00e9cises, pour l&rsquo;accueil des personnes \u00e0 aider ;<\/p>\n<\/li>\n<li>\n<p align=\"JUSTIFY\">tous les 2 ou 3 mois, organiser une causerie, avec un orateur qualifi\u00e9, sur un sujet d&rsquo;actualit\u00e9 ; causerie ouverte \u00e0 tous, avec d\u00e9bat et partage ;<\/p>\n<\/li>\n<li>\n<p align=\"JUSTIFY\">dans l&rsquo;intervalle de ces causeries, des rencontres de \u00ab\u00a0travail\u00a0\u00bb ouvertes \u00e9galement \u00e0 tous, pour t\u00e2cher de \u00ab\u00a0mettre en oeuvre\u00a0\u00bb ce qui ressort de l&rsquo;expos\u00e9 entendu.<\/p>\n<\/li>\n<\/ul>\n<p align=\"JUSTIFY\">\u00a0<\/p>\n<p align=\"JUSTIFY\"><strong>L&rsquo;exp\u00e9rience de 5 ann\u00e9es montre le bien fond\u00e9 de cette initiative du GRAD, qui donne la possibilit\u00e9 aux membres de l&rsquo;\u00e9glise d&rsquo;avoir une plate-forme d&rsquo;\u00e9change qui n&rsquo;existe pas habituellement dans l&rsquo;\u00e9glise. <\/strong><\/p>\n<p align=\"JUSTIFY\">\u00a0<\/p>\n<p align=\"JUSTIFY\"><strong>Un th\u00e8me de r\u00e9flexion peut se poursuivre une ann\u00e9e enti\u00e8re : <\/strong><\/p>\n<ul>\n<li>\n<p align=\"JUSTIFY\">justification de l&rsquo;action diaconale,<\/p>\n<\/li>\n<li>\n<p align=\"JUSTIFY\">la pauvret\u00e9,<\/p>\n<\/li>\n<li>\n<p align=\"JUSTIFY\">l&rsquo;\u00e9tranger parmi nous,<\/p>\n<\/li>\n<li>\n<p align=\"JUSTIFY\">les m\u00e9tiers de la sant\u00e9,<\/p>\n<\/li>\n<li>\n<p align=\"JUSTIFY\">la solitude (\u00ab\u00a0de la solitude \u00e0 l&rsquo;amiti\u00e9\u00a0\u00bb),<\/p>\n<\/li>\n<li>\n<p align=\"JUSTIFY\">le chr\u00e9tien et l&rsquo;\u00e9cologie.<\/p>\n<\/li>\n<\/ul>\n<p align=\"JUSTIFY\">\u00a0<\/p>\n<p align=\"JUSTIFY\"><strong>Une remarque importante : la n\u00e9cessit\u00e9 d&rsquo;une \u00e9quipe motiv\u00e9e et bien soud\u00e9e, parce que l&rsquo;action diaconale est souvent confront\u00e9e \u00e0 des apathies et des lourdeurs incroyables. La vie est trop facile dans nos \u00e9glises. Les arguments th\u00e9ologiques servent souvent aussi d&rsquo;alibis pour se d\u00e9rober. <\/strong><\/p>\n<p align=\"JUSTIFY\">\u00a0<\/p>\n<p align=\"JUSTIFY\"><strong>Quelques r\u00e9alisations tr\u00e8s concr\u00e8tes : <\/strong><\/p>\n<ul>\n<li>\n<p align=\"JUSTIFY\">un grand carton dans un coin de la salle pr\u00e8s de l&rsquo;entr\u00e9e pour collecter chaque dimanche des dons en nature,<\/p>\n<\/li>\n<li>\n<p align=\"JUSTIFY\">un engagement permanent aupr\u00e8s d&rsquo;un centre social tenu par une soeur dans un quartier tr\u00e8s d\u00e9favoris\u00e9 : vivres, habits, argent,<\/p>\n<\/li>\n<li>\n<p align=\"JUSTIFY\">participation directe avec des jeunes de l&rsquo;\u00e9glise au ramassage annuel de la Banque Alimentaire.<\/p>\n<\/li>\n<\/ul>\n<p align=\"JUSTIFY\">\u00a0<\/p>\n<p align=\"CENTER\">J.M.<\/p>\n<p align=\"JUSTIFY\">\u00a0<\/p>\n","protected":false},"excerpt":{"rendered":"<p>L&rsquo;action sociale de l&rsquo;Eglise \u00a0 \u00a0 par Jean Metz \u00a0 \u00a0 Avec cinq ann\u00e9es de recul, une \u00e9glise locale partage ses exp\u00e9riences. \u00a0 \u00a0 Introduction \u00a0 \u00ab\u00a0Ayant \u00e9t\u00e9 cr\u00e9\u00e9s en J\u00e9sus-Christ pour de bonnes oeuvres que Dieu a pr\u00e9par\u00e9es d&rsquo;avance\u00a0\u00bb. C&rsquo;est l\u00e0 une affirmation tr\u00e8s forte de l&rsquo;Ecriture &#8211; parmi beaucoup d&rsquo;autres &#8211; pour engager [&hellip;]<\/p>\n","protected":false},"author":175,"featured_media":0,"comment_status":"closed","ping_status":"closed","sticky":false,"template":"","format":"standard","meta":{"footnotes":""},"categories":[16,72,13],"tags":[],"class_list":["post-4360","post","type-post","status-publish","format-standard","hentry","category-le-chretien-et-la-societe","category-service","category-la-vie-de-leglise"],"_links":{"self":[{"href":"https:\/\/www.servir.caef.net\/index.php?rest_route=\/wp\/v2\/posts\/4360","targetHints":{"allow":["GET"]}}],"collection":[{"href":"https:\/\/www.servir.caef.net\/index.php?rest_route=\/wp\/v2\/posts"}],"about":[{"href":"https:\/\/www.servir.caef.net\/index.php?rest_route=\/wp\/v2\/types\/post"}],"author":[{"embeddable":true,"href":"https:\/\/www.servir.caef.net\/index.php?rest_route=\/wp\/v2\/users\/175"}],"replies":[{"embeddable":true,"href":"https:\/\/www.servir.caef.net\/index.php?rest_route=%2Fwp%2Fv2%2Fcomments&post=4360"}],"version-history":[{"count":0,"href":"https:\/\/www.servir.caef.net\/index.php?rest_route=\/wp\/v2\/posts\/4360\/revisions"}],"wp:attachment":[{"href":"https:\/\/www.servir.caef.net\/index.php?rest_route=%2Fwp%2Fv2%2Fmedia&parent=4360"}],"wp:term":[{"taxonomy":"category","embeddable":true,"href":"https:\/\/www.servir.caef.net\/index.php?rest_route=%2Fwp%2Fv2%2Fcategories&post=4360"},{"taxonomy":"post_tag","embeddable":true,"href":"https:\/\/www.servir.caef.net\/index.php?rest_route=%2Fwp%2Fv2%2Ftags&post=4360"}],"curies":[{"name":"wp","href":"https:\/\/api.w.org\/{rel}","templated":true}]}}