{"id":4463,"date":"1990-03-07T10:38:33","date_gmt":"1990-03-07T10:38:33","guid":{"rendered":"\/?p=4463"},"modified":"2015-12-16T17:57:25","modified_gmt":"2015-12-16T17:57:25","slug":"regard-dun-apotre-sur-une-eglise","status":"publish","type":"post","link":"https:\/\/www.servir.caef.net\/?p=4463","title":{"rendered":"Paul aux chr\u00e9tiens de Colosses (2\u00b0 partie)"},"content":{"rendered":"<h1 style=\"text-align: center;\">Regard d&rsquo;un ap\u00f4tre sur une \u00e9glise<\/h1>\n<p>&nbsp;<\/p>\n<h3 style=\"text-align: center;\"><em>(Paul aux chr\u00e9tiens de Colosses, chap. 1, v1 \u00e0 14)<\/em><\/h3>\n<p style=\"text-align: center;\">\u00a0<\/p>\n<p style=\"text-align: center;\">(suite du num\u00e9ro 1)<br \/> \u00a0<\/p>\n<p style=\"text-align: center;\" align=\"JUSTIFY\">\u00a0<a href=\"\/wp-content\/uploads\/2012\/01\/the-bible.jpg\"><img loading=\"lazy\" decoding=\"async\" src=\"\/wp-content\/uploads\/2012\/01\/the-bible.jpg\" alt=\"the-bible\" width=\"370\" height=\"205\" \/><\/a><\/p>\n<p align=\"JUSTIFY\"><strong>par <span style=\"color: #b22222;\"><span style=\"font-size: 16px;\">Daniel Bresch<\/span><\/span><\/strong><\/p>\n<p align=\"JUSTIFY\">\u00a0<\/p>\n<p align=\"JUSTIFY\">\u00a0<\/p>\n<h1 style=\"text-align: center;\">\u00a0<\/h1>\n<p align=\"JUSTIFY\"><strong>Le d\u00e9but de cette lettre \u00ab\u00a0aux Colossiens\u00a0\u00bb, comme de toutes les autres de Paul, avouons-le sinc\u00e8rement, r\u00e9sonne de fa\u00e7on passablement c\u00e9r\u00e9monieuse \u00e0 nos oreilles d&rsquo;occidentaux du vingti\u00e8me si\u00e8cle, accoutum\u00e9s aux mani\u00e8res volontiers informelles, voire famili\u00e8res de communiquer. <\/strong><\/p>\n<p align=\"JUSTIFY\">\u00a0<\/p>\n<p>&nbsp;<\/p>\n<p align=\"JUSTIFY\"><strong>C&rsquo;est bel et bien du style \u00e9pistolaire coutu-mier de son \u00e9poque qu&rsquo;il use ! <\/strong><\/p>\n<p align=\"JUSTIFY\"><strong><br \/> <\/strong><\/p>\n<p align=\"JUSTIFY\"><strong><br \/> <\/strong><\/p>\n<p align=\"JUSTIFY\"><strong>On aurait grand tort de voir dans cette mani\u00e8re d&rsquo;\u00e9crire le simple respect des r\u00e8gles de savoir-vivre, ou pire, un proc\u00e9d\u00e9 habile pour \u00ab\u00a0dorer la pilule\u00a0\u00bb. Paul, donnant pr\u00e9cis\u00e9ment \u00e0 ces formes conventionnelles une tournure si personnelle, croit profond\u00e9ment \u00e0 ce qu&rsquo;il communique avec tant d&rsquo;ardeur et de soin \u00e0 ses fr\u00e8res dans la foi. <\/strong><\/p>\n<p align=\"JUSTIFY\">\u00a0<\/p>\n<p align=\"JUSTIFY\">\u00a0<\/p>\n<p align=\"JUSTIFY\"><!--more--><\/p>\n<h2>Des mots simples, mais quelle perspective !<\/h2>\n<p align=\"JUSTIFY\">\u00a0<\/p>\n<p align=\"JUSTIFY\"><strong><a href=\"..\/wp-content\/uploads\/1990\/pdf1990\/1990_02_02_paulauxcolossiens02.pdf\" target=\"_blank\"><img loading=\"lazy\" decoding=\"async\" src=\"..\/wp-content\/uploads\/2011\/01\/iconePDF.jpg\" alt=\"\" width=\"81\" height=\"76\" name=\"images1\" align=\"RIGHT\" border=\"1\" hspace=\"8\" vspace=\"8\" \/><\/a><\/strong>On a vu dans l&rsquo;expression \u00ab\u00a0gr\u00e2ce et paix\u00a0\u00bb la combinaison originale de la salutation grecque \u00ab\u00a0charis\u00a0\u00bb qui d\u00e9clare la faveur accord\u00e9e par une personne de haut rang, avec la salutation h\u00e9bra\u00efque \u00ab\u00a0shalom\u00a0\u00bb, qui annonce la prosp\u00e9rit\u00e9 au b\u00e9n\u00e9ficiaire de la bont\u00e9 divine. Dans la perspective chr\u00e9tienne ces mots ont une port\u00e9e autrement vaste, surtout si l&rsquo;on songe au contexte de cette lettre. Par ce cri de joie et de libert\u00e9 l&rsquo;ap\u00f4tre \u00e9voque <em>le fondement et I&rsquo;\u00e9panouissement de toute foi<\/em>, de toute vie, de toute fraternit\u00e9 chr\u00e9tiennes, \u00e0 savoir la bienveillance totalement libre et gratuite de Dieu et son inflexible volont\u00e9 de r\u00e9conciliation et de b\u00e9n\u00e9diction.<\/p>\n<p align=\"JUSTIFY\">\u00a0<\/p>\n<p align=\"JUSTIFY\">Quand aux chr\u00e9tiens de cette petite \u00e9glise provinciale, Paul les apostrophe comme des \u00ab\u00a0saints et fid\u00e8les fr\u00e8res en Christ\u00a0\u00bb. Attitude de confiance dans le Seigneur ! Est saint celui qui a cru en J\u00e9sus ; il lui appartient en bien pr\u00e9cieux et consacr\u00e9, sa foi et sa fid\u00e9lit\u00e9 sont gard\u00e9es par la saintet\u00e9 du Christ. Par cons\u00e9quent aussi attitude de confiance dans le fr\u00e8re !<\/p>\n<p align=\"JUSTIFY\">\u00a0<\/p>\n<p align=\"JUSTIFY\"><a href=\"\/wp-content\/uploads\/2008\/12\/repas-2.jpg\"><img loading=\"lazy\" decoding=\"async\" class=\"size-full wp-image-8446 alignleft\" style=\"margin: 10px;\" src=\"\/wp-content\/uploads\/2008\/12\/repas-2.jpg\" alt=\"repas-2\" width=\"278\" height=\"177\" \/><\/a><\/p>\n<p align=\"JUSTIFY\">\u00a0<\/p>\n<p align=\"JUSTIFY\">\u00a0<\/p>\n<p align=\"JUSTIFY\">Il ne s&rsquo;agit pas de \u00ab\u00a0gens\u00a0\u00bb, mot si courant dans notre parler actuel, m\u00eame \u00e0 propos d&rsquo;autres chr\u00e9tiens ! \u2014 mais bien de fr\u00e8res, et de s\u0153urs, par Christ ! L\u00e0 o\u00f9 les chr\u00e9tiens ne se retrouvent pas en fr\u00e8res, c&rsquo;est le signe d&rsquo;un grave dommage dans leur relation de vie \u00e0 J\u00e9sus lui-m\u00eame. L&rsquo;exemple positif est sous nos yeux : Paul n&rsquo;\u00e9crit pas sa lettre seul, mais en collaboration avec Timoth\u00e9e, <span style=\"background-color: #add8e6;\"><em>\u00ab\u00a0le fr\u00e8re\u00a0\u00bb. <\/em><\/span><\/p>\n<p align=\"JUSTIFY\">\u00a0<\/p>\n<p align=\"JUSTIFY\">\u00a0<\/p>\n<p align=\"JUSTIFY\">\u00a0<\/p>\n<p align=\"JUSTIFY\">\u00a0<\/p>\n<h3>Un regard ouvert<\/h3>\n<p align=\"JUSTIFY\">\u00a0<\/p>\n<p align=\"JUSTIFY\">Tout part d&rsquo;une attitude morale fondamentalement \u00ab\u00a0nouvelle\u00a0\u00bb, qui n&rsquo;est pas spontan\u00e9e, encore moins inn\u00e9e \u00e0 l&rsquo;homme, mais d\u00e9couverte et d\u00e9velopp\u00e9e par celui qui croit en Christ : <strong>la reconnaissance<\/strong>. C&rsquo;est un th\u00e8me significatif que nous trouvons tout au long de l&rsquo;\u00e9p\u00eetre <span style=\"background-color: #add8e6;\"><em>(1.12 ; 2.7 ; 3.15-17 ; 4.2)<\/em><\/span>.<\/p>\n<p align=\"JUSTIFY\">\u00a0<\/p>\n<p align=\"JUSTIFY\">A travers tous ses combats et ses douleurs, l&rsquo;ap\u00f4tre a appris \u00e0 \u00eatre un homme reconnaissant ; tout en restant lucide et exigeant \u00e0 l&rsquo;\u00e9gard des \u00e9glises et des chr\u00e9tiens, il demeure attentif \u00e0 tout motif de gratitude. Sa m\u00e9moire est nourrie des actes de Dieu pour lui, autour de lui, pour les autres, dans le pass\u00e9 comme dans l&rsquo;avenir. N&rsquo;oublions pas qu&rsquo;il est prisonnier, accabl\u00e9 de soucis imm\u00e9diats, et l&rsquo;on est venu de loin le charger de lourdes inqui\u00e9tudes.<\/p>\n<p align=\"JUSTIFY\">\u00a0<\/p>\n<p align=\"JUSTIFY\">En louant Dieu pour cette \u00e9glise encore jeune \u00e0 Colosses, Paul souligne deux s\u00e9ries de faits de la vie chr\u00e9tienne de ses correspondants : les uns concernent leur \u00e9tat pr\u00e9sent <span style=\"background-color: #add8e6;\"><em>(v. 3-5a)<\/em><\/span>, les autres leur exp\u00e9rience initiale <span style=\"background-color: #add8e6;\"><em>(v. 5b-8)<\/em><\/span>. D\u00e9marche importante aux yeux de l&rsquo;ap\u00f4tre, parce qu&rsquo;on la retrouve dans d&rsquo;autres lettres, notamment dans la premi\u00e8re \u00e0 l&rsquo;\u00e9glise de Thessalonique, aussi une \u00e9glise jeune.<\/p>\n<p align=\"JUSTIFY\">\u00a0<\/p>\n<p align=\"JUSTIFY\">Tellement habitu\u00e9s \u00e0 la musique de ces phrases nous ne saisissons plus la force et la pertinence de ces formules lapidaires et nous les entendons comme de simples g\u00e9n\u00e9ralit\u00e9s. Mais sachons une bonne fois que ces rappels de Paul n&rsquo;\u00e9taient pas gratuits ! Sans pratiquer l&rsquo;exercice dangereux de la lecture entre les lignes nous pouvons citer dans ces paroles une r\u00e9ponse pr\u00e9cise \u00e0 des questions vitales surgies dans la vie de l&rsquo;\u00e9glise de Colosses.<\/p>\n<p align=\"JUSTIFY\">\u00a0<\/p>\n<p align=\"JUSTIFY\">Nous avons d\u00e9j\u00e0 signal\u00e9 qu&rsquo;un certain trouble s&rsquo;\u00e9tait propag\u00e9 parmi les Colossiens risquant de se d\u00e9velopper en v\u00e9ritable d\u00e9viation spirituelle et morale (voir l&rsquo;\u00e9tude pr\u00e9c\u00e9dente). Qu&rsquo;avaient donc pu raconter ces \u00ab\u00a0discoureurs es spiritualit\u00e9\u00a0\u00bb <span style=\"background-color: #add8e6;\"><em>(cf. 2.4)<\/em><\/span> pour que des croyants de l&rsquo;\u00e9glise de Colosses s&rsquo;imaginent que ce qu&rsquo;ils avaient re\u00e7u ou v\u00e9cu jusqu&rsquo;ici \u00e9tait insuffisant, qu&rsquo;ils devaient par cons\u00e9quent passer par des exp\u00e9riences nouvelles, afin d&rsquo;acc\u00e9der \u00e0 des v\u00e9rit\u00e9s plus pro-fondes et gagner des vertus plus \u00e9lev\u00e9es ? Quelle remise en cause de leur foi et de leur assurance en Christ ! Et quel discr\u00e9dit jet\u00e9 sur l&rsquo;Evangile et ses messagers !<\/p>\n<p align=\"JUSTIFY\">\u00a0<\/p>\n<p align=\"JUSTIFY\">\u00a0<\/p>\n<h2>Des signes qui ne trompent pas<\/h2>\n<p align=\"JUSTIFY\">\u00a0<\/p>\n<p align=\"JUSTIFY\">La description des trois \u00abvertus\u00bb essentielles des chr\u00e9tiens <span style=\"background-color: #add8e6;\"><em>(v. 4-5a)<\/em><\/span> que Paul se pla\u00eet justement \u00e0 discerner comme des r\u00e9alit\u00e9s pr\u00e9sentes dans la vie de cette \u00e9glise, constitue en quelque sorte une premi\u00e8re mise au point. Ce n&rsquo;est pas un id\u00e9al qu&rsquo;il fait miroiter aux yeux des chr\u00e9tiens. Mais il y a l\u00e0 un puissant encouragement \u00e0 prendre conscience des marques <strong>d&rsquo;authenticit\u00e9<\/strong> que nous d\u00e9tenons d\u00e9j\u00e0 par la gr\u00e2ce de Dieu, du moment que nous avons cru en J\u00e9sus-Christ.<\/p>\n<p align=\"JUSTIFY\">\u00a0<\/p>\n<p align=\"JUSTIFY\">Nous n&rsquo;avons pas \u00e0 chercher ces vertus dans nos sentiments ou nos pens\u00e9es, nous n&rsquo;avons pas \u00e0 les produire par notre force. Ce ne sont pas des qualit\u00e9s qui pr\u00e9c\u00e8dent et conditionnent l&rsquo;action de l&rsquo;Esprit en nous. Au contraire, ce sont les effets ou fruits de cette onction. Nous n&rsquo;entrons pas \u00ab\u00a0en Christ\u00a0\u00bb\u00e0 cause de notre foi ou de notre amour : mais c&rsquo;est en reconnaissant en Dieu le P\u00e8re qui nous aime et nous voit <span style=\"background-color: #add8e6;\"><em>\u00ab\u00a0en Christ\u00a0\u00bb<\/em><\/span>\u2014 expression cl\u00e9 de toute la lettre \u2014 que la foi na\u00eet dans notre \u00eatre, que notre <strong>amour<\/strong> s&rsquo;ouvre \u00e0 tous les fr\u00e8res au-del\u00e0 du cercle familier (cf. <span style=\"background-color: #add8e6;\"><em>Matthieu 5.46-47<\/em><\/span>) et que notre <strong>esp\u00e9rance<\/strong> donne un nouveau sens \u00e0 notre vie.<\/p>\n<p align=\"JUSTIFY\">\u00a0<\/p>\n<p align=\"JUSTIFY\">On aura remarqu\u00e9 que Paul assigne ici une place et un r\u00f4le particuliers \u00e0 l&rsquo;esp\u00e9rance. Premi\u00e8rement l&rsquo;esp\u00e9rance n&rsquo;est pas une \u00ab\u00a0vertu\u00a0\u00bb compl\u00e9mentaire dans l&rsquo;exp\u00e9rience chr\u00e9tienne, quelque chose qui vient apr\u00e8s la foi et couronne l&rsquo;amour. Au contraire elle constitue le moteur m\u00eame de la vie chr\u00e9tienne, et la foi et l&rsquo;amour en sont l&rsquo;expression dans le pr\u00e9sent.<\/p>\n<p align=\"JUSTIFY\">\u00a0<\/p>\n<p align=\"JUSTIFY\">Deuxi\u00e8mement, plut\u00f4t qu&rsquo;attitude d&rsquo;expectative, l&rsquo;esp\u00e9rance chr\u00e9tienne a ici le sens du bien pr\u00e9serv\u00e9 et garanti par Dieu en Christ <span style=\"background-color: #add8e6;\"><em>\u00ab\u00a0dans les cieux\u00a0\u00bb<\/em><\/span>. Son accomplissement est encore \u00e0 venir, certes, mais d\u00e8s \u00e0 pr\u00e9sent il est actif par anticipation, c&rsquo;est <span style=\"background-color: #add8e6;\"><em>\u00ab\u00a0Christ en vous\u00a0\u00bb<\/em><\/span>. C&rsquo;est pourquoi, ici-bas, nous vivons par la foi qui est <span style=\"background-color: #add8e6;\"><em>\u00ab\u00a0\u00eatre s\u00fbr de ce qu&rsquo;on esp\u00e8re, \u00eatre convaincu de la r\u00e9alit\u00e9 de ce qu&rsquo;on ne voit pas\u00a0\u00bb (H\u00e9breux 11.1)<\/em><\/span> ; et nous agissons par l&rsquo;amour qui <span style=\"background-color: #add8e6;\"><em>\u00ab\u00a0ne tombe jamais\u00a0\u00bb (1 Cor. 13.8)<\/em><\/span>.<\/p>\n<p align=\"JUSTIFY\">\u00a0<\/p>\n<p align=\"JUSTIFY\">Du moment que ces trois \u00ab\u00a0t\u00e9moins\u00a0\u00bb existaient, les Colossiens pouvaient regagner de l&rsquo;assurance ; ils \u00e9taient vraiment des chr\u00e9tiens conform\u00e9ment \u00e0 l&rsquo;Evangile proclam\u00e9 par les ap\u00f4tres. Cela devait les lib\u00e9rer d&rsquo;une spiritualit\u00e9 anxieuse et subjective.<\/p>\n<p align=\"JUSTIFY\">\u00a0<\/p>\n<p align=\"JUSTIFY\">Cela devrait nous pousser \u00e0 tester le bien-fond\u00e9 de notre foi et les mobiles de notre pi\u00e9t\u00e9 et de notre activit\u00e9.<\/p>\n<p align=\"JUSTIFY\">\u00a0<\/p>\n<p align=\"JUSTIFY\">\u00a0<\/p>\n<h2>Des valeurs s\u00fbres<\/h2>\n<p align=\"JUSTIFY\">\u00a0<\/p>\n<p align=\"JUSTIFY\">L&rsquo;insistance sur la v\u00e9rit\u00e9 de <strong>l&rsquo;Evangile<\/strong>, dans la suite <span style=\"background-color: #add8e6;\"><em>(v. 5b-7)<\/em><\/span>, peut \u00eatre comprise comme une deuxi\u00e8me mise au point.<\/p>\n<p align=\"JUSTIFY\">\u00a0<\/p>\n<p align=\"JUSTIFY\">Non seulement les Colossiens avaient pu douter d&rsquo;eux-m\u00eames, mais la valeur m\u00eame de l&rsquo;Evangile re\u00e7u, tout au moins de celui transmis par Epaphras, avait \u00e9t\u00e9 mise en cause.<\/p>\n<p align=\"JUSTIFY\">\u00a0<\/p>\n<p align=\"JUSTIFY\">La r\u00e9ponse de l&rsquo;ap\u00f4tre est un exemple de relation d&rsquo;aide chr\u00e9tienne. Remettant la controverse sur des points particuliers \u00e0 plus tard, il s&rsquo;en tient \u00e0 quelques faits fondamentaux, toujours sous le signe de la reconnaissance.<\/p>\n<p align=\"JUSTIFY\">\u00a0<\/p>\n<p align=\"JUSTIFY\">D&rsquo;abord une affirmation : l&rsquo;Evangile entendu par les Colossiens, est bien \u00abvrai\u00bb, non seulement dans le sens de v\u00e9ridique, mais dans tout son contenu. Il n&rsquo;est pas seulement v\u00e9rit\u00e9 sur Dieu, mais v\u00e9rit\u00e9 de Dieu ignor\u00e9e des hommes <span style=\"background-color: #add8e6;\"><em>(Rom. 1.18)<\/em><\/span>, existant dans la personne de J\u00e9sus <span style=\"background-color: #add8e6;\"><em>(Jean 14.6)<\/em><\/span>, communiqu\u00e9e par l&rsquo;Esprit. Il faut bien entendre ici le mot v\u00e9rit\u00e9 dans son sens biblique, c&rsquo;est-\u00e0-dire la r\u00e9alit\u00e9 de Dieu lui-m\u00eame. C&rsquo;est lui qui nous interpelle, c&rsquo;est par rapport \u00e0 lui que nous devons nous situer, c&rsquo;est sur lui que nous pouvons compter.<\/p>\n<p align=\"JUSTIFY\">\u00a0<\/p>\n<p align=\"JUSTIFY\">Puis une double preuve. Premi\u00e8rement, son universalit\u00e9 : cette \u00ab\u00a0bonne annonce\u00a0\u00bb n&rsquo;est ni le produit d&rsquo;une culture particuli\u00e8re, ni une phase de l&rsquo;\u00e9volution des m\u0153urs et des id\u00e9es. Mais elle est v\u00e9rit\u00e9 bonne pour tous, en tous temps et en tous lieux. Deuxi\u00e8mement, sa vitalit\u00e9 : la v\u00e9rit\u00e9 de Dieu est cr\u00e9ative et dynamique, l&rsquo;Evangile ne cesse d&rsquo;\u00eatre jeune et actuel, produisant des effets de renouveau. <span style=\"background-color: #add8e6;\"><em>\u00ab\u00a0II est une puissance de Dieu\u00a0\u00bb (Rom. 1.16)<\/em><\/span>.<\/p>\n<p align=\"JUSTIFY\">\u00a0<\/p>\n<p align=\"JUSTIFY\">Enfin un fait. L&rsquo;ap\u00f4tre observe que cette parole de v\u00e9rit\u00e9, les Colossiens l&rsquo;ont \u00ab\u00a0vraiment\u00a0\u00bb reconnue. Ils ont parfaitement compris l&rsquo;Evangile dans ce qu&rsquo;il a de plus authentique \u00ab\u00a0en v\u00e9rit\u00e9\u00a0\u00bb, c&rsquo;est-\u00e0-dire l&rsquo;annonce de la gr\u00e2ce de Dieu. <span style=\"background-color: #add8e6;\"><em>\u00ab\u00a0II est une puissance de Dieu pour le salut de quiconque croit\u00a0\u00bb(Rom. 1.16 ; Eph. 1.13)<\/em><\/span>.<\/p>\n<p align=\"JUSTIFY\">\u00a0<\/p>\n<p align=\"JUSTIFY\">Cette pr\u00e9tention \u00e0 la v\u00e9rit\u00e9 absolue nous surprend dans notre subjectivisme, nous d\u00e9range dans notre relativisme. N&rsquo;y a-t-il pas l\u00e0 motif \u00e0 r\u00e9viser certaines libert\u00e9s que nous prenons avec la Parole de Dieu et aussi \u00e0 nous enhardir \u00e0 propager le plus correctement possible l&rsquo;Evangile <span style=\"background-color: #add8e6;\"><em>\u00ab\u00a0selon la v\u00e9rit\u00e9 qui est en J\u00e9sus\u00a0\u00bb (Eph. 4.21)<\/em><\/span> ?<\/p>\n<p align=\"JUSTIFY\">\u00a0<\/p>\n<p align=\"JUSTIFY\">\u00a0<\/p>\n<h2>Porter des fruits<\/h2>\n<p align=\"JUSTIFY\">\u00a0<\/p>\n<p align=\"JUSTIFY\"><a href=\"\/wp-content\/uploads\/2013\/07\/fruit-disciple.jpg\"><img loading=\"lazy\" decoding=\"async\" class=\" wp-image-8078 alignleft\" style=\"margin: 10px;\" src=\"\/wp-content\/uploads\/2013\/07\/fruit-disciple.jpg\" alt=\"fruit-disciple\" width=\"309\" height=\"211\" srcset=\"https:\/\/www.servir.caef.net\/wp-content\/uploads\/2013\/07\/fruit-disciple.jpg 515w, https:\/\/www.servir.caef.net\/wp-content\/uploads\/2013\/07\/fruit-disciple-300x205.jpg 300w\" sizes=\"auto, (max-width: 309px) 100vw, 309px\" \/><\/a>Les m\u00eames remarques faites plus haut au sujet des termes utilis\u00e9s dans l&rsquo;action de gr\u00e2ce <span style=\"background-color: #add8e6;\"><em>(v. 3-8)<\/em><\/span> conviennent tout \u00e0 fait \u00e0 ce que Paul exprime maintenant dans sa pri\u00e8re <span style=\"background-color: #add8e6;\"><em>(v. 9-14)<\/em><\/span>. Son langage n&rsquo;a rien d&rsquo;onctueux ni de banal. Nous devons faire un r\u00e9el effort pour nous d\u00e9gager des clich\u00e9s religieux qui escamotent l&rsquo;\u00e0 propos de cette intercession. C&rsquo;est d&rsquo;une \u00e9coute tr\u00e8s attentive et r\u00e9fl\u00e9chie qu&rsquo;ont jailli ces demandes !<\/p>\n<p align=\"JUSTIFY\">\u00a0<\/p>\n<p align=\"JUSTIFY\">Exprim\u00e9e pr\u00e9c\u00e9demment en termes d&rsquo;authenticit\u00e9, sa pr\u00e9occupation l&rsquo;est \u00e0 pr\u00e9sent en termes de <strong>maturit\u00e9<\/strong>. Clarifier les fondements et les mobiles c&rsquo;est bien, mais la destin\u00e9e nouvelle du chr\u00e9tien n&rsquo;est pas accomplie dans sa d\u00e9couverte de l&rsquo;Evangile et dans sa conversion. La vie nouvelle ne fait que commencer. Et le processus de d\u00e9veloppement n&rsquo;est pas automatique, l&rsquo;\u00e9panouissement n&rsquo;est pas chose acquise d&rsquo;avance. D&rsquo;o\u00f9 le combat et la pri\u00e8re de Paul !<\/p>\n<p align=\"JUSTIFY\">\u00a0<\/p>\n<p align=\"JUSTIFY\">Deux s\u00e9ries de termes parcourent cette longue phrase, l&rsquo;une concerne la connaissance, l&rsquo;autre la puissance. C&rsquo;est exactement ce qui \u00e9tait l&rsquo;objet d&rsquo;une intense pr\u00e9occupation parmi les Colossiens. S&rsquo;initier \u00e0 un savoir cach\u00e9 en vue d&rsquo;acqu\u00e9rir une autorit\u00e9 invincible, cela est typique de la mentalit\u00e9 et de la pratique sectaires. La pl\u00e9nitude promise et r\u00e9serv\u00e9e \u00e0 une \u00e9lite reste cependant toujours \u00e0 venir, exigeant toujours plus d&rsquo;\u0153uvres, pour d\u00e9boucher malheureusement sur la d\u00e9ception, et la fausse culpabilit\u00e9.<\/p>\n<p align=\"JUSTIFY\">\u00a0<\/p>\n<p align=\"JUSTIFY\">En contraste, l&rsquo;ap\u00f4tre pr\u00e9sente dans sa pri\u00e8re une tout autre perspective. La connaissance qu&rsquo;il souhaite aux Colossiens n&rsquo;est pas un but lointain, mais un climat dont ils ont \u00e0 s&rsquo;impr\u00e9gner d\u00e8s maintenant, car elle n&rsquo;est pas abstraite ou sp\u00e9culative, mais orient\u00e9e et reposant sur la volont\u00e9 de Dieu. Ici volont\u00e9 signifie : le vouloir, l&rsquo;intention, le d\u00e9sir de Dieu, son plan, non sous l&rsquo;aspect du \u00ab\u00a0permis ou d\u00e9fendu ?\u00a0\u00bb mais dans le sens d&rsquo;une qualit\u00e9 de vie et de pens\u00e9e. Les termes <span style=\"background-color: #add8e6;\"><em>\u00ab\u00a0sagesse et intelligence spirituelle\u00a0\u00bb<\/em><\/span> montrent qu&rsquo;il est question non d&rsquo;une accumulation de savoir, mais d&rsquo;une bonne utilisation de cette connaissance personnelle : comprendre ce que Dieu veut et savoir l&rsquo;appliquer de fa\u00e7on critique dans la vie tr\u00e8s concr\u00e8te de tous les jours, dont la motivation est le plaisir pour Dieu et pour nous sa proximit\u00e9 <span style=\"background-color: #add8e6;\"><em>(v. 10)<\/em><\/span>. Le test en est la capacit\u00e9 de rayonner et de nourrir d&rsquo;autres gr\u00e2ce aux fruits m\u00fbris de notre vie.<\/p>\n<p align=\"JUSTIFY\">\u00a0<\/p>\n<p align=\"JUSTIFY\">Et la puissance qu&rsquo;il souhaite \u00e0 ces chr\u00e9tiens n&rsquo;est pas une force de domination, mais la seule puissance en laquelle nous pouvons nous r\u00e9fugier : celle de sa gloire <span style=\"background-color: #add8e6;\"><em>(v. 11a)<\/em><\/span>, c&rsquo;est-\u00e0-dire de son \u0153uvre de lib\u00e9ration d&rsquo;un pouvoir qui nous avait s\u00e9duits, celle de son amour en Christ <span style=\"background-color: #add8e6;\"><em>(v. 13)<\/em><\/span>. Le test en est la dur\u00e9e, la r\u00e9sistance et la joie <span style=\"background-color: #add8e6;\"><em>(v. 11b)<\/em><\/span>.<\/p>\n<p align=\"JUSTIFY\">\u00a0<\/p>\n<p align=\"JUSTIFY\">Enfin, le signe d&rsquo;authentique maturit\u00e9 de la vie nouvelle en Christ que Paul demande pour les Colossiens, c&rsquo;est d&rsquo;\u00eatre reconnaissant. Il n&rsquo;y a pas de religions, pas de morale au monde qui sache ce qu&rsquo;est l&rsquo;action de gr\u00e2ces si ne n&rsquo;est les chr\u00e9tiens qui se savent pardonnes <span style=\"background-color: #add8e6;\"><em>(v. 14)<\/em><\/span>.<\/p>\n<p align=\"JUSTIFY\">\u00a0<\/p>\n<p align=\"JUSTIFY\">Cette amorce de joie qu&rsquo;il d\u00e9sire communiquer aux Colossiens \u2014 et \u00e0 nous \u2014 explosera d&rsquo;abord en un hymne \u00e0 J\u00e9sus-Christ.<\/p>\n<p align=\"JUSTIFY\">\u00a0<\/p>\n<p style=\"text-align: center;\">D.B.<\/p>\n<p align=\"JUSTIFY\">\u00a0<\/p>\n<p align=\"JUSTIFY\">\u00a0<\/p>\n<h2>Pistes de r\u00e9flexion<\/h2>\n<p align=\"JUSTIFY\">\u00a0<\/p>\n<p align=\"JUSTIFY\"><strong>1.<\/strong> Que pouvons-nous apprendre de l&rsquo;exemple de l&rsquo;ap\u00f4tre Paul dans ce d\u00e9but de lettre, sur notre attitude \u00e0 l&rsquo;\u00e9gard de nos fr\u00e8res dans la foi ?<\/p>\n<p align=\"JUSTIFY\">\u00a0<\/p>\n<p align=\"JUSTIFY\">\u00a0<\/p>\n<p align=\"JUSTIFY\"><strong>2.<\/strong> A la lumi\u00e8re des trois caract\u00e9ristiques chr\u00e9tiennes quelle est concr\u00e8tement ma position devant Dieu ? <span style=\"background-color: #add8e6;\"><em>(v. 4-5)<\/em><\/span>.<\/p>\n<p align=\"JUSTIFY\">\u00a0<\/p>\n<p align=\"JUSTIFY\">\u00a0<\/p>\n<p align=\"JUSTIFY\">3. Comment l&rsquo;Evangile est-il parvenu jusqu&rsquo;\u00e0 moi ? Comment l&rsquo;ai-je re\u00e7u <span style=\"background-color: #add8e6;\"><em>(v. 5-8)<\/em><\/span>.<\/p>\n<p align=\"JUSTIFY\">\u00a0<\/p>\n<p align=\"JUSTIFY\">\u00a0<\/p>\n<p align=\"JUSTIFY\"><strong>4.<\/strong> Quel mod\u00e8le et quel encouragement puis-je tirer de la mani\u00e8re de prier de l&rsquo;ap\u00f4tre ? <span style=\"background-color: #add8e6;\"><em>(v. 9-12)<\/em><\/span>.<\/p>\n<p align=\"JUSTIFY\">\u00a0<\/p>\n<p align=\"JUSTIFY\">\u00a0<\/p>\n<p align=\"JUSTIFY\"><strong>5.<\/strong> Qu&rsquo;est-ce que cette pri\u00e8re de Paul m&rsquo;apprend sur l&rsquo;exercice du discernement spirituel ?<\/p>\n","protected":false},"excerpt":{"rendered":"<p>Regard d&rsquo;un ap\u00f4tre sur une \u00e9glise &nbsp; (Paul aux chr\u00e9tiens de Colosses, chap. 1, v1 \u00e0 14) \u00a0 (suite du num\u00e9ro 1) \u00a0 \u00a0 par Daniel Bresch \u00a0 \u00a0 \u00a0 Le d\u00e9but de cette lettre \u00ab\u00a0aux Colossiens\u00a0\u00bb, comme de toutes les autres de Paul, avouons-le sinc\u00e8rement, r\u00e9sonne de fa\u00e7on passablement c\u00e9r\u00e9monieuse \u00e0 nos oreilles d&rsquo;occidentaux [&hellip;]<\/p>\n","protected":false},"author":55,"featured_media":0,"comment_status":"closed","ping_status":"closed","sticky":false,"template":"","format":"standard","meta":{"footnotes":""},"categories":[59,32,13],"tags":[],"class_list":["post-4463","post","type-post","status-publish","format-standard","hentry","category-etudes-bibliques","category-le-nouveau-testament","category-la-vie-de-leglise"],"_links":{"self":[{"href":"https:\/\/www.servir.caef.net\/index.php?rest_route=\/wp\/v2\/posts\/4463","targetHints":{"allow":["GET"]}}],"collection":[{"href":"https:\/\/www.servir.caef.net\/index.php?rest_route=\/wp\/v2\/posts"}],"about":[{"href":"https:\/\/www.servir.caef.net\/index.php?rest_route=\/wp\/v2\/types\/post"}],"author":[{"embeddable":true,"href":"https:\/\/www.servir.caef.net\/index.php?rest_route=\/wp\/v2\/users\/55"}],"replies":[{"embeddable":true,"href":"https:\/\/www.servir.caef.net\/index.php?rest_route=%2Fwp%2Fv2%2Fcomments&post=4463"}],"version-history":[{"count":0,"href":"https:\/\/www.servir.caef.net\/index.php?rest_route=\/wp\/v2\/posts\/4463\/revisions"}],"wp:attachment":[{"href":"https:\/\/www.servir.caef.net\/index.php?rest_route=%2Fwp%2Fv2%2Fmedia&parent=4463"}],"wp:term":[{"taxonomy":"category","embeddable":true,"href":"https:\/\/www.servir.caef.net\/index.php?rest_route=%2Fwp%2Fv2%2Fcategories&post=4463"},{"taxonomy":"post_tag","embeddable":true,"href":"https:\/\/www.servir.caef.net\/index.php?rest_route=%2Fwp%2Fv2%2Ftags&post=4463"}],"curies":[{"name":"wp","href":"https:\/\/api.w.org\/{rel}","templated":true}]}}