{"id":4485,"date":"1990-05-07T13:04:44","date_gmt":"1990-05-07T13:04:44","guid":{"rendered":"\/?p=4485"},"modified":"2015-12-16T17:01:11","modified_gmt":"2015-12-16T17:01:11","slug":"editorial-du-n%c2%b03-mai-juin-1990-lexcellence-de-lordinaire","status":"publish","type":"post","link":"https:\/\/www.servir.caef.net\/?p=4485","title":{"rendered":"Editorial du n\u00b03 . Mai-Juin 1990 &#8211; L&rsquo;excellence de l&rsquo;ordinaire"},"content":{"rendered":"<p style=\"text-align: center;\"><img loading=\"lazy\" decoding=\"async\" class=\"alignnone size-medium wp-image-4486\" title=\"1990_03_00 couverture PM\" src=\"\/wp-content\/uploads\/2011\/10\/1990_03_00-couverture-PM-211x300.jpg\" alt=\"\" width=\"211\" height=\"300\" srcset=\"https:\/\/www.servir.caef.net\/wp-content\/uploads\/2011\/10\/1990_03_00-couverture-PM-211x300.jpg 211w, https:\/\/www.servir.caef.net\/wp-content\/uploads\/2011\/10\/1990_03_00-couverture-PM-723x1024.jpg 723w, https:\/\/www.servir.caef.net\/wp-content\/uploads\/2011\/10\/1990_03_00-couverture-PM.jpg 875w\" sizes=\"auto, (max-width: 211px) 100vw, 211px\" \/><\/p>\n<p>&nbsp;<\/p>\n<h1 style=\"text-align: center;\">Editorial du n\u00b03 . Mai-Juin 1990<\/h1>\n<p>&nbsp;<\/p>\n<h1 style=\"text-align: center;\">L&rsquo;excellence de l&rsquo;ordinaire<\/h1>\n<p align=\"JUSTIFY\">\u00a0<\/p>\n<p align=\"JUSTIFY\"><span style=\"color: #800000; font-size: medium;\"><strong>Par Esther BUCKENHAM<\/strong><\/span><\/p>\n<p align=\"JUSTIFY\">\u00a0<\/p>\n<h1 style=\"text-align: center;\">\u00a0<\/h1>\n<p align=\"JUSTIFY\">Cette ann\u00e9e, nous avons eu le printemps \u00e0 No\u00ebl&#8230; et l&rsquo;hiver au mois d&rsquo;avril ! Mais il n&rsquo;y a pas que la m\u00e9t\u00e9o qui semble \u00eatre \u00ab en d\u00e9rangement \u00bb : nous vivons quotidiennement des bouleversements et des ruptures dans les domaines politiques et sociaux \u2014 les changements se succ\u00e8dent dans nos vies personnelles \u2014 des probl\u00e8mes inattendus surgissent dans nos familles, dans nos professions, et jusque dans l&rsquo;Eglise de J\u00e9sus-Christ.<\/p>\n<p align=\"JUSTIFY\">\u00a0<\/p>\n<p align=\"JUSTIFY\"><!--more--><br \/> \u00a0<\/p>\n<p align=\"JUSTIFY\"><strong><a href=\"..\/wp-content\/uploads\/1990\/pdf1990\/1990_03_00B_editorial.pdf\" target=\"_blank\"><img loading=\"lazy\" decoding=\"async\" src=\"..\/wp-content\/uploads\/2011\/01\/iconePDF.jpg\" alt=\"\" width=\"81\" height=\"76\" name=\"images1\" align=\"RIGHT\" border=\"1\" hspace=\"8\" vspace=\"8\" \/><\/a><\/strong>Parce que nous vivons chaque jour la r\u00e9alit\u00e9 du concret \u2014 et parce que l&rsquo;\u00e9quipe de r\u00e9daction de \u00ab Servir en L&rsquo;attendant \u00bb ne l&rsquo;oublie pas \u2014 il est normal que nous nous pr\u00e9occupions des probl\u00e8mes de notre temps : les illettr\u00e9s, les sans-logis, les homosexuels nous interpellent&#8230; Ainsi que nous le rappelle le Manifeste de Manille : \u00ab Lorsque les hommes acceptent le Christ, ils entrent par la nouvelle naissance dans Son royaume, et ils doivent rechercher non seulement \u00e0 refl\u00e9ter Sa justice, mais encore \u00e0 la r\u00e9pandre dans un monde injuste. LE SALUT DONT NOUS NOUS RECLAMONS DEVRAIT NOUS TRANSFORMER TOTALEMENT dans notre fa\u00e7on d&rsquo;assumer nos responsabilit\u00e9s personnelles et sociales. La foi sans les \u0153uvres est morte. \u00bb<\/p>\n<p align=\"JUSTIFY\">\u00a0<\/p>\n<p align=\"JUSTIFY\">Cette transformation \u2014 qui commence au fond de notre \u00eatre, est nourrie par la Parole de Dieu \u2014 cette Parole qui nous r\u00e9v\u00e8le J\u00e9sus-Christ comme \u00ab Celui qui nous r\u00e9concilie avec Dieu, celui qui a vaincu tous les pouvoirs, celui qui nous donne l&rsquo;esp\u00e9rance, nous unit, nous fait aimer le prochain \u00bb<\/p>\n<p align=\"JUSTIFY\">\u00a0<\/p>\n<p align=\"JUSTIFY\">C&rsquo;est J\u00e9sus-Christ seul qui donne le courage d&rsquo;avancer, de vivre chaque jour apr\u00e8s le choc d&rsquo;un d\u00e9c\u00e8s. C&rsquo;est J\u00e9sus-Christ qui rend possible dans un monde de perversit\u00e9, l&rsquo;amiti\u00e9 simple et altruiste. Combien nous avons tous besoin de nous ressourcer en Lui, de recevoir de Lui.<\/p>\n<p align=\"JUSTIFY\">\u00a0<\/p>\n<p align=\"JUSTIFY\">Sa pr\u00e9sence dans nos vies se manifeste souvent dans les petites choses : le respect de l&rsquo;autre, la fid\u00e9lit\u00e9, l&rsquo;engagement, la douceur, l&rsquo;\u00e9coute, l&rsquo;encouragement&#8230;<\/p>\n<p align=\"JUSTIFY\">\u00a0<\/p>\n<p align=\"JUSTIFY\">\u00ab Faire de petites choses r\u00e9guli\u00e8rement, fid\u00e8lement, et joyeusement, n&rsquo;est PAS une petite chose ! \u00bb<\/p>\n<p align=\"JUSTIFY\">\u00a0<\/p>\n<p align=\"JUSTIFY\">Nous suivons la tradition (de tout c\u0153ur !) en souhaitant \u00e0 chaque Maman, lectrice de <em>\u00ab Servir en L&rsquo;attendant \u00bb<\/em>, une tr\u00e8s bonne f\u00eate, le 27 mai.<\/p>\n<p align=\"JUSTIFY\">\u00a0<\/p>\n<p align=\"CENTER\">Esther BUCKENHAM<\/p>\n<p align=\"JUSTIFY\">\u00a0<\/p>\n","protected":false},"excerpt":{"rendered":"<p>&nbsp; Editorial du n\u00b03 . Mai-Juin 1990 &nbsp; L&rsquo;excellence de l&rsquo;ordinaire \u00a0 Par Esther BUCKENHAM \u00a0 \u00a0 Cette ann\u00e9e, nous avons eu le printemps \u00e0 No\u00ebl&#8230; et l&rsquo;hiver au mois d&rsquo;avril ! Mais il n&rsquo;y a pas que la m\u00e9t\u00e9o qui semble \u00eatre \u00ab en d\u00e9rangement \u00bb : nous vivons quotidiennement des bouleversements et des [&hellip;]<\/p>\n","protected":false},"author":117,"featured_media":0,"comment_status":"closed","ping_status":"closed","sticky":false,"template":"","format":"standard","meta":{"footnotes":""},"categories":[39,71],"tags":[],"class_list":["post-4485","post","type-post","status-publish","format-standard","hentry","category-editorial","category-salut"],"_links":{"self":[{"href":"https:\/\/www.servir.caef.net\/index.php?rest_route=\/wp\/v2\/posts\/4485","targetHints":{"allow":["GET"]}}],"collection":[{"href":"https:\/\/www.servir.caef.net\/index.php?rest_route=\/wp\/v2\/posts"}],"about":[{"href":"https:\/\/www.servir.caef.net\/index.php?rest_route=\/wp\/v2\/types\/post"}],"author":[{"embeddable":true,"href":"https:\/\/www.servir.caef.net\/index.php?rest_route=\/wp\/v2\/users\/117"}],"replies":[{"embeddable":true,"href":"https:\/\/www.servir.caef.net\/index.php?rest_route=%2Fwp%2Fv2%2Fcomments&post=4485"}],"version-history":[{"count":0,"href":"https:\/\/www.servir.caef.net\/index.php?rest_route=\/wp\/v2\/posts\/4485\/revisions"}],"wp:attachment":[{"href":"https:\/\/www.servir.caef.net\/index.php?rest_route=%2Fwp%2Fv2%2Fmedia&parent=4485"}],"wp:term":[{"taxonomy":"category","embeddable":true,"href":"https:\/\/www.servir.caef.net\/index.php?rest_route=%2Fwp%2Fv2%2Fcategories&post=4485"},{"taxonomy":"post_tag","embeddable":true,"href":"https:\/\/www.servir.caef.net\/index.php?rest_route=%2Fwp%2Fv2%2Ftags&post=4485"}],"curies":[{"name":"wp","href":"https:\/\/api.w.org\/{rel}","templated":true}]}}