{"id":4489,"date":"1990-05-07T13:38:10","date_gmt":"1990-05-07T13:38:10","guid":{"rendered":"\/?p=4489"},"modified":"2015-12-16T16:46:31","modified_gmt":"2015-12-16T16:46:31","slug":"paul-aux-chretiens-de-colosses-3%c2%b0partie","status":"publish","type":"post","link":"https:\/\/www.servir.caef.net\/?p=4489","title":{"rendered":"Paul aux chr\u00e9tiens de Colosses (3\u00b0partie)"},"content":{"rendered":"<h1 style=\"text-align: center;\">\u00a0Paul aux chr\u00e9tiens de Colosses (3\u00b0partie)<\/h1>\n<p>&nbsp;<\/p>\n<h1 style=\"text-align: center;\">Rien parmi vous, sinon J\u00e9sus-Christ<\/h1>\n<h3 style=\"text-align: center;\">\u00a0<\/h3>\n<h3 style=\"text-align: center;\">\u00a0<\/h3>\n<h3 style=\"text-align: center;\"><em>\u00a0(Paul aux chr\u00e9tiens de Colosses, chap. 1, v12 \u00e0 23) <br \/><\/em><\/h3>\n<p align=\"JUSTIFY\">\u00a0<\/p>\n<p align=\"JUSTIFY\">\u00a0<\/p>\n<p align=\"JUSTIFY\"><strong>par <span style=\"color: #b22222;\"><span style=\"font-size: 16px;\">Daniel Bresch<\/span><\/span><\/strong><\/p>\n<p align=\"JUSTIFY\">\u00a0<\/p>\n<p align=\"JUSTIFY\"><strong>Avec ce texte, nous voici propuls\u00e9s au c\u0153ur m\u00eame du d\u00e9bat de l&rsquo;\u00e9p\u00eetre. Si nous faisons l&rsquo;effort de le lire avec une curiosit\u00e9 renouvel\u00e9e \u2014 exercice exigeant, mais combien gratifiant ! \u2014 nous serons peut-\u00eatre \u00e9tonn\u00e9s par la mani\u00e8re dont l&rsquo;ap\u00f4tre Paul aborde la question. <\/strong><\/p>\n<p align=\"JUSTIFY\"><!--more--><\/p>\n<p>&nbsp;<\/p>\n<p>&nbsp;<\/p>\n<h2>Doctrine et vie un tout indissociable !<\/h2>\n<p align=\"JUSTIFY\">\u00a0<\/p>\n<p align=\"JUSTIFY\"><strong><a href=\"..\/wp-content\/uploads\/1990\/pdf1990\/1990_03_01_paulauxcolossiens03.pdf\" target=\"_blank\"><img loading=\"lazy\" decoding=\"async\" src=\"..\/wp-content\/uploads\/2011\/01\/iconePDF.jpg\" alt=\"\" width=\"81\" height=\"76\" name=\"images1\" align=\"RIGHT\" border=\"1\" hspace=\"8\" vspace=\"8\" \/><\/a><\/strong><a href=\"\/wp-content\/uploads\/2007\/07\/En-silence-devant-Dieu.jpg\"><img loading=\"lazy\" decoding=\"async\" class=\" wp-image-2638 alignleft\" style=\"margin: 10px;\" src=\"\/wp-content\/uploads\/2007\/07\/En-silence-devant-Dieu.jpg\" alt=\"En silence devant Dieu\" width=\"269\" height=\"199\" srcset=\"https:\/\/www.servir.caef.net\/wp-content\/uploads\/2007\/07\/En-silence-devant-Dieu.jpg 448w, https:\/\/www.servir.caef.net\/wp-content\/uploads\/2007\/07\/En-silence-devant-Dieu-300x221.jpg 300w\" sizes=\"auto, (max-width: 269px) 100vw, 269px\" \/><\/a>Dans l&rsquo;original, il y a une seule phrase du verset 9 au verset 20, d\u00e9roul\u00e9e en vagues successives. Saisissons \u00e0 nouveau le mouvement de la pri\u00e8re de Paul. Il vient de demander \u00e0 Dieu que les chr\u00e9tiens soient <span style=\"background-color: #add8e6;\"><em>\u00ab\u00a0remplis de connaissance\u00a0\u00bb (v. 9)<\/em><\/span>, non pour rechercher des pens\u00e9es religieuses \u00e9lev\u00e9es et des sentiments pieux, mais pour vivre et mettre en pratique la foi en Christ, ce qui est le plus grand honneur pour Dieu <span style=\"background-color: #add8e6;\"><em>(v. 10a)<\/em><\/span>. En quatre grands traits, il esquisse les caract\u00e9ristiques sensibles de cette vie nouvelle en Christ <span style=\"background-color: #add8e6;\"><em>(v. 10b-12a)<\/em><\/span>.<\/p>\n<p align=\"JUSTIFY\">\u00a0<\/p>\n<p align=\"JUSTIFY\">Avec la reconnaissance qui en est aussi le couronnement, il encha\u00eene alors tout naturellement sur l&rsquo;objet et le motif de l&rsquo;action de gr\u00e2ce, c&rsquo;est-\u00e0-dire Dieu et le salut op\u00e9r\u00e9 par J\u00e9sus-Christ, ou l&rsquo;origine et l&rsquo;agent de la vie nouvelle des chr\u00e9tiens <span style=\"background-color: #99ccff;\"><em>(v. 12b-14)<\/em><\/span>. Dans le m\u00eame souffle il y rattache un expos\u00e9 magistral qui est une confession de foi en forme d&rsquo;hymne au Christ, d\u00e9tenteur et dispensateur de la vie nouvelle <span style=\"background-color: #add8e6;\"><em>(v. 15-20)<\/em><\/span>. Le paragraphe suivant prolonge cet enseignement par une interpellation des lecteurs pris \u00e0 t\u00e9moins <span style=\"background-color: #add8e6;\"><em>(v. 21-23)<\/em><\/span>.<\/p>\n<p align=\"JUSTIFY\">\u00a0<\/p>\n<p align=\"JUSTIFY\">Une lecture superficielle ou fragmentaire peut malheureusement donner l&rsquo;impression d&rsquo;un discours plein de digressions. Or, l&rsquo;encha\u00eenement des propos est beaucoup plus coh\u00e9rent qu&rsquo;il n&rsquo;y para\u00eet. Ne nous montrerait-il pas que, dans l&rsquo;esprit de l&rsquo;ap\u00f4tre, il n&rsquo;y a pas de cloisons entre la vie spirituelle et la r\u00e9flexion, entre la pri\u00e8re et l&rsquo;engagement. C&rsquo;est aussi ce qu&rsquo;il d\u00e9sire ardemment pour ses lecteurs : qu&rsquo;ils apprennent \u00e0 faire le lien entre la pi\u00e9t\u00e9 et la pratique, \u00e0 int\u00e9grer la foi \u00e0 la vie.<\/p>\n<p align=\"JUSTIFY\">\u00a0<\/p>\n<p align=\"JUSTIFY\">\u00a0<\/p>\n<h2>Remercier, un test de v\u00e9rit\u00e9<\/h2>\n<p align=\"JUSTIFY\">\u00a0<\/p>\n<p align=\"JUSTIFY\">Vu certaines confusions qui r\u00e9gnaient au milieu des chr\u00e9tiens de Colosses on pouvait s&rsquo;attendre \u00e0 une r\u00e9futation syst\u00e9matique des erreurs. L&rsquo;ap\u00f4tre s&rsquo;y prend tout autrement. C&rsquo;est sur le terrain de l&rsquo;action de gr\u00e2ce qu&rsquo;il se place.<\/p>\n<p align=\"JUSTIFY\">\u00a0<\/p>\n<p align=\"JUSTIFY\">Mais les <span style=\"background-color: #add8e6;\"><em>versets 12 \u00e0 14<\/em><\/span> ne contiennent pas qu&rsquo;un rappel des affirmations doctrinales ou des formules cultuelles, aussi belles soient-elles. Pour Paul, comme pour tout chr\u00e9tien, la reconnaissance authentique ne peut \u00eatre une effusion esth\u00e9tique, mais doit t\u00e9moigner d&rsquo;un changement radical survenu dans son existence. C&rsquo;est pourquoi on trouve ici les paroles m\u00eames de la conversion et de la vocation de Paul. C&rsquo;est dans un \u00e9v\u00e9nement dramatique personnel que J\u00e9sus s&rsquo;est fait conna\u00eetre \u00e0 Paul, que Paul a reconnu le Christ (cf. <span style=\"background-color: #add8e6;\"><em>Ac 26.17-20<\/em><\/span>).<\/p>\n<p align=\"JUSTIFY\">\u00a0<\/p>\n<p align=\"JUSTIFY\">Or, au fondement de cette exp\u00e9rience particuli\u00e8re, \u00e0 la source de la foi, il y a aussi un acte dramatique de port\u00e9e universelle, \u00e0 savoir la r\u00e9demption. C&rsquo;est l\u00e0 le combat livr\u00e9 par Dieu \u2014 d\u00e9crit avec des verbes tr\u00e8s \u00e9vocateurs \u2014 avec paiement d&rsquo;une ran\u00e7on, pour la d\u00e9livrance d&rsquo;hommes (cf. <span style=\"background-color: #add8e6;\"><em>Ex 14.30 ; 20.2 ; Es 43.3ss ; Mc 10.45 ; 1 Pi.18-19<\/em><\/span>).<\/p>\n<p align=\"JUSTIFY\">\u00a0<\/p>\n<p align=\"JUSTIFY\">En effet l&rsquo;humanit\u00e9, captive de son p\u00e9ch\u00e9, n&rsquo;a pas de \u00ab\u00a0part\u00a0\u00bb avec Dieu. Le terme \u00ab\u00a0h\u00e9ritage\u00a0\u00bb exprime une notion biblique importante qui d\u00e9crit le statut du membre de la famille des fid\u00e8les (cf.<span style=\"background-color: #add8e6;\"><em>Jos14.1-5; Ps 105.11<\/em><\/span>). Dans l&rsquo;Ancienne Alliance, cette part \u00e9tait r\u00e9serv\u00e9e aux membres du peuple \u00e9lu, les \u00ab\u00a0saints\u00a0\u00bb, ceux que Dieu s&rsquo;est r\u00e9serv\u00e9. Dans la Nouvelle Alliance, ce privil\u00e8ge est \u00e9tendu aux pa\u00efens, pr\u00e9cis\u00e9ment par la destruction de barri\u00e8res (cf. <span style=\"background-color: #add8e6;\"><em>Ep. 2.11 -22 ; 1 P 2.9-10<\/em><\/span>).<\/p>\n<p align=\"JUSTIFY\">\u00a0<\/p>\n<p align=\"JUSTIFY\">De m\u00eame, le contraste \u00ab\u00a0lumi\u00e8re-t\u00e9n\u00e8bres\u00a0\u00bb est un th\u00e8me biblique important qui illustre un antagonisme irr\u00e9ductible. La lumi\u00e8re \u00e9voque la s\u00e9curit\u00e9, le bonheur. A l&rsquo;oppos\u00e9, les t\u00e9n\u00e8bres sont le domaine de la corruption, de la terreur, de la vanit\u00e9 (cf. <span style=\"background-color: #add8e6;\"><em>Es 9.1 ; 60.2 ; Am 5.18 ; Jn1.5, 8, 12 ; Jc 1.17 ; etc<\/em><\/span>.).<\/p>\n<p align=\"JUSTIFY\">\u00a0<\/p>\n<p align=\"JUSTIFY\"><a href=\"\/wp-content\/uploads\/2013\/09\/colombe.jpg\"><img loading=\"lazy\" decoding=\"async\" class=\"wp-image-7369 alignleft\" style=\"margin: 10px;\" src=\"\/wp-content\/uploads\/2013\/09\/colombe.jpg\" alt=\"colombe\" width=\"252\" height=\"196\" srcset=\"https:\/\/www.servir.caef.net\/wp-content\/uploads\/2013\/09\/colombe.jpg 600w, https:\/\/www.servir.caef.net\/wp-content\/uploads\/2013\/09\/colombe-300x233.jpg 300w\" sizes=\"auto, (max-width: 252px) 100vw, 252px\" \/><\/a>Mais voici que Dieu, qui habite une lumi\u00e8re inaccessible <span style=\"background-color: #add8e6;\"><em>(1 Tm 6.16)<\/em><\/span>, se d\u00e9clare P\u00e8re aimant. Il accomplit, dans l&rsquo;affrontement avec les forces de la haine et du refus, le sauvetage n\u00e9cessaire et donne le pardon ! Ne doit-on pas souligner ici qu&rsquo;il para\u00eet bien insolent parmi les chr\u00e9tiens de rabaisser le pardon des p\u00e9ch\u00e9s \u00e0 quelque chose d&rsquo;\u00ab\u00a0\u00e9l\u00e9mentaire\u00a0\u00bb, comme s&rsquo;il s&rsquo;agissait d&rsquo;un simple geste qui efface une dette, ou d&rsquo;une attitude bienveillante devant une faiblesse. Le p\u00e9ch\u00e9 ici appara\u00eet bel et bien comme un pouvoir <span style=\"background-color: #add8e6;\"><em>(v. 13a)<\/em><\/span>, et le pardon devrait \u00eatre re\u00e7u et v\u00e9cu comme le \u00ab\u00a0contre-pouvoir\u00a0\u00bb \u2014 victorieux \u2014 du Fils <span style=\"background-color: #add8e6;\"><em>(v. 13b)<\/em><\/span>. Assur\u00e9ment, ceci ne peut \u00eatre le fait d&rsquo;une seule exp\u00e9rience initiale, c&rsquo;est un processus de toute la vie.<\/p>\n<p align=\"JUSTIFY\">\u00a0<\/p>\n<p align=\"JUSTIFY\">Voil\u00e0 ce que Paul tient \u00e0 rappeler aux chr\u00e9tiens de Colosses, avant de leur parler de Christ, tant il est vrai que les hommes p\u00e9cheurs que nous sommes sont incapables d&rsquo;appr\u00e9hender le Christ \u00ab\u00a0en lui-m\u00eame\u00a0\u00bb, si ce n&rsquo;est de mani\u00e8re \u00ab\u00a0existentielle\u00a0\u00bb, c&rsquo;est-\u00e0-dire dans ce qu&rsquo;il a accompli \u00ab\u00a0 pour eux et dans leur vie\u00a0\u00bb.<\/p>\n<p align=\"JUSTIFY\">\u00a0<\/p>\n<p align=\"JUSTIFY\">\u00a0<\/p>\n<h2>Un cantique pour enseigner<\/h2>\n<p align=\"JUSTIFY\">\u00a0<\/p>\n<p align=\"JUSTIFY\">Le texte qui s&rsquo;encha\u00eene sur l&rsquo;\u00e9vocation du Fils \u00ab\u00a0en qui nous avons la d\u00e9livrance\u00a0\u00bb, est le monument de l&rsquo;\u00e9p\u00eetre <span style=\"background-color: #add8e6;\"><em>(v. 15-20)<\/em><\/span>. C&rsquo;est l&rsquo;un des grands manifestes \u00ab\u00a0christologiques\u00a0\u00bb du Nouveau Testament <span style=\"background-color: #add8e6;\"><em>(Jn 1.1 -18; H\u00e9 1.1-4 ; Ph 2.6-11)<\/em><\/span>.<\/p>\n<p align=\"JUSTIFY\">\u00a0<\/p>\n<p align=\"JUSTIFY\"><a href=\"\/wp-content\/uploads\/1990\/05\/music2.gif\"><img loading=\"lazy\" decoding=\"async\" class=\"size-full wp-image-8583 alignleft\" style=\"margin: 10px;\" src=\"\/wp-content\/uploads\/1990\/05\/music2.gif\" alt=\"music2\" width=\"88\" height=\"45\" \/><\/a>A le lire et le relire, on est d&rsquo;abord sans paroles et tous les commentaires paraissent fades et incongrus. On comprend un peu pourquoi Paul, au lieu d&rsquo;adopter le style de la discussion, a pr\u00e9f\u00e9r\u00e9 exprimer ici ce qu&rsquo;il conna\u00eet du Christ dans un hymne. Voici un th\u00e9ologien qui a appris \u00e0 adorer, et c&rsquo;est en adorant qu&rsquo;il fait la meilleure th\u00e9ologie ! Pour servir son ma\u00eetre, seul convenait un chant d&rsquo;une harmonie aussi fine et d&rsquo;une profondeur insoup\u00e7onn\u00e9e.<\/p>\n<p align=\"JUSTIFY\">\u00a0<\/p>\n<p align=\"JUSTIFY\">Le propos essentiel de cette c\u00e9l\u00e9bration est clair : proclamer la pr\u00e9\u00e9minence du Christ. En toutes choses sa place est supr\u00eame, son r\u00f4le unique, sa pr\u00e9sence universelle, dans la premi\u00e8re cr\u00e9ation et dans la nouvelle, comme le mettent fortement en parall\u00e8le les deux volets de l&rsquo;hymne <span style=\"background-color: #add8e6;\"><em>(v. 15-17, 18-20)<\/em><\/span>.<\/p>\n<p align=\"JUSTIFY\">\u00a0<\/p>\n<p align=\"JUSTIFY\">Etait-il n\u00e9cessaire de rappeler ces \u00ab\u00a0\u00e9vidences\u00a0\u00bb \u00e0 des chr\u00e9tiens ? Ins\u00e9r\u00e9 dans son contexte, ce chant est incontestablement aussi un expos\u00e9 doctrinal assorti d&rsquo;\u00e9l\u00e9ments pol\u00e9miques. Paul combat indirectement certaines interpr\u00e9tations r\u00e9ductrices du Christ, porteuses de cons\u00e9quences dangereuses aux plans spirituel et moral. Pour l&rsquo;instant, la meilleure d\u00e9fense de la foi contre ces falsifications \u00e9tait, \u00e0 ses yeux, d&rsquo;entra\u00eener les chr\u00e9tiens \u00e0 contempler J\u00e9sus-Christ, ce Sauveur dont parle l&rsquo;Evangile qui leur avait \u00e9t\u00e9 annonc\u00e9 et qu&rsquo;ils avaient cru.<\/p>\n<p align=\"JUSTIFY\">\u00a0<\/p>\n<p align=\"JUSTIFY\">\u00a0<\/p>\n<h2>Pr\u00e9cisions utiles<\/h2>\n<p align=\"JUSTIFY\">\u00a0<\/p>\n<p align=\"JUSTIFY\">Ici commencent quelques-unes de nos difficult\u00e9s, car, faute de ne pas respecter le sens de certains termes utilis\u00e9s, nous risquons de mai comprendre le message. C&rsquo;est le moment de souligner un principe d&rsquo;interpr\u00e9tation biblique.<\/p>\n<p align=\"JUSTIFY\">\u00a0<\/p>\n<p align=\"JUSTIFY\">Il est incontestable que l&rsquo;ap\u00f4tre a d\u00e9lib\u00e9r\u00e9ment employ\u00e9 le langage de ses contemporains, et dans tout le Nouveau Testament on observe une constante \u00ab\u00a0actualisation\u00a0\u00bb de l&rsquo;Evangile dans des contextes socio-culturels divers. Si des mots ont \u00e9t\u00e9 emprunt\u00e9s dans leur signification courante connue et m\u00eame enrichis d&rsquo;un sens nouveau (par exemple \u00ab\u00a0gr\u00e2ce\u00a0\u00bb), cela ne signifie nullement que l&rsquo;ap\u00f4tre ait en m\u00eame temps adopt\u00e9 les id\u00e9es philosophiques ou mythologiques dont ils pouvaient \u00eatre charg\u00e9s (par ex. <span style=\"background-color: #add8e6;\"><em>\u00ab\u00a0pl\u00e9nitude\u00a0\u00bb, v. 19<\/em><\/span>).<\/p>\n<p align=\"JUSTIFY\">\u00a0<\/p>\n<p align=\"JUSTIFY\">Mais il ne faut surtout pas oublier un point essentiel pour une compr\u00e9hension correcte des textes du Nouveau Testament : c&rsquo;est l&rsquo;enracinement biblique de bon nombre de mots et de notions qui est la vraie cl\u00e9 du sens des mots et qui garantit la v\u00e9ritable coh\u00e9rence du message. Le recours \u00e0 un simple dictionnaire ne suffit donc pas, ni le simple alignement de citations parall\u00e8les. C&rsquo;est dans \u00ab\u00a0l&rsquo;analogie de la foi\u00a0\u00bb que les termes bibliques s&rsquo;\u00e9clairent les uns les autres. Un bon lexique biblique facilitera l&rsquo;\u00e9tude.<\/p>\n<p align=\"JUSTIFY\">\u00a0<\/p>\n<p align=\"JUSTIFY\">Donnons ici quelques notes sur les principaux titres et concepts. \u00ab\u00a0Image\u00a0\u00bb <span style=\"background-color: #add8e6;\"><em>(v. 15a)<\/em><\/span> n&rsquo;est pas \u00e0 prendre simplement au sens de repr\u00e9sentation ou copie, \u00e0 la mani\u00e8re d&rsquo;un portrait ou d&rsquo;une photographie, mais plut\u00f4t au sens de manifestation ou ext\u00e9riorisation en exacte ressemblance. L&rsquo;arri\u00e8re-plan de cette notion est \u00e0 chercher dans la <span style=\"background-color: #add8e6;\"><em>Gen\u00e8se (1.26-27)<\/em><\/span>. D\u00e9j\u00e0 Adam, le premier homme, est un repr\u00e9sentant et un r\u00e9pondant de Dieu sur terre. Mais le Christ, le second homme, sera la pleine expression et parfaite r\u00e9v\u00e9lation de Dieu (cf. <span style=\"background-color: #add8e6;\"><em>Jn 1.14,18 ; 14.9 ; 2 Co 4.4<\/em><\/span>). <span style=\"background-color: #add8e6;\"><em>\u00ab\u00a0Premier-n\u00e9\u00a0\u00bb (v. 15b, 18b)<\/em><\/span> est un mot qui nous d\u00e9route parce que nous raisonnons dans des cat\u00e9gories de cause \u00e0 effet. Il ne signifie pas du tout que J\u00e9sus ait un jour \u00e9t\u00e9 cr\u00e9\u00e9 ou engendr\u00e9, mais le poids est \u00e0 placer sur le terme \u00ab\u00a0premier\u00a0\u00bb. Il s&rsquo;agit en r\u00e9alit\u00e9 d&rsquo;un titre d&rsquo;honneur et d&rsquo;affection (cf. <span style=\"background-color: #add8e6;\"><em>Ex 4.22 ; Ps 89.28 et encore Pr 8.22-25 ; H\u00e9 1.5 ; Ap 3.14<\/em><\/span>). Il n&rsquo;y a personne qui lui soit sup\u00e9rieur ni ant\u00e9rieur <span style=\"background-color: #add8e6;\"><em>(v. 17a)<\/em><\/span>.<\/p>\n<p align=\"JUSTIFY\">\u00a0<\/p>\n<p align=\"JUSTIFY\">Cette place et cette fonction souveraines, sp\u00e9cifiques et compl\u00e8tes, Christ les occupe par rapport \u00e0 la cr\u00e9ation. La r\u00e9p\u00e9tition de \u00ab\u00a0tout\u00a0\u00bb souligne la dimension cosmique et universelle. \u00ab\u00a0Toute cr\u00e9ature\u00a0\u00bb met en lumi\u00e8re l&rsquo;aspect dynamique et relationnel des \u00eatres et des choses cr\u00e9\u00e9s, sans exclusives. \u00ab\u00a0En lui, par lui, pour lui\u00a0\u00bb indiquent la raison d&rsquo;\u00eatre, la cause et le but (cf. <em><span style=\"background-color: #99ccff;\">Rm 11.36<\/span><\/em> ; <span style=\"background-color: #99ccff;\"><em>1 Co 8 6<\/em><\/span>\u00a0; <em><span style=\"background-color: #99ccff;\">H\u00e9 2.10<\/span><\/em>). Il assure coh\u00e9sion et int\u00e9grit\u00e9 <span style=\"background-color: #99ccff;\"><em>(v. 17b)<\/em><\/span>. Il n&rsquo;y a donc rien \u00e0 attendre, ni \u00e0 craindre de la part de puissances ang\u00e9liques, cens\u00e9es conduire le monde (<em><span style=\"background-color: #99ccff;\">v. 16b<\/span><\/em>; cf. <span style=\"background-color: #99ccff;\"><em>Ep 1.21<\/em><\/span>). N&rsquo;y a-t-il pas lieu aussi, de nous interroger sur la responsabilit\u00e9 de nos actes en faveur ou au d\u00e9triment de la cr\u00e9ation, notre premier environnement ?<\/p>\n<p align=\"JUSTIFY\">\u00a0<\/p>\n<p align=\"JUSTIFY\">\u00a0<\/p>\n<h2>La proclamation du seul Sauveur<\/h2>\n<p align=\"JUSTIFY\">\u00a0<\/p>\n<p align=\"JUSTIFY\">La m\u00eame supr\u00e9matie et la m\u00eame perfection, Christ les poss\u00e8de par rapport \u00e0 la <strong>nouvelle cr\u00e9ation<\/strong>, appel\u00e9e son corps, l&rsquo;Eglise, dont il est la <span style=\"background-color: #add8e6;\"><em>\u00ab\u00a0t\u00eate\u00a0\u00bb (v. 18a)<\/em><\/span>. Cela veut dire qu&rsquo;il en est le chef, le Seigneur, et aussi celui qui donne la vie et l&rsquo;unit\u00e9 (cf. <span style=\"background-color: #add8e6;\"><em>Ep. 1.22; 4.15-16<\/em><\/span>). L&rsquo;irruption de cette affirmation fait penser \u00e0 ce que Paul dit de la r\u00e9v\u00e9lation du myst\u00e8re de l&rsquo;Eglise dans sa lettre aux <span style=\"background-color: #add8e6;\"><em>Eph\u00e9siens (3.5, 9, 10)<\/em><\/span>.<\/p>\n<p align=\"JUSTIFY\">\u00a0<\/p>\n<p align=\"JUSTIFY\">En effet, cette nouvelle cr\u00e9ation est une<strong> restauration<\/strong> d&rsquo;un ordre qui a \u00e9t\u00e9 profond\u00e9ment boulevers\u00e9 par l&rsquo;hostilit\u00e9 et la mort. Si Christ tient le premier rang dans l&rsquo;ancienne cr\u00e9ation, il n&rsquo;y en a pas d&rsquo;autre, sinon lui, qui soit digne de \u00ab\u00a0commencer\u00a0\u00bb la nouvelle cr\u00e9ation par sa r\u00e9surrection (<span style=\"background-color: #add8e6;\"><em>v. 18b ; cf. Rm 8.29 ; 1 Co 15.20 ; Ap 1.5<\/em><\/span>. Il n&rsquo;y en a pas d&rsquo;autre, sinon J\u00e9sus-Christ, qui soit capable d&rsquo;apporter la \u00ab\u00a0r\u00e9conciliation\u00a0\u00bb, ce grand changement des relations impossibles avec Dieu <span style=\"background-color: #add8e6;\"><em>(v. 20a)<\/em><\/span>. Il n&rsquo;y en a pas d&rsquo;autre, sinon lui, qui soit pr\u00eat \u00e0 livrer sa vie au supplice du condamn\u00e9 <span style=\"background-color: #add8e6;\"><em>(v. 20b)<\/em><\/span>.<\/p>\n<p align=\"JUSTIFY\">\u00a0<\/p>\n<p align=\"JUSTIFY\">Peut-\u00eatre comprendrons-nous mieux maintenant le mot <span style=\"background-color: #add8e6;\"><em>\u00ab\u00a0pl\u00e9nitude\u00a0\u00bb<\/em><\/span> qui a tant fait couler d&rsquo;encre <span style=\"background-color: #add8e6;\"><em>(v. 19)<\/em><\/span>. Il signifie ici \u00ab\u00a0qui est complet, total, accompli\u00a0\u00bb. Ce mot a connu une grande fortune chez les Gnostiques qui d\u00e9signaient par l\u00e0 une r\u00e9gion existant entre le Dieu cr\u00e9ateur et le monde cr\u00e9\u00e9, habit\u00e9e par la \u00ab\u00a0totalit\u00e9\u00a0\u00bb des \u00eatres ang\u00e9liques. Il n&rsquo;est gu\u00e8re concevable que Paul ait adopt\u00e9 avec le mot ce genre de signification philosophico-religieuse, d&rsquo;ailleurs fortement entach\u00e9e de superstition et d&rsquo;idol\u00e2trie. Tout simplement il affirme que Dieu est pleinement en Christ. Christ a toutes les qualit\u00e9s de la divinit\u00e9. Il n&rsquo;en fallait pas moins pour \u00eatre le R\u00e9dempteur.<\/p>\n<p align=\"JUSTIFY\">\u00a0<\/p>\n<p align=\"JUSTIFY\">Une remarque s&rsquo;impose encore concernant la r\u00e9conciliation \u00ab\u00a0de tout\u00a0\u00bb ou restauration finale (cf. <span style=\"background-color: #add8e6;\"><em>Ep 1.10<\/em><\/span> o\u00f9 le mot \u00ab\u00a0r\u00e9unir\u00a0\u00bb est employ\u00e9). Il n&rsquo;y a pas lieu de la confondre avec le \u00ab\u00a0salut de tous\u00a0\u00bb, aussi abrupt que cela puisse para\u00eetre. Les avertissements de J\u00e9sus lui-m\u00eame n&rsquo;auraient alors plus de sens (par exemple <em><span style=\"background-color: #add8e6;\">Mt 7.23<\/span><\/em>). Nous ne chercherons pas \u00e0 expliquer l&rsquo;inexplicable, mais, suivant l&rsquo;exemple de l&rsquo;ap\u00f4tre, nous chercherons \u00e0 contempler et \u00e0 chanter l&rsquo;infinie grandeur de Dieu sur le visage du Christ.<\/p>\n<p align=\"JUSTIFY\">\u00a0<\/p>\n<p align=\"JUSTIFY\">\u00a0<\/p>\n<h2>Et maintenant ?<\/h2>\n<p align=\"JUSTIFY\">\u00a0<\/p>\n<p align=\"JUSTIFY\">Toutes ces r\u00e9flexions concernant Dieu et son Fils et leur rapport \u00e0 l&rsquo;univers, aux hommes et \u00e0 l&rsquo;Eglise peuvent para\u00eetre bien abstraites et nous faire r\u00eaver. Voici que Paul nous r\u00e9veille : <span style=\"background-color: #add8e6;\"><em>\u00ab\u00a0Et vous ?\u00a0\u00bb (v. 21 -23)<\/em><\/span>. C&rsquo;est le moment de faire le point, de r\u00e9pondre et de nous mettre en marche, d\u00e8s maintenant. Il serait s\u00e9duisant de prolonger ces consid\u00e9rations g\u00e9n\u00e9rales, voire de sp\u00e9culer. Ce serait une fuite devant la question de la v\u00e9rit\u00e9 au sens biblique : ma rencontre avec le Christ, ma confrontation avec Dieu.<\/p>\n<p align=\"JUSTIFY\">\u00a0<\/p>\n<p align=\"JUSTIFY\">A ce point l&rsquo;ap\u00f4tre propose donc aux chr\u00e9tiens tent\u00e9s par des \u00ab\u00a0extras\u00a0\u00bb d&rsquo;examiner trois p\u00f4les critiques de leur vie : ce qu&rsquo;ils \u00e9taient <span style=\"background-color: #add8e6;\"><em>(v. 21)<\/em><\/span>, ce qu&rsquo;ils ont re\u00e7u <span style=\"background-color: #add8e6;\"><em>(v. 22)<\/em><\/span>, ce qu&rsquo;ils peuvent \u00eatre <span style=\"background-color: #add8e6;\"><em>(v. 23)<\/em><\/span>. Le portrait de la situation pass\u00e9e est sans m\u00e9nagement, le texte concerne moins la moralit\u00e9 que l&rsquo;orientation d&rsquo;esprit et d&rsquo;action de l&rsquo;incroyant \u00absans Dieu\u00bb. La description du pr\u00e9sent concerne en premier lieu le changement de statut du croyant devant Dieu. Mais le \u00ab\u00a0r\u00e9concili\u00e9\u00a0\u00bb b\u00e9n\u00e9ficie aussi d&rsquo;un changement de dispositions int\u00e9rieures : il n&rsquo;y a pas de justification v\u00e9ritable sans qu&rsquo;elle entra\u00eene aussi la sanctification. Ce qui requiert pourtant de se laisser fonder et de pers\u00e9v\u00e9rer dans la foi ! Paul n&rsquo;enseigne pas un salut qu&rsquo;on peut gagner ou perdre. Il avertit contre tous les \u00e9go\u00efsmes et fausses illusions qui pourraient nous ravir l&rsquo;esp\u00e9rance de l&rsquo;Evangile. Il plaide pour une joyeuse et solide assurance du chr\u00e9tien dans le libre partage de cet Evangile avec toute cr\u00e9ature.<\/p>\n<p align=\"JUSTIFY\">\u00a0<\/p>\n<p style=\"text-align: center;\">D.B.<\/p>\n<p align=\"JUSTIFY\">\u00a0<\/p>\n<p align=\"JUSTIFY\">\u00a0<\/p>\n<h2>Pistes de r\u00e9flexion<\/h2>\n<p align=\"JUSTIFY\">\u00a0<\/p>\n<p align=\"JUSTIFY\">1. <strong>Regarder<\/strong> (observation). Lire le texte sans faire r\u00e9f\u00e9rence \u00e0 des explications, \u00ab\u00a0avec une curiosit\u00e9 renouvel\u00e9e\u00a0\u00bb. Le r\u00e9\u00e9crire.<\/p>\n<p align=\"JUSTIFY\">\u00a0<\/p>\n<p align=\"JUSTIFY\">\u00a0<\/p>\n<p align=\"JUSTIFY\">2. <strong>Comprendre<\/strong> (interpr\u00e9tation).<\/p>\n<p align=\"JUSTIFY\">\u00a0<\/p>\n<p align=\"JUSTIFY\">\u00a0<\/p>\n<p style=\"margin-left: 40px;\" align=\"JUSTIFY\"><span style=\"background-color: #add8e6;\"><em><strong>v. 15-20<\/strong><\/em><\/span> : Quelles affirmations christologiques sont soulign\u00e9es ? Pourquoi est-il n\u00e9cessaire d&rsquo;avoir une bonne compr\u00e9hension du Christ ? Quelles cons\u00e9quences entra\u00eene une conception r\u00e9duite, voire fauss\u00e9e, de sa personne et de son \u0153uvre ?<\/p>\n<p align=\"JUSTIFY\">\u00a0<\/p>\n<p style=\"margin-left: 40px;\" align=\"JUSTIFY\"><em><span style=\"background-color: #add8e6;\"><strong>v. 12-14<\/strong><\/span><\/em> : Que dit l&rsquo;ap\u00f4tre d&rsquo;essentiel sur la r\u00e9demption ? Comment apparaissent respectivement Dieu et J\u00e9sus-Christ dans cette \u0153uvre (voir aussi les<span style=\"background-color: #add8e6;\"><em> v. 20 et 22<\/em><\/span>) ?<\/p>\n<p align=\"JUSTIFY\">\u00a0<\/p>\n<p style=\"margin-left: 40px;\" align=\"JUSTIFY\"><em><span style=\"background-color: #add8e6;\"><strong>v. 21-23<\/strong><\/span><\/em> : Quel est le fondement de l&rsquo;assurance du chr\u00e9tien ?<\/p>\n<p align=\"JUSTIFY\">\u00a0<\/p>\n<p align=\"JUSTIFY\">\u00a0<\/p>\n<p align=\"JUSTIFY\">3. <strong>Ecouter <\/strong>(application). Soyons pratiques !<\/p>\n<p align=\"JUSTIFY\">\u00a0<\/p>\n<p style=\"margin-left: 40px;\" align=\"JUSTIFY\"><span style=\"background-color: #add8e6;\"><em><strong>v. 15-20<\/strong><\/em><\/span> : Sur quels points pr\u00e9cis, de doctrine et de vie, ce texte m&rsquo;interpelle-t-il aujourd&rsquo;hui ?<\/p>\n<p align=\"JUSTIFY\">\u00a0<\/p>\n<p style=\"margin-left: 40px;\" align=\"JUSTIFY\"><span style=\"background-color: #add8e6;\"><em><strong>v. 12-14, 21-23<\/strong><\/em><\/span> : O\u00f9 est-ce que je me situe ? Qu&rsquo;est-ce qui remplit ma louange ? Suis-je attentif aux signes de d\u00e9rive qui met en danger ma foi ?<\/p>\n<p align=\"JUSTIFY\">\u00a0<\/p>\n<p align=\"JUSTIFY\">Le gnosticisme est une doctrine philosophique religieuse qui fondait le salut sur une connaissance sup\u00e9rieure des myst\u00e8res divins r\u00e9serv\u00e9e au initi\u00e9s, et sur un m\u00e9pris de la mati\u00e8re et du corps soumis au mal. Cette pens\u00e9e h\u00e9r\u00e9tique s&rsquo;est surtout d\u00e9velopp\u00e9e au 2e si\u00e8cle, mais Paul en discernait d\u00e9j\u00e0 les premiers signes.<\/p>\n<p align=\"JUSTIFY\">\u00a0<\/p>\n","protected":false},"excerpt":{"rendered":"<p>\u00a0Paul aux chr\u00e9tiens de Colosses (3\u00b0partie) &nbsp; Rien parmi vous, sinon J\u00e9sus-Christ \u00a0 \u00a0 \u00a0(Paul aux chr\u00e9tiens de Colosses, chap. 1, v12 \u00e0 23) \u00a0 \u00a0 par Daniel Bresch \u00a0 Avec ce texte, nous voici propuls\u00e9s au c\u0153ur m\u00eame du d\u00e9bat de l&rsquo;\u00e9p\u00eetre. Si nous faisons l&rsquo;effort de le lire avec une curiosit\u00e9 renouvel\u00e9e \u2014 [&hellip;]<\/p>\n","protected":false},"author":55,"featured_media":0,"comment_status":"closed","ping_status":"closed","sticky":false,"template":"","format":"standard","meta":{"footnotes":""},"categories":[79,59,28,37,32,13,11],"tags":[],"class_list":["post-4489","post","type-post","status-publish","format-standard","hentry","category-amour","category-etudes-bibliques","category-jesus-christ","category-la-louange","category-le-nouveau-testament","category-la-vie-de-leglise","category-la-vie-du-chretien"],"_links":{"self":[{"href":"https:\/\/www.servir.caef.net\/index.php?rest_route=\/wp\/v2\/posts\/4489","targetHints":{"allow":["GET"]}}],"collection":[{"href":"https:\/\/www.servir.caef.net\/index.php?rest_route=\/wp\/v2\/posts"}],"about":[{"href":"https:\/\/www.servir.caef.net\/index.php?rest_route=\/wp\/v2\/types\/post"}],"author":[{"embeddable":true,"href":"https:\/\/www.servir.caef.net\/index.php?rest_route=\/wp\/v2\/users\/55"}],"replies":[{"embeddable":true,"href":"https:\/\/www.servir.caef.net\/index.php?rest_route=%2Fwp%2Fv2%2Fcomments&post=4489"}],"version-history":[{"count":0,"href":"https:\/\/www.servir.caef.net\/index.php?rest_route=\/wp\/v2\/posts\/4489\/revisions"}],"wp:attachment":[{"href":"https:\/\/www.servir.caef.net\/index.php?rest_route=%2Fwp%2Fv2%2Fmedia&parent=4489"}],"wp:term":[{"taxonomy":"category","embeddable":true,"href":"https:\/\/www.servir.caef.net\/index.php?rest_route=%2Fwp%2Fv2%2Fcategories&post=4489"},{"taxonomy":"post_tag","embeddable":true,"href":"https:\/\/www.servir.caef.net\/index.php?rest_route=%2Fwp%2Fv2%2Ftags&post=4489"}],"curies":[{"name":"wp","href":"https:\/\/api.w.org\/{rel}","templated":true}]}}