{"id":4538,"date":"1990-07-12T20:59:10","date_gmt":"1990-07-12T20:59:10","guid":{"rendered":"\/?p=4538"},"modified":"2015-12-16T18:00:09","modified_gmt":"2015-12-16T18:00:09","slug":"paul-aux-colossiens-4%c2%b0-partie","status":"publish","type":"post","link":"https:\/\/www.servir.caef.net\/?p=4538","title":{"rendered":"Paul aux chr\u00e9tiens de Colosses (4\u00b0 partie)"},"content":{"rendered":"<h1 style=\"text-align: center;\">Paul aux Colossiens (4\u00b0 partie)<\/h1>\n<p>&nbsp;<\/p>\n<h3 style=\"text-align: center;\">\u00a0chap. 1, v. 24-29 et 2, v. 1-5<\/h3>\n<p>&nbsp;<\/p>\n<h3 style=\"text-align: center;\"><em>Christ, le message de Dieu \u00ab\u00a0incarn\u00e9\u00a0\u00bb dans les hommes<\/em><\/h3>\n<p style=\"text-align: center;\" align=\"JUSTIFY\">\u00a0<a href=\"\/wp-content\/uploads\/2012\/11\/commentaire-Bible.jpg\"><img loading=\"lazy\" decoding=\"async\" class=\" wp-image-7966 aligncenter\" src=\"\/wp-content\/uploads\/2012\/11\/commentaire-Bible.jpg\" alt=\"commentaire Bible\" width=\"132\" height=\"191\" \/><\/a><\/p>\n<p align=\"JUSTIFY\">\u00a0<\/p>\n<p>&nbsp;<\/p>\n<p align=\"JUSTIFY\"><strong>\u00a0par <span style=\"color: #b22222;\"><span style=\"font-size: 16px;\">Daniel Bresch<\/span><\/span><\/strong><\/p>\n<p align=\"JUSTIFY\">\u00a0<\/p>\n<h1 style=\"text-align: center;\">\u00a0<\/h1>\n<p align=\"JUSTIFY\"><strong>En lisant d&rsquo;un seul trait le premier chapitre de cette lettre, on ne peut qu&rsquo;\u00eatre frapp\u00e9 par la rupture que produit le verset 24 apr\u00e8s l&rsquo;admirable cantique au Christ, d\u00e9voilant sa personne absolument unique et son oeuvre inimaginable. L&rsquo;attention est brusquement d\u00e9tourn\u00e9e vers l&rsquo;ap\u00f4tre Paul et ses pr\u00e9occupations. Pourquoi cette digression, autant dans le cours de la pens\u00e9e que dans le ton ? N&rsquo;est-ce pas audacieux de la part de Paul d&rsquo;impliquer si fortement sa personne et son minist\u00e8re dans un d\u00e9bat qui ne semble pas a priori le mettre en cause ? Certains arguments peuvent nous para\u00eetre excessifs et nous d\u00e9router. Or ce texte nous offre l&rsquo;un des plus beaux exemples de pastorale chr\u00e9tienne.<\/strong><\/p>\n<p align=\"JUSTIFY\"><strong><br \/> <\/strong><\/p>\n<p align=\"JUSTIFY\"><!--more--><br \/> \u00a0<\/p>\n<h2>Discerner le v\u00e9ritable enjeu<\/h2>\n<p align=\"JUSTIFY\">\u00a0<\/p>\n<p align=\"JUSTIFY\"><strong><a href=\"..\/wp-content\/uploads\/1990\/pdf1990\/1990_04_09_paulauxcolossiens04.pdf\" target=\"_blank\"><img loading=\"lazy\" decoding=\"async\" src=\"..\/wp-content\/uploads\/2011\/01\/iconePDF.jpg\" alt=\"\" width=\"81\" height=\"76\" name=\"images1\" align=\"RIGHT\" border=\"1\" hspace=\"8\" vspace=\"8\" \/><\/a><\/strong>On consid\u00e8re parfois ce passage comme une sorte de parenth\u00e8se o\u00f9 Paul fait son apologie personnelle. En effet, il vient d&rsquo;entamer le probl\u00e8me du risque de d\u00e9stabilisation de la foi des <span style=\"background-color: #add8e6;\"><em>Colossiens (1.23)<\/em><\/span>, et voil\u00e0 que l&rsquo;allusion \u00e0 sa mission de pr\u00e9dicateur de l&rsquo;Evangile l&rsquo;entra\u00eene \u00e0 parler de lui. L&rsquo;exhortation proprement dite se poursuivrait alors en <span style=\"background-color: #add8e6;\"><em>2.6<\/em><\/span>.<\/p>\n<p align=\"JUSTIFY\">\u00a0<\/p>\n<p align=\"JUSTIFY\">Cette vocation, qu&rsquo;il n&rsquo;est tout de m\u00eame pas seul \u00e0 avoir re\u00e7ue (noter le <span style=\"background-color: #add8e6;\"><em>\u00ab\u00a0nous\u00a0\u00bb en 1.2<\/em><\/span>8), l&rsquo;a toujours rempli d&rsquo;\u00e9tonnement et d&rsquo;\u00e9merveillement (voir <em><span style=\"background-color: #add8e6;\">1Co 15.9-10; 1 Tm 1.12-14<\/span><\/em>). Son appel est cependant sp\u00e9cial : annoncer l&rsquo;Evangile, certes, aux gens de l&rsquo;Ancienne Alliance, bien s\u00fbr, et aussi aux gens des Nations, mais en cela fonder l&rsquo;Eglise, cette \u00ab\u00a0humanit\u00e9 nouvelle\u00a0\u00bb en Christ (voir <span style=\"background-color: #add8e6;\"><em>Ep 2.15-17; 3.6-9<\/em><\/span>). Aussi les difficult\u00e9s surgies \u00e0 Colosses et dans les environs pr\u00e9sentent-elles \u00e0 ses yeux un enjeu beaucoup trop important pour qu&rsquo;il ne discerne pas dans les critiques qui ont d\u00fb toucher de plein fouet les responsables de cette Eglise, une atteinte grave \u00e0 son minist\u00e8re particulier.<\/p>\n<p align=\"JUSTIFY\">\u00a0<\/p>\n<p align=\"JUSTIFY\">En d&rsquo;autres occasions d\u00e9j\u00e0 l&rsquo;ap\u00f4tre Paul a d\u00fb affronter bien des critiques (voir <span style=\"background-color: #add8e6;\"><em>1 Co 9 ; 2 Co 10 ; Ph 3<\/em><\/span>). Cette fois encore et plus que jamais il va se d\u00e9fendre : il expliquera la t\u00e2che confi\u00e9e par Dieu et d\u00e9crira les conditions p\u00e9nibles dans lesquelles il cherche \u00e0 l&rsquo;accomplir (<span style=\"background-color: #add8e6;\"><em>1.24-29<\/em><\/span>). N&rsquo;est-il pas venu \u00e0 Rome en d\u00e9tenu pour la cause du Christ, attendant l&rsquo;issue d&rsquo;un proc\u00e8s difficile ? Et malgr\u00e9 tout cela, il n&rsquo;a pas oubli\u00e9 les chr\u00e9tiens de la vall\u00e9e du Lycus qu&rsquo;il regrette de ne pas conna\u00eetre mieux, et les assure de son intercession <span style=\"background-color: #add8e6;\"><em>(2.1-5)<\/em><\/span>.<\/p>\n<p align=\"JUSTIFY\">\u00a0<\/p>\n<p align=\"JUSTIFY\">Mais Paul parle-t-il seulement de lui-m\u00eame et de ses soucis ? La tension dans laquelle il vit aurait-elle brusquement provoqu\u00e9 une d\u00e9concentration dans sa pens\u00e9e et son discours, jusque-l\u00e0 riv\u00e9s \u00e0 la seule chose importante : le contenu de l&rsquo;Evangile ? En fait, \u00e0 aucun moment il ne perd de vue l&rsquo;objet du d\u00e9bat. La remarque n&rsquo;est pas accessoire ! Ce serait se m\u00e9prendre au sujet des intentions de l&rsquo;ap\u00f4tre que de voir dans ce nouveau d\u00e9veloppement une digression. Ce n&rsquo;est pas l&rsquo;homme \u00e2g\u00e9 inquiet et soup\u00e7onneux qui s&rsquo;exprime l\u00e0. Il ne s&rsquo;agit pas non plus d&rsquo;une tentative d&rsquo;attendrissement de ses destinataires pour les pr\u00e9parer \u00e0 encaisser plus facilement des reproches.<\/p>\n<p align=\"JUSTIFY\">\u00a0<\/p>\n<p align=\"JUSTIFY\">R\u00e9p\u00e9tons-le, l&rsquo;enjeu est bien plus s\u00e9rieux : la foi d&rsquo;une jeune \u00e9glise a \u00e9t\u00e9 \u00e9branl\u00e9e, l&rsquo;Evangile proclam\u00e9 a \u00e9t\u00e9 mis en doute, les serviteurs de la Parole de Dieu ont \u00e9t\u00e9 discr\u00e9dit\u00e9s. Alors Paul ne plaide pas tant pour lui que pour Christ, le porteur, le coeur, le but de l&rsquo;Evangile. C&rsquo;est ainsi qu&rsquo;il con\u00e7oit le combat contre les erreurs : d&rsquo;abord aller \u00e0 l&rsquo;essentiel, Christ, premier et dernier mot de Dieu, orienter correctement et attirer les \u00e9conduits vers les larges avenues de ce message, seule esp\u00e9rance de salut pour les hommes <span style=\"background-color: #add8e6;\"><em>(1.5, 23 et 12-22)<\/em><\/span>. Ensuite seulement il tentera de d\u00e9noncer les dangers introduits par les \u00ab\u00a0nouveaux pr\u00e9dicateurs\u00a0\u00bb, de les mettre en \u00e9chec sur leurs propres sentiers tortueux (voir la prochaine \u00e9tude sur <span style=\"background-color: #add8e6;\"><em>2.6 \u00e0 3.4<\/em><\/span>).<\/p>\n<p align=\"JUSTIFY\">\u00a0<\/p>\n<p align=\"JUSTIFY\">Or jusque-l\u00e0 <span style=\"background-color: #add8e6;\"><em>(1.12-23)<\/em><\/span> Paul s&rsquo;\u00e9tait plac\u00e9 dans la perspective de la r\u00e9alisation <strong>divine<\/strong> de la r\u00e9v\u00e9lation du Christ, o\u00f9 l&rsquo;homme, quoique directement concern\u00e9, n&rsquo;a pas l&rsquo;initiative. Dans le passage que nous \u00e9tudions <span style=\"background-color: #add8e6;\"><em>(1.24 \u00e0 2.5)<\/em><\/span> Paul se place dans la perspective de la r\u00e9alisation <strong>humaine<\/strong> de cette m\u00eame r\u00e9v\u00e9lation qui engage toute sa responsabilit\u00e9, mais qui est aussi toute centr\u00e9e sur Christ. Jusque-l\u00e0 c&rsquo;est du <strong>message<\/strong> de l&rsquo;Evangile qu&rsquo;il \u00e9tait question, ici c&rsquo;est de son \u00ab\u00a0incarnation\u00a0\u00bb dans les <strong>messagers<\/strong>.<\/p>\n<p align=\"JUSTIFY\">\u00a0<\/p>\n<p align=\"JUSTIFY\">\u00a0<\/p>\n<h2>La t\u00e2che et le prix <span style=\"background-color: #add8e6;\"><em>(1.24-25, 29 ; 2.1)<\/em><\/span><\/h2>\n<p align=\"JUSTIFY\">\u00a0<\/p>\n<p align=\"JUSTIFY\">II faut reconna\u00eetre que le <span style=\"background-color: #add8e6;\"><em>verset 24<\/em><\/span> est difficile \u00e0 comprendre. Mais si nous avons bien saisi la vis\u00e9e g\u00e9n\u00e9rale de l&rsquo;ap\u00f4tre Paul, nous \u00e9chapperons aux interpr\u00e9tations sp\u00e9culatives dont certains mots ont \u00e9t\u00e9 charg\u00e9s, en flagrante contradiction avec le contexte et avec l&rsquo;ensemble des Ecritures. Nous serons aussi moins \u00e9tonn\u00e9s par les expressions hardies de Paul, si nous tenons compte de la situation dans laquelle il devait se d\u00e9battre.<\/p>\n<p align=\"JUSTIFY\">\u00a0<\/p>\n<p align=\"JUSTIFY\">En effet, lorsque Paul \u00e9crit cela, il se trouve concr\u00e8tement mis \u00e0 mal dans tout son \u00eatre, et s&rsquo;il s&rsquo;exprime ainsi c&rsquo;est parce qu&rsquo;il se d\u00e9pense et se fatigue sans mesure. Il souffre, non seulement \u00e0 cause de sa foi et de son t\u00e9moignage, mais surtout pour l&rsquo;Eglise dans son lent processus de d\u00e9veloppement. Il sait que, tant qu&rsquo;il sera au service de l&rsquo;Evangile et de l&rsquo;Eglise et parce que c&rsquo;est sa mission, il aura \u00e0 endurer des tensions et des tribulations. Pas de doute, l&rsquo;oeuvre r\u00e9demptrice de J\u00e9sus-Christ est parfaite, il n&rsquo;y a rien \u00e0 ajouter \u00e0 ces souffrances-l\u00e0 qui nous ont acquis un salut parfait (voir <span style=\"background-color: #add8e6;\"><em>1.12-14, 20-22<\/em><\/span>).<\/p>\n<p align=\"JUSTIFY\">\u00a0<\/p>\n<p align=\"JUSTIFY\">Mais Paul sait aussi que l&rsquo;\u00e9dification de l&rsquo;Eglise implique des d\u00e9tresses et des douleurs d&rsquo;enfantement qui \u00abmanquent\u00bb encore et qui doivent \u00eatre \u00ab\u00a0compl\u00e9t\u00e9es\u00a0\u00bb, et ceci jusqu&rsquo;\u00e0 la fin, jusqu&rsquo;\u00e0 la Parousie. L&rsquo;accomplissement du message, la construction du corps du Christ, au milieu des hommes ne sont pas conditionn\u00e9s par les <strong>souffrances<\/strong>, mais passent par elles.<\/p>\n<p align=\"JUSTIFY\">\u00a0<\/p>\n<p align=\"JUSTIFY\">Paul avait un minist\u00e8re sp\u00e9cial et unique, certes. Au cours de l&rsquo;histoire Dieu a suscit\u00e9 de fa\u00e7on particuli\u00e8re bien des personnalit\u00e9s et des caract\u00e8res qui ont contribu\u00e9 \u00e0 fa\u00e7onner l&rsquo;Eglise. En r\u00e9alit\u00e9 il n&rsquo;y a aucun membre du Corps du Christ, quelle que soit sa condition sociale ou professionnelle, qui n&rsquo;ait pas un don \u00e0 mettre au service du Seigneur. A chacun est confi\u00e9e la possibilit\u00e9 de contribuer par sa vie \u00e0 l&rsquo;\u00e9dification de l&rsquo;Eglise de J\u00e9sus. Comment g\u00e9rons-nous cette charge (cf. <span style=\"background-color: #add8e6;\"><em>1.25<\/em><\/span>) ?<\/p>\n<p align=\"JUSTIFY\">\u00a0<\/p>\n<p align=\"JUSTIFY\">Et \u00e0 l&rsquo;instar de Paul, \u00e0 supposer que nous ayons saisi l&rsquo;importance et la port\u00e9e du message de l&rsquo;Evangile tel qu&rsquo;il l&rsquo;a expos\u00e9, nous sommes-nous aussi pos\u00e9 la question si nous acceptons que les souffrances entrent dans le <strong>programme<\/strong> de notre vie de chr\u00e9tien ? Il ne s&rsquo;agit pas des maux et des \u00e9preuves qui sont le lot de tout \u00eatre humain, mais des peines et des d\u00e9tresses pour la cause de J\u00e9sus, pour l&rsquo;annonce de la Parole de Dieu, pour la construction de son Eglise. Personne ne se r\u00e9jouit de souffrir, mais la joie du chr\u00e9tien vient dans les souffrances parce qu&rsquo;il reconna\u00eet que Dieu veut que, sous tous ses aspects et dans tous les domaines, sa vie ait un <strong>sens<\/strong> et une valeur pour lui. Il reconna\u00eet aussi que sa Parole ne s&rsquo;\u00e9tendra pas et ne s&rsquo;accomplira pas sans luttes, ni douleurs.<\/p>\n<p align=\"JUSTIFY\">\u00a0<\/p>\n<p align=\"JUSTIFY\">Cela n&rsquo;a rien \u00e0 voir avec une attitude qui attribuerait \u00e0 la souffrance une vertu particuli\u00e8re, c&rsquo;est le r\u00e9alisme de la foi. La t\u00e2che est grande, conform\u00e9ment \u00e0 la grandeur du message \u00e0 annoncer. Par cons\u00e9quent aucun combat n&rsquo;est trop rude. Peut-\u00eatre notre recherche du confort, souvent mat\u00e9riel, mais surtout moral et mental, nous prive d&rsquo;une vie qui a un sens et un rayonnement. Nous pr\u00e9f\u00e9rons la m\u00e9diocrit\u00e9 du \u00ab\u00a0petit bourgeois des lieux c\u00e9lestes\u00a0\u00bb, s\u00fbr de ses droits et de ses acquis, content de sa moralit\u00e9 et de sa pi\u00e9t\u00e9. Mais ceux qui ne reculent pas devant la \u00ab\u00a0d\u00e9tresse du Christ\u00a0\u00bb pour son Eglise, d\u00e9couvrent non seulement le vrai sens de leur vie mais encore la force et l&rsquo;\u00e9nergie de Dieu sans lesquelles ils seraient consum\u00e9s (cf. <span style=\"background-color: #add8e6;\"><em>1.29<\/em><\/span>).<\/p>\n<p align=\"JUSTIFY\">\u00a0<\/p>\n<p align=\"JUSTIFY\">\u00a0<\/p>\n<h2>La source et le but <span style=\"background-color: #add8e6;\"><em>(1.25-29 ; 2.3)<\/em><\/span><\/h2>\n<p align=\"JUSTIFY\">\u00a0<\/p>\n<p align=\"JUSTIFY\"><a href=\"\/wp-content\/uploads\/2008\/05\/eau.jpg\"><img loading=\"lazy\" decoding=\"async\" class=\"alignleft\" style=\"margin: 10px;\" src=\"\/wp-content\/uploads\/2008\/05\/eau.jpg\" alt=\"eau\" width=\"211\" height=\"316\" \/><\/a>Annoncer la Parole de l&rsquo;Evangile, \u00e9difier l&rsquo;Eglise, telle est donc la t\u00e2che confi\u00e9e de mani\u00e8re sp\u00e9cifique \u00e0 Paul dans une phase unique de l&rsquo;histoire, mais aussi \u00e0 tout chr\u00e9tien, chacun en son rang et dans son contexte. Qu&rsquo;y a-t-il d&rsquo;original \u00e0 affirmer cela ? Mais ne devrions-nous pas aussi nous pencher sur la nature et le contenu de cet <strong>Evangile<\/strong> ?<\/p>\n<p align=\"JUSTIFY\">\u00a0<\/p>\n<p align=\"JUSTIFY\">Ce terme \u00e9voque dans notre esprit des notions souvent qualifi\u00e9es de v\u00e9rit\u00e9s de base : l&rsquo;annonce du pardon des p\u00e9ch\u00e9s, de la mis\u00e9ricorde de Dieu, du sacrifice de J\u00e9sus en notre faveur, de la promesse de bonheur, ainsi que les sentiments que nous \u00e9prouvons lors de leur d\u00e9couverte : frayeur et tristesse du repentir, d\u00e9sir de paix, joie et reconnaissance d&rsquo;une conscience graci\u00e9e et d\u00e9charg\u00e9e. Cela est trop pr\u00e9cieux \u00e0 nos yeux et dans notre vie pour en diminuer l&rsquo;importance pour notre foi et dans nos Eglises. Or Paul a d\u00fb faire face \u00e0 un enseignement, sinon \u00e0 un \u00e9tat d&rsquo;esprit en apparence plus \u00e9lev\u00e9s. Il lui \u00e9tait reproch\u00e9 de s&rsquo;en tenir \u00e0 des v\u00e9rit\u00e9s bonnes sans doute, mais relevant de l&rsquo;enfance de la foi, au lieu de viser les cimes de la pl\u00e9nitude et des secrets divins.<\/p>\n<p align=\"JUSTIFY\">\u00a0<\/p>\n<p align=\"JUSTIFY\">Mais, pour le serviteur Paul, qu&rsquo;est-ce qu&rsquo;annoncer la Parole ? Chaque mot a ici son importance et Paul aiguise l&rsquo;attention de ses lecteurs en d\u00e9clarant que sa charge, ce qu&rsquo;il doit g\u00e9rer pour Dieu, c&rsquo;est pr\u00e9cis\u00e9ment l&rsquo;annoncer dans sa pl\u00e9nitude, litt\u00e9ralement le remplir, l&rsquo;accomplir. De quelle <strong>nature<\/strong> est ce message ? C&rsquo;est un <strong>myst\u00e8re<\/strong>, c&rsquo;est-\u00e0-dire ce qui n&rsquo;est jamais venu aux sens et \u00e0 la pens\u00e9e des hommes (cf. <span style=\"background-color: #add8e6;\"><em>1 Co 2.7-9<\/em><\/span>). L\u00e0 encore l&rsquo;ap\u00f4tre augmente la curiosit\u00e9 de ses destinataires. Peut-\u00eatre lisons-nous ses lignes trop vite pour en saisir l&rsquo;impact et l&rsquo;inou\u00ef.<\/p>\n<p align=\"JUSTIFY\">\u00a0<\/p>\n<p align=\"JUSTIFY\">En effet, ce myst\u00e8re, bien que cach\u00e9 \u00e0 tout homme, n&rsquo;est pas ce qu&rsquo;imaginent certains : un privil\u00e8ge r\u00e9serv\u00e9 \u00e0 une \u00e9lite spirituelle, emball\u00e9 dans un langage merveilleux et impressionnant, accessible<\/p>\n<p align=\"JUSTIFY\">\u00a0<\/p>\n<p align=\"JUSTIFY\">sous certaines conditions par des initi\u00e9s \u00e0 force de pri\u00e8res ou de manipulations de la conscience et de l&rsquo;affectivit\u00e9. Au contraire, c&rsquo;est le dessein qui appartient \u00e0 Dieu seul et qu&rsquo;il d\u00e9ploie maintenant librement au grand jour, aux yeux de tous ceux qu&rsquo;il appelle. Il est si riche et si grand que ce n&rsquo;est plus le secret d&rsquo;un seul peuple, mais que les gens du monde entier peuvent en prendre connaissance. C&rsquo;est l\u00e0 sa gloire (cf. <span style=\"background-color: #add8e6;\"><em>1.26-27a<\/em><\/span>) !<\/p>\n<p align=\"JUSTIFY\">\u00a0<\/p>\n<p align=\"JUSTIFY\">Nous soupirons d&rsquo;une mani\u00e8re ou d&rsquo;une autre apr\u00e8s un d\u00e9passement de nos horizons et de nos faiblesses, nous cherchons plus ou moins confus\u00e9ment la cl\u00e9 d&rsquo;une libert\u00e9 et d&rsquo;un sens nouveaux pour notre vie. Alors, quel est le <strong>contenu<\/strong> de ce message, de ce myst\u00e8re ? La r\u00e9ponse de Paul vient au comble de la tension cr\u00e9\u00e9e et devrait nous \u00e9tonner, \u00e0 la fois par sa clart\u00e9, <strong>\u00abChrist\u00bb<\/strong>, et son myst\u00e8re, <span style=\"background-color: #add8e6;\"><em>\u00ab\u00a0Christ parmi vous\u00a0\u00bb<\/em><\/span> ou <span style=\"background-color: #add8e6;\"><em>\u00ab\u00a0en vous\u00a0\u00bb<\/em><\/span>.<\/p>\n<p align=\"JUSTIFY\">\u00a0<\/p>\n<p align=\"JUSTIFY\">\u00ab\u00a0Christ\u00a0\u00bb, cela nous renvoie au magnifique hymne avec son introduction et sa conclusion <span style=\"background-color: #add8e6;\"><em>(1.12-14, 15-20, 20-22)<\/em><\/span>. Ce que d&rsquo;aucuns consid\u00e8rent comme le B.A. BA de la foi est en r\u00e9alit\u00e9 sa pl\u00e9nitude : son nom est au-dessus de tout nom, au ciel, sur terre, sous terre (cf. <span style=\"background-color: #add8e6;\"><em>Ph 2.9-11<\/em><\/span> ). Dieu n&rsquo;a rien d&rsquo;autre en r\u00e9serve pour les siens sinon ce tr\u00e9sor inestimable que la vie d&rsquo;un homme et que toute l&rsquo;histoire de l&rsquo;Eglise ne sauraient \u00e9puiser <span style=\"background-color: #add8e6;\"><em>(2.3)<\/em><\/span>. C&rsquo;est pourquoi il est l<strong>&lsquo;esp\u00e9rance<\/strong> de la gloire : en lui se trouve tout ce qui est n\u00e9cessaire au salut (cf. <span style=\"background-color: #add8e6;\"><em>Ac 4.12<\/em><\/span>). Il est le <strong>fondement<\/strong> parfait de notre foi.<\/p>\n<p align=\"JUSTIFY\">\u00a0<\/p>\n<p align=\"JUSTIFY\"><span style=\"background-color: #add8e6;\"><em><a href=\"\/wp-content\/uploads\/2008\/12\/4-mains.jpg\"><img loading=\"lazy\" decoding=\"async\" class=\" wp-image-8432 alignleft\" style=\"margin: 10px;\" src=\"\/wp-content\/uploads\/2008\/12\/4-mains.jpg\" alt=\"4-mains\" width=\"355\" height=\"234\" srcset=\"https:\/\/www.servir.caef.net\/wp-content\/uploads\/2008\/12\/4-mains.jpg 592w, https:\/\/www.servir.caef.net\/wp-content\/uploads\/2008\/12\/4-mains-300x197.jpg 300w\" sizes=\"auto, (max-width: 355px) 100vw, 355px\" \/><\/a>\u00ab\u00a0Christ au milieu de nous\u00a0\u00bb<\/em><\/span>, c&rsquo;est la r\u00e9v\u00e9lation d\u00e9finitive du projet de Dieu : habiter parmi les hommes. C&rsquo;est la r\u00e9alisation de <strong>\u00ab\u00a0l&rsquo;homme nouveau\u00a0\u00bb<\/strong>, l&rsquo;Eglise, que l&rsquo;ap\u00f4tre Paul ne perd jamais de vue. C&rsquo;est le t\u00e9moignage de la r\u00e9union des \u00e9l\u00e9ments les plus disparates, les plus \u00e9trangers, les plus hostiles en une construction de paix et de mis\u00e9ricorde, en un peuple aimant et servant (cf <span style=\"background-color: #add8e6;\"><em>Ep 2.12-22 et1 P 2.4-10<\/em><\/span>).<\/p>\n<p align=\"JUSTIFY\">\u00a0<\/p>\n<p align=\"JUSTIFY\">Pour caract\u00e9riser le chr\u00e9tien et son lien intime avec le Seigneur il emploie habituellement l&rsquo;expression <strong><span style=\"background-color: #add8e6;\"><em>\u00ab\u00a0en Christ\u00a0\u00bb<\/em><\/span><\/strong> ou <span style=\"background-color: #add8e6;\"><em>\u00ab\u00a0avec Christ\u00a0\u00bb<\/em><\/span> (une vingtaine de fois dans notre lettre). L&rsquo;expression <span style=\"background-color: #add8e6;\"><em>\u00ab<strong>\u00a0Christ en vous\u00a0\u00bb<\/strong><\/em><\/span> est plus rare (deux fois dans Colossiens). En fait, c&rsquo;est la fonction de l&rsquo;Esprit d&rsquo;habiter en nous et de nous conduire dans la v\u00e9rit\u00e9 et pour l&rsquo;honneur de Dieu (cf. <span style=\"background-color: #add8e6;\"><em>Rm 8.9 ; 1Co 6.19<\/em><\/span>). La formule <span style=\"background-color: #add8e6;\"><em>\u00ab\u00a0Christ en vous\u00a0\u00bb<\/em><\/span> est tr\u00e8s significative et suggestive. L&rsquo;oeuvre du Saint-Esprit n&rsquo;est-elle pas justement de fa\u00e7onner en nous les qualit\u00e9s de J\u00e9sus-Christ, le v\u00e9ritable homme approuv\u00e9 de Dieu (cf. <span style=\"background-color: #add8e6;\"><em>Jn 16.14<\/em><\/span>) ?<\/p>\n<p align=\"JUSTIFY\">\u00a0<\/p>\n<p align=\"JUSTIFY\">Mais ne met-on pas au compte de l&rsquo;Esprit toutes sortes de pratiques, de r\u00e9v\u00e9lations et de ph\u00e9nom\u00e8nes qui rel\u00e8vent plus du d\u00e9sir de \u00ab\u00a0possession de la gloire\u00a0\u00bb que de <span style=\"background-color: #add8e6;\"><em>\u00ab\u00a0l&rsquo;esp\u00e9rance de la gloire\u00a0\u00bb<\/em><\/span> ? La promesse de la \u00ab\u00a0pleine gloire maintenant\u00a0\u00bb est une illusion qui m\u00e8ne \u00e0 l&rsquo;orgueil puis au d\u00e9senchantement. C&rsquo;est dans la reconnaissance et l&rsquo;esp\u00e9rance du salut que grandit la foi. Pour cette vie nous avons besoin de gr\u00e2ce, la gloire est pour la vie \u00e0 venir.<\/p>\n<p align=\"JUSTIFY\">\u00a0<\/p>\n<p align=\"JUSTIFY\">\u00a0<\/p>\n<h2>L&rsquo;objectif et les moyens <span style=\"background-color: #add8e6;\"><em>(1.28 ; 2.2b-3)<\/em><\/span><\/h2>\n<p align=\"JUSTIFY\">\u00a0<\/p>\n<p align=\"JUSTIFY\">Tout est en Christ, il n&rsquo;y a pas d&rsquo;autre <span style=\"background-color: #add8e6;\"><em>\u00ab\u00a0myst\u00e8re\u00a0\u00bb<\/em><\/span> de Dieu, il n&rsquo;y a pas d&rsquo;autre <span style=\"background-color: #add8e6;\"><em>\u00ab\u00a0pl\u00e9nitude\u00a0\u00bb<\/em><\/span> pour les hommes. Ce que Dieu a \u00ab\u00a0dit\u00a0\u00bb par lui, s&rsquo;est aussi \u00ab\u00a0fait chair\u00a0\u00bb en lui. L&rsquo;ap\u00f4tre Paul n&rsquo;a de cesse, dans cette \u00e9p\u00eetre, de souligner ces v\u00e9rit\u00e9s. <span style=\"background-color: #add8e6;\">\u00ab\u00a0<strong>Je suis<\/strong> la v\u00e9rit\u00e9\u00a0\u00bb<\/span> a dit J\u00e9sus, et non \u00ab\u00a0je dis ou j&rsquo;ai la v\u00e9rit\u00e9\u00a0\u00bb. Par cons\u00e9quent, nous ne sommes pas seulement confront\u00e9s \u00e0 des faits et des id\u00e9es, mais face \u00e0 face avec une personne avec laquelle notre relation ne sera jamais neutre.<\/p>\n<p align=\"JUSTIFY\">\u00a0<\/p>\n<p align=\"JUSTIFY\">La foi chr\u00e9tienne n&rsquo;est pas seulement acceptation intellectuelle d&rsquo;un certain nombre d&rsquo;affirmations et de pratiques, mais essentiellement <strong>\u00ab\u00a0incarnation\u00a0\u00bb<\/strong> de cette Parole &#8211; \u00ab\u00a0Christ en vous\u00a0\u00bb &#8211; dans notre existence et notre personne. Nous le voyons d\u00e9j\u00e0 dans l&rsquo;exemple de Paul : cette \u00ab\u00a0incarnation\u00a0\u00bb, c&rsquo;est l&rsquo;investissement de toute sa vie, avec joie et au travers des souffrances, dans le but de conna\u00eetre Christ et le faire conna\u00eetre.<\/p>\n<p align=\"JUSTIFY\">\u00a0<\/p>\n<p align=\"JUSTIFY\">Ce texte nous place au coeur de l&rsquo;annonce de l&rsquo;Evangile, \u00e0 la mani\u00e8re des ap\u00f4tres. Puisque tel est le contenu supr\u00eame de la Parole de Dieu, de l&rsquo;Evangile, ce sera aussi l&rsquo;<strong>objectif<\/strong> de sa pr\u00e9dication. Observons bien les termes employ\u00e9s par Paul. Il ne s&rsquo;agit pas simplement de \u00ab\u00a0sauver des \u00e2mes\u00a0\u00bb, mais de <span style=\"background-color: #add8e6;\"><em>\u00ab\u00a0pr\u00e9senter tout homme parfait en Christ\u00a0\u00bb (cf. 1.22)<\/em><\/span>. Pour Dieu, tout est accompli en Christ, pour les hommes cet <strong>accomplissement<\/strong> est en cours. Et cette action vise l&rsquo;expression concr\u00e8te de la <span style=\"background-color: #add8e6;\"><em>\u00ab\u00a0stature parfaite de Christ\u00a0\u00bb<\/em><\/span>, dans les deux dimensions de notre vie, individuelle et communautaire dans l&rsquo;Eglise (cf. <span style=\"background-color: #add8e6;\"><em>Ep 4.13<\/em><\/span>).<\/p>\n<p align=\"JUSTIFY\">\u00a0<\/p>\n<p align=\"JUSTIFY\">Cela veut dire que si l&rsquo;annonce de J\u00e9sus-Christ est faite dans cette perspective il n&rsquo;y a pas de nouvelle v\u00e9rit\u00e9, d&rsquo;autre \u00abdimension\u00bb \u00e0 d\u00e9couvrir. Il n&rsquo;y a pas \u00e0 rechercher d&rsquo;autres cl\u00e9s, ni d&rsquo;autres exp\u00e9riences, mais de fa\u00e7on tr\u00e8s pratique \u00e0 progresser <strong>en Christ<\/strong> et \u00e0 porter les fruits de l&rsquo;Esprit. La pr\u00e9cision <span style=\"background-color: #add8e6;\"><em>\u00abtout homme\u00bb<\/em><\/span> nous \u00e9loigne aussi de la d\u00e9plorable tendance \u00e0 faire des classements s\u00e9lectifs entre chr\u00e9tiens spirituellement surdou\u00e9s ou sous-d\u00e9velopp\u00e9s. Nos crit\u00e8res peuvent \u00eatre motiv\u00e9s par toutes sortes d&rsquo;autres consid\u00e9rations que ce que nous sommes en Christ et ce qu&rsquo;est Christ en nous.<\/p>\n<p align=\"JUSTIFY\">\u00a0<\/p>\n<p align=\"JUSTIFY\">Paul ne pr\u00eache pas le perfectionnisme. Pour cette raison l&rsquo;expression <span style=\"background-color: #add8e6;\"><em>\u00ab\u00a0rendre parfait\u00a0\u00bb<\/em><\/span> n&rsquo;est pas tr\u00e8s \u00e9clairante. Une compr\u00e9hension l\u00e9galiste ou moraliste de cette parole m\u00e8ne \u00e0 la catastrophe. L&rsquo;ap\u00f4tre nous place dans une dynamique r\u00e9aliste, la vis\u00e9e de sa pr\u00e9dication est que nous soyons <strong>\u00ab adultes \u00bb<\/strong> en Christ, que nous ayons ou non atteint le but (voir <span style=\"background-color: #add8e6;\"><em>Ph 3.12-16<\/em><\/span>, o\u00f9 il d\u00e9clare qu&rsquo;il est loin d&rsquo;\u00eatre \u00ab\u00a0parfait\u00a0\u00bb et pourtant il se compte parmi les parfaits qui avancent). De ce point de vue, l&rsquo;enfance ne qualifie pas le d\u00e9but de la vie chr\u00e9tienne, mais plut\u00f4t une situation d&rsquo;\u00e9chec due \u00e0 une m\u00e9connaissance que J\u00e9sus est le seul mod\u00e8le sur lequel Dieu nous fa\u00e7onne et qui l&rsquo;honore (voir <span style=\"background-color: #add8e6;\"><em>Ep 4.12-16<\/em><\/span>). C&rsquo;est la conscience de notre totale imperfection qui nous ouvre le plus \u00e0 la perfection du Christ. Celui qui cherche d&rsquo;autre voies de perfection c&rsquo;est celui qui ne discerne pas la richesse que Dieu nous offre en J\u00e9sus, qui m\u00e9prise la sagesse de Dieu au profit de discours jouant de l&rsquo;art des apparences.<\/p>\n<p align=\"JUSTIFY\">\u00a0<\/p>\n<p align=\"JUSTIFY\">Alors, pour parvenir \u00e0 ce but \u00ab\u00a0parfait\u00a0\u00bb, pour que l&rsquo;annonce soit coh\u00e9rente avec le contenu \u00ab\u00a0parfait\u00a0\u00bb de l&rsquo;Evangile, l&rsquo;ap\u00f4tre veille \u00e9galement \u00e0 l&rsquo;annoncer de <strong>mani\u00e8re<\/strong> \u00ab\u00a0compl\u00e8te\u00a0\u00bb. A cet effet il signale bri\u00e8vement deux <strong>moyens<\/strong> qui sont aussi deux <strong>fonctions<\/strong> que doit exercer tout messager.<\/p>\n<p align=\"JUSTIFY\">\u00a0<\/p>\n<p align=\"JUSTIFY\">Annoncer le Christ, c&rsquo;est d&rsquo;abord <strong>avertir<\/strong> tout homme. Cela veut dire mettre sa pens\u00e9e dans la bonne <strong>direction<\/strong>, d\u00e9tourner ses regards de tous les autres appuis ou rep\u00e8res vers J\u00e9sus seul. Les remises en question et les correctifs que cela implique renvoient \u00e0 la repentance, autre mani\u00e8re d&rsquo;exprimer le changement d&rsquo;orientation d&rsquo;esprit, d&rsquo;attitude. Elle n&rsquo;est pas seulement une exigence pour les inconvertis, mais c&rsquo;est un processus permanent de d\u00e9veloppement du converti. Comment se fait-il que des chr\u00e9tiens puissent \u00eatre si r\u00e9ticents au changement ?<\/p>\n<p align=\"JUSTIFY\">\u00a0<\/p>\n<p align=\"JUSTIFY\">Annoncer le Christ dans sa pl\u00e9nitude, c&rsquo;est aussi <strong>instruire<\/strong> tout homme. Cela signifie pr\u00e9senter, en toute clart\u00e9, tous les aspects essentiels de la v\u00e9rit\u00e9. Le besoin est grand de pr\u00e9dications pertinentes, pr\u00e9cises, honn\u00eates. La foi ne se fortifie pas avec des friandises, la maturit\u00e9 ne se d\u00e9veloppe pas dans un moralisme simpliste, le t\u00e9moignage est inadapt\u00e9 si notre connaissance de la Parole est approximative, sans prise avec les r\u00e9alit\u00e9s. L&rsquo;assise en Christ de nos messages est-elle bien solide, embrassant les multiples facettes de l&rsquo;Evangile ?<\/p>\n<p align=\"JUSTIFY\">\u00a0<\/p>\n<p align=\"JUSTIFY\">\u00a0<\/p>\n<h2>Signes \u00e0 observer <span style=\"background-color: #add8e6;\"><em>(2.2, 4-5)<\/em><\/span><\/h2>\n<p align=\"JUSTIFY\">\u00a0<\/p>\n<p align=\"JUSTIFY\">Toute les tentatives d&rsquo;ach\u00e8vement dans l&rsquo;Eglise, du message limpide et riche de l&rsquo;Evangile de J\u00e9sus-Christ, que ce soit par des r\u00e9v\u00e9lations sp\u00e9ciales, des interpr\u00e9tations sp\u00e9cieuses, des r\u00e8gles de vie particuli\u00e8res, ou des actes cultuels nouveaux, n&rsquo;ont abouti qu&rsquo;\u00e0 la r\u00e9duction de la pl\u00e9nitude du message biblique, et \u00e0 l&rsquo;obscurcissement de la grande r\u00e9alit\u00e9 que le fondement unique et complet de notre raison et notre mani\u00e8re d&rsquo;\u00eatre et de celles de l&rsquo;Eglise, r\u00e9side en Christ. En fait il s&rsquo;agit d&rsquo;autant d&rsquo;introductions d&rsquo;autres conditions et v\u00e9rit\u00e9s comme n\u00e9cessaires au salut, mais qui en fin de compte d\u00e9truisent la force de l&rsquo;Evangile et d\u00e9tournent la gloire du Christ (cf. <span style=\"background-color: #add8e6;\"><em>1.29 ; 2.3<\/em><\/span>).<\/p>\n<p align=\"JUSTIFY\">\u00a0<\/p>\n<p align=\"JUSTIFY\">Dans le sillage apparaissent <strong>confusion<\/strong> et <strong>division<\/strong>. L\u00e0 est le drame du chemin souvent tortueux de l&rsquo;histoire des chr\u00e9tiens sur terre. Confusion non seulement par erreur mais aussi par ind\u00e9cision dans la recherche de la connaissance &#8211; lire : communion du Christ <span style=\"background-color: #add8e6;\"><em>(v. 2b)<\/em><\/span>. Et division parce que la m\u00e9fiance et l&rsquo;esprit de jugement ont pris le pas sur l&rsquo;amour et l&rsquo;accueil.<\/p>\n<p align=\"JUSTIFY\">\u00a0<\/p>\n<p align=\"JUSTIFY\">Voil\u00e0 pourquoi Paul nous indique la voie correspondant \u00e0 la v\u00e9ritable richesse qui est aussi source de libert\u00e9 en Christ : que nos coeurs soient forts et que nous nous attachions les uns aux autres par amour&#8230; \u00e0 cause et en vue de la connaissance du myst\u00e8re du Christ. Moyens, but, de toute mani\u00e8re c&rsquo;est ainsi que Dieu entend nous entra\u00eener vers l&rsquo;expression de sa volont\u00e9. Dans notre marche, ce sont des signes indicateurs qui ne trompent pas.<\/p>\n<p align=\"JUSTIFY\">\u00a0<\/p>\n<p align=\"JUSTIFY\">Alors il ne devrait y avoir de prise, dans notre vie et dans notre \u00e9glise, ni pour les recherches illusoires, ni pour les discours aux effets agr\u00e9ables <span style=\"background-color: #add8e6;\"><em>(v. 4)<\/em><\/span>. Il ne devrait se produire ni fuite vers des chim\u00e8res ou devant la v\u00e9rit\u00e9, chacun demeurant \u00ab\u00a0\u00e0 son poste\u00a0\u00bb, ni \u00e9branlement des esprits et des consciences, chacun restant \u00ab\u00a0bien sur ses pieds\u00a0\u00bb. Mais que nous soyons tout entier <strong>port\u00e9s vers le Christ <\/strong><span style=\"background-color: #add8e6;\"><em>(v. 5)<\/em><\/span>.<\/p>\n<p align=\"JUSTIFY\">\u00a0<\/p>\n<p style=\"text-align: center;\">D.B.<\/p>\n<p align=\"JUSTIFY\">\u00a0<\/p>\n<table style=\"width: 80%;\" border=\"1\" cellspacing=\"3\" cellpadding=\"2\">\n<colgroup>\n<col width=\"80%\" \/><\/colgroup>\n<tbody>\n<tr>\n<td bgcolor=\"#ffffff\" width=\"80%\">\n<h3>Pistes de r\u00e9flexion<\/h3>\n<p align=\"JUSTIFY\">\u00a0<\/p>\n<p align=\"JUSTIFY\">1. Quel sens ma vie a-t-elle \u00e0 mes yeux ? Quelle valeur a-t-elle pour les autres ?<\/p>\n<p align=\"JUSTIFY\">\u00a0<\/p>\n<p align=\"JUSTIFY\">2. Quelle est mon attitude \u00e0 l&rsquo;\u00e9gard des \u00ab\u00a0souffrances\u00a0\u00bb dans ma vie de chr\u00e9tien ? Dans mes rapports avec les autres ?<\/p>\n<p align=\"JUSTIFY\">\u00a0<\/p>\n<p align=\"JUSTIFY\">3. Dans quelle mesure ma pens\u00e9e, ma volont\u00e9 et mes sentiments sont-ils orient\u00e9s vers J\u00e9sus-Christ ?<\/p>\n<p align=\"JUSTIFY\">Quelle place prennent \u00abl&rsquo;avertissement\u00a0\u00bb et \u00ab\u00a0l&rsquo;instruction\u00a0\u00bb dans la progression de ma foi en Christ ?<\/p>\n<p align=\"JUSTIFY\">\u00a0<\/p>\n<p align=\"JUSTIFY\">4. Comment concevons-nous et pratiquons-nous la pr\u00e9dication de l&rsquo;Evangile ? A quels correctifs pourrait nous pousser l&rsquo;\u00e9tude de ce texte ?<\/p>\n<p align=\"JUSTIFY\">\u00a0<\/p>\n<p align=\"JUSTIFY\">5. Qu&rsquo;est-ce qui d\u00e9montre concr\u00e8tement, dans ma vie et dans notre vie d&rsquo;Eglise, que le Christ est v\u00e9ritablement la source, le centre et le but de notre foi ?<\/p>\n<\/td>\n<\/tr>\n<\/tbody>\n<\/table>\n","protected":false},"excerpt":{"rendered":"<p>Paul aux Colossiens (4\u00b0 partie) &nbsp; \u00a0chap. 1, v. 24-29 et 2, v. 1-5 &nbsp; Christ, le message de Dieu \u00ab\u00a0incarn\u00e9\u00a0\u00bb dans les hommes \u00a0 \u00a0 &nbsp; \u00a0par Daniel Bresch \u00a0 \u00a0 En lisant d&rsquo;un seul trait le premier chapitre de cette lettre, on ne peut qu&rsquo;\u00eatre frapp\u00e9 par la rupture que produit le verset [&hellip;]<\/p>\n","protected":false},"author":55,"featured_media":0,"comment_status":"closed","ping_status":"closed","sticky":false,"template":"","format":"standard","meta":{"footnotes":""},"categories":[59,8,41,28,32,11],"tags":[],"class_list":["post-4538","post","type-post","status-publish","format-standard","hentry","category-etudes-bibliques","category-evangelisation","category-lhomme","category-jesus-christ","category-le-nouveau-testament","category-la-vie-du-chretien"],"_links":{"self":[{"href":"https:\/\/www.servir.caef.net\/index.php?rest_route=\/wp\/v2\/posts\/4538","targetHints":{"allow":["GET"]}}],"collection":[{"href":"https:\/\/www.servir.caef.net\/index.php?rest_route=\/wp\/v2\/posts"}],"about":[{"href":"https:\/\/www.servir.caef.net\/index.php?rest_route=\/wp\/v2\/types\/post"}],"author":[{"embeddable":true,"href":"https:\/\/www.servir.caef.net\/index.php?rest_route=\/wp\/v2\/users\/55"}],"replies":[{"embeddable":true,"href":"https:\/\/www.servir.caef.net\/index.php?rest_route=%2Fwp%2Fv2%2Fcomments&post=4538"}],"version-history":[{"count":0,"href":"https:\/\/www.servir.caef.net\/index.php?rest_route=\/wp\/v2\/posts\/4538\/revisions"}],"wp:attachment":[{"href":"https:\/\/www.servir.caef.net\/index.php?rest_route=%2Fwp%2Fv2%2Fmedia&parent=4538"}],"wp:term":[{"taxonomy":"category","embeddable":true,"href":"https:\/\/www.servir.caef.net\/index.php?rest_route=%2Fwp%2Fv2%2Fcategories&post=4538"},{"taxonomy":"post_tag","embeddable":true,"href":"https:\/\/www.servir.caef.net\/index.php?rest_route=%2Fwp%2Fv2%2Ftags&post=4538"}],"curies":[{"name":"wp","href":"https:\/\/api.w.org\/{rel}","templated":true}]}}