{"id":4618,"date":"1990-11-13T13:57:43","date_gmt":"1990-11-13T13:57:43","guid":{"rendered":"\/?p=4618"},"modified":"2016-03-21T11:15:41","modified_gmt":"2016-03-21T11:15:41","slug":"celebrons-donc-la-fete-1%c2%b0-partie","status":"publish","type":"post","link":"https:\/\/www.servir.caef.net\/?p=4618","title":{"rendered":"C\u00e9l\u00e9brons donc la f\u00eate &#8211; 1\u00b0 partie"},"content":{"rendered":"<h1 style=\"text-align: center;\" align=\"JUSTIFY\">C\u00e9l\u00e9brons donc la f\u00eate &#8211; 1\u00b0 partie<\/h1>\n<p style=\"text-align: center;\" align=\"JUSTIFY\">\u00a0\u00a0<a href=\"\/wp-content\/uploads\/2008\/12\/repas.jpg\"><img loading=\"lazy\" decoding=\"async\" class=\"size-full wp-image-8440 aligncenter\" src=\"\/wp-content\/uploads\/2008\/12\/repas.jpg\" alt=\"repas\" width=\"345\" height=\"517\" srcset=\"https:\/\/www.servir.caef.net\/wp-content\/uploads\/2008\/12\/repas.jpg 345w, https:\/\/www.servir.caef.net\/wp-content\/uploads\/2008\/12\/repas-200x300.jpg 200w\" sizes=\"auto, (max-width: 345px) 100vw, 345px\" \/><\/a><\/p>\n<p align=\"JUSTIFY\">\u00a0<\/p>\n<p align=\"JUSTIFY\"><strong>par <span style=\"font-size: 16px;\"><span style=\"color: #b22222;\">Fran\u00e7ois-Jean Martin<\/span><\/span><\/strong><\/p>\n<p align=\"JUSTIFY\">\u00a0<\/p>\n<p style=\"text-align: center;\"><strong>Lectures : <span style=\"background-color: #add8e6;\"><em>1 Corinthiens 5.7-8<\/em> <\/span>et <span style=\"background-color: #add8e6;\"><em>Matthieu 11.17-19<\/em><\/span><\/strong><\/p>\n<p align=\"JUSTIFY\">\u00a0<\/p>\n<p align=\"JUSTIFY\">\u00a0<\/p>\n<p align=\"JUSTIFY\"><strong>Les \u00e9glises protestantes, influenc\u00e9es sans doute par le puritanisme et le pi\u00e9tisme des si\u00e8cles pass\u00e9s, ont marqu\u00e9 de nettes r\u00e9ticences vis-\u00e0-vis de la f\u00eate dans l&rsquo;Eglise. On discerne ces derni\u00e8res ann\u00e9es, au travers de l&rsquo;impact du mouvement charismatique et de la red\u00e9couverte du corps (groupes d&rsquo;expression corporelle, de danse, de mime, de sketch, de th\u00e9\u00e2tre&#8230;) un renouveau du v\u00e9cu de la f\u00eate.<\/strong><\/p>\n<p align=\"JUSTIFY\">\u00a0<\/p>\n<p align=\"JUSTIFY\"><!--more--><\/p>\n<p>&nbsp;<\/p>\n<h2>1. La f\u00eate : acte communautaire et p\u00e9dagogique<\/h2>\n<p align=\"JUSTIFY\">\u00a0<\/p>\n<p align=\"JUSTIFY\"><strong><em><a href=\"\/wp-content\/uploads\/1990\/pdf1990\/1990_06_07_celebronsdonclafete01.pdf\" target=\"_blank\"><img loading=\"lazy\" decoding=\"async\" src=\"..\/wp-content\/uploads\/2011\/01\/iconePDF.jpg\" alt=\"\" width=\"81\" height=\"76\" name=\"images1\" align=\"RIGHT\" border=\"1\" hspace=\"8\" vspace=\"8\" \/><\/a><\/em><\/strong>La d\u00e9finition de la f\u00eate suppose que l&rsquo;on pr\u00e9cise son cadre social et temporel. Toute f\u00eate est un acte collectif. Elle met en oeuvre un m\u00e9canisme par lequel chacun s&rsquo;int\u00e8gre \u00e0 l&rsquo;ensemble social. Au moment de la f\u00eate, c&rsquo;est comme si la communaut\u00e9 nous disait : \u00ab\u00a0Viens, oublie ton masque, ton personnage ! Tu es l&rsquo;un des n\u00f4tres. Quelles que soient tes id\u00e9es, tes conduites, ta position, on t&rsquo;aime comme tu es, on t&rsquo;accepte ainsi. Viens, entre dans la joie commune\u00a0\u00bb.<\/p>\n<p align=\"JUSTIFY\">\u00a0<\/p>\n<p>&nbsp;<\/p>\n<p align=\"JUSTIFY\"><strong>La f\u00eate est profond\u00e9ment communautaire. Elle nous octroie un climat de libert\u00e9 qui nous permet d&rsquo;\u00eatre nous-m\u00eames et d&rsquo;entrer en communication avec autrui.<\/strong><\/p>\n<p align=\"JUSTIFY\">\u00a0<\/p>\n<p align=\"JUSTIFY\"><em><strong>a) La f\u00eate nous offre un espace o\u00f9 la fraternit\u00e9 devient possible<\/strong><\/em>. Il n&rsquo;y a plus une prudente et simple juxtaposition. Nous nous parlons r\u00e9ellement. Tous ne sont qu&rsquo;un corps, un seul coeur, une seule \u00e2me.<\/p>\n<p align=\"JUSTIFY\">\u00a0<\/p>\n<p align=\"JUSTIFY\">De nombreuses f\u00eates jouent un r\u00f4le dans l&rsquo;identification sociale, en particulier des enfants, \u00e0 une communaut\u00e9, \u00e0 un peuple. La P\u00e2que juive en est un exemple typique <span style=\"background-color: #add8e6;\"><em>(Ex 12.24-27)<\/em><\/span>. C&rsquo;est un temps de contacts privil\u00e9gi\u00e9s avec les autres, en particulier avec les enfants, avec ses enfants. Pour nous, chr\u00e9tiens, c&rsquo;est une occasion d&rsquo;expliquer les valeurs essentielles auxquelles nous voulons de tout notre coeur que nos enfants adh\u00e8rent.<\/p>\n<p align=\"JUSTIFY\">\u00a0<\/p>\n<p align=\"JUSTIFY\"><a href=\"\/wp-content\/uploads\/2008\/12\/repas-juif.jpg\"><img loading=\"lazy\" decoding=\"async\" class=\" wp-image-8454 alignleft\" style=\"margin: 10px;\" src=\"\/wp-content\/uploads\/2008\/12\/repas-juif.jpg\" alt=\"repas-juif\" width=\"309\" height=\"226\" srcset=\"https:\/\/www.servir.caef.net\/wp-content\/uploads\/2008\/12\/repas-juif.jpg 515w, https:\/\/www.servir.caef.net\/wp-content\/uploads\/2008\/12\/repas-juif-300x219.jpg 300w\" sizes=\"auto, (max-width: 309px) 100vw, 309px\" \/><\/a>Elle a aussi un r\u00f4le p\u00e9dagogique. La f\u00eate de la P\u00e2que juive est joyeuse et organis\u00e9e autour de l&rsquo;enfant qui pr\u00e9side le repas. La f\u00eate suit alors son rythme \u00e0 lui, alors que, dans la vie courante, l&rsquo;enfant doit suivre le rythme des autres.<\/p>\n<p align=\"JUSTIFY\">\u00a0<\/p>\n<p align=\"JUSTIFY\"><strong><span style=\"background-color: #fff;\"><em>b) La f\u00eate est aussi un moment o\u00f9 l&rsquo;on retrouve une famille et o\u00f9 l&rsquo;on donne une famille \u00e0 celui qui n &lsquo;en a pas.<\/em><\/span><\/strong> De nos jours la famille se brise entre autres par la r\u00e9alit\u00e9 de l&rsquo;\u00e9loignement du lieu o\u00f9 l&rsquo;on trouve du travail, ce qui s\u00e9pare les g\u00e9n\u00e9rations. En outre, un grand nombre de gens sont seuls. Aussi l&rsquo;Eglise, en particulier au moment des f\u00eates, et par ces moments de f\u00eate, doit redonner cette relation familiale dont ils peuvent \u00eatre priv\u00e9s.<\/p>\n<p align=\"JUSTIFY\">\u00a0<\/p>\n<p align=\"JUSTIFY\">Ainsi au lendemain de la f\u00eate, chacun retrouve la vie quotidienne, plus conscient de son r\u00f4le dans la communaut\u00e9. <strong>En fait, la f\u00eate renforce l&rsquo;appartenance \u00e0 un groupe, \u00e0 une communaut\u00e9<\/strong>. Aussi l&rsquo;absent, pendant les moments de f\u00eate, prive les autres d&rsquo;une richesse et n&rsquo;a pas rencontr\u00e9 les autres dans leur totale r\u00e9alit\u00e9.<\/p>\n<p align=\"JUSTIFY\">\u00a0<\/p>\n<p align=\"JUSTIFY\">Aux yeux de nos contemporains, si nous ne f\u00eatons rien c&rsquo;est que nous n&rsquo;avons rien \u00e0 f\u00eater ! Les chr\u00e9tiens n&rsquo;auraient-ils pas, plus que tout le monde, des raisons de f\u00eater, de c\u00e9l\u00e9brer, de comm\u00e9morer ?<\/p>\n<p align=\"JUSTIFY\">\u00a0<\/p>\n<p align=\"JUSTIFY\">\u00a0<\/p>\n<h2>2. Minist\u00e8re ou mine aust\u00e8re ?<\/h2>\n<p align=\"JUSTIFY\">\u00a0<\/p>\n<p align=\"JUSTIFY\">Qui tient trop \u00e0 sa r\u00e9putation, \u00e0 sa place, \u00e0 sa dignit\u00e9, ne peut f\u00eater ! Les gens en charge d&rsquo;autorit\u00e9 n&rsquo;aiment pas beaucoup les f\u00eates, car ils ont peur de se laisser aller, de se montrer tels qu&rsquo;ils sont, de ne plus avoir de masque, d&rsquo;\u00eatre comme tout le monde. C&rsquo;est pourtant simple ! <em>Au cours de la f\u00eate, chacun s&rsquo;int\u00e8gre dans la communaut\u00e9<\/em>. C&rsquo;est le cas de David, dansant sans peur, joyeusement, devant l&rsquo;arche, en pr\u00e9sence de tout le peuple. Malgr\u00e9 sa position royale, David n&rsquo;a pas peur de manifester sa joie et sa reconnaissance <span style=\"background-color: #add8e6;\"><em>(2 S 6)<\/em><\/span>. Cela n&rsquo;est pas sans risque : Mikal, sa femme, le m\u00e9prise ! Ceci parce qu&rsquo;il s&rsquo;\u00e9tait d\u00e9couvert, livr\u00e9, donn\u00e9 \u00e0 conna\u00eetre aux yeux de tout le peuple, ce peuple sur lequel, de par sa fonction, il avait autorit\u00e9. Nous aussi, nous voyons h\u00e9las maint serviteur de Dieu, maint chr\u00e9tien, finir par \u00eatre enferm\u00e9 dans un r\u00f4le, par la lettre d&rsquo;une fonction.<\/p>\n<p align=\"JUSTIFY\">\u00a0<\/p>\n<p align=\"JUSTIFY\"><strong>La f\u00eate peut lib\u00e9rer tout le monde <\/strong>(les anciens, les pasteurs)<strong> du pi\u00e9destal sur lequel on les place, <\/strong>ou h\u00e9las, <strong>sur lequel ils se sont plac\u00e9s, et leur rendre leur humanit\u00e9, leur \u00e9galit\u00e9, leur fraternit\u00e9<\/strong><\/p>\n<p align=\"JUSTIFY\">\u00a0<\/p>\n<p align=\"JUSTIFY\">\u00a0<\/p>\n<h2>3. F\u00eate et temps<\/h2>\n<p align=\"JUSTIFY\">\u00a0<\/p>\n<p align=\"JUSTIFY\">II existe un lien profond entre la f\u00eate et le temps. La f\u00eate est comme un temps en dehors du temps ; une mise entre parenth\u00e8ses du temps quotidien et, cependant, elle marque aussi ce temps. Dans le premier sens, divers auteurs, non chr\u00e9tiens, vont loin. Ils parlent de la f\u00eate comme d&rsquo;un espace hors du temps qui nous fait acc\u00e9der \u00ab\u00a0\u00e0 une autre esp\u00e8ce de temps, un temps sacr\u00e9, plus vrai, plus pur que le temps pr\u00e9sent&#8230; un \u00e2ge d&rsquo;or oubli\u00e9&#8230; le temps du paradis terrestre&#8230; temps d&rsquo;avant la chute&#8230;\u00a0\u00bb<\/p>\n<p align=\"JUSTIFY\">\u00a0<\/p>\n<p align=\"JUSTIFY\">Dans le m\u00eame sens, la f\u00eate, en se r\u00e9p\u00e9tant, simule l&rsquo;\u00e9ternit\u00e9, ce qui perdure. C&rsquo;est un temps originel. Ce temps des origines, la f\u00eate ne se contenterait pas de le rappeler, mais le ferait aussi revivre, et ainsi le chaos de la f\u00eate serait donc fondamentalement le chaos des origines. C&rsquo;est au fond un aspect r\u00e9g\u00e9n\u00e9rateur.<\/p>\n<p align=\"JUSTIFY\">\u00a0<\/p>\n<p align=\"JUSTIFY\">Une telle id\u00e9e semble combler les aspirations de l&rsquo;homme aux prises avec la vie moderne ; c&rsquo;est un retour \u00e0 l&rsquo;\u00e9tat de nature, aux sources, au paradis perdu. C&rsquo;est la f\u00eate id\u00e9ale des temps primitifs qui joue dans les imaginations le r\u00f4le d&rsquo;un mythe d&rsquo;origine des f\u00eates. Cependant, de nombreux exemples de f\u00eates reconnues ne cadrent pas avec cette perspective. Une telle conception ne repose pas sur suffisamment d&rsquo;observations pour le confirmer, mais elle est int\u00e9ressante, car elle d\u00e9voile des images, voire des utopies. Au fond, cette proposition est moins int\u00e9ressante quant \u00e0 sa r\u00e9alit\u00e9 que quant \u00e0 l&rsquo;illustration de d\u00e9sirs ou d&rsquo;aspirations. Dans la r\u00e9flexion sur la f\u00eate, il ne faut pas prendre ses d\u00e9sirs pour des r\u00e9alit\u00e9s.<\/p>\n<p align=\"JUSTIFY\">\u00a0<\/p>\n<p align=\"JUSTIFY\">Il y a aussi dans la f\u00eate pa\u00efenne une intention de vaincre le temps, comme si, pour quelques heures, quelques jours, nous pouvions revenir en arri\u00e8re, conqu\u00e9rir une \u00e9ternelle jeunesse, oublier notre \u00e2ge, oublier le temps. Elle fait de ce temps de la jeunesse un \u00e2ge d&rsquo;or, le bon vieux temps. En fait, dans ce cadre, le temps est con\u00e7u de fa\u00e7on cyclique, c&rsquo;est le mythe de l&rsquo;\u00e9ternel retour. Les grandes f\u00eates se trouvent ainsi li\u00e9es au rythme des saisons, elles reviennent ann\u00e9e apr\u00e8s ann\u00e9e, au rythme de la terre. L&rsquo;homme, fils de la terre, y trouve ainsi ses racines, s&rsquo;en souvient.<\/p>\n<p align=\"JUSTIFY\">\u00a0<\/p>\n<p align=\"JUSTIFY\">De m\u00eame pendant la f\u00eate, on oublie la dur\u00e9e. La f\u00eate se prolonge parce que l&rsquo;instant est si beau, si vrai, si profond qu&rsquo;on d\u00e9sire oublier le temps, toute la litt\u00e9rature est empreinte de ce \u00ab\u00a0temps suspens ton vol\u00a0\u00bb et de ces \u00ab\u00a0heures fatales, arr\u00eatez donc le coeurs\u00a0\u00bb.<\/p>\n<p align=\"JUSTIFY\">\u00a0<\/p>\n<p align=\"JUSTIFY\">Plus simplement, J. Dulac chantait en 1966 :<\/p>\n<p align=\"JUSTIFY\">Lorsqu&rsquo;on est heureux,<\/p>\n<p align=\"JUSTIFY\">On devrait pouvoir<\/p>\n<p align=\"JUSTIFY\">Arr\u00eater le temps&#8230;<\/p>\n<p align=\"JUSTIFY\">\u00a0<\/p>\n<p align=\"JUSTIFY\">La conception chr\u00e9tienne n&rsquo;est pas semblable. Bien s\u00fbr, les f\u00eates chr\u00e9tiennes rappellent aussi des saisons et des \u00e9v\u00e9nements agraires, mais elles les transcendent, montant plus haut, \u00e0 la source de toutes les abondances, \u00e0 Celui qui les a faites, qui donne les pluies de saison et d&rsquo;arri\u00e8re-saison. Nous d\u00e9pendons de lui. En fait, la conception biblique du temps et de l&rsquo;histoire n&rsquo;est pas cyclique mais lin\u00e9aire et la f\u00eate est l\u00e0 pour nous le rappeler.<\/p>\n<p align=\"JUSTIFY\">\u00a0<\/p>\n<p align=\"JUSTIFY\">Les faits que la f\u00eate comm\u00e9more ne sont pas mythiques, ils sont historiques. Nous nous en souvenons et, par la f\u00eate, nous p\u00e9n\u00e9trons dans l&rsquo;alliance o\u00f9 une communaut\u00e9 s&rsquo;inscrit dans une histoire ayant un d\u00e9but et marchant vers un aboutissement pr\u00e9vu par Dieu. La f\u00eate a donc, tout comme la Sainte C\u00e8ne, moment de f\u00eate, un signifi\u00e9 eschatologique.<\/p>\n<p align=\"JUSTIFY\">\u00a0<\/p>\n<p align=\"JUSTIFY\">Plusieurs autres aspects paraissent importants. La f\u00eate remet le travail \u00e0 sa place. Elle sugg\u00e8re que le travail, bien que r\u00e9mun\u00e9rateur, n&rsquo;est pas la plus haute fin de la vie, mais doit contribuer \u00e0 l&rsquo;accomplissement de la personne humaine. M\u00eame \u00e0 notre \u00e9poque o\u00f9, pour beaucoup, le manque de travail bouleverse les vies et sp\u00e9cialement en ces jours o\u00f9 le ch\u00f4mage est la pr\u00e9occupation principale de toutes les g\u00e9n\u00e9rations, nous avons besoin d&rsquo;interrompre nos occupations \u00e0 date fixe pour nous souvenir que ce ne sont pas un produit national brut, la balance des paiements, ou le plein emploi de tous qui peuvent apporter le salut.<\/p>\n<p align=\"JUSTIFY\">\u00a0<\/p>\n<p align=\"JUSTIFY\">La f\u00eate doit marquer un contraste. Elle doit \u00eatre notablement diff\u00e9rente de la vie quotidienne. La r\u00e9alit\u00e9 de la f\u00eate repose sur une rupture du rythme de travail quotidien, des conventions et de la retenue ordinaires.<\/p>\n<p align=\"JUSTIFY\">\u00a0<\/p>\n<p align=\"JUSTIFY\"><strong>Ainsi la f\u00eate nous aide \u00e0 \u00eatre sensibles au temps, car elle lie entre eux le pass\u00e9, le pr\u00e9sent et l&rsquo;avenir.<\/strong><\/p>\n<p align=\"JUSTIFY\">\u00a0<\/p>\n<p align=\"JUSTIFY\">Elle nous rend conscients de la continuit\u00e9 de l&rsquo;histoire. Elle nous ouvre les yeux sur la r\u00e9alit\u00e9 du monde qui nous absorbe et dont par l&rsquo;interruption de la f\u00eate nous sommes momentan\u00e9ment coup\u00e9s, ce qui nous le rend par l\u00e0-m\u00eame visible. Elle marque une rupture qui rend la vie supportable.<\/p>\n<p align=\"JUSTIFY\">\u00a0<\/p>\n<p align=\"JUSTIFY\">Le jour de f\u00eate est un intervalle de temps particulier pendant lequel les habituels travaux quotidiens sont \u00e9cart\u00e9s, tandis que l&rsquo;homme c\u00e9l\u00e8bre quelque \u00e9v\u00e9nement, affirmant l&rsquo;importance pour lui et les siens de ce qui est ou de ce qui conserve la m\u00e9moire d&rsquo;un fait. La f\u00eate na\u00eet de la capacit\u00e9 de l&rsquo;homme d&rsquo;incorporer dans sa vie personnelle les joies d&rsquo;autres gens et l&rsquo;exp\u00e9rience des g\u00e9n\u00e9rations ant\u00e9rieures. N&rsquo;\u00e9tant pas tourn\u00e9e sur le pass\u00e9, elle permet de c\u00e9l\u00e9brer aussi des \u00e9v\u00e9nements \u00e0 venir. La f\u00eate a un caract\u00e8re eschatologique certain, pouvant pr\u00e9parer \u00e0 l&rsquo;av\u00e8nement d&rsquo;une nouvelle \u00e8re, \u00e0 l&rsquo;accomplissement d&rsquo;un temps.<\/p>\n<p align=\"JUSTIFY\">\u00a0<\/p>\n<p align=\"JUSTIFY\"><strong>La f\u00eate, par ces caract\u00e9ristiques, contribue \u00e0 faire de l&rsquo;homme une cr\u00e9ature qui se saisit dans une origine et une destin\u00e9e et pas seulement comme une vapeur fugace.<\/strong><\/p>\n<p align=\"JUSTIFY\">\u00a0<\/p>\n<p align=\"JUSTIFY\">Elle nous lie, nous chr\u00e9tiens, \u00e0 l&rsquo;histoire du salut et \u00e0 celle de l&rsquo;Eglise.<\/p>\n<p align=\"JUSTIFY\">\u00a0<\/p>\n<p style=\"text-align: right;\">(\u00e0 suivre)<\/p>\n<p align=\"JUSTIFY\">\u00a0<\/p>\n<p style=\"text-align: center;\">F.-J. M.<\/p>\n<p align=\"JUSTIFY\">\u00a0<\/p>\n","protected":false},"excerpt":{"rendered":"<p>C\u00e9l\u00e9brons donc la f\u00eate &#8211; 1\u00b0 partie \u00a0\u00a0 \u00a0 par Fran\u00e7ois-Jean Martin \u00a0 Lectures : 1 Corinthiens 5.7-8 et Matthieu 11.17-19 \u00a0 \u00a0 Les \u00e9glises protestantes, influenc\u00e9es sans doute par le puritanisme et le pi\u00e9tisme des si\u00e8cles pass\u00e9s, ont marqu\u00e9 de nettes r\u00e9ticences vis-\u00e0-vis de la f\u00eate dans l&rsquo;Eglise. On discerne ces derni\u00e8res ann\u00e9es, au [&hellip;]<\/p>\n","protected":false},"author":3,"featured_media":0,"comment_status":"closed","ping_status":"closed","sticky":false,"template":"","format":"standard","meta":{"footnotes":""},"categories":[84,13],"tags":[],"class_list":["post-4618","post","type-post","status-publish","format-standard","hentry","category-fete","category-la-vie-de-leglise"],"_links":{"self":[{"href":"https:\/\/www.servir.caef.net\/index.php?rest_route=\/wp\/v2\/posts\/4618","targetHints":{"allow":["GET"]}}],"collection":[{"href":"https:\/\/www.servir.caef.net\/index.php?rest_route=\/wp\/v2\/posts"}],"about":[{"href":"https:\/\/www.servir.caef.net\/index.php?rest_route=\/wp\/v2\/types\/post"}],"author":[{"embeddable":true,"href":"https:\/\/www.servir.caef.net\/index.php?rest_route=\/wp\/v2\/users\/3"}],"replies":[{"embeddable":true,"href":"https:\/\/www.servir.caef.net\/index.php?rest_route=%2Fwp%2Fv2%2Fcomments&post=4618"}],"version-history":[{"count":0,"href":"https:\/\/www.servir.caef.net\/index.php?rest_route=\/wp\/v2\/posts\/4618\/revisions"}],"wp:attachment":[{"href":"https:\/\/www.servir.caef.net\/index.php?rest_route=%2Fwp%2Fv2%2Fmedia&parent=4618"}],"wp:term":[{"taxonomy":"category","embeddable":true,"href":"https:\/\/www.servir.caef.net\/index.php?rest_route=%2Fwp%2Fv2%2Fcategories&post=4618"},{"taxonomy":"post_tag","embeddable":true,"href":"https:\/\/www.servir.caef.net\/index.php?rest_route=%2Fwp%2Fv2%2Ftags&post=4618"}],"curies":[{"name":"wp","href":"https:\/\/api.w.org\/{rel}","templated":true}]}}