{"id":4659,"date":"1988-01-19T09:28:30","date_gmt":"1988-01-19T09:28:30","guid":{"rendered":"\/?p=4659"},"modified":"2014-09-26T08:30:09","modified_gmt":"2014-09-26T08:30:09","slug":"in-memoriam-roger-ernst","status":"publish","type":"post","link":"https:\/\/www.servir.caef.net\/?p=4659","title":{"rendered":"In memoriam  &#8211;  Roger ERNST"},"content":{"rendered":"<h1 style=\"text-align: center;\"><a href=\"\/wp-content\/uploads\/2011\/07\/in-memoriam.gif\"><img loading=\"lazy\" decoding=\"async\" class=\"alignnone size-full wp-image-8567\" alt=\"in-memoriam\" src=\"\/wp-content\/uploads\/2011\/07\/in-memoriam.gif\" width=\"301\" height=\"62\" \/><\/a><\/h1>\n<p style=\"text-align: center;\" align=\"JUSTIFY\">\u00a0<\/p>\n<h1 style=\"text-align: center;\">Roger ERNST<\/h1>\n<p align=\"JUSTIFY\">\u00a0<\/p>\n<p align=\"JUSTIFY\">\u00a0<\/p>\n<p align=\"JUSTIFY\">Le 23 d\u00e9cembre 1987, notre fr\u00e8re Roger ERNST s&rsquo;en est all\u00e9 \u00ab pour \u00eatre avec Christ \u00bb. Il s&rsquo;est \u00e9teint paisiblement, bien qu&rsquo;apr\u00e8s plusieurs mois d&rsquo;examens p\u00e9nibles et de traitements \u00e9prouvants.<\/p>\n<p align=\"JUSTIFY\">\u00a0<\/p>\n<p align=\"JUSTIFY\">D&rsquo;abord membre de l&rsquo;assembl\u00e9e de la rue Dunoir \u00e0 Lyon, il avait ouvert, avec quelques autres familles, une assembl\u00e9e-fille, l&rsquo;Oasis, dans un autre quartier de Lyon (en 1969). Au sein de cette assembl\u00e9e, il a exerc\u00e9 des minist\u00e8res vari\u00e9s, mais principalement celui de l&rsquo;enseignement, dans lequel il excellait. Son nom reste aussi attach\u00e9 \u00e0 l&rsquo;oeuvre du stand biblique au march\u00e9 aux puces et \u00e0 celle du coffee-bar dans le vieux Lyon.<\/p>\n<p align=\"JUSTIFY\">\u00a0<\/p>\n<p align=\"JUSTIFY\"><!--more--><br \/> \u00a0<\/p>\n<p align=\"JUSTIFY\"><strong><em><a href=\"\/wp-content\/uploads\/1988\/pdf1988\/1988_01_13_inmemoriam_rogerernst.pdf\" target=\"_blank\"><img loading=\"lazy\" decoding=\"async\" alt=\"\" src=\"..\/wp-content\/uploads\/2011\/01\/iconePDF.jpg\" width=\"81\" height=\"76\" name=\"images1\" align=\"RIGHT\" border=\"1\" hspace=\"8\" vspace=\"8\" \/><\/a><\/em><\/strong>Bien connu dans nos assembl\u00e9es, Roger a jou\u00e9 un r\u00f4le d\u00e9terminant \u00e0 la cr\u00e9ation de l&rsquo;Entraide \u00c9vang\u00e9lique (1968) aussi bien que lors de celle de la Commission de Service et de R\u00e9f\u00e9rence (1976 environ).<\/p>\n<p align=\"JUSTIFY\">\u00a0<\/p>\n<p align=\"JUSTIFY\">Dans les deux cas, il en a \u00e9t\u00e9 un membre appr\u00e9ci\u00e9 pour son jugement \u00e9quilibr\u00e9, son \u00e0-propos, son don de contact, son sens de l&rsquo;humour, son souci de maintenir la communion par un pardon sans aucune r\u00e9serve. Homme sensible et impulsif, il avait la rare qualit\u00e9 de ne pas se vexer personnellement, quoi qu&rsquo;on lui dise, et \u00e9tait toujours ouvert au dialogue fraternel.<\/p>\n<p align=\"JUSTIFY\">\u00a0<\/p>\n<p align=\"JUSTIFY\">Roger laisse en chacun de nous le souvenir d&rsquo;une personnalit\u00e9 aux contours bien marqu\u00e9s et au grand coeur. \u00c0 sa ch\u00e8re \u00e9pouse Lydia et \u00e0 tous les membres de sa famille, l&rsquo;\u00e9quipe de \u00ab Servir en L&rsquo;attendant \u00bb exprime ici sa profonde affection.<\/p>\n<p align=\"JUSTIFY\">\u00a0<\/p>\n<p style=\"text-align: right;\">SERVIR &#8211; Le Comit\u00e9 de R\u00e9daction<\/p>\n<p style=\"text-align: right;\">\u00a0<\/p>\n<p style=\"text-align: right;\">Le Conseil d&rsquo;Administration<\/p>\n<p style=\"text-align: right;\">\u00a0<\/p>\n","protected":false},"excerpt":{"rendered":"<p>\u00a0 Roger ERNST \u00a0 \u00a0 Le 23 d\u00e9cembre 1987, notre fr\u00e8re Roger ERNST s&rsquo;en est all\u00e9 \u00ab pour \u00eatre avec Christ \u00bb. Il s&rsquo;est \u00e9teint paisiblement, bien qu&rsquo;apr\u00e8s plusieurs mois d&rsquo;examens p\u00e9nibles et de traitements \u00e9prouvants. \u00a0 D&rsquo;abord membre de l&rsquo;assembl\u00e9e de la rue Dunoir \u00e0 Lyon, il avait ouvert, avec quelques autres familles, une [&hellip;]<\/p>\n","protected":false},"author":10,"featured_media":0,"comment_status":"closed","ping_status":"closed","sticky":false,"template":"","format":"standard","meta":{"footnotes":""},"categories":[15],"tags":[],"class_list":["post-4659","post","type-post","status-publish","format-standard","hentry","category-in-memoriam"],"_links":{"self":[{"href":"https:\/\/www.servir.caef.net\/index.php?rest_route=\/wp\/v2\/posts\/4659","targetHints":{"allow":["GET"]}}],"collection":[{"href":"https:\/\/www.servir.caef.net\/index.php?rest_route=\/wp\/v2\/posts"}],"about":[{"href":"https:\/\/www.servir.caef.net\/index.php?rest_route=\/wp\/v2\/types\/post"}],"author":[{"embeddable":true,"href":"https:\/\/www.servir.caef.net\/index.php?rest_route=\/wp\/v2\/users\/10"}],"replies":[{"embeddable":true,"href":"https:\/\/www.servir.caef.net\/index.php?rest_route=%2Fwp%2Fv2%2Fcomments&post=4659"}],"version-history":[{"count":0,"href":"https:\/\/www.servir.caef.net\/index.php?rest_route=\/wp\/v2\/posts\/4659\/revisions"}],"wp:attachment":[{"href":"https:\/\/www.servir.caef.net\/index.php?rest_route=%2Fwp%2Fv2%2Fmedia&parent=4659"}],"wp:term":[{"taxonomy":"category","embeddable":true,"href":"https:\/\/www.servir.caef.net\/index.php?rest_route=%2Fwp%2Fv2%2Fcategories&post=4659"},{"taxonomy":"post_tag","embeddable":true,"href":"https:\/\/www.servir.caef.net\/index.php?rest_route=%2Fwp%2Fv2%2Ftags&post=4659"}],"curies":[{"name":"wp","href":"https:\/\/api.w.org\/{rel}","templated":true}]}}