{"id":4853,"date":"2007-11-02T09:58:03","date_gmt":"2007-11-02T09:58:03","guid":{"rendered":"\/?p=4853"},"modified":"2016-10-04T14:11:33","modified_gmt":"2016-10-04T14:11:33","slug":"mondialisation-vous-avez-dit-mondialisation","status":"publish","type":"post","link":"https:\/\/www.servir.caef.net\/?p=4853","title":{"rendered":"Mondialisation&#8230; Vous avez dit mondialisation ?"},"content":{"rendered":"<h1 style=\"text-align: center;\">Mondialisation&#8230; Vous avez dit mondialisation ?<\/h1>\n<p>&nbsp;<\/p>\n<p style=\"text-align: center;\"><a href=\"\/wp-content\/uploads\/2007\/11\/SERV19.jpg\"><img loading=\"lazy\" decoding=\"async\" class=\"size-full wp-image-4922\" title=\"SERV1\" src=\"\/wp-content\/uploads\/2007\/11\/SERV19.jpg\" alt=\"\" width=\"620\" height=\"400\" hspace=\"10\" vspace=\"5\" srcset=\"https:\/\/www.servir.caef.net\/wp-content\/uploads\/2007\/11\/SERV19.jpg 897w, https:\/\/www.servir.caef.net\/wp-content\/uploads\/2007\/11\/SERV19-300x193.jpg 300w\" sizes=\"auto, (max-width: 620px) 100vw, 620px\" \/><\/a><\/p>\n<p style=\"text-align: center;\">\u00a0<\/p>\n<p>&nbsp;<\/p>\n<p><strong><span style=\"color: #b22222;\"><span style=\"font-size: 16px;\">Par Claude MARTINAUD<\/span><\/span><\/strong><\/p>\n<p><a href=\"\/wp-content\/uploads\/2007\/11\/Claude-Martinaud.png\"><img loading=\"lazy\" decoding=\"async\" class=\"alignleft size-full wp-image-6902\" title=\"Claude Martinaud\" src=\"\/wp-content\/uploads\/2007\/11\/Claude-Martinaud.png\" alt=\"\" width=\"117\" height=\"143\" align=\"absBottom\" hspace=\"10\" vspace=\"10\" \/><\/a><\/p>\n<p>&nbsp;<\/p>\n<p align=\"JUSTIFY\"><strong>Quand un mot devient, si l&rsquo;on peut dire, populaire et qu&rsquo;il est utilis\u00e9 par tous et chacun, c&rsquo;est souvent parce qu&rsquo;il rend compte d&rsquo;un changement, de l&rsquo;apparition d&rsquo;une nouvelle id\u00e9e, d&rsquo;un nouveau fonctionnement.<\/strong><\/p>\n<p align=\"JUSTIFY\">\u00a0<\/p>\n<p>&nbsp;<\/p>\n<p>&nbsp;<\/p>\n<p>&nbsp;<\/p>\n<h2>Des mots et des choses ou un n\u00e9cessaire retour en arri\u00e8re&#8230;<\/h2>\n<p align=\"JUSTIFY\">\u00a0<\/p>\n<p>&nbsp;<\/p>\n<p align=\"JUSTIFY\">Le terme mondialisation appara\u00eet dans les ann\u00e9es 1960 dans un ouvrage du professeur Mac Luhan : \u00ab\u00a0Guerre et paix dans le village plan\u00e9taire\u00a0\u00bb.<sub><strong>1<\/strong><\/sub> Pour lui, le monde changeait et la soci\u00e9t\u00e9 qui en r\u00e9sultait \u00e9tait radicalement nouvelle. Nous sommes en pleine p\u00e9riode de la guerre du Vietnam. Ce m\u00eame auteur poursuit quelques ann\u00e9es plus tard avec \u00ab\u00a0La galaxie Gutenberg\u00a0\u00bb<sub><strong>2<\/strong><\/sub> o\u00f9 il explique que l&rsquo;apparition du &lsquo;tout \u00e9lectronique&rsquo; recr\u00e9e le monde. Ces ouvrages auront un grand retentissement et d&rsquo;autres auteurs iront dans le m\u00eame sens.<\/p>\n<p align=\"JUSTIFY\">\u00a0<\/p>\n<p align=\"JUSTIFY\"><!--more--><\/p>\n<p align=\"JUSTIFY\"><strong><a href=\"\/wp-content\/uploads\/2007\/pdf2007\/Servir2007_6.pdf#page=12\" target=\"_blank\"><img loading=\"lazy\" decoding=\"async\" title=\"iconePDF\" src=\"\/wp-content\/uploads\/2011\/01\/iconePDF.jpg\" alt=\"\" width=\"81\" height=\"76\" align=\"right\" hspace=\"8\" vspace=\"8\" \/><\/a><\/strong>Les deux mots mondialisation et globalisation apparaissent donc en Europe et aux Etats-Unis pour d\u00e9crire des ph\u00e9nom\u00e8nes \u00e0 l&rsquo;\u00e9chelle plan\u00e9taire. C&rsquo;est en plein \u00ab\u00a0Kennedy Round\u00a0\u00bb en 1964 qu&rsquo;un journaliste d\u00e9bute son article dans le journal \u00ab\u00a0le Monde\u00a0\u00bb par : \u00ab Vers la mondialisation des \u00e9changes \u00bb. Il faut attendre les ann\u00e9es 80 pour que les \u00e9conomistes utilisent le mot globalisation dans un sens pr\u00e9cis \u00e0 propos de la firme globale c&rsquo;est-\u00e0-dire des multinationales, avec le grand march\u00e9 mondial. Mais pour l&rsquo;instant rien de bien nouveau puisque l&rsquo;on trouve trace de ce ph\u00e9nom\u00e8ne de mondialisation dans le Manifeste du Parti Communiste de 1848 ! La mondialisation en tant que ph\u00e9nom\u00e8ne de mise en relation de territoires \u00e9loign\u00e9s est un fait ancien.<\/p>\n<p align=\"JUSTIFY\">\u00a0<\/p>\n<p align=\"JUSTIFY\">Ce qui va propulser en avant ces mots c&rsquo;est l&rsquo;\u00e9volution de la sph\u00e8re financi\u00e8re d\u00e8s 1990. Ce sont les \u00e9conomistes qui ont lanc\u00e9 avec succ\u00e8s ces deux mots globalisation et mondialisation : ils d\u00e9crivent le fonctionnement des multinationales<strong><sub>3<\/sub><\/strong> &#8211; les entreprises s&rsquo;internationalisent pour la production, la conception, la vente d&rsquo;un produit &#8211; et des march\u00e9s financiers : on constate une explosion des mouvements de capitaux depuis les ann\u00e9es 1980. Ainsi les fameux fonds de pension am\u00e9ricains doublent de volume en cinq ans ! Or cela co\u00efncide avec le d\u00e9sengagement des Etats : ceux-ci ont renonc\u00e9 \u00e0 contr\u00f4ler les mouvements de capitaux : c&rsquo;est la d\u00e9r\u00e9glementation.<\/p>\n<p align=\"JUSTIFY\">\u00a0<\/p>\n<p align=\"JUSTIFY\">Des \u00e9v\u00e9nements importants vont contribuer \u00e0 renforcer la notori\u00e9t\u00e9 du mot, il s&rsquo;agit de la chute de l&rsquo;URSS et du monde communiste ainsi que de la disparition de ce que l&rsquo;on appelait le Tiers-Monde, suite \u00e0 la conf\u00e9rence de Bandung et la cr\u00e9ation du mouvement des non-align\u00e9s. Les grands organismes \u00e9conomiques comme l&rsquo;OCDE vont abondamment utiliser le mot mondialisation lorsqu&rsquo;ils d\u00e9crivent ou analysent la situation \u00e9conomique mondiale. Il n&rsquo;y a plus qu&rsquo;un seul mod\u00e8le : celui du capitalisme lib\u00e9ral. Il faudra attendre les ann\u00e9es 1995 pour que le mot s&rsquo;\u00e9tende de la sph\u00e8re \u00e9conomique \u00e0 la sph\u00e8re sociale. C&rsquo;est en 1997 en effet que para\u00eet dans les \u00ab\u00a0Dossiers et documents du Monde\u00a0\u00bb le titre : \u00ab\u00a0Irr\u00e9sistible mondialisation\u00a0\u00bb. Le mot et le concept de mondialisation vont s&rsquo;\u00e9tendre aux autres sciences sociales, politiques, g\u00e9ographiques.<\/p>\n<p align=\"JUSTIFY\">\u00a0<\/p>\n<p align=\"JUSTIFY\">Ne s&rsquo;agit-il pas en fait d&rsquo;une rupture, que l&rsquo;on peut dater des ann\u00e9es 70<sub><strong>4<\/strong><\/sub>, dans la mani\u00e8re d&rsquo;appr\u00e9hender le monde et de l&rsquo;analyser ? \u00ab\u00a0La g\u00e9ographie\u00a0\u00bb, dit J. L\u00e9vy, \u00ab\u00a0pense l&rsquo;espace pour lire le monde\u00a0\u00bb. Pendant longtemps on a raisonn\u00e9 du particulier au g\u00e9n\u00e9ral, on a d\u00e9crit les nations et pens\u00e9 le monde. Depuis les ann\u00e9es 1990 c&rsquo;est le syst\u00e8me monde qui permet de penser le particulier.<\/p>\n<p align=\"JUSTIFY\">\u00a0<\/p>\n<p align=\"JUSTIFY\">Les dysfonctionnements du syst\u00e8me monde ou les probl\u00e8mes li\u00e9s \u00e0 la mondialisation.<\/p>\n<p align=\"JUSTIFY\">\u00a0<\/p>\n<p align=\"JUSTIFY\">Alors qu&rsquo;une ind\u00e9niable croissance \u00e0 l&rsquo;\u00e9chelle plan\u00e9taire existe, force est de constater que la pr\u00e9carit\u00e9, les in\u00e9galit\u00e9s non seulement demeurent, mais semblent s&rsquo;accro\u00eetre. C&rsquo;est \u00e0 Seattle lors d&rsquo;une conf\u00e9rence de l&rsquo;OMC en 2000 qu&rsquo;une protestation violente rappelle \u00e0 tous que la prosp\u00e9rit\u00e9 n&rsquo;est pas redistribu\u00e9e \u00e9quitablement : c&rsquo;est vrai des \u00e9carts entre les &lsquo;Nords&rsquo; et les &lsquo;Suds&rsquo; mais c&rsquo;est \u00e9galement vrai \u00e0 l&rsquo;int\u00e9rieur des \u00e9tats eux-m\u00eames. Or la guerre commerciale fait rage : n&rsquo;a-t-elle pas dans les ann\u00e9es 80 remplac\u00e9 la v\u00e9ritable guerre ?<\/p>\n<p align=\"JUSTIFY\">\u00a0<\/p>\n<p align=\"JUSTIFY\">Tous les coups sont permis : anti-concurrence, sur-r\u00e9glementation&#8230; et c&rsquo;est l&rsquo;OMC<strong><sub>5<\/sub><\/strong> qui tranche en faveur par exemple, du b\u0153uf aux hormones, ou en faveur des OGM&#8230; Les d\u00e9localisations deviennent courantes et sont m\u00eame brandies pour faire \u00ab\u00a0\u00e9voluer\u00a0\u00bb les acquis sociaux. LOMC est de plus en plus per\u00e7ue comme \u00e9tant du c\u00f4t\u00e9 des pays riches ou des puissants contre les autres, les pauvres. Le forum de Porto Alegre en 2002 qui r\u00e9unit plus de 60 000 personnes issues de 120 pays, montre l&rsquo;opposition croissante \u00e0 la formule : \u00ab\u00a0Le monde est une marchandise\u00a0\u00bb il r\u00e9pond : \u00ab\u00a0Un autre monde est possible\u00a0\u00bb !<\/p>\n<p align=\"JUSTIFY\">\u00a0<\/p>\n<p align=\"JUSTIFY\">Soutenir artificiellement la culture du caf\u00e9 dans un pays n&rsquo;est-ce pas aller \u00e0 l&rsquo;encontre des int\u00e9r\u00eats d&rsquo;autres pays en difficult\u00e9 \u00e9conomique ? Les pr\u00eats du FMI<sub><strong>6<\/strong><\/sub> sont accompagn\u00e9s de mesures structurelles qui peuvent grever lourdement les \u00e9conomies ainsi \u00ab\u00a0aid\u00e9es\u00a0\u00bb. La lib\u00e9ralisation sans contr\u00f4le des march\u00e9s financiers a des effets d\u00e9sastreux dans de nombreux pays. Les agricultures de l&rsquo;Europe et des Etats-Unis d&rsquo;Am\u00e9rique, fortement subventionn\u00e9es, ruinent les agricultures locales des pays en d\u00e9veloppement.<\/p>\n<p align=\"JUSTIFY\">\u00a0<\/p>\n<p align=\"JUSTIFY\">A cela s&rsquo;ajoutent toutes les d\u00e9rives criminelles qui profitent du syst\u00e8me : paradis fiscaux qui facilitent le blanchiment \u00ab\u00a0d&rsquo;argent sale\u00a0\u00bb ; mafias diverses qui remettent en question la puissance des Etats. N&rsquo;a-t-on pas vu lors de la chute de l&rsquo;URSS les mafias prendre une partie du pouvoir local&#8230; Les trafics d&rsquo;armes, de clandestins, d&rsquo;esclaves&#8230; prolif\u00e8rent. Et les PMA, euph\u00e9misme pour d\u00e9signer les pays les moins avanc\u00e9s<sub><strong>7<\/strong><\/sub> de la plan\u00e8te, voient le nombre des Etats qui en font partie augmenter ; ce sont les laiss\u00e9s pour compte. Les maladies end\u00e9miques, le SIDA, la dette, font des ravages sans compter toutes les guerres bien r\u00e9elles.<\/p>\n<p align=\"JUSTIFY\">\u00a0<\/p>\n<p align=\"JUSTIFY\">Enfin se profile le spectre du \u00ab\u00a0choc des civilisations\u00a0\u00bb dont a parl\u00e9 Huntington&#8230;<\/p>\n<p align=\"JUSTIFY\">\u00a0<\/p>\n<p align=\"JUSTIFY\">\u00a0<\/p>\n<h2>Des solutions ?<\/h2>\n<p style=\"text-align: right;\"><strong>LE SI\u00c8GE<br \/> DE L\u2019ONU \u00c0<br \/> NEW-YORK<br \/> <\/strong><\/p>\n<p align=\"JUSTIFY\"><a href=\"\/wp-content\/uploads\/2007\/11\/siege-ONU.png\"><img loading=\"lazy\" decoding=\"async\" class=\"alignright size-full wp-image-6903\" title=\"siege ONU\" src=\"\/wp-content\/uploads\/2007\/11\/siege-ONU.png\" alt=\"\" width=\"180\" height=\"144\" hspace=\"10\" vspace=\"10\" \/><\/a>Comment passer d&rsquo;un \u00ab\u00a0pillage\u00a0\u00bb des ressources de la plan\u00e8te dont on sait depuis les ann\u00e9es 70 qu&rsquo;elles ne sont pas extensibles \u00e0 l&rsquo;infini, \u00e0 un d\u00e9veloppement bien compris, c&rsquo;est-\u00e0-dire dans le respect de la nature dont tout le monde profiterait ? C&rsquo;est \u00e0 cette p\u00e9riode en effet que les travaux du club de Rome montrent la distorsion existante entre les ressources mondiales et les pr\u00e9l\u00e8vements effectu\u00e9s et que se cr\u00e9e Greenpeace, une des plus puissantes ONG. Une prise de conscience \u00e9cologique s&rsquo;amorce<strong><sub>8<\/sub><\/strong> : les probl\u00e8mes de la \u00ab\u00a0vache folle\u00a0\u00bb, des pics d&rsquo;ozone, des mar\u00e9es noires, de Tchernobyl, montrent que nous sommes interd\u00e9pendants. .. C&rsquo;est \u00e0 partir de l\u00e0 que se met en place la notion de d\u00e9veloppement durable. L\u2019alter-mondialisme, mouvement politique o\u00f9 se regroupent des associations comme ATTAC, des partis politiques comme les Verts, des syndicats, des journaux, font pression sur l&rsquo;OMC et le G8. Les pays en d\u00e9veloppement se regroupent eux aussi pour tenter d&rsquo;influencer ces grands organismes.<\/p>\n<p style=\"text-align: right;\">\u00a0<\/p>\n<p align=\"JUSTIFY\">Enfin, dans les pays riches, est en train de se cr\u00e9er un mouvement que les sociologues appellent \u00ab\u00a0alter-consommation\u00a0\u00bb. Il s&rsquo;agit des personnes qui privil\u00e9gient l&rsquo;environnement en choisissant l&rsquo;agriculture biologique et tentent de mettre un peu d&rsquo;\u00e9quit\u00e9 dans le monde en soutenant le commerce \u00e9quitable. Dans les dix ans \u00e0 venir, ce groupe de personnes devrait repr\u00e9senter 20% des consommateurs en France.<\/p>\n<p align=\"JUSTIFY\">\u00a0<\/p>\n<p align=\"JUSTIFY\">Mate certains pensent que la mondialisation n&rsquo;est pas d\u00e9montr\u00e9e. En effet ce sont les statistiques qui peuvent donner la \u00ab\u00a0r\u00e9alit\u00e9\u00a0\u00bb de la mondialisation. Or, ces derni\u00e8res disent ce que l&rsquo;on veut bien leur faire dire ! S&rsquo;il est vrai que le commerce international a doubl\u00e9 entre les ann\u00e9es 1967 et 1975, il y a eu ensuite un ralentissement voire une stabilisation. Les d\u00e9tracteurs de la mondialisation font appel aussi \u00e0 l&rsquo;histoire et constatent que le ph\u00e9nom\u00e8ne n&rsquo;est pas nouveau : en 1913<strong><sub>9<\/sub><\/strong>, l&rsquo;Europe avait un taux d&rsquo;ouverture de 17% alors qu&rsquo;en 1992 il n&rsquo;avait progress\u00e9 que jusqu&rsquo;\u00e0 20% !<\/p>\n<p align=\"JUSTIFY\">\u00a0<\/p>\n<p align=\"JUSTIFY\">Le temps des nations n&rsquo;est pas fini d\u00e9clare R. Boyer. L\u2019affaiblissement des Etats est un leurre<sub><strong>10<\/strong><\/sub> m\u00eame si une contestation int\u00e9rieure les menace<sub><strong>11<\/strong><\/sub>. De plus les ph\u00e9nom\u00e8nes de r\u00e9gionalisation<sub><strong>12<\/strong><\/sub> mis en place par les Etats peuvent \u00eatre analys\u00e9s comme des r\u00e9sistances \u00e0 la mondialisation. Le pr\u00e9curseur en ce domaine \u00e9tant l&rsquo;Europe et plus particuli\u00e8rement la CEE.<\/p>\n<p align=\"JUSTIFY\">\u00a0<\/p>\n<p align=\"JUSTIFY\">Des g\u00e9ographes et non des moindres<sub><strong>13<\/strong><\/sub> disent que le monde est \u00e0 la fois \u00ab\u00a0pluriel et singulier\u00a0\u00bb. Il peut s&rsquo;appr\u00e9hender en termes d&rsquo;\u00e9chelle mais il ne faut pas oublier que le \u00ab\u00a0syst\u00e8me monde\u00a0\u00bb comme tous les syst\u00e8mes a des hi\u00e9rarchies enchev\u00eatr\u00e9es.<\/p>\n<p align=\"JUSTIFY\">\u00a0<\/p>\n<p align=\"JUSTIFY\">En conclusion la mondialisation est un ph\u00e9nom\u00e8ne ancien, fortement complexe, qui s&rsquo;\u00e9tend \u00e0 un espace de plus en plus cons\u00e9quent &#8211; le monde ! &#8211; mais qui ne profite pas \u00e9galement \u00e0 tous : les lieux centraux sont hyper d\u00e9velopp\u00e9s alors que d&rsquo;autres espaces, comme par exemple l&rsquo;Afrique sub-saharienne, sont laiss\u00e9s pour compte.<\/p>\n<p align=\"JUSTIFY\">\u00a0<\/p>\n<p align=\"JUSTIFY\">En tant que chr\u00e9tiens nous ne pouvons pas laisser faire et laisser s&rsquo;accro\u00eetre les in\u00e9galit\u00e9s, que ce soit \u00e0 l&rsquo;int\u00e9rieur de notre propre pays ou au niveau mondial. Nous avons une responsabilit\u00e9 personnelle et collective <span style=\"background-color: #add8e6;\"><em>(Gn 1.28 et 2.15 ; Ps 8.7-9 ; Am 5.14-15)<\/em><\/span>. Nous ne pouvons pas nous \u00ab en laver les mains \u00bb en laissant les autres agir \u00e0 notre place.<\/p>\n<p align=\"JUSTIFY\">\u00a0<\/p>\n<p style=\"text-align: center;\">C.M. Juillet 2004<\/p>\n<p align=\"JUSTIFY\">\u00a0<\/p>\n<h3><span style=\"background-color: #ffd700;\"><strong>Piste Bibliographique<\/strong><\/span><\/h3>\n<p align=\"JUSTIFY\"><span style=\"background-color: #ffd700;\"><br \/> <\/span><\/p>\n<p align=\"JUSTIFY\"><span style=\"background-color: #ffd700;\">&#8211; TARRIUS A, <em>La mondialisation par le bas<\/em>, Balland, 2002.<\/span><\/p>\n<p align=\"JUSTIFY\"><span style=\"background-color: #ffd700;\">&#8211; DOLFUSS O, <em>La Mondialisation<\/em>, Presse de Sciences P\u00f4, 1997.<\/span><\/p>\n<p align=\"JUSTIFY\"><span style=\"background-color: #ffd700;\">&#8211; HUNTINGTON S, <em>Le choc des civilisations<\/em>, Odile Jacob, 2002.<\/span><\/p>\n<p align=\"JUSTIFY\"><span style=\"background-color: #ffd700;\">&#8211; MANZAGOL C, <em>La mondialisation &#8211; Donn\u00e9es, m\u00e9canismes et enjeux<\/em>, Armand Colin, 2003.<\/span><\/p>\n<p align=\"JUSTIFY\"><span style=\"background-color: #ffd700;\">&#8211; GEMDEV, <em>Mondialisation. Les mots et les choses<\/em>, Khartala, 1999.<\/span><\/p>\n<p align=\"JUSTIFY\">\u00a0<\/p>\n<hr \/>\n<div id=\"ftn1\" dir=\"LTR\">\n<p align=\"JUSTIFY\">NOTES<\/p>\n<p align=\"JUSTIFY\">\u00a0<\/p>\n<\/div>\n<p align=\"JUSTIFY\"><strong>1<\/strong>. McLuhan , Flore, <em>Guerre et paix dans le village plan\u00e9taire<\/em>, Laffont, 1971<\/p>\n<p align=\"JUSTIFY\">\u00a0<\/p>\n<div id=\"ftn2\" dir=\"LTR\">\n<p align=\"JUSTIFY\"><strong>2<\/strong>. McLuhan, <em>La galaxie Gutenberg &#8211; gen\u00e8se de l&rsquo;homme typographique<\/em>, Gallimard, 1967<\/p>\n<p align=\"JUSTIFY\">\u00a0<\/p>\n<\/div>\n<div id=\"ftn3\" dir=\"LTR\">\n<p align=\"JUSTIFY\"><strong>3<\/strong>. Parmi les plus grandes multinationales il faut citer General Motors, Exxon, Mobil, Ford, Mitsui, la premi\u00e8re fran\u00e7aise est \u00e0 la quinzi\u00e8me place il s&rsquo;agit d&rsquo;AXA.<\/p>\n<p align=\"JUSTIFY\">\u00a0<\/p>\n<\/div>\n<div id=\"ftn4\" dir=\"LTR\">\n<p align=\"JUSTIFY\"><strong>4<\/strong>. L\u2019ann\u00e9e 70 fin des trente glorieuses et de la croissance forte ? D\u00e9but des difficult\u00e9s sur fond d&rsquo;incertitudes politiques et \u00e9conomiques ?<\/p>\n<p align=\"JUSTIFY\">\u00a0<\/p>\n<\/div>\n<div id=\"ftn5\" dir=\"LTR\">\n<p align=\"JUSTIFY\"><strong>5<\/strong>. L\u2019OMC (Organisation Mondiale du Commerce). Il faut rappeler que cette organisation est n\u00e9e en 1994 (trait\u00e9 de Marrakech) et a ouvert ses portes en 1995 succ\u00e9dant au GATT.<\/p>\n<p align=\"JUSTIFY\">\u00a0<\/p>\n<\/div>\n<div id=\"ftn6\" dir=\"LTR\">\n<p align=\"JUSTIFY\"><strong>6<\/strong>. Le FMI (Fond Mon\u00e9taire International) a \u00e9t\u00e9 cr\u00e9\u00e9 suite aux accords de Bretton Woods en juillet 1944. Il intervient avec la banque mondiale.<\/p>\n<p align=\"JUSTIFY\">\u00a0<\/p>\n<\/div>\n<div id=\"ftn7\" dir=\"LTR\">\n<p align=\"JUSTIFY\"><strong>7<\/strong>. Pays qui ont un revenu par habitant inf\u00e9rieur \u00e0 900 dollars par an.<\/p>\n<p align=\"JUSTIFY\">\u00a0<\/p>\n<\/div>\n<div id=\"ftn8\" dir=\"LTR\">\n<p align=\"JUSTIFY\"><strong>8<\/strong>. Rapport Brundtland commission de l&rsquo;ONU \u00e0 l&rsquo;origine du Sommet de la Terre \u00e0 Rio en 1992 et de la notion de d\u00e9veloppement durable<\/p>\n<p align=\"JUSTIFY\">\u00a0<\/p>\n<\/div>\n<div id=\"ftn9\" dir=\"LTR\">\n<p align=\"JUSTIFY\"><strong>9<\/strong>. Boyer Robert, Drache D : <em>\u00ab\u00a0States against markets : The limite of Globalization\u00a0\u00bb<\/em>, New York, 1996<\/p>\n<p align=\"JUSTIFY\">\u00a0<\/p>\n<\/div>\n<div id=\"ftn10\" dir=\"LTR\">\n<p align=\"JUSTIFY\"><strong>10<\/strong>. On constate m\u00eame que le nombre d&rsquo;Etats a augment\u00e9 avec la disparition de l&rsquo;URSS.<\/p>\n<p align=\"JUSTIFY\">\u00a0<\/p>\n<\/div>\n<div id=\"ftn11\" dir=\"LTR\">\n<p align=\"JUSTIFY\"><strong>11<\/strong>. Les S\u00e9paratismes ont surgi dans beaucoup d&rsquo;Etats.<\/p>\n<p align=\"JUSTIFY\">\u00a0<\/p>\n<\/div>\n<div id=\"ftn12\" dir=\"LTR\">\n<p align=\"JUSTIFY\"><strong>12<\/strong>. Bagwati J : <em>\u00ab R\u00e9gionalism versus multilateralism \u00bb<\/em> dans Le Monde Economique septembre 1992.<\/p>\n<p align=\"JUSTIFY\">\u00a0<\/p>\n<\/div>\n<div id=\"ftn13\" dir=\"LTR\">\n<p align=\"JUSTIFY\"><strong>13<\/strong>. O. Dollfus, C. Grataloup, J. L\u00e9vy.<br \/> \u00a0<\/p>\n<\/div>\n","protected":false},"excerpt":{"rendered":"<p>Mondialisation&#8230; Vous avez dit mondialisation ? &nbsp; \u00a0 &nbsp; Par Claude MARTINAUD &nbsp; Quand un mot devient, si l&rsquo;on peut dire, populaire et qu&rsquo;il est utilis\u00e9 par tous et chacun, c&rsquo;est souvent parce qu&rsquo;il rend compte d&rsquo;un changement, de l&rsquo;apparition d&rsquo;une nouvelle id\u00e9e, d&rsquo;un nouveau fonctionnement. \u00a0 &nbsp; &nbsp; &nbsp; Des mots et des choses [&hellip;]<\/p>\n","protected":false},"author":42,"featured_media":0,"comment_status":"closed","ping_status":"closed","sticky":false,"template":"","format":"standard","meta":{"footnotes":""},"categories":[90,16,44,30],"tags":[],"class_list":["post-4853","post","type-post","status-publish","format-standard","hentry","category-argent","category-le-chretien-et-la-societe","category-dieu-et-justice","category-notes-de-lecture"],"_links":{"self":[{"href":"https:\/\/www.servir.caef.net\/index.php?rest_route=\/wp\/v2\/posts\/4853","targetHints":{"allow":["GET"]}}],"collection":[{"href":"https:\/\/www.servir.caef.net\/index.php?rest_route=\/wp\/v2\/posts"}],"about":[{"href":"https:\/\/www.servir.caef.net\/index.php?rest_route=\/wp\/v2\/types\/post"}],"author":[{"embeddable":true,"href":"https:\/\/www.servir.caef.net\/index.php?rest_route=\/wp\/v2\/users\/42"}],"replies":[{"embeddable":true,"href":"https:\/\/www.servir.caef.net\/index.php?rest_route=%2Fwp%2Fv2%2Fcomments&post=4853"}],"version-history":[{"count":0,"href":"https:\/\/www.servir.caef.net\/index.php?rest_route=\/wp\/v2\/posts\/4853\/revisions"}],"wp:attachment":[{"href":"https:\/\/www.servir.caef.net\/index.php?rest_route=%2Fwp%2Fv2%2Fmedia&parent=4853"}],"wp:term":[{"taxonomy":"category","embeddable":true,"href":"https:\/\/www.servir.caef.net\/index.php?rest_route=%2Fwp%2Fv2%2Fcategories&post=4853"},{"taxonomy":"post_tag","embeddable":true,"href":"https:\/\/www.servir.caef.net\/index.php?rest_route=%2Fwp%2Fv2%2Ftags&post=4853"}],"curies":[{"name":"wp","href":"https:\/\/api.w.org\/{rel}","templated":true}]}}