{"id":4881,"date":"2007-11-02T13:32:52","date_gmt":"2007-11-02T13:32:52","guid":{"rendered":"\/?p=4881"},"modified":"2016-10-04T14:16:25","modified_gmt":"2016-10-04T14:16:25","slug":"la-mission-premiere-grande-entreprise-multinationale","status":"publish","type":"post","link":"https:\/\/www.servir.caef.net\/?p=4881","title":{"rendered":"La mission, premi\u00e8re grande entreprise multinationale"},"content":{"rendered":"<h1 style=\"text-align: center;\">La mission, premi\u00e8re grande entreprise multinationale<\/h1>\n<p>&nbsp;<\/p>\n<p>&nbsp;<\/p>\n<p><a href=\"\/wp-content\/uploads\/2007\/11\/Kitt.png\"><img loading=\"lazy\" decoding=\"async\" class=\"alignleft size-full wp-image-6906\" title=\"Kitt\" src=\"\/wp-content\/uploads\/2007\/11\/Kitt.png\" alt=\"\" width=\"112\" height=\"146\" \/><\/a><\/p>\n<p align=\"JUSTIFY\"><strong>par <span style=\"font-size: 16px;\"><span style=\"color: #b22222;\">Allan KITT<\/span><\/span><\/strong><\/p>\n<p align=\"JUSTIFY\">\u00a0<\/p>\n<p>&nbsp;<\/p>\n<p align=\"JUSTIFY\"><a href=\"\/wp-content\/uploads\/2007\/11\/SERV13.jpg\"><img loading=\"lazy\" decoding=\"async\" class=\"alignnone size-medium wp-image-4909\" title=\"SERV1\" src=\"\/wp-content\/uploads\/2007\/11\/SERV13-300x200.jpg\" alt=\"\" width=\"300\" height=\"200\" align=\"left\" hspace=\"10\" vspace=\"5\" srcset=\"https:\/\/www.servir.caef.net\/wp-content\/uploads\/2007\/11\/SERV13-300x200.jpg 300w, https:\/\/www.servir.caef.net\/wp-content\/uploads\/2007\/11\/SERV13.jpg 471w\" sizes=\"auto, (max-width: 300px) 100vw, 300px\" \/><\/a>L\u2019annonce de l&rsquo;Evangile a toujours constitu\u00e9 une entreprise \u00e0 l&rsquo;\u00e9chelle mondiale. N&rsquo;oublions pas que le premier missionnaire de l&rsquo;histoire e l&rsquo;humanit\u00e9 est&#8230; Dieu lui-m\u00eame. D\u00e8s la premi\u00e8re d\u00e9sob\u00e9issance d&rsquo;Adam et Eve, Dieu est venu les chercher l\u00e0 o\u00f9 ils \u00e9taient, perdus. Si la conversation racont\u00e9e dans <span style=\"background-color: #add8e6;\"><em>Gen\u00e8se 3<\/em><\/span> d\u00e9bouche sur l&rsquo;exclusion d&rsquo;Adam et Eve du jardin d&rsquo;\u00c9den, elle laisse entrevoir en m\u00eame temps une restauration : la descendance de\u00a0\u00a0 la femme \u00e9craserait la t\u00eate du serpent <span style=\"background-color: #add8e6;\"><em>(Gn 3.15)<\/em><\/span>.<\/p>\n<p align=\"JUSTIFY\">\u00a0<\/p>\n<p align=\"JUSTIFY\"><!--more--><\/p>\n<p align=\"JUSTIFY\"><strong><a href=\"\/wp-content\/uploads\/2007\/pdf2007\/Servir2007_6.pdf#page=29\" target=\"_blank\"><img loading=\"lazy\" decoding=\"async\" title=\"iconePDF\" src=\"\/wp-content\/uploads\/2011\/01\/iconePDF.jpg\" alt=\"\" width=\"81\" height=\"76\" align=\"right\" hspace=\"8\" vspace=\"8\" \/><\/a><\/strong>Une mani\u00e8re de lire l&rsquo;Ancien Testament est d&rsquo;y voir le r\u00e9cit de la r\u00e9alisation progressive du dessein de Dieu qui veut amener le salut \u00e0 l&rsquo;ensemble de l&rsquo;humanit\u00e9. Ainsi, l&rsquo;\u00c9ternel appelle Abram \u00e0 quitter son pays et \u00e0 partir vers l&rsquo;inconnu, avec pour seul appui sa confiance en Dieu qui voulait que cet homme devienne une b\u00e9n\u00e9diction pour toutes les nations de la terre <span style=\"background-color: #add8e6;\"><em>(Gn 12.1-3)<\/em><\/span>. L\u2019ap\u00f4tre Paul voit dans cet appel adress\u00e9 par Dieu \u00e0 Abraham une activit\u00e9 d&rsquo;\u00e9vang\u00e9lisation aux retomb\u00e9es mondiales (<span style=\"background-color: #add8e6;\"><em>Ga 3.<\/em><\/span>8, o\u00f9 dans le texte original nous trouvons le verbe <em>proeuan-gelizomai<\/em>)<\/p>\n<p align=\"JUSTIFY\">\u00a0<\/p>\n<p align=\"JUSTIFY\">Au fil du r\u00e9cit nous voyons \u00e9galement les multiples tentatives de Satan qui cherche \u00e0 emp\u00eacher ce plan de se r\u00e9aliser, en s&rsquo;attaquant de plusieurs mani\u00e8res \u00e0 ceux qui devaient pr\u00e9parer le chemin \u00e0 la venue du Sauveur du monde.<\/p>\n<p align=\"JUSTIFY\">\u00a0<\/p>\n<p align=\"JUSTIFY\"><a href=\"\/wp-content\/uploads\/2007\/11\/SERV14.jpg\"><img loading=\"lazy\" decoding=\"async\" class=\"alignright size-full wp-image-4910\" title=\"SERV1\" src=\"\/wp-content\/uploads\/2007\/11\/SERV14.jpg\" alt=\"\" width=\"300\" height=\"336\" align=\"right\" hspace=\"10\" vspace=\"5\" srcset=\"https:\/\/www.servir.caef.net\/wp-content\/uploads\/2007\/11\/SERV14.jpg 584w, https:\/\/www.servir.caef.net\/wp-content\/uploads\/2007\/11\/SERV14-267x300.jpg 267w\" sizes=\"auto, (max-width: 300px) 100vw, 300px\" \/><\/a>Le Nouveau Testament s&rsquo;ouvre sur un rappel du r\u00f4le essentiel du peuple juif dans le plan du salut, avec la g\u00e9n\u00e9alogie de J\u00e9sus-Christ remontant \u00e0 Abraham <span style=\"background-color: #add8e6;\"><em>(Mt 1.1-16)<\/em><\/span>. Mais ce m\u00eame Evangile selon Matthieu s&rsquo;ach\u00e8ve sur un appel vibrant adress\u00e9 par J\u00e9sus \u00e0 ses disciples : <span style=\"background-color: #add8e6;\"><em>\u00ab\u00a0Allez, faites de toutes les nations des disciples&#8230;\u00a0\u00bb (Mt 28.19-20)<\/em><\/span>. La promesse qui accompagne cet ordre du Seigneur nous indique que la t\u00e2che de l&rsquo;\u00e9vang\u00e9lisation du monde concernerait les disciples de J\u00e9sus jusqu&rsquo;\u00e0 la fin du monde.<\/p>\n<p align=\"JUSTIFY\">\u00a0<\/p>\n<p align=\"JUSTIFY\">Par la force des choses, dans un premier temps, l&rsquo;\u00e9vang\u00e9lisation s&rsquo;est d\u00e9roul\u00e9e en sens unique, selon le sch\u00e9ma esquiss\u00e9 en <span style=\"background-color: #add8e6;\"><em>Ac 1.8 : \u00ab\u00a0Vous serez mes t\u00e9moins \u00e0 J\u00e9rusalem, en Jud\u00e9e, dans la Samarie et jusqu&rsquo;aux extr\u00e9mit\u00e9s de la terre.\u00a0\u00bb<\/em><\/span> La suite du livre des Actes d\u00e9crit quelques aspects de ce rayonnement de l&rsquo;Evangile \u00e0 partir de J\u00e9rusalem, en allant de plus en plus loin vers l&rsquo;ext\u00e9rieur.<\/p>\n<p align=\"JUSTIFY\">\u00a0<\/p>\n<p align=\"JUSTIFY\">Assez rapidement, cependant, il s&rsquo;av\u00e8re que le rayonnement \u00e0 partir de J\u00e9rusalem devient plut\u00f4t un brassage allant dans tous les sens. L\u2019\u00e9num\u00e9ration des proph\u00e8tes et docteurs dans l&rsquo;Eglise d&rsquo;Antioche, en est un exemple : Barnabas le l\u00e9vite converti, Sim\u00e9on \u00ab\u00a0le noir\u00a0\u00bb, Lucius de Cyr\u00e8ne (la Libye actuelle), Mana\u00ebn qui avait \u00e9t\u00e9 \u00e9lev\u00e9 avec H\u00e9rode Antipas, et Saul l&rsquo;ex-pers\u00e9cuteur des chr\u00e9tiens. Voil\u00e0 une \u00e9quipe aux origines religieuses, culturelles et g\u00e9ographiques extr\u00eamement diverses, mais unie dans le service du Seigneur <span style=\"background-color: #add8e6;\"><em>(Ac 13.1)<\/em><\/span>. D&rsquo;autres listes du Nouveau Testament, comme celle des compagnons de voyage de Paul <span style=\"background-color: #add8e6;\"><em>(Ac 20.4)<\/em><\/span> et celle des chr\u00e9tiens de Rome que celui-ci a voulu saluer <span style=\"background-color: #add8e6;\"><em>(Rm 16.3-15)<\/em><\/span>, ainsi que les p\u00e9rip\u00e9ties du couple Priscille-Aquilas, confirment l&rsquo;impression d&rsquo;une mobilit\u00e9 impressionnante chez ces t\u00e9moins de J\u00e9sus du 1er si\u00e8cle.<\/p>\n<p align=\"JUSTIFY\">\u00a0<\/p>\n<p align=\"JUSTIFY\">Il semble donc que l&rsquo;id\u00e9e assez r\u00e9pandue qui consid\u00e8re la mission comme un mouvement partant des nations dites \u00ab\u00a0civilis\u00e9es\u00a0\u00bb ou \u00ab\u00a0chr\u00e9tiennes\u00a0\u00bb et surtout occidentales, en direction de nations moins favoris\u00e9es, ne correspond pas \u00e0 l&rsquo;id\u00e9e biblique. La mission, bien entendu, est un mouvement de la part de chr\u00e9tiens qui vont vers des hommes et des femmes qui ne le sont pas encore. Mais nous ne pouvons plus dire que seuls les pays qui ont une histoire et une culture de tradition chr\u00e9tienne sont concern\u00e9s par l&rsquo;ordre de mission.<\/p>\n<p align=\"JUSTIFY\">\u00a0<\/p>\n<p align=\"JUSTIFY\">Le ph\u00e9nom\u00e8ne actuel de \u00ab\u00a0mondialisation\u00a0\u00bb nous aide, je crois, \u00e0 comprendre le r\u00f4le que les chr\u00e9tiens de tous les pays sont appel\u00e9s \u00e0 jouer dans l&rsquo;annonce de l&rsquo;Evangile \u00e0 toutes les nations. Des entreprises \u00e9trang\u00e8res viennent s&rsquo;installer en Europe, des entreprises fran\u00e7aises ont recours \u00e0 la sous-traitance \u00e0 l&rsquo;\u00e9tranger dans l&rsquo;int\u00e9r\u00eat de l&rsquo;efficacit\u00e9 et de la rentabilit\u00e9, on fait appel \u00e0 du personnel m\u00e9dical d&rsquo;outre-mer afin de pallier le manque de personnel qualifi\u00e9 de proximit\u00e9&#8230; Sans juger de l&rsquo;aspect moral de telles pratiques, elles illustrent la mani\u00e8re dont la mission peut se faire de nos jours. Ainsi sommes-nous reconnaissants \u00e0 certains pays qui par le pass\u00e9 ont \u00e9t\u00e9 surtout la cible d&rsquo;efforts missionnaires mais qui maintenant changent de r\u00f4le.<\/p>\n<p align=\"JUSTIFY\">\u00a0<\/p>\n<p align=\"JUSTIFY\"><a href=\"\/wp-content\/uploads\/2007\/11\/SERV15.jpg\"><img loading=\"lazy\" decoding=\"async\" class=\"alignleft size-full wp-image-4911\" title=\"SERV1\" src=\"\/wp-content\/uploads\/2007\/11\/SERV15.jpg\" alt=\"\" width=\"225\" height=\"337\" align=\"left\" hspace=\"10\" vspace=\"5\" srcset=\"https:\/\/www.servir.caef.net\/wp-content\/uploads\/2007\/11\/SERV15.jpg 225w, https:\/\/www.servir.caef.net\/wp-content\/uploads\/2007\/11\/SERV15-200x300.jpg 200w\" sizes=\"auto, (max-width: 225px) 100vw, 225px\" \/><\/a>Ces m\u00eames efforts missionnaires ont port\u00e9 du fruit, de sorte que les chr\u00e9tiens sont maintenant plus nombreux \u00ab\u00a0chez eux\u00a0\u00bb que \u00ab\u00a0 chez nous\u00a0\u00bb. La Cor\u00e9e du Sud, par exemple, est devenue le deuxi\u00e8me pays le plus important en nombre de missionnaires envoy\u00e9s apr\u00e8s les \u00c9tats-Unis. Des missionnaires de divers pays d&rsquo;Am\u00e9rique Latine et d&rsquo;Afrique viennent apporter leur aide dans l&rsquo;\u00e9vang\u00e9lisation d&rsquo;une Europe qui en a de plus en plus besoin.<\/p>\n<p align=\"JUSTIFY\">\u00a0<\/p>\n<p align=\"JUSTIFY\">En m\u00eame temps, l\u00e0 o\u00f9 un missionnaire dans le sens traditionnel du terme n&rsquo;a plus acc\u00e8s, nous voyons de plus en plus de chr\u00e9tiens apporter leur savoir-faire dans les domaines techniques, m\u00e9dicaux, commerciaux et \u00e9ducatifs, tout en \u00e9tablissant un t\u00e9moignage chr\u00e9tien ou en \u00e9paulant ce qui existe d\u00e9j\u00e0.<\/p>\n<p align=\"JUSTIFY\">\u00a0<\/p>\n<p align=\"JUSTIFY\">Tout cela remet en cause l&rsquo;attitude plut\u00f4t paternaliste que certains ont pu manifester par le pass\u00e9, comme si l&rsquo;Evangile \u00e9tait en quelque sorte li\u00e9 \u00e0 certaines cultures. Non, l&rsquo;Evangile d\u00e9passe les cultures, s&rsquo;adapte \u00e0 toutes les ethnies, parce qu&rsquo;il est lui-m\u00eame vecteur de transformation. N&rsquo;oublions pas que son auteur est Dieu qui a fait que toutes les nations humaines habitent sur toute la face de la terre <span style=\"background-color: #add8e6;\"><em>(Ac 17.26)<\/em><\/span>. Il veut que tous les hommes soient sauv\u00e9s et parviennent \u00e0 la connaissance de la v\u00e9rit\u00e9 <span style=\"background-color: #add8e6;\"><em>(1 Tm 2.4)<\/em><\/span>.<\/p>\n<p align=\"JUSTIFY\">\u00a0<\/p>\n<p align=\"JUSTIFY\">De nos jours, il semble que les pays o\u00f9 l&rsquo;Esprit de Dieu r\u00e9veille les Eglises de sorte que celles-ci prennent conscience de leur responsabilit\u00e9 d&rsquo;apporter la Bonne Nouvelle I \u00e0 toute la cr\u00e9ation se trouvent ailleurs qu&rsquo;en occident. R\u00e9jouissons-&lsquo; nous de ce mouvement continu de l&rsquo;Esprit, et prions pour que nos pays occidentaux, christianis\u00e9s depuis si longtemps, retrouvent la flamme qui a fait d&rsquo;eux les initiateurs de grands mouvements missionnaires qui, par la gr\u00e2ce de Dieu, ont transform\u00e9 des pays entiers en leur apportant la Bonne Nouvelle de Dieu qui a tant aim\u00e9 <strong>le monde.<\/strong>..<\/p>\n<p align=\"JUSTIFY\">\u00a0<\/p>\n<p align=\"CENTER\">A.K.\u00a0<\/p>\n<p align=\"JUSTIFY\">\u00a0<\/p>\n","protected":false},"excerpt":{"rendered":"<p>La mission, premi\u00e8re grande entreprise multinationale &nbsp; &nbsp; par Allan KITT \u00a0 &nbsp; L\u2019annonce de l&rsquo;Evangile a toujours constitu\u00e9 une entreprise \u00e0 l&rsquo;\u00e9chelle mondiale. N&rsquo;oublions pas que le premier missionnaire de l&rsquo;histoire e l&rsquo;humanit\u00e9 est&#8230; Dieu lui-m\u00eame. D\u00e8s la premi\u00e8re d\u00e9sob\u00e9issance d&rsquo;Adam et Eve, Dieu est venu les chercher l\u00e0 o\u00f9 ils \u00e9taient, perdus. Si [&hellip;]<\/p>\n","protected":false},"author":59,"featured_media":0,"comment_status":"closed","ping_status":"closed","sticky":false,"template":"","format":"standard","meta":{"footnotes":""},"categories":[16,12,8],"tags":[],"class_list":["post-4881","post","type-post","status-publish","format-standard","hentry","category-le-chretien-et-la-societe","category-eglise-et-mission","category-evangelisation"],"_links":{"self":[{"href":"https:\/\/www.servir.caef.net\/index.php?rest_route=\/wp\/v2\/posts\/4881","targetHints":{"allow":["GET"]}}],"collection":[{"href":"https:\/\/www.servir.caef.net\/index.php?rest_route=\/wp\/v2\/posts"}],"about":[{"href":"https:\/\/www.servir.caef.net\/index.php?rest_route=\/wp\/v2\/types\/post"}],"author":[{"embeddable":true,"href":"https:\/\/www.servir.caef.net\/index.php?rest_route=\/wp\/v2\/users\/59"}],"replies":[{"embeddable":true,"href":"https:\/\/www.servir.caef.net\/index.php?rest_route=%2Fwp%2Fv2%2Fcomments&post=4881"}],"version-history":[{"count":0,"href":"https:\/\/www.servir.caef.net\/index.php?rest_route=\/wp\/v2\/posts\/4881\/revisions"}],"wp:attachment":[{"href":"https:\/\/www.servir.caef.net\/index.php?rest_route=%2Fwp%2Fv2%2Fmedia&parent=4881"}],"wp:term":[{"taxonomy":"category","embeddable":true,"href":"https:\/\/www.servir.caef.net\/index.php?rest_route=%2Fwp%2Fv2%2Fcategories&post=4881"},{"taxonomy":"post_tag","embeddable":true,"href":"https:\/\/www.servir.caef.net\/index.php?rest_route=%2Fwp%2Fv2%2Ftags&post=4881"}],"curies":[{"name":"wp","href":"https:\/\/api.w.org\/{rel}","templated":true}]}}