{"id":4970,"date":"2005-01-14T10:02:20","date_gmt":"2005-01-14T10:02:20","guid":{"rendered":"\/?p=4970"},"modified":"2016-09-09T08:21:31","modified_gmt":"2016-09-09T08:21:31","slug":"que-signifie-lexpression-jour-du-seigneur","status":"publish","type":"post","link":"https:\/\/www.servir.caef.net\/?p=4970","title":{"rendered":"Que signifie l&rsquo;expression \u00ab\u00a0Jour du Seigneur\u00a0\u00bb"},"content":{"rendered":"<h1 style=\"text-align: center;\">Que signifie l&rsquo;expression \u00ab\u00a0Jour du Seigneur\u00a0\u00bb<\/h1>\n<h3 style=\"text-align: center;\">\u00a0<\/h3>\n<h3 style=\"text-align: center;\">que l&rsquo;on lit en <span style=\"background-color: #99ccff;\"><em>1 Th 5.2<\/em><\/span><\/h3>\n<p><a href=\"\/wp-content\/uploads\/2009\/05\/serv3.gif\"><img loading=\"lazy\" decoding=\"async\" class=\"alignnone size-full wp-image-6371\" src=\"\/wp-content\/uploads\/2009\/05\/serv3.gif\" alt=\"serv3\" width=\"300\" height=\"189\" \/><\/a><\/p>\n<p align=\"justify\">\u00a0<\/p>\n<p align=\"justify\">\u00a0<\/p>\n<p align=\"justify\">\u00a0<\/p>\n<p align=\"justify\"><strong>par <span style=\"font-size: 16px;\"><span style=\"color: #b22222;\">Alfred KUEN<\/span><\/span><\/strong><\/p>\n<p>&nbsp;<\/p>\n<p align=\"justify\">Cette expression est tir\u00e9e d&rsquo;<span style=\"background-color: #add8e6;\"><em>Am 5.18 (\u00ab jour de l&rsquo;Eternel \u00bb)<\/em><\/span>. Elle d\u00e9signe dans l&rsquo;A.T. un temps o\u00f9 l&rsquo;Eternel interviendra pour juger les nations et b\u00e9nir les siens. Dans le NT, l&rsquo;id\u00e9e de jugement se maintient dans <span style=\"background-color: #add8e6;\"><em>Rm 2.5 ; 2 P 2.9<\/em><\/span>, mais c&rsquo;est aussi <span style=\"background-color: #add8e6;\"><em>le jour de la d\u00e9livrance <\/em><\/span><span style=\"background-color: #add8e6;\"><em>(Ep 4.30)<\/em><\/span>, <span style=\"background-color: #add8e6;\"><em>de Dieu <\/em><\/span><span style=\"background-color: #add8e6;\"><em>(2 P 3.12)<\/em><\/span>, <span style=\"background-color: #add8e6;\"><em>du Christ <\/em><\/span><span style=\"background-color: #add8e6;\"><em>(1 Co1.8; Ph 1.6)<\/em><\/span>, <span style=\"background-color: #add8e6;\"><em>le dernier jour <\/em><\/span><span style=\"background-color: #add8e6;\"><em>(Jn 6.39)<\/em><\/span>, <span style=\"background-color: #add8e6;\"><em>le grand jour <\/em><\/span><span style=\"background-color: #add8e6;\"><em>(Jude 6)<\/em><\/span> ou simplement : <span style=\"background-color: #add8e6;\"><em>le jour <\/em><\/span><span style=\"background-color: #add8e6;\"><em>(2 Th 1. 10)<\/em><\/span>. Bien que pr\u00e9c\u00e9d\u00e9e par des signes <span style=\"background-color: #add8e6;\"><em>(2 Th 2.3)<\/em><\/span>, sa venue sera soudaine et inattendue <span style=\"background-color: #add8e6;\"><em>(Mt 24.43-44 ; Luc 12.39-40 ; 2 P 3. 10 ; Ap3.3 ; 16.15)<\/em><\/span>.<\/p>\n<p align=\"justify\"><!--more--><br \/> \u00a0<\/p>\n<p align=\"justify\"><a href=\"\/wp-content\/uploads\/2005\/pdf2005\/2005_01_18_lexpressionjourduseigneur.pdf\"><img loading=\"lazy\" decoding=\"async\" title=\"iconePDF\" src=\"\/wp-content\/uploads\/2011\/01\/iconePDF.jpg\" alt=\"\" width=\"81\" height=\"76\" align=\"right\" hspace=\"8\" vspace=\"8\" \/><\/a>L&rsquo;expression le jour du Seigneur provient du langage eschatologique des proph\u00e8tes de l&rsquo;Ancien Testament, o\u00f9 elle \u00e9voque surtout la venue en jugement des impies et la r\u00e9tribution divine <span style=\"background-color: #add8e6;\"><em>(cf. Es 2.12ss ; Ez 7.7ss ; Jo\u00ebl 1.15ss ; 2.1 ; Am5.18ss ; So 1.14ss ; Ml 3.19, 23, etc.)<\/em><\/span>, mais aussi parfois la d\u00e9livrance et la b\u00e9n\u00e9diction pour les justes (par exemple en <span style=\"background-color: #add8e6;\"><em>Ml 3.20<\/em><\/span>). [\u2026]<\/p>\n<p>&nbsp;<\/p>\n<p align=\"justify\">Bien des \u00abjours\u00bb sont mentionn\u00e9s dans le Nouveau Testament : <span style=\"background-color: #add8e6;\"><em>le jour du Fils de l&rsquo;homme (Lc 17.24)<\/em><\/span>, <span style=\"background-color: #add8e6;\"><em>du Seigneur (Ac 2.20)<\/em><\/span>, <span style=\"background-color: #add8e6;\"><em>de notre Seigneur J\u00e9sus (2 Co 1.14)<\/em><\/span>, <span style=\"background-color: #add8e6;\"><em>de notre Seigneur J\u00e9sus-Christ (1 Co 1.8)<\/em><\/span>, <span style=\"background-color: #add8e6;\"><em>du Christ J\u00e9sus (Ph 1.6)<\/em><\/span>, <span style=\"background-color: #add8e6;\"><em>du Christ (Ph 1.10 ; 2.16)<\/em><\/span>, ou <span style=\"background-color: #add8e6;\"><em>le jour de Dieu (2 P 3.12)<\/em><\/span>, <span style=\"background-color: #add8e6;\"><em>le jour de la r\u00e9demption (Ep 4.30)<\/em><\/span>, <span style=\"background-color: #add8e6;\"><em>le jour de la col\u00e8re (Rm 2.5)<\/em><\/span>, etc. [&#8230;] ou simplement : <span style=\"background-color: #add8e6;\"><em>\u00ab en ce jour \u00bb (Mt 7.22 ; 24.36)<\/em><\/span>, <span style=\"background-color: #add8e6;\"><em>\u00ab ce jour-l\u00e0 \u00bb (Lc 21.34)<\/em><\/span>.<\/p>\n<p>&nbsp;<\/p>\n<p align=\"justify\">S&rsquo;agit-il de jours diff\u00e9rents ou de diff\u00e9rentes formulations d&rsquo;une m\u00eame r\u00e9alit\u00e9 ? Devant la vari\u00e9t\u00e9 et la fluidit\u00e9 de la terminologie, il est pratiquement impossible de faire des cat\u00e9gories si l&rsquo;on ne part pas d&rsquo;un syst\u00e8me pr\u00e9con\u00e7u servant d&rsquo;outil herm\u00e9neutique. [&#8230;] D&rsquo;ailleurs, si nous examinons le contexte de ces formules, nous constatons que l&rsquo;ap\u00f4tre Paul rattache les m\u00eames \u00e9l\u00e9ments tant\u00f4t \u00e0 l&rsquo;une, tant\u00f4t \u00e0 l&rsquo;autre formulation. [\u2026]<\/p>\n<p>&nbsp;<\/p>\n<p align=\"justify\">Enfin, et surtout, pour l&rsquo;Eglise primitive, la confession <span style=\"background-color: #add8e6;\"><em>\u00ab J\u00e9sus est le Seigneur \u00bb<\/em><\/span> \u00e9tait fondamentale \u00e0 la foi chr\u00e9tienne <span style=\"background-color: #add8e6;\"><em>(1 Co 12.3)<\/em><\/span>. Jamais on n&rsquo;aurait compris une dissociation entre les deux. C&rsquo;est dans cette conviction que les ap\u00f4tres ont repris tout ce qui \u00e9tait dit du Seigneur dans les proph\u00e9ties de l&rsquo;Ancien Testament et l&rsquo;ont appliqu\u00e9 au Christ &#8211; entre autres, ce que les proph\u00e8tes ont annonc\u00e9 au sujet du jour du Seigneur. [\u2026]<\/p>\n<p>&nbsp;<\/p>\n<p align=\"justify\">Nous pouvons donc dire que chaque fois que le mot \u00abjour\u00bb appara\u00eet dans le sens eschatologique, les auteurs du Nouveau Testament parlent de la m\u00eame r\u00e9alit\u00e9 future. Mais, dans ce cas, toutes les proph\u00e9ties qui se rapportent \u00e0 l&rsquo;une des expressions se rapportent aussi \u00e0 l&rsquo;autre.<\/p>\n<p>&nbsp;<\/p>\n<p align=\"center\">A.K.<\/p>\n<p>&nbsp;<\/p>\n","protected":false},"excerpt":{"rendered":"<p>Que signifie l&rsquo;expression \u00ab\u00a0Jour du Seigneur\u00a0\u00bb \u00a0 que l&rsquo;on lit en 1 Th 5.2 \u00a0 \u00a0 \u00a0 par Alfred KUEN &nbsp; Cette expression est tir\u00e9e d&rsquo;Am 5.18 (\u00ab jour de l&rsquo;Eternel \u00bb). Elle d\u00e9signe dans l&rsquo;A.T. un temps o\u00f9 l&rsquo;Eternel interviendra pour juger les nations et b\u00e9nir les siens. Dans le NT, l&rsquo;id\u00e9e de jugement [&hellip;]<\/p>\n","protected":false},"author":72,"featured_media":0,"comment_status":"closed","ping_status":"closed","sticky":false,"template":"","format":"standard","meta":{"footnotes":""},"categories":[26,59,51],"tags":[],"class_list":["post-4970","post","type-post","status-publish","format-standard","hentry","category-la-bible","category-etudes-bibliques","category-retour-de-jesus"],"_links":{"self":[{"href":"https:\/\/www.servir.caef.net\/index.php?rest_route=\/wp\/v2\/posts\/4970","targetHints":{"allow":["GET"]}}],"collection":[{"href":"https:\/\/www.servir.caef.net\/index.php?rest_route=\/wp\/v2\/posts"}],"about":[{"href":"https:\/\/www.servir.caef.net\/index.php?rest_route=\/wp\/v2\/types\/post"}],"author":[{"embeddable":true,"href":"https:\/\/www.servir.caef.net\/index.php?rest_route=\/wp\/v2\/users\/72"}],"replies":[{"embeddable":true,"href":"https:\/\/www.servir.caef.net\/index.php?rest_route=%2Fwp%2Fv2%2Fcomments&post=4970"}],"version-history":[{"count":0,"href":"https:\/\/www.servir.caef.net\/index.php?rest_route=\/wp\/v2\/posts\/4970\/revisions"}],"wp:attachment":[{"href":"https:\/\/www.servir.caef.net\/index.php?rest_route=%2Fwp%2Fv2%2Fmedia&parent=4970"}],"wp:term":[{"taxonomy":"category","embeddable":true,"href":"https:\/\/www.servir.caef.net\/index.php?rest_route=%2Fwp%2Fv2%2Fcategories&post=4970"},{"taxonomy":"post_tag","embeddable":true,"href":"https:\/\/www.servir.caef.net\/index.php?rest_route=%2Fwp%2Fv2%2Ftags&post=4970"}],"curies":[{"name":"wp","href":"https:\/\/api.w.org\/{rel}","templated":true}]}}