{"id":5113,"date":"2005-03-15T13:31:59","date_gmt":"2005-03-15T13:31:59","guid":{"rendered":"\/?p=5113"},"modified":"2016-09-09T08:44:19","modified_gmt":"2016-09-09T08:44:19","slug":"eglise-et-etat-temoignage-une-bouffee-de-liberte","status":"publish","type":"post","link":"https:\/\/www.servir.caef.net\/?p=5113","title":{"rendered":"T\u00e9moignage &#8211; Eglise et Etat : une bouff\u00e9e de libert\u00e9"},"content":{"rendered":"<h1 style=\"text-align: center;\">Eglise et Etat \u00a0: une bouff\u00e9e de libert\u00e9<\/h1>\n<h1 style=\"text-align: center;\">\u00a0<\/h1>\n<p>\u00a0<a href=\"\/wp-content\/uploads\/2011\/05\/Temoignage.jpg\"><img loading=\"lazy\" decoding=\"async\" class=\" size-full wp-image-2645 aligncenter\" src=\"\/wp-content\/uploads\/2011\/05\/Temoignage.jpg\" alt=\"Temoignage\" width=\"390\" height=\"36\" srcset=\"https:\/\/www.servir.caef.net\/wp-content\/uploads\/2011\/05\/Temoignage.jpg 390w, https:\/\/www.servir.caef.net\/wp-content\/uploads\/2011\/05\/Temoignage-300x27.jpg 300w\" sizes=\"auto, (max-width: 390px) 100vw, 390px\" \/><\/a><\/p>\n<p>&nbsp;<\/p>\n<p align=\"JUSTIFY\"><strong>par <span style=\"font-size: 16px;\"><span style=\"color: #b22222;\">Fran\u00e7ois-Jean Martin<\/span><\/span><\/strong><\/p>\n<p align=\"JUSTIFY\">\u00a0<\/p>\n<p>&nbsp;<\/p>\n<p align=\"JUSTIFY\"><strong>Ceci n&rsquo;est qu&rsquo;un t\u00e9moignage du pass\u00e9. La situation que je vais \u00e9voquer n&rsquo;est plus la m\u00eame de nos jours, mais nous ne pouvons oublier notre histoire.<\/strong><\/p>\n<p align=\"JUSTIFY\">\u00a0<\/p>\n<p>&nbsp;<\/p>\n<p align=\"JUSTIFY\">\u00a0<\/p>\n<p align=\"JUSTIFY\">\u00a0<\/p>\n<p align=\"JUSTIFY\">Je suis n\u00e9 dans une famille chr\u00e9tienne apr\u00e8s la seconde guerre mondiale en Espagne sous la dictature fasciste de Franco.<\/p>\n<p align=\"JUSTIFY\">\u00a0<\/p>\n<p align=\"JUSTIFY\"><!--more--><br \/> \u00a0<\/p>\n<p align=\"JUSTIFY\"><a href=\"\/wp-content\/uploads\/2005\/pdf2005\/2005_02_18_unebouffeedeliberte.pdf\" target=\"_blank\"><img loading=\"lazy\" decoding=\"async\" title=\"iconePDF\" src=\"\/wp-content\/uploads\/2011\/01\/iconePDF.jpg\" alt=\"\" width=\"81\" height=\"76\" align=\"right\" hspace=\"8\" vspace=\"8\" \/><\/a>L&rsquo;Eglise Catholique Romaine dans ce pays \u00e9tait dans sa majorit\u00e9 int\u00e9griste, obscurantiste, compromise avec le pouvoir et pers\u00e9cutait les Eglises protestantes \u00e9vang\u00e9liques. Les chr\u00e9tiens \u00e9vang\u00e9liques avaient \u00e0 leur mort droit \u00e0 la fosse commune hors de la terre sacr\u00e9e du cimeti\u00e8re, avec les communistes et les anarchistes.<\/p>\n<p align=\"JUSTIFY\">\u00a0<\/p>\n<p align=\"JUSTIFY\">Les jeunes hommes en \u00e2ge de faire leur service militaire devaient pr\u00eater serment au drapeau en s&rsquo;agenouillant devant une statue de la vierge au cours d&rsquo;une de ces grandioses c\u00e9r\u00e9monies dont les fascistes avaient le go\u00fbt. Cela aboutissait \u00e0 des situations dramatiques car les chr\u00e9tiens \u00e9vang\u00e9liques voulant \u00eatre fid\u00e8les \u00e0 leur foi restaient debout au milieu de centaines d&rsquo;hommes agenouill\u00e9s et passaient par la suite en cour martiale. Apr\u00e8s les ann\u00e9es d&#8217;emprisonnement, retour \u00e0 la case d\u00e9part et les voici \u00e0 nouveau devant faire face \u00e0 la c\u00e9r\u00e9monie du serment au drapeau.<\/p>\n<p align=\"JUSTIFY\">\u00a0<\/p>\n<p align=\"JUSTIFY\">Mes parents se sont mari\u00e9s treize ans apr\u00e8s la guerre civile dans une grande ville et bien que la constitution du pays le permettait, ils ont \u00e9t\u00e9 les premiers \u00e0 faire enregistrer leur mariage par l&rsquo;autorit\u00e9 civile apr\u00e8s une longue bataille et l&rsquo;intervention d&rsquo;un avocat, car la r\u00e9alit\u00e9 \u00e9tait que seuls les pr\u00eatres mariaient dans l&rsquo;Eglise catholique. Ma famille avait \u00ab tout pour plaire \u00bb aux yeux des fascistes. Mes grands-parents \u00e9taient r\u00e9publicains qualifi\u00e9s de rouges par les franquistes alors qu&rsquo;ils \u00e9taient oppos\u00e9s aux communistes, r\u00e9fugi\u00e9s politiques en France. Mes parents \u00e9taient donc catalogu\u00e9s eux aussi comme rouges et protestants (le r\u00e9gime n&rsquo;\u00e9tait pas \u00e0 une contradiction pr\u00e8s). Je n&rsquo;\u00e9tais pas baptis\u00e9 enfant par l&rsquo;Eglise catholique, or ce certificat \u00e9tait n\u00e9cessaire pour toutes les d\u00e9marches : entrer au lyc\u00e9e, \u00e0 l&rsquo;universit\u00e9, avoir un travail dans la fonction publique, exercer une profession lib\u00e9rale, etc&#8230;<\/p>\n<p align=\"JUSTIFY\">\u00a0<\/p>\n<p align=\"JUSTIFY\">J&rsquo;ai souvenir des d\u00e9buts de chaque jour de classe o\u00f9, comme gamin de quatre ou cinq ans, en rang, on devait chanter des chants fascistes, surveill\u00e9s par des miliciens phalangistes le bras tendu pour le salut et devant la statue de la vierge r\u00e9citer des ave-maria. R\u00e9guli\u00e8rement durant la classe, un pr\u00eatre en soutane venait faire pression sur le tr\u00e8s jeune enfant que j&rsquo;\u00e9tais.<\/p>\n<p align=\"JUSTIFY\">\u00a0<\/p>\n<p align=\"JUSTIFY\">Mes parents ont tout quitt\u00e9, afin que leur fils puisse faire des \u00e9tudes et ont immigr\u00e9 en France. Les conditions de vie et les r\u00e9actions x\u00e9nophobes \u00e9taient pourtant dures mais la r\u00e9publique fran\u00e7aise la\u00efque a \u00e9t\u00e9 une bouff\u00e9e d&rsquo;oxyg\u00e8ne. En classe, nous \u00e9tions tous \u00e9gaux et on se moquait que je sois d&rsquo;une famille protestante, social-d\u00e9mocrate. Nos opinions religieuses ou politiques n&rsquo;entraient pas en compte pour pouvoir faire des \u00e9tudes, avoir un m\u00e9tier, une place dans la soci\u00e9t\u00e9. La r\u00e9publique fran\u00e7aise la\u00efque n&rsquo;est pas parfaite, le v\u00e9cu de la la\u00efcit\u00e9 est parfois perverti en anti-religion, mais on oublie que les g\u00e9n\u00e9rations qui nous ont pr\u00e9c\u00e9d\u00e9s se sont battues, ont donn\u00e9 leur vie pour avoir la libert\u00e9 d&rsquo;opinion, de culte et pour une \u00e9cole non inf\u00e9od\u00e9e o\u00f9 leurs enfants bien que non catholiques puissent librement \u00e9tudier.<\/p>\n<p align=\"JUSTIFY\">\u00a0<\/p>\n<p align=\"JUSTIFY\">Je suis profond\u00e9ment reconnaissant \u00e0 la r\u00e9publique fran\u00e7aise la\u00efque, mon pays. Elle m&rsquo;a accueilli, int\u00e9gr\u00e9, fait de moi un de ses hussards de la r\u00e9publique, j&rsquo;en suis fier. Elle n&rsquo;est pas parfaite bien que la\u00efque, elle reste \u00e0 la fois marqu\u00e9e par le catholicisme et par sa longue lutte contre celui-ci, mais comme on dit de la d\u00e9mocratie, elle reste le moins mauvais r\u00e9gime. Actuellement, dans notre pays d&rsquo;origine, mes amis catholiques engag\u00e9s ne reconna\u00eetraient pas leur Eglise dans ce que j&rsquo;ai d\u00e9crit ; cependant un retour au d\u00e9but du XX\u00e8me si\u00e8cle suffirait \u00e0 retrouver ces r\u00e9alit\u00e9s contre lesquelles les protestants se sont aussi battus. Les chr\u00e9tiens \u00e9vang\u00e9liques devraient avoir un devoir de m\u00e9moire et de la reconnaissance pour l&rsquo;\u00e9cole la\u00efque.<\/p>\n<p align=\"JUSTIFY\">\u00a0<\/p>\n<p align=\"JUSTIFY\">\u00a0<\/p>\n<p align=\"CENTER\">F-J.M.<\/p>\n<p align=\"JUSTIFY\">\u00a0<\/p>\n","protected":false},"excerpt":{"rendered":"<p>Eglise et Etat \u00a0: une bouff\u00e9e de libert\u00e9 \u00a0 \u00a0 &nbsp; par Fran\u00e7ois-Jean Martin \u00a0 &nbsp; Ceci n&rsquo;est qu&rsquo;un t\u00e9moignage du pass\u00e9. La situation que je vais \u00e9voquer n&rsquo;est plus la m\u00eame de nos jours, mais nous ne pouvons oublier notre histoire. \u00a0 &nbsp; \u00a0 \u00a0 Je suis n\u00e9 dans une famille chr\u00e9tienne apr\u00e8s la [&hellip;]<\/p>\n","protected":false},"author":3,"featured_media":0,"comment_status":"closed","ping_status":"closed","sticky":false,"template":"","format":"standard","meta":{"footnotes":""},"categories":[16,29,33],"tags":[],"class_list":["post-5113","post","type-post","status-publish","format-standard","hentry","category-le-chretien-et-la-societe","category-la-famille","category-temoignages"],"_links":{"self":[{"href":"https:\/\/www.servir.caef.net\/index.php?rest_route=\/wp\/v2\/posts\/5113","targetHints":{"allow":["GET"]}}],"collection":[{"href":"https:\/\/www.servir.caef.net\/index.php?rest_route=\/wp\/v2\/posts"}],"about":[{"href":"https:\/\/www.servir.caef.net\/index.php?rest_route=\/wp\/v2\/types\/post"}],"author":[{"embeddable":true,"href":"https:\/\/www.servir.caef.net\/index.php?rest_route=\/wp\/v2\/users\/3"}],"replies":[{"embeddable":true,"href":"https:\/\/www.servir.caef.net\/index.php?rest_route=%2Fwp%2Fv2%2Fcomments&post=5113"}],"version-history":[{"count":0,"href":"https:\/\/www.servir.caef.net\/index.php?rest_route=\/wp\/v2\/posts\/5113\/revisions"}],"wp:attachment":[{"href":"https:\/\/www.servir.caef.net\/index.php?rest_route=%2Fwp%2Fv2%2Fmedia&parent=5113"}],"wp:term":[{"taxonomy":"category","embeddable":true,"href":"https:\/\/www.servir.caef.net\/index.php?rest_route=%2Fwp%2Fv2%2Fcategories&post=5113"},{"taxonomy":"post_tag","embeddable":true,"href":"https:\/\/www.servir.caef.net\/index.php?rest_route=%2Fwp%2Fv2%2Ftags&post=5113"}],"curies":[{"name":"wp","href":"https:\/\/api.w.org\/{rel}","templated":true}]}}