{"id":5121,"date":"2005-03-15T13:48:51","date_gmt":"2005-03-15T13:48:51","guid":{"rendered":"\/?p=5121"},"modified":"2016-09-13T14:32:34","modified_gmt":"2016-09-13T14:32:34","slug":"eglise-et-etat-bibliographie-lectures-sur-le-theme-de-la-laicite","status":"publish","type":"post","link":"https:\/\/www.servir.caef.net\/?p=5121","title":{"rendered":"Eglise et Etat &#8211; Bibliographie  &#8211;  Lectures sur le th\u00e8me de la la\u00efcit\u00e9"},"content":{"rendered":"<h1 style=\"text-align: center;\">Eglise et Etat\u00a0<\/h1>\n<p>&nbsp;<\/p>\n<h1 style=\"text-align: center;\">\u00a0<a href=\"\/wp-content\/uploads\/2012\/11\/bibliographie.jpg\"><img loading=\"lazy\" decoding=\"async\" class=\"alignnone size-full wp-image-7948\" src=\"\/wp-content\/uploads\/2012\/11\/bibliographie.jpg\" alt=\"bibliographie\" width=\"642\" height=\"114\" srcset=\"https:\/\/www.servir.caef.net\/wp-content\/uploads\/2012\/11\/bibliographie.jpg 642w, https:\/\/www.servir.caef.net\/wp-content\/uploads\/2012\/11\/bibliographie-300x53.jpg 300w\" sizes=\"auto, (max-width: 642px) 100vw, 642px\" \/><\/a><\/h1>\n<h1 style=\"text-align: center;\">\u00a0<\/h1>\n<h1 style=\"text-align: center;\"><em>Lectures sur le th\u00e8me de la la\u00efcit\u00e9<sub>1<\/sub><\/em><\/h1>\n<p align=\"JUSTIFY\">\u00a0<\/p>\n<p align=\"JUSTIFY\">\u00a0<\/p>\n<h3>La\u00efcit\u00e9 1905-2005, entre passion et raison<\/h3>\n<p style=\"margin-left: 40px;\" align=\"JUSTIFY\"><em>Jean Baub\u00e9rot &#8211; Ed. Seuil &#8211; 280 pages<\/em><\/p>\n<p>&nbsp;<\/p>\n<p style=\"margin-left: 40px;\" align=\"JUSTIFY\">II fallait un historien et un sociologue comme Jean Baub\u00e9rot pour nous permettre de comprendre l&rsquo;origine d&rsquo;une \u00abpassion fran\u00e7aise\u00bb, ses rebondissements, ses querelles et ses mutations au cours d&rsquo;un si\u00e8cle.<\/p>\n<p align=\"JUSTIFY\">\u00a0<!--more--><\/p>\n<h3><a href=\"\/wp-content\/uploads\/2005\/pdf2005\/2005_02_20_bibliographielaicite.pdf\" target=\"_blank\"><img loading=\"lazy\" decoding=\"async\" title=\"iconePDF\" src=\"\/wp-content\/uploads\/2011\/01\/iconePDF.jpg\" alt=\"\" width=\"81\" height=\"76\" align=\"right\" hspace=\"8\" vspace=\"8\" \/><\/a>La\u00efcit\u00e9s, enjeux th\u00e9ologiques et pratiques<\/h3>\n<p style=\"margin-left: 40px;\" align=\"JUSTIFY\"><em>Collectif &#8211; Ed. Edifac\/Excelsis -208 pages<br \/> <\/em><\/p>\n<p style=\"margin-left: 40px;\" align=\"JUSTIFY\">La la\u00efcit\u00e9 \u00e0 la fran\u00e7aise pr\u00e9pare son centenaire dans un \u00e9tat de malaise qui conduit \u00e0 s&rsquo;interroger sur les diff\u00e9rentes formes de la\u00efcit\u00e9 possibles. Une r\u00e9flexion historique, biblique et th\u00e9ologique.<\/p>\n<p align=\"JUSTIFY\">\u00a0<\/p>\n<h3>La la\u00efcit\u00e9 est une chance<\/h3>\n<p style=\"margin-left: 40px;\" align=\"JUSTIFY\"><em>L&rsquo;exp\u00e9rience de l&rsquo;Arm\u00e9e du Salut &#8211; Collectif &#8211; Ed. P.Rey -120 pages<\/em><\/p>\n<p style=\"margin-left: 40px;\" align=\"JUSTIFY\">En France, l&rsquo;Arm\u00e9e du Salut a cr\u00e9\u00e9 en 2000 une fondation la\u00efque \u00a0reconnue d&rsquo;utilit\u00e9 publique. Dans ce petit livre, elle s&rsquo;interroge sur les liens entre le religieux et le la\u00efc, \u00e0 travers des exemples tr\u00e8s concrets d&rsquo;actions sociales.<\/p>\n<p align=\"JUSTIFY\">\u00a0<\/p>\n<h3>Libert\u00e9 de conscience et libert\u00e9 d&rsquo;expression Communiquer l&rsquo;Evangile en France aujourd&rsquo;hui : est-ce l\u00e9gitime ?<\/h3>\n<p style=\"margin-left: 40px;\" align=\"JUSTIFY\"><em>Collectif \u2013 FEF<\/em><\/p>\n<p style=\"margin-left: 40px;\" align=\"JUSTIFY\">En France, les chr\u00e9tiens, quelle que soit leur confession, sont d&rsquo;accord pour dire que l&rsquo;annonce de l&rsquo;Evangile est l&rsquo;une des missions principales de l&rsquo;Eglise. Cet \u00e9l\u00e9ment cl\u00e9 prend toute son importance dans la soci\u00e9t\u00e9 post-chr\u00e9tienne et pluraliste d&rsquo;aujourd&rsquo;hui.<\/p>\n<p align=\"JUSTIFY\">\u00a0<\/p>\n<h3>Les discriminations religieuses en France<\/h3>\n<p style=\"margin-left: 40px;\" align=\"JUSTIFY\"><em>Colloque &#8211; Ed. l&rsquo;Harmattan -190 pages<\/em><\/p>\n<p style=\"margin-left: 40px;\" align=\"JUSTIFY\">Actes du premier colloque sur les discriminations religieuses en France, du 29 mars 2003 \u00e0 Paris.<\/p>\n<p align=\"JUSTIFY\">\u00a0<\/p>\n<h3>La religion, une anomalie r\u00e9publicaine ?<\/h3>\n<p style=\"margin-left: 40px;\" align=\"JUSTIFY\"><em>Dominique Kounkou -Ed. l&rsquo;Harmattan &#8211; 260 pages<\/em><\/p>\n<p style=\"margin-left: 40px;\" align=\"JUSTIFY\">Sociologue des religions, le pasteur Dominique Kounkou est all\u00e9 \u00e0 la rencontre de citoyens marginalis\u00e9s, voire exclus par une certaine la\u00efcit\u00e9, au-del\u00e0 de tout pr\u00e9jug\u00e9. Il leur donne l&rsquo;occasion de t\u00e9moigner publiquement de ce qu&rsquo;ils ressentent comme des discriminations dues \u00e0 leur croyance.<\/p>\n<p align=\"JUSTIFY\">\u00a0<\/p>\n<h3>Le culte et la l\u00e9gislation<\/h3>\n<p style=\"margin-left: 40px;\" align=\"JUSTIFY\"><em>Alain Ledain\/G\u00e9rard Hung Chei Tui &#8211; Actes 6 gestion -202 pages<\/em><\/p>\n<p style=\"margin-left: 40px;\" align=\"JUSTIFY\">Un manuel clair, actualis\u00e9 au 1er janvier 2005, pour ma\u00eetriser le fonctionnement juridique, comptable, social et fiscal d&rsquo;une \u00e9glise. \u00a0Inclut un compl\u00e9ment sur les associations en Alsace et Moselle.<\/p>\n<p align=\"JUSTIFY\">\u00a0<\/p>\n<h3>Militants de la Bible aux Etats-Unis<\/h3>\n<p style=\"margin-left: 40px;\" align=\"JUSTIFY\"><em>S\u00e9bastien Fath &#8211; Ed. Autrement &#8211; 250 pages<br \/> <\/em><\/p>\n<p style=\"margin-left: 40px;\" align=\"JUSTIFY\">Une \u00e9tude sociohistorique des pratiques religieuses et de la culture de la Bible belt (anciens \u00e9tats conf\u00e9d\u00e9r\u00e9s et Kentucky) et un panorama de la diversit\u00e9 religieuse au sein des \u00e9glises protestantes \u00e9vang\u00e9listes des \u00e9tats du Sud.<\/p>\n<p align=\"JUSTIFY\">\u00a0<\/p>\n<h3>Dieu b\u00e9nisse l&rsquo;Am\u00e9rique<\/h3>\n<p style=\"margin-left: 40px;\" align=\"JUSTIFY\"><em>S\u00e9bastien Fath &#8211; Ed. Seuil<br \/> <\/em><\/p>\n<p style=\"margin-left: 40px;\" align=\"JUSTIFY\">L&rsquo;auteur propose de faire le tour de la religion am\u00e9ricaine et de ses liens au politique. Il rappelle le r\u00f4le de la religion civile aux Etats-Unis, cette impr\u00e9gnation de la soci\u00e9t\u00e9 dans son ensemble par des valeurs religieuses. Il d\u00e9crit la mont\u00e9e, depuis une vingtaine d&rsquo;ann\u00e9es, des \u00e9vang\u00e9liques et le recul concomitant des grandes d\u00e9nominations.<\/p>\n<p style=\"margin-left: 40px;\" align=\"JUSTIFY\">\u00a0<\/p>\n<hr \/>\n<p>NOTE<\/p>\n<p>&nbsp;<\/p>\n<p><strong>1.<\/strong> Liste propos\u00e9e par le CPDH (Comit\u00e9 Protestant \u00e9vang\u00e9lique pour la Dignit\u00e9 Humaine) BP 261 &#8211; 67021 Strasbourg Cedex 1 &#8211; T\u00e9l. 03 88 79 41 20 &#8211; Email : avertir@aol.com II est possible de se procurer ces ouvrages en s&rsquo;adressant \u00e0 cette adresse.<br \/> \u00a0<\/p>\n","protected":false},"excerpt":{"rendered":"<p>Eglise et Etat\u00a0 &nbsp; \u00a0 \u00a0 Lectures sur le th\u00e8me de la la\u00efcit\u00e91 \u00a0 \u00a0 La\u00efcit\u00e9 1905-2005, entre passion et raison Jean Baub\u00e9rot &#8211; Ed. Seuil &#8211; 280 pages &nbsp; II fallait un historien et un sociologue comme Jean Baub\u00e9rot pour nous permettre de comprendre l&rsquo;origine d&rsquo;une \u00abpassion fran\u00e7aise\u00bb, ses rebondissements, ses querelles et ses [&hellip;]<\/p>\n","protected":false},"author":10,"featured_media":0,"comment_status":"closed","ping_status":"closed","sticky":false,"template":"","format":"standard","meta":{"footnotes":""},"categories":[17,16,30,13],"tags":[],"class_list":["post-5121","post","type-post","status-publish","format-standard","hentry","category-lautorite","category-le-chretien-et-la-societe","category-notes-de-lecture","category-la-vie-de-leglise"],"_links":{"self":[{"href":"https:\/\/www.servir.caef.net\/index.php?rest_route=\/wp\/v2\/posts\/5121","targetHints":{"allow":["GET"]}}],"collection":[{"href":"https:\/\/www.servir.caef.net\/index.php?rest_route=\/wp\/v2\/posts"}],"about":[{"href":"https:\/\/www.servir.caef.net\/index.php?rest_route=\/wp\/v2\/types\/post"}],"author":[{"embeddable":true,"href":"https:\/\/www.servir.caef.net\/index.php?rest_route=\/wp\/v2\/users\/10"}],"replies":[{"embeddable":true,"href":"https:\/\/www.servir.caef.net\/index.php?rest_route=%2Fwp%2Fv2%2Fcomments&post=5121"}],"version-history":[{"count":0,"href":"https:\/\/www.servir.caef.net\/index.php?rest_route=\/wp\/v2\/posts\/5121\/revisions"}],"wp:attachment":[{"href":"https:\/\/www.servir.caef.net\/index.php?rest_route=%2Fwp%2Fv2%2Fmedia&parent=5121"}],"wp:term":[{"taxonomy":"category","embeddable":true,"href":"https:\/\/www.servir.caef.net\/index.php?rest_route=%2Fwp%2Fv2%2Fcategories&post=5121"},{"taxonomy":"post_tag","embeddable":true,"href":"https:\/\/www.servir.caef.net\/index.php?rest_route=%2Fwp%2Fv2%2Ftags&post=5121"}],"curies":[{"name":"wp","href":"https:\/\/api.w.org\/{rel}","templated":true}]}}