{"id":5141,"date":"2005-05-15T14:34:38","date_gmt":"2005-05-15T14:34:38","guid":{"rendered":"\/?p=5141"},"modified":"2016-09-09T09:14:34","modified_gmt":"2016-09-09T09:14:34","slug":"la-responsabilite-des-parents-bien-investir-dans-les-loisirs-de-leurs-enfants","status":"publish","type":"post","link":"https:\/\/www.servir.caef.net\/?p=5141","title":{"rendered":"La responsabilit\u00e9 des parents &#8211; Bien investir dans les loisirs de leurs enfants"},"content":{"rendered":"<h1 style=\"text-align: center;\">La responsabilit\u00e9 des parents<\/h1>\n<h3 style=\"text-align: center;\">\u00a0<\/h3>\n<h3 style=\"text-align: center;\">Bien investir dans les loisirs de leurs enfants<\/h3>\n<p align=\"JUSTIFY\">\u00a0<\/p>\n<p align=\"JUSTIFY\">\u00a0<a href=\"\/wp-content\/uploads\/2013\/05\/accroc-2.jpg\"><img loading=\"lazy\" decoding=\"async\" class=\"  wp-image-7162 aligncenter\" src=\"\/wp-content\/uploads\/2013\/05\/accroc-2.jpg\" alt=\"accroc-2\" width=\"390\" height=\"252\" srcset=\"https:\/\/www.servir.caef.net\/wp-content\/uploads\/2013\/05\/accroc-2.jpg 471w, https:\/\/www.servir.caef.net\/wp-content\/uploads\/2013\/05\/accroc-2-300x193.jpg 300w\" sizes=\"auto, (max-width: 390px) 100vw, 390px\" \/><\/a><\/p>\n<p align=\"JUSTIFY\">\u00a0<\/p>\n<p align=\"JUSTIFY\"><strong>par <span style=\"font-size: 16px;\"><span style=\"color: #b22222;\">Michel CASTAGNO<\/span><\/span><\/strong><\/p>\n<p align=\"JUSTIFY\">\u00a0<\/p>\n<p>&nbsp;<\/p>\n<p align=\"JUSTIFY\"><strong>Un sondage paru dans l&rsquo;Express sur le th\u00e8me \u00abR\u00e9ussir sa vie ou les nouveaux codes du bonheur\u00bb, laissait appara\u00eetre que le plus important, pour 8 Fran\u00e7ais sur 10, \u00e9tait la vie affective et familiale alors que le c\u00f4t\u00e9 spirituel n&rsquo;entrait en compte que pour moins de 20 % d&rsquo;entre eux.<\/strong><\/p>\n<p align=\"JUSTIFY\">\u00a0<\/p>\n<p align=\"JUSTIFY\">Lors d&rsquo;une rencontre de jeunes de nos assembl\u00e9es, l&rsquo;orateur posa cette question aux adolescents : \u00ab Qu&rsquo;est-ce que vos parents attendent de vous ? \u00bb<\/p>\n<p align=\"JUSTIFY\">\u00a0<\/p>\n<p align=\"JUSTIFY\"><!--more--><\/p>\n<p align=\"JUSTIFY\"><a href=\"\/wp-content\/uploads\/2005\/pdf2005\/2005_03_04_lesloisirsdesenfants.pdf\" target=\"_blank\"><img loading=\"lazy\" decoding=\"async\" title=\"iconePDF\" src=\"\/wp-content\/uploads\/2011\/01\/iconePDF.jpg\" alt=\"\" width=\"81\" height=\"76\" align=\"right\" hspace=\"8\" vspace=\"8\" \/><\/a>Les r\u00e9ponses concernant leur avenir se r\u00e9sument ainsi : \u00ab que je devienne adulte, ind\u00e9pendant \u00bb, \u00ab que mes parents soient fiers de moi \u00bb, \u00ab que je r\u00e9ussisse socialement et familialement \u00bb, \u00ab que je sois heureux \u00bb.<\/p>\n<p align=\"JUSTIFY\">\u00a0<\/p>\n<p align=\"JUSTIFY\"><strong>Et la vie spirituelle de ces enfants ? <\/strong>Comment se fait-il que parmi ces quarante jeunes ayant grandi dans une famille chr\u00e9tienne, aucun n&rsquo;ait fait la moindre allusion \u00e0 une attente spirituelle de la part de ses parents ?<\/p>\n<p align=\"JUSTIFY\">\u00a0<\/p>\n<p align=\"JUSTIFY\">Je me pose des questions sur les r\u00e9ponses que donneront mes enfants \u00e0 cet \u00e2ge o\u00f9 ils prendront des d\u00e9cisions qui influenceront le reste de leur vie&#8230;<\/p>\n<p align=\"JUSTIFY\">\u00a0<\/p>\n<p align=\"JUSTIFY\">Nous avons le privil\u00e8ge de pouvoir nous appuyer sur la gr\u00e2ce du Seigneur ; mais notre responsabilit\u00e9 de parents demeure. Nul doute, guider nos enfants vers le chemin \u00e9troit reste un immense d\u00e9fi !<\/p>\n<p align=\"JUSTIFY\">\u00a0<\/p>\n<h3>Besoin de se \u00ab serrer les coudes \u00bb<\/h3>\n<p align=\"JUSTIFY\">\u00a0<\/p>\n<p align=\"JUSTIFY\"><span style=\"background-color: #add8e6;\"><em>\u00ab Qui est suffisant pour ces choses ? \u00bb<\/em><\/span> Nous, parents, nous avons cette responsabilit\u00e9 de diffuser le plus efficacement possible le <span style=\"background-color: #add8e6;\"><em>\u00ab parfum de Christ \u00bb (2 Co 2.15-16)<\/em><\/span>, mais nous savons que nos enfants vont aussi d\u00e9couvrir bien d&rsquo;autres senteurs, et les comparer !<\/p>\n<p align=\"JUSTIFY\">\u00a0<\/p>\n<p align=\"JUSTIFY\">L&rsquo;autre jour, mon petit J\u00e9r\u00e9my, qui sait \u00e0 peine parler, exprimait son d\u00e9sir d&rsquo;aller au MacDo plut\u00f4t qu&rsquo;au culte&#8230;<\/p>\n<p align=\"JUSTIFY\">\u00a0<\/p>\n<p align=\"JUSTIFY\">Les jeunes sont assourdis par les valeurs postmodernes v\u00e9hicul\u00e9es dans leur contexte de vie : copains, \u00e9cole, lyc\u00e9e, m\u00e9dias&#8230; O\u00f9 trouveront-ils des exemples positifs, lorsqu&rsquo;\u00e0 l&rsquo;adolescence, ils chercheront des rep\u00e8res ailleurs que dans leur famille ?<\/p>\n<p align=\"JUSTIFY\">\u00a0<\/p>\n<p align=\"JUSTIFY\"><a href=\"\/wp-content\/uploads\/2011\/04\/jeunes-cafe1.jpg\"><img loading=\"lazy\" decoding=\"async\" class=\" size-full wp-image-7091 alignleft\" src=\"\/wp-content\/uploads\/2011\/04\/jeunes-cafe1.jpg\" alt=\"jeunes-cafe\" width=\"390\" height=\"254\" hspace=\"10\" srcset=\"https:\/\/www.servir.caef.net\/wp-content\/uploads\/2011\/04\/jeunes-cafe1.jpg 390w, https:\/\/www.servir.caef.net\/wp-content\/uploads\/2011\/04\/jeunes-cafe1-300x195.jpg 300w\" sizes=\"auto, (max-width: 390px) 100vw, 390px\" \/><\/a>Je souhaite que mes enfants puissent se faire de vrais amis dans l&rsquo;Eglise, d\u00e9couvrir des jeunes de leur \u00e2ge qui aiment J\u00e9sus et qui d\u00e9sirent marcher avec lui. Je prie pour que des moniteurs d&rsquo;\u00e9cole du dimanche, des leaders de jeunes et des animateurs se l\u00e8vent pour jouer ce r\u00f4le de mod\u00e8le et d&rsquo;enseignant.<\/p>\n<p align=\"JUSTIFY\">\u00a0<\/p>\n<p align=\"JUSTIFY\">Dans chaque camp, Dieu est \u00e0 l&rsquo;\u0153uvre : des enfants \u00e9coutent ou re\u00e7oivent l&rsquo;Evangile pour la premi\u00e8re fois, certains manifestent leur int\u00e9r\u00eat par des questions pertinentes, d&rsquo;autres \u00abrechargent leur batterie\u00bb et repartent avec le d\u00e9sir de s&rsquo;engager.<\/p>\n<p align=\"JUSTIFY\">\u00a0<\/p>\n<p align=\"JUSTIFY\">J&rsquo;ai constat\u00e9 \u00e0 plusieurs reprises que certains adolescents ne restent attach\u00e9s \u00e0 l&rsquo;Eglise que par un fil : celui du groupe de jeunes, d&rsquo;un \u00e9v\u00e9nement particulier ou d&rsquo;un camp. Et dans plusieurs cas, ce fil les a ramen\u00e9s \u00e0 Dieu.<\/p>\n<p align=\"JUSTIFY\">\u00a0<\/p>\n<h3>Des outils adapt\u00e9s au service de nos \u00e9glises<\/h3>\n<p align=\"JUSTIFY\">\u00a0<\/p>\n<p align=\"JUSTIFY\">Les projets \u00e9ducatifs des centres de vacances chr\u00e9tiens sont ax\u00e9s sur le d\u00e9veloppement de l&rsquo;ensemble de l&rsquo;individu. Ils tiennent compte du niveau physique, intellectuel et spirituel. Tout cela dans un cadre qui favorise la vie sociale et qui s&rsquo;efforce de garantir la s\u00e9curit\u00e9 physique et morale.<\/p>\n<p align=\"JUSTIFY\">\u00a0<\/p>\n<p align=\"JUSTIFY\">La finalit\u00e9 spirituelle des centres de loisirs est la m\u00eame que celle de nos Eglises. Elle est exprim\u00e9e ainsi par AJC (Association de Jeunesse Chr\u00e9tienne) : \u00ab Que les enfants vivent et approfondissent leur relation personnelle avec Dieu \u00bb.<\/p>\n<p align=\"JUSTIFY\">\u00a0<\/p>\n<p align=\"JUSTIFY\">Cela se d\u00e9cline en plusieurs actions : la communion fraternelle, l&rsquo;enseignement, l&rsquo;\u00e9vang\u00e9lisation et la notion de service de son prochain. Selon les projets p\u00e9dagogiques, l&rsquo;un ou l&rsquo;autre de ces points est mis en avant. Concr\u00e8tement, les enfants b\u00e9n\u00e9ficient :<\/p>\n<p style=\"margin-left: 40px;\" align=\"JUSTIFY\">\u00a0<\/p>\n<p style=\"margin-left: 40px;\" align=\"JUSTIFY\">&#8211; d&rsquo;un enseignement adapt\u00e9, qu&rsquo;ils aient fait une d\u00e9marche de foi ou non,<\/p>\n<p style=\"margin-left: 40px;\" align=\"JUSTIFY\">\u00a0<\/p>\n<p style=\"margin-left: 40px;\" align=\"JUSTIFY\">&#8211; de temps d&rsquo;\u00e9changes, de jeux, d&rsquo;amiti\u00e9s, de dialogues,<\/p>\n<p style=\"margin-left: 40px;\" align=\"JUSTIFY\">\u00a0<\/p>\n<p style=\"margin-left: 40px;\" align=\"JUSTIFY\">&#8211; d&rsquo;un cadre chr\u00e9tien qui les respecte en tant que cr\u00e9atures merveilleuses et qui favorise leur d\u00e9couverte de la foi.,<\/p>\n<p style=\"margin-left: 40px;\" align=\"JUSTIFY\">\u00a0<\/p>\n<p style=\"margin-left: 40px;\" align=\"JUSTIFY\">&#8211; de la vie en collectivit\u00e9 qui va les aider, en particulier, \u00e0 prendre conscience de l&rsquo;autre.<\/p>\n<p align=\"JUSTIFY\">\u00a0<\/p>\n<p align=\"JUSTIFY\">Les plus grands peuvent, par un cycle de formation biblique, par du b\u00e9n\u00e9volat, par une courte mission ou une action d&rsquo;\u00e9vang\u00e9lisation, toucher du doigt la r\u00e9alit\u00e9 du service chr\u00e9tien : se former, prendre des responsabilit\u00e9s, d\u00e9couvrir leurs dons et les mettre en action, pour l&rsquo;Eglise de demain.<\/p>\n<p align=\"JUSTIFY\">\u00a0<\/p>\n<h3>Un investissement<\/h3>\n<p align=\"JUSTIFY\">\u00a0<\/p>\n<p align=\"JUSTIFY\">Que je me place du c\u00f4t\u00e9 des parents ou de celui des colonies de vacances, tout cela co\u00fbte en esp\u00e8ces sonnantes et tr\u00e9buchantes.<\/p>\n<p align=\"JUSTIFY\">\u00a0<\/p>\n<p align=\"JUSTIFY\">Investissement pour les centres est consid\u00e9rable et l&rsquo;\u00e9quilibre financier, qui d\u00e9pend des dons, reste souvent fragile. Les centres de vacances s&rsquo;efforcent, malgr\u00e9 tout, de \u00abtirer les prix vers le bas\u00bb, mais la facture peut peser lourd dans le budget familial, notamment pour les familles nombreuses.<\/p>\n<p align=\"JUSTIFY\">\u00a0<\/p>\n<p align=\"JUSTIFY\">Posons-nous deux questions :<\/p>\n<p align=\"JUSTIFY\">\u00a0<\/p>\n<p style=\"margin-left: 40px;\" align=\"JUSTIFY\">&#8211; Qu&rsquo;attendons-nous de nos enfants ?<\/p>\n<p style=\"margin-left: 40px;\" align=\"JUSTIFY\">\u00a0<\/p>\n<p style=\"margin-left: 40px;\" align=\"JUSTIFY\">&#8211; Quel est le but de <em>Dieu<\/em> pour les enfants qu&rsquo;il nous a confi\u00e9s ?<\/p>\n<p align=\"JUSTIFY\">\u00a0<\/p>\n<p align=\"JUSTIFY\">Je suis persuad\u00e9 que Dieu peut nous donner les moyens d&rsquo;accomplir son oeuvre si nous cherchons d&rsquo;abord &#8211; en priorit\u00e9 ! &#8211; son royaume.<\/p>\n<p align=\"JUSTIFY\">\u00a0<\/p>\n<p align=\"CENTER\">M.C<\/p>\n<p align=\"JUSTIFY\">\u00a0<\/p>\n","protected":false},"excerpt":{"rendered":"<p>La responsabilit\u00e9 des parents \u00a0 Bien investir dans les loisirs de leurs enfants \u00a0 \u00a0 \u00a0 par Michel CASTAGNO \u00a0 &nbsp; Un sondage paru dans l&rsquo;Express sur le th\u00e8me \u00abR\u00e9ussir sa vie ou les nouveaux codes du bonheur\u00bb, laissait appara\u00eetre que le plus important, pour 8 Fran\u00e7ais sur 10, \u00e9tait la vie affective et familiale [&hellip;]<\/p>\n","protected":false},"author":191,"featured_media":0,"comment_status":"closed","ping_status":"closed","sticky":false,"template":"","format":"standard","meta":{"footnotes":""},"categories":[70,29,50,13],"tags":[],"class_list":["post-5141","post","type-post","status-publish","format-standard","hentry","category-le-couple","category-la-famille","category-jeunesse","category-la-vie-de-leglise"],"_links":{"self":[{"href":"https:\/\/www.servir.caef.net\/index.php?rest_route=\/wp\/v2\/posts\/5141","targetHints":{"allow":["GET"]}}],"collection":[{"href":"https:\/\/www.servir.caef.net\/index.php?rest_route=\/wp\/v2\/posts"}],"about":[{"href":"https:\/\/www.servir.caef.net\/index.php?rest_route=\/wp\/v2\/types\/post"}],"author":[{"embeddable":true,"href":"https:\/\/www.servir.caef.net\/index.php?rest_route=\/wp\/v2\/users\/191"}],"replies":[{"embeddable":true,"href":"https:\/\/www.servir.caef.net\/index.php?rest_route=%2Fwp%2Fv2%2Fcomments&post=5141"}],"version-history":[{"count":0,"href":"https:\/\/www.servir.caef.net\/index.php?rest_route=\/wp\/v2\/posts\/5141\/revisions"}],"wp:attachment":[{"href":"https:\/\/www.servir.caef.net\/index.php?rest_route=%2Fwp%2Fv2%2Fmedia&parent=5141"}],"wp:term":[{"taxonomy":"category","embeddable":true,"href":"https:\/\/www.servir.caef.net\/index.php?rest_route=%2Fwp%2Fv2%2Fcategories&post=5141"},{"taxonomy":"post_tag","embeddable":true,"href":"https:\/\/www.servir.caef.net\/index.php?rest_route=%2Fwp%2Fv2%2Ftags&post=5141"}],"curies":[{"name":"wp","href":"https:\/\/api.w.org\/{rel}","templated":true}]}}