{"id":5259,"date":"2005-07-22T15:22:35","date_gmt":"2005-07-22T15:22:35","guid":{"rendered":"\/?p=5259"},"modified":"2016-09-09T09:21:51","modified_gmt":"2016-09-09T09:21:51","slug":"une-eglise-rayonnante","status":"publish","type":"post","link":"https:\/\/www.servir.caef.net\/?p=5259","title":{"rendered":"Une Eglise Rayonnante"},"content":{"rendered":"<h1 style=\"text-align: center;\">\u00ab\u00a0Une Eglise Rayonnante\u00a0\u00bb<\/h1>\n<p align=\"JUSTIFY\">\u00a0<a href=\"\/wp-content\/uploads\/2012\/07\/les-gens.jpg\"><img loading=\"lazy\" decoding=\"async\" class=\" size-full wp-image-7384 aligncenter\" src=\"\/wp-content\/uploads\/2012\/07\/les-gens.jpg\" alt=\"les-gens\" width=\"394\" height=\"263\" srcset=\"https:\/\/www.servir.caef.net\/wp-content\/uploads\/2012\/07\/les-gens.jpg 394w, https:\/\/www.servir.caef.net\/wp-content\/uploads\/2012\/07\/les-gens-300x200.jpg 300w\" sizes=\"auto, (max-width: 394px) 100vw, 394px\" \/><\/a><\/p>\n<p align=\"JUSTIFY\">\u00a0<\/p>\n<p align=\"JUSTIFY\"><strong>Par <span style=\"font-size: 16px;\"><span style=\"color: #b22222;\">Jonathan HANLEY<\/span><\/span> <\/strong><\/p>\n<p align=\"JUSTIFY\">\u00a0<\/p>\n<p align=\"JUSTIFY\">\u00a0<\/p>\n<p>&nbsp;<\/p>\n<p align=\"JUSTIFY\"><strong>Extrait d&rsquo;une conf\u00e9rence donn\u00e9e \u00e0 la Consultation Nationale sur l&rsquo;Evang\u00e9lisation de mars 2005 \u00e0 Lyon par Jonathan Hanley pasteur, auteur du livre portant le m\u00eame nom, l&rsquo;un des orateurs du Congr\u00e8s 2005 des CAEF. <\/strong><\/p>\n<p align=\"JUSTIFY\">\u00a0<\/p>\n<p align=\"JUSTIFY\">\u00a0<\/p>\n<p>&nbsp;<\/p>\n<h2>Les th\u00e8mes qui pr\u00e9occupent notre soci\u00e9t\u00e9 sont fondamentalement spirituels<\/h2>\n<p align=\"JUSTIFY\">\u00a0<\/p>\n<p align=\"JUSTIFY\">Tous les jours, la t\u00e9l\u00e9vision nous pr\u00e9sente des heures d&rsquo;\u00e9missions qui abordent des sujets essentiellement spirituels : la recherche du plaisir, la transgression des r\u00e8gles, le sens du travail ou de l&rsquo;effort, les al\u00e9as des relations humaines, les myst\u00e8res du monde naturel, la peur de ne pas ma\u00eetriser le temps qui passe, la finitude de l&rsquo;\u00eatre humain, la maladie et la mort.<\/p>\n<p align=\"JUSTIFY\">\u00a0<\/p>\n<p align=\"JUSTIFY\"><!--more--><\/p>\n<p align=\"JUSTIFY\"><a href=\"\/wp-content\/uploads\/2005\/pdf2005\/2005_04_28_uneegliserayonnante.pdf\" target=\"_blank\"><img loading=\"lazy\" decoding=\"async\" title=\"iconePDF\" src=\"\/wp-content\/uploads\/2011\/01\/iconePDF.jpg\" alt=\"\" width=\"81\" height=\"76\" align=\"right\" hspace=\"8\" vspace=\"8\" \/><\/a>Une grande proportion de nos contemporains trouve dans ces \u00e9missions une \u00e9vocation de leurs propres espoirs et interrogations. Pourquoi alors avons-nous autant de mal \u00e0 faire passer le message de la Bible ?<\/p>\n<p align=\"JUSTIFY\">\u00a0<\/p>\n<p align=\"JUSTIFY\">En termes de marketing, cette id\u00e9e devrait \u00eatre facile \u00e0 vendre : elle est positive et correspond aux attentes de la grande majorit\u00e9 de nos contemporains. Et pourtant, nous savons que la plupart d&rsquo;entre eux ne l&rsquo;acceptent pas. Beaucoup ne l&rsquo;envisagent m\u00eame pas comme une proposition s\u00e9rieuse. Ils ont mieux \u00e0 faire que d&rsquo;investir du temps dans des id\u00e9es et des activit\u00e9s qu&rsquo;ils consid\u00e8rent comme d\u00e9tach\u00e9es des pr\u00e9occupations de tous les jours.<\/p>\n<p align=\"JUSTIFY\">\u00a0<\/p>\n<p align=\"JUSTIFY\">Cette attitude est due en partie \u00e0 l&rsquo;exp\u00e9rience qu&rsquo;ont nos contemporains de l&rsquo;\u00e9glise institutionnelle. M\u00eame s&rsquo;ils comprennent que leurs interrogations sont spirituelles, ils ne veulent pas entendre parler d&rsquo;\u00e9glise. (Guerres de religion, luttes politiques dans l&rsquo;\u00e9glise, questions d&rsquo;argent, etc.). Les chr\u00e9tiens ne sont pas vraiment r\u00e9put\u00e9s pour leur <strong>authenticit\u00e9<\/strong>. Ce n&rsquo;est \u00e9videmment pas la seule raison pour laquelle nos contemporains ont du mal \u00e0 accepter la pertinence de l&rsquo;\u00c9vangile.<\/p>\n<p align=\"JUSTIFY\">\u00a0<\/p>\n<p>&nbsp;<\/p>\n<h2>L&rsquo;authenticit\u00e9 dans notre vie personnelle, notre vie d&rsquo;\u00e9glise et nos efforts d&rsquo;\u00e9vang\u00e9lisation<\/h2>\n<p align=\"JUSTIFY\">\u00a0<\/p>\n<p align=\"JUSTIFY\"><a href=\"\/wp-content\/uploads\/2009\/06\/amis.gif\"><img loading=\"lazy\" decoding=\"async\" class=\" size-full wp-image-1077 alignright\" src=\"\/wp-content\/uploads\/2009\/06\/amis.gif\" alt=\"amis\" width=\"223\" height=\"156\" hspace=\"10\" \/><\/a>II ne s&rsquo;agit pas seulement de chasser l&rsquo;hypocrisie.<\/p>\n<p align=\"JUSTIFY\">\u00a0<\/p>\n<p align=\"JUSTIFY\">Plusieurs pi\u00e8ges nous guettent lorsque nous cherchons \u00e0 communiquer l&rsquo;Evangile, notamment celui de limiter notre discours \u00e0 des \u00ab\u00a0d\u00e9clarations\u00a0\u00bb et de voir nos interlocuteurs uniquement en termes de \u00ab\u00a0convertis\u00a0\u00bb potentiels.<\/p>\n<p align=\"JUSTIFY\">\u00a0<\/p>\n<p align=\"JUSTIFY\">Ce que nous appelons \u00ab\u00a0\u00e9vang\u00e9lisation\u00a0\u00bb se r\u00e9duit souvent \u00e0 l&rsquo;annonce de certaines informations qui, pour autant qu&rsquo;elles soient vraies, demeurent inefficaces si nos interlocuteurs ne voient pas en quoi notre message les concerne. La v\u00e9rit\u00e9 dite ou \u00e9crite n&rsquo;est efficace que lorsqu&rsquo;elle est v\u00e9cue dans le cadre d&rsquo;un \u00e9change authentique.<\/p>\n<p align=\"JUSTIFY\">\u00a0<\/p>\n<p align=\"JUSTIFY\">Cela pose la question de la suffisance de la Parole de Dieu.<\/p>\n<p align=\"JUSTIFY\">\u00a0<\/p>\n<p align=\"JUSTIFY\">La Parole de Dieu se suffit-elle \u00e0 elle-m\u00eame ? Oui et non. Oui en termes d&rsquo;autorit\u00e9. Non en termes de communication. Dieu a choisi ses enfants pour communiquer l&rsquo;\u00c9vangile sur le fondement de la r\u00e9v\u00e9lation donn\u00e9e par l&rsquo;Ecriture. Il peut d\u00e9passer l&rsquo;oeuvre de ses enfants, mais semble g\u00e9n\u00e9ralement ne pas vouloir le faire.<\/p>\n<p align=\"JUSTIFY\">\u00a0<\/p>\n<p align=\"JUSTIFY\">De plus, il ne suffit pas de veiller \u00e0 l&rsquo;ad\u00e9quation entre nos paroles et nos gestes, encore faut-il donner \u00e0 ceux qui nous \u00e9coutent l&rsquo;occasion de v\u00e9rifier cette ad\u00e9quation. Nos interlocuteurs veulent des valeurs plus que des \u00ab\u00a0v\u00e9rit\u00e9s\u00a0\u00bb, des conversations plus que des annonces, du temps plus que des paroles.<\/p>\n<p align=\"JUSTIFY\">\u00a0<\/p>\n<p align=\"JUSTIFY\">Pour \u00eatre authentique, nous devons veiller \u00e0 donner ce que nous promettons.<\/p>\n<p align=\"JUSTIFY\">\u00a0<\/p>\n<p align=\"JUSTIFY\">Si nous invitons nos interlocuteurs \u00e0 une projection cin\u00e9matographique, ils s&rsquo;attendent \u00e0 voir un film et non \u00e0 \u00e9couter une conf\u00e9rence ou \u00e0 faire l&rsquo;objet d&rsquo;un interrogatoire sur la foi. Un concert de musique chorale n&rsquo;est pas cens\u00e9 comprendre plus de t\u00e9moignages que de chants. Lorsque nous cherchons \u00e0 remplir nos salles de r\u00e9union sous un faux pr\u00e9texte, nos tentatives pour annoncer la \u00ab\u00a0v\u00e9rit\u00e9\u00a0\u00bb trahissent les valeurs d&rsquo;authenticit\u00e9 qui devraient fonder le t\u00e9moignage chr\u00e9tien.<\/p>\n<p align=\"JUSTIFY\">\u00a0<\/p>\n<p align=\"JUSTIFY\">\u00a0<\/p>\n<h2>Conclusion<\/h2>\n<p align=\"JUSTIFY\">\u00a0<\/p>\n<p align=\"JUSTIFY\">Je ne pr\u00e9conise pas une simple introspection de l&rsquo;Eglise. Nous sommes d\u00e9j\u00e0 suffisamment pr\u00e9occup\u00e9s par nos affaires internes. Mais nous devons prendre le temps d&rsquo;accorder nos \u00e9glises et notre vie au diapason de la gr\u00e2ce divine.<\/p>\n<p align=\"JUSTIFY\">\u00a0<\/p>\n<p align=\"JUSTIFY\">La gr\u00e2ce est le carburant qui permet aux relations humaines de bien fonctionner dans une \u00e9glise locale. L&rsquo;amour entre chr\u00e9tiens, les attentes r\u00e9ciproques, l&rsquo;engagement personnel, la vision communautaire : quand tous ces \u00e9l\u00e9ments seront baign\u00e9s dans la gr\u00e2ce, nos contemporains pourront nous regarder, voir le r\u00e9sultat concret de l&rsquo;oeuvre de Dieu parmi nous et <span style=\"background-color: #add8e6;\"><em>\u00ab\u00a0glorifier notre P\u00e8re qui est dans les cieux\u00a0\u00bb (Matthieu 5.16)<\/em><\/span>.<\/p>\n<p align=\"JUSTIFY\">\u00a0<\/p>\n<p align=\"JUSTIFY\">\u00a0<\/p>\n<p style=\"text-align: center;\">Jonathan HANLEY<\/p>\n<p align=\"JUSTIFY\">\u00a0<\/p>\n<p>&nbsp;<\/p>\n<table style=\"width: 90%;\" border=\"1\" cellspacing=\"3\" cellpadding=\"2\">\n<colgroup>\n<col width=\"90%\" \/><\/colgroup>\n<tbody>\n<tr>\n<td bgcolor=\"#ffffff\" width=\"90%\">\n<p align=\"JUSTIFY\">Plusieurs articles seront publi\u00e9s dans des revues \u00e9vang\u00e9liques reprenant les conf\u00e9rences de cette consultation. Voir en particulier : Id\u00e9a, Info-FEF, Construire Ensemble, Action Missionnaire, Cahiers de l&rsquo;Ecole pastorale.<\/p>\n<p align=\"JUSTIFY\">\u00a0<\/p>\n<p align=\"JUSTIFY\">Les articles et messages seront progressivement mis sur le site <a href=\"http:\/\/www.cse05.org\">www.cse05.org<\/a><\/p>\n<\/td>\n<\/tr>\n<\/tbody>\n<\/table>\n<p>&nbsp;<\/p>\n<p align=\"JUSTIFY\">\u00a0<\/p>\n","protected":false},"excerpt":{"rendered":"<p>\u00ab\u00a0Une Eglise Rayonnante\u00a0\u00bb \u00a0 \u00a0 Par Jonathan HANLEY \u00a0 \u00a0 &nbsp; Extrait d&rsquo;une conf\u00e9rence donn\u00e9e \u00e0 la Consultation Nationale sur l&rsquo;Evang\u00e9lisation de mars 2005 \u00e0 Lyon par Jonathan Hanley pasteur, auteur du livre portant le m\u00eame nom, l&rsquo;un des orateurs du Congr\u00e8s 2005 des CAEF. \u00a0 \u00a0 &nbsp; Les th\u00e8mes qui pr\u00e9occupent notre soci\u00e9t\u00e9 sont [&hellip;]<\/p>\n","protected":false},"author":16,"featured_media":0,"comment_status":"closed","ping_status":"closed","sticky":false,"template":"","format":"standard","meta":{"footnotes":""},"categories":[16,8,13],"tags":[],"class_list":["post-5259","post","type-post","status-publish","format-standard","hentry","category-le-chretien-et-la-societe","category-evangelisation","category-la-vie-de-leglise"],"_links":{"self":[{"href":"https:\/\/www.servir.caef.net\/index.php?rest_route=\/wp\/v2\/posts\/5259","targetHints":{"allow":["GET"]}}],"collection":[{"href":"https:\/\/www.servir.caef.net\/index.php?rest_route=\/wp\/v2\/posts"}],"about":[{"href":"https:\/\/www.servir.caef.net\/index.php?rest_route=\/wp\/v2\/types\/post"}],"author":[{"embeddable":true,"href":"https:\/\/www.servir.caef.net\/index.php?rest_route=\/wp\/v2\/users\/16"}],"replies":[{"embeddable":true,"href":"https:\/\/www.servir.caef.net\/index.php?rest_route=%2Fwp%2Fv2%2Fcomments&post=5259"}],"version-history":[{"count":0,"href":"https:\/\/www.servir.caef.net\/index.php?rest_route=\/wp\/v2\/posts\/5259\/revisions"}],"wp:attachment":[{"href":"https:\/\/www.servir.caef.net\/index.php?rest_route=%2Fwp%2Fv2%2Fmedia&parent=5259"}],"wp:term":[{"taxonomy":"category","embeddable":true,"href":"https:\/\/www.servir.caef.net\/index.php?rest_route=%2Fwp%2Fv2%2Fcategories&post=5259"},{"taxonomy":"post_tag","embeddable":true,"href":"https:\/\/www.servir.caef.net\/index.php?rest_route=%2Fwp%2Fv2%2Ftags&post=5259"}],"curies":[{"name":"wp","href":"https:\/\/api.w.org\/{rel}","templated":true}]}}