{"id":5319,"date":"2005-09-23T07:35:32","date_gmt":"2005-09-23T07:35:32","guid":{"rendered":"\/?p=5319"},"modified":"2016-09-09T12:01:01","modified_gmt":"2016-09-09T12:01:01","slug":"temoignages-sur-la-violence","status":"publish","type":"post","link":"https:\/\/www.servir.caef.net\/?p=5319","title":{"rendered":"T\u00e9moignage &#8211; Sur la violence"},"content":{"rendered":"<h1 style=\"text-align: center;\"><a href=\"\/wp-content\/uploads\/2011\/05\/Temoignage.jpg\"><img loading=\"lazy\" decoding=\"async\" class=\"alignnone size-full wp-image-2645\" src=\"\/wp-content\/uploads\/2011\/05\/Temoignage.jpg\" alt=\"Temoignage\" width=\"390\" height=\"36\" srcset=\"https:\/\/www.servir.caef.net\/wp-content\/uploads\/2011\/05\/Temoignage.jpg 390w, https:\/\/www.servir.caef.net\/wp-content\/uploads\/2011\/05\/Temoignage-300x27.jpg 300w\" sizes=\"auto, (max-width: 390px) 100vw, 390px\" \/><\/a><\/h1>\n<h1 style=\"text-align: center;\">\u00a0<\/h1>\n<h1 style=\"text-align: center;\">T\u00e9moignages sur la violence<\/h1>\n<p style=\"text-align: center;\">\u00a0<\/p>\n<p style=\"text-align: center;\">\u00a0<\/p>\n<p style=\"text-align: center;\">*****<\/p>\n<p>&nbsp;<\/p>\n<h2 style=\"text-align: center;\">J&rsquo;ai \u00e9t\u00e9 agress\u00e9e&#8230; mais j&rsquo;ai pardonn\u00e9<\/h2>\n<p align=\"JUSTIFY\">\u00a0<\/p>\n<p>&nbsp;<\/p>\n<p align=\"JUSTIFY\"><strong><a href=\"\/wp-content\/uploads\/2014\/04\/dialogue-2.jpg\"><img loading=\"lazy\" decoding=\"async\" class=\"alignnone  wp-image-8166\" src=\"\/wp-content\/uploads\/2014\/04\/dialogue-2.jpg\" alt=\"dialogue-2\" width=\"69\" height=\"72\" \/><\/a>Emma, peux-tu nous dire quelques grandes lignes de ta vie ? <\/strong><\/p>\n<p align=\"JUSTIFY\">\u00a0<\/p>\n<p align=\"JUSTIFY\">Je me suis tourn\u00e9e vers le Seigneur pendant la guerre, par le t\u00e9moignage de mon employeur chr\u00e9tien. Apr\u00e8s la guerre, je me suis jointe au groupe de chr\u00e9tiens de \u00ab\u00a0La Bonne Nouvelle\u00a0\u00bb de Strasbourg qui se r\u00e9unissait \u00e0 Barr.<\/p>\n<p align=\"JUSTIFY\">\u00a0<\/p>\n<p align=\"JUSTIFY\">J&rsquo;ai exerc\u00e9 comme agent d&rsquo;entretien \u00e0 la lingerie du lyc\u00e9e technique de jeunes filles de Strasbourg et plus tard au coll\u00e8ge de Barr.<\/p>\n<p align=\"JUSTIFY\">\u00a0<\/p>\n<p align=\"JUSTIFY\">J&rsquo;ai servi le Seigneur, de longues ann\u00e9es durant, comme cuisini\u00e8re des camps et colonies de l&rsquo;association de jeunesse \u00ab\u00a0Joie de Vivre\u00a0\u00bb des Eglises \u00ab\u00a0La Bonne Nouvelle\u00a0\u00bb.<\/p>\n<p align=\"JUSTIFY\">\u00a0<\/p>\n<p align=\"JUSTIFY\"><strong><a href=\"\/wp-content\/uploads\/2014\/04\/dialogue-2.jpg\"><img loading=\"lazy\" decoding=\"async\" class=\"alignnone  wp-image-8166\" src=\"\/wp-content\/uploads\/2014\/04\/dialogue-2.jpg\" alt=\"dialogue-2\" width=\"69\" height=\"72\" \/><\/a>Tu as subi une agression en pleine rue. Peux-tu nous raconter les faits ? <\/strong><\/p>\n<p align=\"JUSTIFY\">\u00a0<!--more--><\/p>\n<p align=\"JUSTIFY\"><a href=\"\/wp-content\/uploads\/2005\/pdf2005\/2005_05_19_temoignagessurlaviolence.pdf\" target=\"_blank\"><img loading=\"lazy\" decoding=\"async\" title=\"iconePDF\" src=\"\/wp-content\/uploads\/2011\/01\/iconePDF.jpg\" alt=\"\" width=\"81\" height=\"76\" align=\"right\" hspace=\"8\" vspace=\"8\" \/><\/a>Il y a 2 ans, au mois d&rsquo;octobre 2003, un vendredi, alors que j&rsquo;allais faire des achats \u00e0 Barr, j&rsquo;avais laiss\u00e9 ma voiture sur un parking et je m&rsquo;en allais \u00e0 pied lorsque, sans que je m&rsquo;en rende compte, un jeune homme s&rsquo;est approch\u00e9 de moi et, en m&rsquo;arrachant mon sac \u00e0 main, m&rsquo;a projet\u00e9e \u00e0 terre et s&rsquo;est enfui. J&rsquo;ai cri\u00e9 \u00ab\u00a0Non ! Non !\u00a0\u00bb.<\/p>\n<p align=\"JUSTIFY\">\u00a0<\/p>\n<p align=\"JUSTIFY\">Comme c&rsquo;\u00e9tait en face de la caserne des pompiers, plusieurs d&rsquo;entre eux ont \u00e9t\u00e9 alert\u00e9s par mes cris. Alors que deux d&rsquo;entre eux accouraient pour me relever, deux autres ont poursuivi le jeune homme et l&rsquo;ont rattrap\u00e9 et ma\u00eetris\u00e9. Ils ont aussi r\u00e9cup\u00e9r\u00e9 mon sac \u00e0 main.<\/p>\n<p align=\"JUSTIFY\">\u00a0<\/p>\n<p align=\"JUSTIFY\">J&rsquo;\u00e9tais bless\u00e9e, mes lunettes m&rsquo;avaient entaill\u00e9 la joue et je saignais abondamment. Le m\u00e9decin qui a \u00e9t\u00e9 appel\u00e9 m&rsquo;a soign\u00e9e, puis les pompiers m&rsquo;ont accompagn\u00e9e, en emmenant aussi mon agresseur, pour faire une d\u00e9position \u00e0 la gendarmerie.<\/p>\n<p align=\"JUSTIFY\">\u00a0<\/p>\n<p align=\"JUSTIFY\">Mon agresseur \u00e9tait un jeune homme de 22 ans environ. A peine \u00e9tions nous parvenus \u00e0 la gendarmerie, la maman du jeune homme, adjointe au maire d&rsquo;un petit village de la r\u00e9gion, est arriv\u00e9e, puis son p\u00e8re. Ils ont manifest\u00e9 leur d\u00e9sarroi et leur consternation devant ce qui s&rsquo;\u00e9tait pass\u00e9. Ils ont fait \u00e9tat qu&rsquo;ils n&rsquo;avaient plus de relations avec leur fils depuis plusieurs ann\u00e9es.<\/p>\n<p align=\"JUSTIFY\">\u00a0<\/p>\n<p align=\"JUSTIFY\">Les gendarmes ayant propos\u00e9 \u00e0 la maman de voir son fils, je lui dis : \u00ab\u00a0Dites-lui que je lui pardonne !\u00a0\u00bb<\/p>\n<p align=\"JUSTIFY\">\u00a0<\/p>\n<p align=\"JUSTIFY\">Un peu plus tard, moi-m\u00eame \u00e9tant introduite dans le bureau o\u00f9 le jeune homme \u00e9tait interrog\u00e9, je l&rsquo;ai questionn\u00e9 : \u00ab\u00a0Pourquoi avez-vous fait cela ?\u00a0\u00bb II me r\u00e9pondit : \u00ab\u00a0Avec mon copain, nous voulions de l&rsquo;argent pour aller acheter de la drogue \u00e0 Strasbourg\u00a0\u00bb. Je n&rsquo;avais en fait que dix euros dans mon sac \u00e0 main !<\/p>\n<p align=\"JUSTIFY\">\u00a0<\/p>\n<p align=\"JUSTIFY\">Apr\u00e8s quoi j&rsquo;ai fait ma d\u00e9position et les gendarmes m&rsquo;ont raccompagn\u00e9e \u00e0 la maison et se sont occup\u00e9s de ma petite-ni\u00e8ce que j&rsquo;aurais du prendre \u00e0 la sortie de l&rsquo;\u00e9cole.<\/p>\n<p align=\"JUSTIFY\">\u00a0<\/p>\n<p align=\"JUSTIFY\">Dans la soir\u00e9e, j&rsquo;ai t\u00e9l\u00e9phon\u00e9 \u00e0 l&rsquo;un des pasteurs de mon Eglise pour raconter ma m\u00e9saventure. Celui-ci est venu me visiter le lendemain matin et, alors qu&rsquo;il \u00e9tait l\u00e0, les parents du jeune homme sont arriv\u00e9s pour prendre de mes nouvelles. Cela a \u00e9t\u00e9 l&rsquo;occasion d&rsquo;un \u00e9change entre le pasteur et eux sur les difficult\u00e9s qu&rsquo;ils vivaient ; leur fils avait quitt\u00e9 le foyer et coup\u00e9 les relations avec eux. Cela a gagn\u00e9 leur confiance et ils ont vid\u00e9 leur coeur \u00e0 propos de leur fils.<\/p>\n<p align=\"JUSTIFY\">\u00a0<\/p>\n<p align=\"JUSTIFY\">L&rsquo;un des gendarmes, habitant le village, est venu pour me pr\u00e9venir que le mardi il faudrait me pr\u00e9senter au Tribunal pour le jugement de cette affaire.<\/p>\n<p align=\"JUSTIFY\">\u00a0<\/p>\n<p align=\"JUSTIFY\">Je me suis fait accompagner par mon pasteur. Mon agresseur a \u00e9t\u00e9 condamn\u00e9 \u00e0 10 mois de prison ferme ainsi que des dommages et int\u00e9r\u00eat. La maman du jeune homme \u00e9tait l\u00e0, en pleurs. Le complice a \u00e9t\u00e9 condamn\u00e9 \u00e9galement.<\/p>\n<p align=\"JUSTIFY\">\u00a0<\/p>\n<p align=\"JUSTIFY\"><strong><a href=\"\/wp-content\/uploads\/2014\/04\/dialogue-2.jpg\"><img loading=\"lazy\" decoding=\"async\" class=\"alignnone  wp-image-8166\" src=\"\/wp-content\/uploads\/2014\/04\/dialogue-2.jpg\" alt=\"dialogue-2\" width=\"69\" height=\"72\" \/><\/a>O\u00f9 en sont les choses aujourd&rsquo;hui ? <\/strong><\/p>\n<p align=\"JUSTIFY\">\u00a0<\/p>\n<p align=\"JUSTIFY\">D&rsquo;une part, les parents ont cherch\u00e9 \u00e0 garder le contact avec moi. Ils me visitaient presque chaque semaine. Cela m&rsquo;a donn\u00e9 l&rsquo;occasion de leur t\u00e9moigner de ma foi. Ils m&rsquo;ont assez rapidement demand\u00e9 une Bible et je leur ai aussi procur\u00e9 le \u00ab\u00a0Lecteur\u00a0\u00bb de la Ligue pour la Lecture de la Bible. Plus tard ils m&rsquo;ont demand\u00e9 le calendrier \u00ab\u00a0Vivre Aujourd&rsquo;hui\u00a0\u00bb. La d\u00e9couverte de la Parole de Dieu \u00e9tait nouvelle pour eux qui sont catholiques.<\/p>\n<p align=\"JUSTIFY\">\u00a0<\/p>\n<p align=\"JUSTIFY\">D&rsquo;autre part, le jeune homme m&rsquo;a \u00e9crit depuis la prison et m&rsquo;a dit qu&rsquo;il regrettait son acte. En effet, je demandais \u00e0 chaque fois \u00e0 ses parents de le saluer de ma part quand ils le visitaient en prison. C&rsquo;\u00e9tait la premi\u00e8re fois qu&rsquo;il agressait quelqu&rsquo;un. J&rsquo;ai appris que, dans la prison, il y avait un calendrier \u00ab\u00a0Vivre Aujourd&rsquo;hui\u00a0\u00bb dans sa cellule.<\/p>\n<p align=\"JUSTIFY\">\u00a0<\/p>\n<p align=\"JUSTIFY\">Actuellement, suite \u00e0 sa bonne conduite, le jeune homme est sorti de prison 2 mois plus t\u00f4t. Il a repris son emploi de cuisinier de collectivit\u00e9. Le contact entre les parents et leur fils a \u00e9t\u00e9 r\u00e9tabli.<\/p>\n<p align=\"JUSTIFY\">\u00a0<\/p>\n<p align=\"JUSTIFY\"><strong><a href=\"\/wp-content\/uploads\/2014\/04\/dialogue-2.jpg\"><img loading=\"lazy\" decoding=\"async\" class=\"alignnone  wp-image-8166\" src=\"\/wp-content\/uploads\/2014\/04\/dialogue-2.jpg\" alt=\"dialogue-2\" width=\"69\" height=\"72\" \/><\/a>Quelles sont tes r\u00e9flexions en repensant \u00e0 ces \u00e9v\u00e9nements ? <\/strong><\/p>\n<p align=\"JUSTIFY\">\u00a0<\/p>\n<p align=\"JUSTIFY\">J&rsquo;ai rapidement eu un sentiment de pardon envers ce jeune homme. Je prie r\u00e9guli\u00e8rement pour lui et ses parents<sub><strong>1<\/strong><\/sub> en demandant que la Parole de Dieu fasse son oeuvre. Je suis tr\u00e8s reconnaissante que ce jeune homme m&rsquo;ait demand\u00e9 pardon.<\/p>\n<p align=\"JUSTIFY\">\u00a0<\/p>\n<p align=\"JUSTIFY\">Vivre une agression est une exp\u00e9rience traumatisante&#8230; je suis devenue plus m\u00e9fiante lorsque je suis dans la rue et je serre bien mon sac \u00e0 main.<\/p>\n<p align=\"JUSTIFY\">\u00a0<\/p>\n<p align=\"JUSTIFY\">L&rsquo;audience au tribunal est quelque chose d&rsquo;impressionnant lorsqu&rsquo;on n&rsquo;y a jamais assist\u00e9. Plusieurs autres cas \u00e9taient jug\u00e9s en m\u00eame temps, avec les accus\u00e9s menottes, les juges, les avocats, etc. &#8230;<\/p>\n<p align=\"JUSTIFY\">\u00a0<\/p>\n<p align=\"JUSTIFY\">L&rsquo;important, dans cet \u00e9v\u00e9nement est que ce jeune homme reconnaisse ses torts et trouve le salut en J\u00e9sus-Christ. Je me r\u00e9jouis de ce qu&rsquo;il ait repris une vie r\u00e9guli\u00e8re et un travail.<\/p>\n<p align=\"JUSTIFY\">\u00a0<\/p>\n<p align=\"JUSTIFY\"><strong><a href=\"\/wp-content\/uploads\/2014\/04\/dialogue-2.jpg\"><img loading=\"lazy\" decoding=\"async\" class=\"alignnone  wp-image-8166\" src=\"\/wp-content\/uploads\/2014\/04\/dialogue-2.jpg\" alt=\"dialogue-2\" width=\"69\" height=\"72\" \/><\/a>Et s&rsquo;il t&rsquo;arrivait de rencontrer ton agresseur ? <\/strong><\/p>\n<p align=\"JUSTIFY\">\u00a0<\/p>\n<p align=\"JUSTIFY\">Je l&#8217;embrasserais !<\/p>\n<p align=\"JUSTIFY\">\u00a0<\/p>\n<p align=\"JUSTIFY\"><strong><a href=\"\/wp-content\/uploads\/2014\/04\/dialogue-2.jpg\"><img loading=\"lazy\" decoding=\"async\" class=\"alignnone  wp-image-8166\" src=\"\/wp-content\/uploads\/2014\/04\/dialogue-2.jpg\" alt=\"dialogue-2\" width=\"69\" height=\"72\" \/><\/a>As-tu une parole de la Bible qui te vient en rapport avec ce que tu as v\u00e9cu ? <\/strong><\/p>\n<p align=\"JUSTIFY\">\u00a0<\/p>\n<p align=\"JUSTIFY\">Nous ne sommes pas dignes de la bont\u00e9 du Seigneur ! Ce sont les paroles d&rsquo;un cantique qui me viennent \u00e0 l&rsquo;esprit : <span style=\"background-color: #fff;\"><em>\u00ab\u00a0Compte les bienfaits de Dieu, mets les tous devant tes yeux<\/em><\/span><strong><sub>2<\/sub><\/strong> ! <em>Tu verras, en adorant, combien le nombre en est grand !<\/em>\u00a0\u00bb<\/p>\n<p align=\"JUSTIFY\">\u00a0<\/p>\n<p style=\"text-align: right;\"><em>Propos recueillis par Marcel Reutenauer<\/em><\/p>\n<hr \/>\n<p align=\"JUSTIFY\">Notes<\/p>\n<p align=\"JUSTIFY\">\u00a0<\/p>\n<p align=\"JUSTIFY\"><strong>1.<\/strong> NDLR : La compassion de Emma est r\u00e9elle : elle nomme ces personnes par leurs pr\u00e9noms !<\/p>\n<p align=\"JUSTIFY\">\u00a0<\/p>\n<p align=\"JUSTIFY\"><strong>2<\/strong>. Ps 103.2<\/p>\n<p style=\"text-align: center;\">\u00a0<\/p>\n<p style=\"text-align: center;\">\u00a0<\/p>\n<p style=\"text-align: center;\">*****<\/p>\n<p align=\"JUSTIFY\">\u00a0<\/p>\n<h2 style=\"text-align: center;\">J&rsquo;aimais faire mal et faire du mal<sub>1<\/sub><\/h2>\n<p align=\"JUSTIFY\">\u00a0<\/p>\n<p align=\"JUSTIFY\"><strong><a href=\"\/wp-content\/uploads\/2014\/04\/dialogue-2.jpg\"><img loading=\"lazy\" decoding=\"async\" class=\"alignnone  wp-image-8166\" src=\"\/wp-content\/uploads\/2014\/04\/dialogue-2.jpg\" alt=\"dialogue-2\" width=\"69\" height=\"72\" \/><\/a>Antonio, quels souvenirs gardes-tu de ta jeunesse et de ton adolescence ? <\/strong><\/p>\n<p align=\"JUSTIFY\">\u00a0<\/p>\n<p align=\"JUSTIFY\">Je n&rsquo;aime pas parler de mon pass\u00e9. Malgr\u00e9 ma joie d&rsquo;\u00eatre chr\u00e9tien j&rsquo;ai de la peine, car des blessures sont encore ouvertes, et personne de mon entourage ne s&rsquo;est encore tourn\u00e9 vers le Seigneur.<\/p>\n<p align=\"JUSTIFY\">\u00a0<\/p>\n<p align=\"JUSTIFY\">Ma famille est arriv\u00e9e en France en mars 1970. Je suis l&rsquo;a\u00een\u00e9 de quatre enfants. Nous avons \u00e9t\u00e9 \u00e9lev\u00e9s dans un quartier difficile du Havre. Personne dans ma famille n&rsquo;\u00e9tait chr\u00e9tien. Ma m\u00e8re se disait catholique par tradition, mon p\u00e8re \u00e9tait farouchement oppos\u00e9 \u00e0 ceux qui croyaient en Dieu. Nous, les enfants, nous \u00e9tions comme lui.<\/p>\n<p align=\"JUSTIFY\">\u00a0<\/p>\n<p align=\"JUSTIFY\">Je garde de ma jeunesse des souvenirs tristes, principalement en rapport avec la pauvret\u00e9 et la violence. Mais j&rsquo;ai aussi de bons souvenirs en rapport avec le courage et la volont\u00e9.<\/p>\n<p align=\"JUSTIFY\">\u00a0<\/p>\n<p align=\"JUSTIFY\">Durant ma jeunesse, j&rsquo;ai \u00e9t\u00e9 quelqu&rsquo;un de tr\u00e8s violent. J&rsquo;aimais faire mal et faire du mal. La violence verbale et physique ont toujours \u00e9t\u00e9 \u00e0 proximit\u00e9 de moi, j&rsquo;\u00e9tais parmi \u00ab\u00a0les meneurs\u00a0\u00bb.<\/p>\n<p align=\"JUSTIFY\">\u00a0<\/p>\n<p align=\"JUSTIFY\"><strong><a href=\"\/wp-content\/uploads\/2014\/04\/dialogue-2.jpg\"><img loading=\"lazy\" decoding=\"async\" class=\"alignnone  wp-image-8166\" src=\"\/wp-content\/uploads\/2014\/04\/dialogue-2.jpg\" alt=\"dialogue-2\" width=\"69\" height=\"72\" \/><\/a>Quand et comment est-ce que tu as entendu l&rsquo;Evangile ? <\/strong><\/p>\n<p align=\"JUSTIFY\">\u00a0<\/p>\n<p align=\"JUSTIFY\">A cette p\u00e9riode, j&rsquo;allais tr\u00e8s souvent \u00e0 la patinoire, o\u00f9 j&rsquo;ai rencontr\u00e9 celle qui aujourd&rsquo;hui est mon \u00e9pouse, Ga\u00eblle. J&rsquo;y allais avec ma bande, elle y \u00e9tait seule, b\u00e9n\u00e9vole secouriste. Nous nous sommes fr\u00e9quent\u00e9s, et rapidement nous avons constat\u00e9 combien nous \u00e9tions diff\u00e9rents, dans le langage, dans le caract\u00e8re, dans le fonctionnement g\u00e9n\u00e9ral dirons-nous&#8230;<\/p>\n<p align=\"JUSTIFY\">\u00a0<\/p>\n<p align=\"JUSTIFY\">C&rsquo;est donc Ga\u00eblle qui la premi\u00e8re m&rsquo;a parl\u00e9 de J\u00e9sus. Mais quand je lui ai dit de choisir entre moi et J\u00e9sus, elle m&rsquo;a dit, \u00ab\u00a0Je t&rsquo;aime, mais je choisis J\u00e9sus\u00a0\u00bb. Je ne pouvais pas comprendre que l&rsquo;on puisse pr\u00e9f\u00e9rer quelqu&rsquo;un qu&rsquo;on ne voit pas \u00e0 quelqu&rsquo;un qu&rsquo;on voit et qu&rsquo;on aime, et nous nous sommes s\u00e9par\u00e9s. Ce choc m&rsquo;a tellement interpell\u00e9 que j&rsquo;ai commenc\u00e9 \u00e0 lire les diff\u00e9rents trait\u00e9s que Ga\u00eblle m&rsquo;avait donn\u00e9s.<\/p>\n<p align=\"JUSTIFY\">\u00a0<\/p>\n<p align=\"JUSTIFY\"><strong><a href=\"\/wp-content\/uploads\/2014\/04\/dialogue-2.jpg\"><img loading=\"lazy\" decoding=\"async\" class=\"alignnone  wp-image-8166\" src=\"\/wp-content\/uploads\/2014\/04\/dialogue-2.jpg\" alt=\"dialogue-2\" width=\"69\" height=\"72\" \/><\/a>Quand tu es devenu chr\u00e9tien, des changements se sont-ils produits tout de suite ?<\/strong><\/p>\n<p align=\"JUSTIFY\">\u00a0<\/p>\n<p align=\"JUSTIFY\">C&rsquo;est plus de six mois plus tard, tout seul dans ma chambre, que j&rsquo;ai accept\u00e9 le Seigneur. J&rsquo;avais ouvert le Nouveau Testament et je suis \u00ab\u00a0tomb\u00e9\u00a0\u00bb sur ce verset : <span style=\"background-color: #add8e6;\"><em>Quand tu pries, entre dans ta chambre, ferme ta porte, et prie ton P\u00e8re qui est l\u00e0 dans le lieu secret ; et ton P\u00e8re, qui voit dans le secret, te le rendra (Mt 6.6)<\/em><\/span>. C&rsquo;\u00e9tait incroyable, presque effrayant&#8230; Puis, je lisais ce passage de <span style=\"background-color: #add8e6;\"><em>2 Tm 1.7 : Car ce n&rsquo;est pas un esprit de timidit\u00e9 que Dieu nous a donn\u00e9, mais un esprit de force, d&rsquo;amour et de sagesse<\/em><\/span>.<\/p>\n<p align=\"JUSTIFY\">\u00a0<\/p>\n<p align=\"JUSTIFY\">Quel combat&#8230;, difficile \u00e0 r\u00e9sumer, il y aurait tellement \u00e0 dire. Aux yeux de mes amis et de ma famille, j&rsquo;avais perdu&#8230;, elle avait gagn\u00e9. En r\u00e9alit\u00e9, nous avions gagn\u00e9 ce combat avec l&rsquo;aide de Dieu.<\/p>\n<p align=\"JUSTIFY\">\u00a0<\/p>\n<p align=\"JUSTIFY\">Le premier changement visible a \u00e9t\u00e9 une forme d&rsquo;isolement, car j&rsquo;ai aussit\u00f4t \u00e9t\u00e9 rejet\u00e9 par ma famille et par mes amis. Ce fut tr\u00e8s douloureux et difficile \u00e0 surmonter.<\/p>\n<p align=\"JUSTIFY\">\u00a0<\/p>\n<p align=\"JUSTIFY\">J&rsquo;ai aussi rompu avec le milieu dans lequel je vivais au quotidien, et j&rsquo;ai chang\u00e9 radicalement de comportement. Le changement le plus net (pour moi) a \u00e9t\u00e9 celui de l&rsquo;amour pour les autres. Moi qui avais toujours distribu\u00e9 de la violence physique ou verbale, je ne voyais plus les autres de la m\u00eame fa\u00e7on. J&rsquo;avais (et j&rsquo;ai encore) envie d&rsquo;aider particuli\u00e8rement ceux qui souffrent de leurs diff\u00e9rences vis \u00e0 vis des autres.<\/p>\n<p align=\"JUSTIFY\">\u00a0<\/p>\n<p align=\"JUSTIFY\">D&rsquo;autres changements ont eu lieu dans le temps. J&rsquo;ai pu reprendre et finir mes \u00e9tudes universitaires alors que j&rsquo;avais \u00e9t\u00e9 exclu du coll\u00e8ge en 5\u00e8 et mis dans une \u00e9cole \u00ab\u00a0pour les fortes t\u00eates\u00a0\u00bb, en attente de la vie active.<\/p>\n<p align=\"JUSTIFY\">\u00a0<\/p>\n<p align=\"JUSTIFY\">D&rsquo;autres changements devraient encore venir&#8230; d&rsquo;apr\u00e8s ma femme !<\/p>\n<p align=\"JUSTIFY\">\u00a0<\/p>\n<p align=\"JUSTIFY\"><strong><a href=\"\/wp-content\/uploads\/2014\/04\/dialogue-2.jpg\"><img loading=\"lazy\" decoding=\"async\" class=\"alignnone  wp-image-8166\" src=\"\/wp-content\/uploads\/2014\/04\/dialogue-2.jpg\" alt=\"dialogue-2\" width=\"69\" height=\"72\" \/><\/a>Comment est-ce que les chr\u00e9tiens que tu as c\u00f4toy\u00e9s ont pu t&rsquo;aider ? <\/strong><\/p>\n<p align=\"JUSTIFY\">\u00a0<\/p>\n<p align=\"JUSTIFY\">La plupart doutaient de ma sinc\u00e9rit\u00e9. Avec le recul, c&rsquo;est compr\u00e9hensible, mais c&rsquo;est difficile \u00e0 accepter lorsqu&rsquo;on se tourne vers le Seigneur. Par contre quelques autres ont \u00e9t\u00e9 de v\u00e9ritables soutiens. Gr\u00e2ce \u00e0 leurs encouragements et leurs pri\u00e8res, j&rsquo;ai surmont\u00e9 ces difficult\u00e9s.<\/p>\n<p align=\"JUSTIFY\">\u00a0<\/p>\n<p align=\"JUSTIFY\">Tu as connu un milieu tr\u00e8s diff\u00e9rent de celui o\u00f9 tu \u00e9volues maintenant. Il y a \u00e9videmment des passerelles, puisque tu en as travers\u00e9 : comment l&rsquo;Eglise peut-elle en trouver, ou en construire ?<\/p>\n<p align=\"JUSTIFY\">\u00a0<\/p>\n<p align=\"JUSTIFY\">Je ne sais pas quoi dire, il n&rsquo;existe pas de recette miracle. Notre attitude et nos paroles touchent profond\u00e9ment, en bien ou en mal, les personnes qui nous entourent, surtout quand elles sont de milieux tr\u00e8s diff\u00e9rents du n\u00f4tre. Nous devons installer la confiance, mais sans trahir la r\u00e9alit\u00e9 et les commandements de la parole de Dieu. Parfois on voudrait les \u00ab\u00a0arranger \u00e0 notre sauce\u00a0\u00bb en fonction du moment&#8230;<\/p>\n<p align=\"JUSTIFY\">\u00a0<\/p>\n<p align=\"JUSTIFY\">Dans mon exp\u00e9rience, ces paroles d&rsquo;autres chr\u00e9tiens m&rsquo;ont beaucoup encourag\u00e9 :<\/p>\n<p align=\"JUSTIFY\">\u00a0<\/p>\n<p align=\"JUSTIFY\">&#8211; \u00ab\u00a0Parfois pour bien construire, il est n\u00e9cessaire de d\u00e9molir\u00a0\u00bb (D.R)<\/p>\n<p align=\"JUSTIFY\">\u00a0<\/p>\n<p align=\"JUSTIFY\">&#8211; \u00ab\u00a0Quand le Seigneur est avec nous, nous sommes du c\u00f4t\u00e9 de la majorit\u00e9\u00a0\u00bb (FF)<\/p>\n<p align=\"JUSTIFY\">\u00a0<\/p>\n<p style=\"text-align: right;\"><em>Propos recueillis par Allan Kitt<\/em><\/p>\n<p align=\"JUSTIFY\">\u00a0<\/p>\n<hr \/>\n<p align=\"JUSTIFY\">\u00a0Note<\/p>\n<p>&nbsp;<\/p>\n<p><strong>1.\u00a0<\/strong> par Antonio Da Silva, ancien de l&rsquo;Eglise \u00ab\u00a0La Bonne Nouvelle\u00a0\u00bb au Havre.<\/p>\n<p align=\"JUSTIFY\">\u00a0<\/p>\n<p align=\"JUSTIFY\">\u00a0<\/p>\n<p style=\"text-align: center;\">*****<\/p>\n<p style=\"text-align: center;\">\u00a0<\/p>\n<h2 style=\"text-align: center;\">Faire face \u00e0 un pass\u00e9 douloureux<sub>1<\/sub><\/h2>\n<p align=\"JUSTIFY\">\u00a0<\/p>\n<p align=\"JUSTIFY\"><strong><a href=\"\/wp-content\/uploads\/2014\/04\/dialogue-2.jpg\"><img loading=\"lazy\" decoding=\"async\" class=\"alignnone  wp-image-8166\" src=\"\/wp-content\/uploads\/2014\/04\/dialogue-2.jpg\" alt=\"dialogue-2\" width=\"69\" height=\"72\" \/><\/a>Steffie, avec du recul et sans entrer les d\u00e9tails, qu&rsquo;est-ce qui, dans ton pass\u00e9 douloureux, a laiss\u00e9 le plus de marques en toi ? <\/strong><\/p>\n<p align=\"JUSTIFY\">\u00a0<\/p>\n<p align=\"JUSTIFY\">Ce qui a \u00e9t\u00e9 le plus douloureux pour moi c&rsquo;est l&rsquo;humiliation constante, le fait d&rsquo;\u00eatre consid\u00e9r\u00e9e comme rien, de n&rsquo;avoir aucune valeur, d&rsquo;\u00eatre incapable de faire quelque chose de bien, d&rsquo;\u00eatre tellement mauvaise que finalement j&rsquo;en arrivais \u00e0 penser que mon entourage avait raison de me traiter comme cela&#8230;<\/p>\n<p align=\"JUSTIFY\">\u00a0<\/p>\n<p align=\"JUSTIFY\"><strong><a href=\"\/wp-content\/uploads\/2014\/04\/dialogue-2.jpg\"><img loading=\"lazy\" decoding=\"async\" class=\"alignnone  wp-image-8166\" src=\"\/wp-content\/uploads\/2014\/04\/dialogue-2.jpg\" alt=\"dialogue-2\" width=\"69\" height=\"72\" \/><\/a>Qu&rsquo;est-ce que l&rsquo;Evangile t&rsquo;a apport\u00e9 de particulier par rapport \u00e0 ton pass\u00e9 douloureux ? <\/strong><\/p>\n<p align=\"JUSTIFY\">\u00a0<\/p>\n<p align=\"JUSTIFY\">Le Seigneur a chang\u00e9 ma vie et la perception que j&rsquo;avais de moi. D\u00e9sormais, j&rsquo;ai du prix \u00e0 ses yeux ; il m&rsquo;aime telle que je suis. Quand j&rsquo;ai compris qu&rsquo;il a \u00e9t\u00e9 jusqu&rsquo;\u00e0 mourir injustement pour moi, par amour, alors mon coeur s&rsquo;est attach\u00e9 \u00e0 lui. Maintenant je n&rsquo;ai plus \u00e0 avoir peur, je suis en s\u00e9curit\u00e9, et mon avenir est entre ses mains.<\/p>\n<p align=\"JUSTIFY\">\u00a0<\/p>\n<p align=\"JUSTIFY\">Il me l&rsquo;a promis. <span style=\"background-color: #add8e6;\"><em>\u00ab\u00a0Fortifie-toi et prends courage ! Ne t&rsquo;effraie point et ne t&rsquo;\u00e9pouvante point, car l&rsquo;Eternel, ton Dieu, est avec toi dans tout ce que tu entreprendras\u00a0\u00bb (Jos 1.8-10) <\/em><\/span><\/p>\n<p align=\"JUSTIFY\">\u00a0<\/p>\n<p style=\"text-align: right;\"><em>Propos recueillis par Reynald Kozycki.<\/em><\/p>\n<hr \/>\n<p align=\"JUSTIFY\">Note<\/p>\n<p align=\"JUSTIFY\">\u00a0<\/p>\n<p align=\"JUSTIFY\"><strong>1.\u00a0<\/strong> Propos de Steffie, 22 ans, \u00e9l\u00e8ve infirmi\u00e8re. Membre de l\u2019Eglise de Palaiseau<br \/> \u00a0<\/p>\n","protected":false},"excerpt":{"rendered":"<p>\u00a0 T\u00e9moignages sur la violence \u00a0 \u00a0 ***** &nbsp; J&rsquo;ai \u00e9t\u00e9 agress\u00e9e&#8230; mais j&rsquo;ai pardonn\u00e9 \u00a0 &nbsp; Emma, peux-tu nous dire quelques grandes lignes de ta vie ? \u00a0 Je me suis tourn\u00e9e vers le Seigneur pendant la guerre, par le t\u00e9moignage de mon employeur chr\u00e9tien. Apr\u00e8s la guerre, je me suis jointe au groupe [&hellip;]<\/p>\n","protected":false},"author":10,"featured_media":0,"comment_status":"closed","ping_status":"closed","sticky":false,"template":"","format":"standard","meta":{"footnotes":""},"categories":[73,88,33],"tags":[],"class_list":["post-5319","post","type-post","status-publish","format-standard","hentry","category-pardon","category-souffrance","category-temoignages"],"_links":{"self":[{"href":"https:\/\/www.servir.caef.net\/index.php?rest_route=\/wp\/v2\/posts\/5319","targetHints":{"allow":["GET"]}}],"collection":[{"href":"https:\/\/www.servir.caef.net\/index.php?rest_route=\/wp\/v2\/posts"}],"about":[{"href":"https:\/\/www.servir.caef.net\/index.php?rest_route=\/wp\/v2\/types\/post"}],"author":[{"embeddable":true,"href":"https:\/\/www.servir.caef.net\/index.php?rest_route=\/wp\/v2\/users\/10"}],"replies":[{"embeddable":true,"href":"https:\/\/www.servir.caef.net\/index.php?rest_route=%2Fwp%2Fv2%2Fcomments&post=5319"}],"version-history":[{"count":0,"href":"https:\/\/www.servir.caef.net\/index.php?rest_route=\/wp\/v2\/posts\/5319\/revisions"}],"wp:attachment":[{"href":"https:\/\/www.servir.caef.net\/index.php?rest_route=%2Fwp%2Fv2%2Fmedia&parent=5319"}],"wp:term":[{"taxonomy":"category","embeddable":true,"href":"https:\/\/www.servir.caef.net\/index.php?rest_route=%2Fwp%2Fv2%2Fcategories&post=5319"},{"taxonomy":"post_tag","embeddable":true,"href":"https:\/\/www.servir.caef.net\/index.php?rest_route=%2Fwp%2Fv2%2Ftags&post=5319"}],"curies":[{"name":"wp","href":"https:\/\/api.w.org\/{rel}","templated":true}]}}