{"id":5524,"date":"2005-11-12T09:11:13","date_gmt":"2005-11-12T09:11:13","guid":{"rendered":"\/?p=5524"},"modified":"2016-09-13T13:58:11","modified_gmt":"2016-09-13T13:58:11","slug":"la-date-de-la-naissance-de-jesus","status":"publish","type":"post","link":"https:\/\/www.servir.caef.net\/?p=5524","title":{"rendered":"La date de la naissance de J\u00e9sus"},"content":{"rendered":"<h1 style=\"text-align: center;\" align=\"JUSTIFY\">La date de la naissance de J\u00e9sus<\/h1>\n<p align=\"JUSTIFY\">\u00a0<\/p>\n<p align=\"JUSTIFY\"><a href=\"\/wp-content\/uploads\/2005\/11\/calendrier2.jpg\"><img loading=\"lazy\" decoding=\"async\" class=\"  wp-image-9119 aligncenter\" src=\"\/wp-content\/uploads\/2005\/11\/calendrier2.jpg\" alt=\"calendrier2\" width=\"504\" height=\"260\" srcset=\"https:\/\/www.servir.caef.net\/wp-content\/uploads\/2005\/11\/calendrier2.jpg 997w, https:\/\/www.servir.caef.net\/wp-content\/uploads\/2005\/11\/calendrier2-300x155.jpg 300w\" sizes=\"auto, (max-width: 504px) 100vw, 504px\" \/><\/a><\/p>\n<p align=\"JUSTIFY\">\u00a0<\/p>\n<p align=\"JUSTIFY\"><span style=\"font-size: 16px;\"><strong>par <span style=\"color: #b22222;\">Fran\u00e7ois-Jean Martin<\/span><\/strong><\/span><\/p>\n<p align=\"JUSTIFY\">\u00a0<\/p>\n<p>&nbsp;<\/p>\n<p align=\"JUSTIFY\">\u00a0<\/p>\n<p align=\"JUSTIFY\"><strong>Cette question, secondaire pour notre foi, a suscit\u00e9 de nombreuses questions. Le texte biblique ne donne pas de date, mais des rep\u00e8res. Le probl\u00e8me se complique en raison des deux grandes r\u00e9formes du calendrier <sub>1<\/sub> : le calendrier julien et le calendrier gr\u00e9gorien.<\/strong><\/p>\n<p align=\"JUSTIFY\">\u00a0<!--more--><\/p>\n<p align=\"JUSTIFY\">\u00a0<\/p>\n<h2>Les r\u00e9f\u00e9rences<\/h2>\n<p align=\"JUSTIFY\">\u00a0<\/p>\n<p>&nbsp;<\/p>\n<p align=\"JUSTIFY\"><a href=\"\/wp-content\/uploads\/2005\/pdf2005\/2005_06_12_ladatedelanaissancedejesus.pdf\" target=\"_blank\"><img loading=\"lazy\" decoding=\"async\" title=\"iconePDF\" src=\"\/wp-content\/uploads\/2011\/01\/iconePDF.jpg\" alt=\"\" width=\"81\" height=\"76\" align=\"right\" hspace=\"8\" vspace=\"8\" \/><\/a>La seule r\u00e9f\u00e9rence est le texte de l&rsquo;Evangile de <span style=\"background-color: #add8e6;\"><em>Matthieu (2.1-2 et 7-10)<\/em><\/span>. Seul un autre texte, apocryphe, le proto\u00e9vangile de Jacques, (milieu du 2\u00e8me si\u00e8cle) nous donne un r\u00e9cit similaire :&rsquo;<em>&lsquo;Et H\u00e9rode interrogea les mages et leur dit : \u00ab\u00a0Quel signe avez-vous vu concernant le roi nouveau-n\u00e9 ?\u00a0\u00bb Et les mages dirent : \u00ab\u00a0Nous avons vu une tr\u00e8s grande \u00e9toile briller parmi les \u00e9toiles et les affaiblir par son \u00e9clat de sorte qu&rsquo;elles ne brillaient plus, et nous s\u00fbmes qu&rsquo;un roi \u00e9tait n\u00e9 pour Isra\u00ebl. Et nous sommes venus pour l&rsquo;adorer.\u00a0\u00bb Et H\u00e9rode leur dit : \u00ab\u00a0Allez, cherchez, et quand vous l&rsquo;aurez trouv\u00e9, dites-le-moi, que je puisse moi aussi venir l&rsquo;adorer.\u00a0\u00bb Et les mages partirent. Et voici que l&rsquo;\u00e9toile qu&rsquo;ils avaient vue \u00e0 l&rsquo;est vint devant eux jusqu&rsquo;\u00e0 ce qu&rsquo;ils arrivent \u00e0 la grotte. Et elle s&rsquo;arr\u00eata sur la t\u00eate de l&rsquo;enfant\u00a0\u00bb<\/em> (chapitre 21 verset 2).<\/p>\n<p align=\"JUSTIFY\">\u00a0<\/p>\n<p align=\"JUSTIFY\">\u00a0<\/p>\n<p align=\"JUSTIFY\">\u00a0<\/p>\n<h2>Des probl\u00e8mes de calendrier<\/h2>\n<p align=\"JUSTIFY\">\u00a0<\/p>\n<p align=\"JUSTIFY\">En l&rsquo;an 525, Denys le Petit, en utilisant le calendrier julien, fixa la naissance du Christ au 25 d\u00e9cembre de l&rsquo;an 754 apr\u00e8s la fondation de Rome. La raison du choix du 25 d\u00e9cembre ne sera pas d\u00e9velopp\u00e9e ici <strong><sub>2<\/sub><\/strong>. L&rsquo;an 754 de l&rsquo;\u00e8re romaine devint donc l&rsquo;an 1 de notre \u00e8re, ce qui introduisit une erreur : l&rsquo;absence d&rsquo;une ann\u00e9e 0.<\/p>\n<p align=\"JUSTIFY\">\u00a0<\/p>\n<p align=\"JUSTIFY\">Le z\u00e9ro a \u00e9t\u00e9 introduit en Europe plus tard. Il se peut aussi que Denys n&rsquo;ait pas tenu compte des 4 ans pendant lesquels l&#8217;empereur Auguste avait r\u00e9gn\u00e9 sous son pr\u00e9nom d&rsquo;Octave. Ce qui nous donnerait d\u00e9j\u00e0 pour l&rsquo;ann\u00e9e de naissance soit l&rsquo;an -1, soit -5.<\/p>\n<p align=\"JUSTIFY\">\u00a0<\/p>\n<p align=\"JUSTIFY\">\u00a0<\/p>\n<h2>Les informations n\u00e9otestamentaires<\/h2>\n<p align=\"JUSTIFY\">\u00a0<\/p>\n<p align=\"JUSTIFY\">Le nouveau Testament nous apporte quatre \u00e9l\u00e9ments informatifs qui, \u00e0 la lumi\u00e8re des derni\u00e8res d\u00e9couvertes, \u00e9largissent la p\u00e9riode possible :<\/p>\n<p align=\"JUSTIFY\">\u00a0<\/p>\n<ul>\n<li>\n<p align=\"JUSTIFY\">J\u00e9sus est n\u00e9 sous le r\u00e8gne d&rsquo;H\u00e9rode le Grand donc avant le mois d&rsquo;avril -4, car H\u00e9rode est mort peu de temps apr\u00e8s une \u00e9clipse de lune. On en conna\u00eet deux, l&rsquo;\u00e9clipse du 13 mars -4 et celle du 9 janvier de l&rsquo;an -3.<\/p>\n<\/li>\n<\/ul>\n<p align=\"JUSTIFY\">\u00a0<\/p>\n<ul>\n<li>\n<p align=\"JUSTIFY\">peu de temps avant sa mort, H\u00e9rode a ordonn\u00e9 le massacre des enfants de moins de deux ans donc n\u00e9s en -5 ou en -6.<\/p>\n<\/li>\n<\/ul>\n<p align=\"JUSTIFY\">\u00a0<\/p>\n<ul>\n<li>\n<p align=\"JUSTIFY\">J\u00e9sus est mort \u00e0 l&rsquo;\u00e2ge d&rsquo;un peu plus de trente ans sous Ponce Pilate, or ce dernier \u00e9tait procurateur de Jud\u00e9e \u00e0 partir de +26 ce qui situerait la naissance avant -3 ou -4.<\/p>\n<\/li>\n<\/ul>\n<p align=\"JUSTIFY\">\u00a0<\/p>\n<ul>\n<li>\n<p align=\"JUSTIFY\">Luc nous parle d&rsquo;un \u00e9dit de C\u00e9sar-Auguste ordonnant le recensement de toute la terre, qui eut lieu pendant que Quirinius \u00e9tait gouverneur de Syrie.<\/p>\n<\/li>\n<\/ul>\n<p align=\"JUSTIFY\">\u00a0<\/p>\n<p align=\"JUSTIFY\">On ne conna\u00eet pas le recensement cit\u00e9, par contre Jos\u00e8phe parle d&rsquo;un recensement en l&rsquo;an 7 sous \u00ab\u00a0Cyrenius\u00a0\u00bb. Les Romains avaient l&rsquo;habitude de proc\u00e9der \u00e0 un recensement tous les 14 ans ce qui laisse la place \u00e0 un recensement en 7 avant J-C avant celui de 7 apr\u00e8s J-C. Ces aspects seraient donc en faveur de l&rsquo;an 7 avant J-C.<\/p>\n<p align=\"JUSTIFY\">\u00a0<\/p>\n<p align=\"JUSTIFY\">\u00a0<\/p>\n<h2>Les aspects astronomiques<\/h2>\n<p align=\"JUSTIFY\">\u00a0<\/p>\n<p align=\"JUSTIFY\"><a href=\"\/wp-content\/uploads\/2005\/11\/GALAXIE.jpg\"><img loading=\"lazy\" decoding=\"async\" class=\"  wp-image-9120 alignleft\" src=\"\/wp-content\/uploads\/2005\/11\/GALAXIE.jpg\" alt=\"GALAXIE\" width=\"232\" height=\"176\" hspace=\"10\" srcset=\"https:\/\/www.servir.caef.net\/wp-content\/uploads\/2005\/11\/GALAXIE.jpg 628w, https:\/\/www.servir.caef.net\/wp-content\/uploads\/2005\/11\/GALAXIE-300x228.jpg 300w\" sizes=\"auto, (max-width: 232px) 100vw, 232px\" \/><\/a>Deux ph\u00e9nom\u00e8nes astronomiques peuvent \u00eatre en cause soit une com\u00e8te soit un alignement de plan\u00e8tes. Les mages \u00e9taient des sp\u00e9cialistes des astres. Issus de l&rsquo;une des dix tribus formant la conf\u00e9d\u00e9ration des M\u00e8des et des Perses, ils \u00e9taient sp\u00e9cialis\u00e9s dans la connaissance et la pratique du rituel religieux, de l&rsquo;interpr\u00e9tation des songes et des signes astrologiques. Durant la p\u00e9riode concern\u00e9e, entre -7 et -1, il y a 10 conjonctions de plan\u00e8tes et 2 nova ou com\u00e8tes. Deux dates peuvent correspondre : celle de 7 et celle de 1 avant J-C.<\/p>\n<p align=\"JUSTIFY\">\u00a0<\/p>\n<p align=\"JUSTIFY\">\u00a0<\/p>\n<h2>Conclusion<\/h2>\n<p align=\"JUSTIFY\">\u00a0<\/p>\n<p align=\"JUSTIFY\">Tout ceci n&rsquo;est pas en contradiction avec le texte biblique, mais il est difficile \u00e0 l&rsquo;heure actuelle de trancher sur la date r\u00e9elle de l&rsquo;ann\u00e9e de naissance, la fourchette allant de -7 \u00e0 -1.<\/p>\n<p align=\"JUSTIFY\">\u00a0<\/p>\n<p style=\"text-align: center;\">F-J.M.<\/p>\n<p align=\"JUSTIFY\">\u00a0<\/p>\n<hr \/>\n<p align=\"JUSTIFY\">\u00a0NOTES<\/p>\n<p>&nbsp;<\/p>\n<p align=\"JUSTIFY\">\u00a0<\/p>\n<p align=\"JUSTIFY\"><strong>1.<\/strong> Voir Servir N\u00b0 427-1987 et N\u00b06-1988<\/p>\n<p align=\"JUSTIFY\">\u00a0<\/p>\n<p align=\"JUSTIFY\"><strong>2.<\/strong> id.<\/p>\n<p align=\"JUSTIFY\">\u00a0<\/p>\n","protected":false},"excerpt":{"rendered":"<p>La date de la naissance de J\u00e9sus \u00a0 \u00a0 par Fran\u00e7ois-Jean Martin \u00a0 &nbsp; \u00a0 Cette question, secondaire pour notre foi, a suscit\u00e9 de nombreuses questions. Le texte biblique ne donne pas de date, mais des rep\u00e8res. Le probl\u00e8me se complique en raison des deux grandes r\u00e9formes du calendrier 1 : le calendrier julien et [&hellip;]<\/p>\n","protected":false},"author":3,"featured_media":0,"comment_status":"closed","ping_status":"closed","sticky":false,"template":"","format":"standard","meta":{"footnotes":""},"categories":[84,28,32],"tags":[],"class_list":["post-5524","post","type-post","status-publish","format-standard","hentry","category-fete","category-jesus-christ","category-le-nouveau-testament"],"_links":{"self":[{"href":"https:\/\/www.servir.caef.net\/index.php?rest_route=\/wp\/v2\/posts\/5524","targetHints":{"allow":["GET"]}}],"collection":[{"href":"https:\/\/www.servir.caef.net\/index.php?rest_route=\/wp\/v2\/posts"}],"about":[{"href":"https:\/\/www.servir.caef.net\/index.php?rest_route=\/wp\/v2\/types\/post"}],"author":[{"embeddable":true,"href":"https:\/\/www.servir.caef.net\/index.php?rest_route=\/wp\/v2\/users\/3"}],"replies":[{"embeddable":true,"href":"https:\/\/www.servir.caef.net\/index.php?rest_route=%2Fwp%2Fv2%2Fcomments&post=5524"}],"version-history":[{"count":0,"href":"https:\/\/www.servir.caef.net\/index.php?rest_route=\/wp\/v2\/posts\/5524\/revisions"}],"wp:attachment":[{"href":"https:\/\/www.servir.caef.net\/index.php?rest_route=%2Fwp%2Fv2%2Fmedia&parent=5524"}],"wp:term":[{"taxonomy":"category","embeddable":true,"href":"https:\/\/www.servir.caef.net\/index.php?rest_route=%2Fwp%2Fv2%2Fcategories&post=5524"},{"taxonomy":"post_tag","embeddable":true,"href":"https:\/\/www.servir.caef.net\/index.php?rest_route=%2Fwp%2Fv2%2Ftags&post=5524"}],"curies":[{"name":"wp","href":"https:\/\/api.w.org\/{rel}","templated":true}]}}