{"id":5690,"date":"2003-05-19T07:11:33","date_gmt":"2003-05-19T07:11:33","guid":{"rendered":"\/?p=5690"},"modified":"2016-07-21T12:34:40","modified_gmt":"2016-07-21T12:34:40","slug":"le-centre-de-relation-daide-dentrepierres","status":"publish","type":"post","link":"https:\/\/www.servir.caef.net\/?p=5690","title":{"rendered":"Le Centre de relation d&rsquo;Aide d&rsquo;Entrepierres"},"content":{"rendered":"<h1 style=\"text-align: center;\">Le Centre de relation d&rsquo;Aide d&rsquo;Entrepierres<\/h1>\n<p>&nbsp;<\/p>\n<p style=\"text-align: center;\">\u00a0<a href=\"http:\/\/www.pierresvivantes.org\"><img loading=\"lazy\" decoding=\"async\" class=\"alignnone  wp-image-8688\" src=\"\/wp-content\/uploads\/1992\/03\/entrepierre.png\" alt=\"entrepierre\" width=\"643\" height=\"168\" srcset=\"https:\/\/www.servir.caef.net\/wp-content\/uploads\/1992\/03\/entrepierre.png 941w, https:\/\/www.servir.caef.net\/wp-content\/uploads\/1992\/03\/entrepierre-300x78.png 300w\" sizes=\"auto, (max-width: 643px) 100vw, 643px\" \/><\/a><\/p>\n<p style=\"text-align: center;\">\u00a0<\/p>\n<p style=\"text-align: center;\"><strong>Jonathan Ward, pasteur, est responsable du Centre de relation d&rsquo;aide d&rsquo;Entrepierres.<\/strong><\/p>\n<p align=\"JUSTIFY\"><strong><br \/> <\/strong><\/p>\n<h1 style=\"text-align: center;\">ENTREPIERRES<\/h1>\n<p align=\"JUSTIFY\">\u00a0<\/p>\n<h3 style=\"text-align: center;\">\u00ab un lieu \u00e0 l&rsquo;\u00e9cart o\u00f9 se reposer&#8230; \u00bb<\/h3>\n<p>&nbsp;<\/p>\n<p>&nbsp;<\/p>\n<p>&nbsp;<\/p>\n<p align=\"JUSTIFY\"><strong>En 1968, Dudley et Gill Ward avaient EU la vision de cr\u00e9er un centre d&rsquo;accueil pour des jeunes, puis des moins jeunes, meurtris par la vie, fatigu\u00e9s spirituellement&#8230; Ils achet\u00e8rent quelques maisons d&rsquo;un hameau en ruines pr\u00e8s de Sisteron et les r\u00e9par\u00e8rent avec l&rsquo;aide d&rsquo;amis b\u00e9n\u00e9voles : ce fut une v\u00e9ritable aventure de la foi dont Dieu a pris soin et qu&rsquo;il a b\u00e9nie.<\/strong><\/p>\n<p align=\"JUSTIFY\">\u00a0<\/p>\n<p align=\"JUSTIFY\"><strong><em>L&rsquo;accompagnement des bergers est un besoin souvent n\u00e9glig\u00e9 !<\/em><\/strong><\/p>\n<p align=\"JUSTIFY\">\u00a0<\/p>\n<p>&nbsp;<\/p>\n<table style=\"width: 90%;\" border=\"1\" cellspacing=\"3\" cellpadding=\"2\">\n<colgroup>\n<col width=\"90%\" \/><\/colgroup>\n<tbody>\n<tr>\n<td width=\"90%\">\n<p align=\"JUSTIFY\">L&rsquo;air d\u00e9courag\u00e9, mon interlocuteur commence par me dire : \u00ab\u00a0je sens que je dois changer de poste, mais je n&rsquo;y vois pas clair. Je me demande m\u00eame si je suis fait pour \u00eatre pasteur&#8230; ce premier contact nous am\u00e8nera \u00e0 cheminer quelques jours ensemble, le temps de faire le point, de partager aspirations et frustrations, et d&rsquo;\u00e9couter la voix de Dieu.<\/p>\n<\/td>\n<\/tr>\n<\/tbody>\n<\/table>\n<p>&nbsp;<\/p>\n<p align=\"JUSTIFY\">\u00a0<\/p>\n<p align=\"JUSTIFY\">\u00a0<\/p>\n<p align=\"JUSTIFY\"><!--more--><\/p>\n<h2>Ecoute et conseil<\/h2>\n<p align=\"JUSTIFY\">\u00a0<\/p>\n<p align=\"JUSTIFY\"><a href=\"\/wp-content\/uploads\/2003\/pdf2003\/2003_03_13_centrerelationdaideentrepierres.pdf\" target=\"_blank\"><img loading=\"lazy\" decoding=\"async\" title=\"iconePDF\" src=\"\/wp-content\/uploads\/2011\/01\/iconePDF.jpg\" alt=\"\" width=\"81\" height=\"76\" align=\"right\" hspace=\"8\" vspace=\"8\" \/><\/a>Ceux qui sont dans le minist\u00e8re sont confront\u00e9s au d\u00e9couragement, \u00e0 la solitude, aux critiques, \u00e0 l&rsquo;usure (le burnout) et \u00e0 la culpabilit\u00e9 (par manque de r\u00e9sultats).<\/p>\n<p align=\"JUSTIFY\">\u00a0<\/p>\n<p align=\"JUSTIFY\">L&rsquo;air d\u00e9courag\u00e9, mon interlocuteur commence par me dire : \u00ab Je sens que je dois changer de poste, mais je n&rsquo;y vois pas clair. Je me demande m\u00eame si je suis fait pour \u00eatre pasteur&#8230; \u00bb Ce premier contact nous am\u00e8nera \u00e0 cheminer quelques jours ensemble, le temps de faire le point, de partager aspirations et frustrations, et d&rsquo;\u00e9couter la voix de Dieu.<\/p>\n<p align=\"JUSTIFY\">\u00a0<\/p>\n<p align=\"JUSTIFY\">Entrepierres, situ\u00e9 dans la Haute Provence, est un lieu d&rsquo;aide et de ressourcement pour ces personnes. Une petite \u00e9quipe, form\u00e9e et exp\u00e9riment\u00e9e en relation d&rsquo;aide, accueille des pasteurs et des missionnaires de toutes sensibilit\u00e9s \u00e9vang\u00e9liques, dans la neutralit\u00e9 et la confi-dentialit\u00e9.<\/p>\n<p align=\"JUSTIFY\">\u00a0<\/p>\n<p align=\"JUSTIFY\"><em><span style=\"background-color: #add8e6;\">\u00ab Venez \u00e0 l&rsquo;\u00e9cart dans un lieu isol\u00e9, et reposez-vous un peu \u00bb (Marc 6.31)<\/span><\/em><\/p>\n<p align=\"JUSTIFY\">\u00a0<\/p>\n<p align=\"JUSTIFY\">Entrepierres a d\u00e9marr\u00e9 en 1968 sous l&rsquo;impulsion d&rsquo;un couple missionnaire. Il est aujourd&rsquo;hui dirig\u00e9 par une association 1901 et appuy\u00e9 par un comit\u00e9 de r\u00e9f\u00e9rence inter-\u00e9glises. L&rsquo;\u0153uvre dispose de plusieurs g\u00eetes lui permettant d&rsquo;offrir repos, \u00e9coute et conseil \u00e0 ceux qui sont engag\u00e9s sur le front. D&rsquo;autres services sont aussi propos\u00e9s : profils d&rsquo;aptitude et de personnalit\u00e9 pour candidats au service, bilans de comp\u00e9tences, et debriefing pour missionnaires qui rentrent. Entrepierres n&rsquo;est pas un centre m\u00e9dicalis\u00e9. Il n&rsquo;offre ni un accompagnement psychiatrique, ni un suivi \u00e0 long terme.<\/p>\n<p align=\"JUSTIFY\">\u00a0<\/p>\n<p align=\"JUSTIFY\">\u00a0<\/p>\n<h2>Approche<\/h2>\n<p align=\"JUSTIFY\">\u00a0<\/p>\n<p align=\"JUSTIFY\">L&rsquo;accompagnement offert est fond\u00e9 sur une approche \u00e9clectique prudente, inspir\u00e9e de plusieurs \u00e9coles. Au centre de la pratique est le d\u00e9sir d&rsquo;aider la personne \u00e0 mieux discerner le sens de son appel et \u00e0 \u00eatre en mesure d&rsquo;y r\u00e9pondre. Ainsi, elle sera amen\u00e9e \u00e0 prendre du recul par rapport \u00e0 sa situation et \u00e0 mieux comprendre ses motivations, ses objectifs, ses aspirations et son fonctionnement. Ces \u00e9l\u00e9ments seront recherch\u00e9s par le dialogue, la pri\u00e8re, la m\u00e9ditation de la Parole et des lectures adapt\u00e9es.<\/p>\n<p align=\"JUSTIFY\">\u00a0<\/p>\n<p align=\"JUSTIFY\">\u00a0<\/p>\n<h2>Fonctionnement<\/h2>\n<p align=\"JUSTIFY\">\u00a0<\/p>\n<p align=\"JUSTIFY\">Le minist\u00e8re d&rsquo;Entrepierres d\u00e9pend surtout du soutien des personnes qui ont ses objectifs \u00e0 c\u0153ur. La participation financi\u00e8re au co\u00fbt d&rsquo;un s\u00e9jour est laiss\u00e9e \u00e0 la libre appr\u00e9ciation de chacun. L&rsquo;association remercie d&rsquo;avance tous ceux qui voudront bien la soutenir financi\u00e8rement et par la pri\u00e8re !<\/p>\n<p align=\"JUSTIFY\">\u00a0<\/p>\n<p align=\"JUSTIFY\">\u00a0<\/p>\n<h2>Contact : Association Pierres Vivantes<\/h2>\n<p>&nbsp;<\/p>\n<p align=\"JUSTIFY\">Le Vieux Village<\/p>\n<p align=\"JUSTIFY\">\u00a0<\/p>\n<p align=\"JUSTIFY\">04200 ENTREPIERRES<\/p>\n<p align=\"JUSTIFY\">\u00a0<\/p>\n<p align=\"JUSTIFY\">T\u00e9l : 04.92.61.25.09<\/p>\n<p align=\"JUSTIFY\">\u00a0<\/p>\n<p align=\"JUSTIFY\">Site web : <a href=\"http:\/\/www.pierresvivantes.org\">www.pierresvivantes.org<\/a><\/p>\n","protected":false},"excerpt":{"rendered":"<p>Le Centre de relation d&rsquo;Aide d&rsquo;Entrepierres &nbsp; \u00a0 \u00a0 Jonathan Ward, pasteur, est responsable du Centre de relation d&rsquo;aide d&rsquo;Entrepierres. ENTREPIERRES \u00a0 \u00ab un lieu \u00e0 l&rsquo;\u00e9cart o\u00f9 se reposer&#8230; \u00bb &nbsp; &nbsp; &nbsp; En 1968, Dudley et Gill Ward avaient EU la vision de cr\u00e9er un centre d&rsquo;accueil pour des jeunes, puis des moins [&hellip;]<\/p>\n","protected":false},"author":10,"featured_media":0,"comment_status":"closed","ping_status":"closed","sticky":false,"template":"","format":"standard","meta":{"footnotes":""},"categories":[18,9,11],"tags":[],"class_list":["post-5690","post","type-post","status-publish","format-standard","hentry","category-leadership","category-oeuvres-et-missions","category-la-vie-du-chretien"],"_links":{"self":[{"href":"https:\/\/www.servir.caef.net\/index.php?rest_route=\/wp\/v2\/posts\/5690","targetHints":{"allow":["GET"]}}],"collection":[{"href":"https:\/\/www.servir.caef.net\/index.php?rest_route=\/wp\/v2\/posts"}],"about":[{"href":"https:\/\/www.servir.caef.net\/index.php?rest_route=\/wp\/v2\/types\/post"}],"author":[{"embeddable":true,"href":"https:\/\/www.servir.caef.net\/index.php?rest_route=\/wp\/v2\/users\/10"}],"replies":[{"embeddable":true,"href":"https:\/\/www.servir.caef.net\/index.php?rest_route=%2Fwp%2Fv2%2Fcomments&post=5690"}],"version-history":[{"count":0,"href":"https:\/\/www.servir.caef.net\/index.php?rest_route=\/wp\/v2\/posts\/5690\/revisions"}],"wp:attachment":[{"href":"https:\/\/www.servir.caef.net\/index.php?rest_route=%2Fwp%2Fv2%2Fmedia&parent=5690"}],"wp:term":[{"taxonomy":"category","embeddable":true,"href":"https:\/\/www.servir.caef.net\/index.php?rest_route=%2Fwp%2Fv2%2Fcategories&post=5690"},{"taxonomy":"post_tag","embeddable":true,"href":"https:\/\/www.servir.caef.net\/index.php?rest_route=%2Fwp%2Fv2%2Ftags&post=5690"}],"curies":[{"name":"wp","href":"https:\/\/api.w.org\/{rel}","templated":true}]}}