{"id":5697,"date":"2003-05-19T08:18:53","date_gmt":"2003-05-19T08:18:53","guid":{"rendered":"\/?p=5697"},"modified":"2016-07-21T12:37:05","modified_gmt":"2016-07-21T12:37:05","slug":"fja-lassociation-famille-je-taime","status":"publish","type":"post","link":"https:\/\/www.servir.caef.net\/?p=5697","title":{"rendered":"FJA &#8211; L&rsquo;association Famille Je T&rsquo;aime"},"content":{"rendered":"<h1 style=\"text-align: center;\" align=\"JUSTIFY\">FJA &#8211; L&rsquo;association Famille Je T&rsquo;aime<\/h1>\n<p>&nbsp;<\/p>\n<p align=\"JUSTIFY\"><a href=\"http:\/\/www.famillejetaime.com\"><img loading=\"lazy\" decoding=\"async\" class=\"  wp-image-8977 aligncenter\" src=\"\/wp-content\/uploads\/2003\/05\/fja.png\" alt=\"fja\" width=\"785\" height=\"106\" srcset=\"https:\/\/www.servir.caef.net\/wp-content\/uploads\/2003\/05\/fja.png 962w, https:\/\/www.servir.caef.net\/wp-content\/uploads\/2003\/05\/fja-300x41.png 300w\" sizes=\"auto, (max-width: 785px) 100vw, 785px\" \/><\/a>\u00a0<\/p>\n<p align=\"JUSTIFY\">\u00a0<\/p>\n<p align=\"JUSTIFY\"><span style=\"color: #b22222;\"><strong><span style=\"font-size: 16px;\">G\u00e9rard Ducrozet<sub>1<\/sub> <\/span><\/strong><\/span>interview\u00e9 par <span style=\"font-size: 16px;\"><strong>Jean-Pierre Bory<\/strong><\/span><\/p>\n<p align=\"JUSTIFY\">\u00a0<\/p>\n<p align=\"JUSTIFY\">\u00a0<\/p>\n<h3><img loading=\"lazy\" decoding=\"async\" class=\"alignnone  wp-image-8166\" src=\"\/wp-content\/uploads\/2014\/04\/dialogue-2.jpg\" alt=\"dialogue-2\" width=\"86\" height=\"90\" \/>Comment votre association a-t-elle d\u00e9marr\u00e9 ?<\/h3>\n<p align=\"JUSTIFY\">\u00a0<\/p>\n<p>&nbsp;<\/p>\n<p align=\"JUSTIFY\">Elle est n\u00e9e de la vision de deux couples, Claude et Ginette gaasch, ainsi que Walter et Patricia stuart, qui portaient dans leur c\u0153ur un fardeau pour la famille. En 1984 un premier camp-familles a \u00e9t\u00e9 organis\u00e9. Le but \u00e9tait d&rsquo;offrir aux familles un s\u00e9jour qui soit un temps de ressourcement, d&rsquo;\u00e9dification et de restauration dans le domaine de la relation conjugale et de l&rsquo;\u00e9ducation des enfants.<\/p>\n<p align=\"JUSTIFY\">\u00a0<\/p>\n<p align=\"JUSTIFY\"><!--more--><\/p>\n<p align=\"JUSTIFY\"><a href=\"\/wp-content\/uploads\/2003\/pdf2003\/2003_03_14_famillejetaime.pdf\" target=\"_blank\"><img loading=\"lazy\" decoding=\"async\" title=\"iconePDF\" src=\"\/wp-content\/uploads\/2011\/01\/iconePDF.jpg\" alt=\"\" width=\"81\" height=\"76\" align=\"right\" hspace=\"8\" vspace=\"8\" \/><\/a>Les t\u00e9moignages des b\u00e9n\u00e9dictions re\u00e7ues par les familles et les sollicitations de plus en plus nombreuses des Eglises nous ont encourag\u00e9s \u00e0 d\u00e9velopper un minist\u00e8re sp\u00e9cifique pour r\u00e9pondre plus efficacement aux probl\u00e8mes de la famille. En 1989 l&rsquo;association Famille je t&rsquo;aime (FJA) fut cr\u00e9\u00e9e.<\/p>\n<p align=\"JUSTIFY\">\u00a0<\/p>\n<h3><img loading=\"lazy\" decoding=\"async\" class=\"alignnone  wp-image-8166\" src=\"\/wp-content\/uploads\/2014\/04\/dialogue-2.jpg\" alt=\"dialogue-2\" width=\"86\" height=\"90\" \/>Comment r\u00e9sumeriez-vous vos objectifs ?<\/h3>\n<p align=\"JUSTIFY\">\u00a0<\/p>\n<p align=\"JUSTIFY\">FJA veut \u00eatre avant tout au service des familles, pour les aider \u00e0 vivre les b\u00e9n\u00e9dictions que le Seigneur a pour elles. Pour cela, les principes de notre enseignement et de notre action sont fond\u00e9s sur l&rsquo;autorit\u00e9 de la Parole de Dieu, sans exclure pour autant les apports de la psychologie. Nous consid\u00e9rons, en outre, que l&rsquo;Eglise locale a un r\u00f4le essentiel \u00e0 jouer aupr\u00e8s des familles, et nous voulons en faire un lieu privil\u00e9gi\u00e9 de notre action.<\/p>\n<p align=\"JUSTIFY\">\u00a0<\/p>\n<h3><img loading=\"lazy\" decoding=\"async\" class=\"alignnone  wp-image-8166\" src=\"\/wp-content\/uploads\/2014\/04\/dialogue-2.jpg\" alt=\"dialogue-2\" width=\"86\" height=\"90\" \/>Quelles sont les grandes lignes de votre programme ou de vos activit\u00e9s?<\/h3>\n<p align=\"JUSTIFY\">\u00a0<\/p>\n<ul>\n<li>\n<p align=\"JUSTIFY\">Pr\u00e9venir, c&rsquo;est-\u00e0-dire agir aupr\u00e8s des jeunes avec le programme \u00ab\u00a0Parlez-moi d&rsquo;amour\u00a0\u00bb sur la sexualit\u00e9 et la vie affective ainsi que des week-ends \u00abUn c\u0153ur gros comme \u00e7a\u00bb pour fianc\u00e9s et jeunes amoureux.<\/p>\n<\/li>\n<\/ul>\n<ul>\n<li>\n<p align=\"JUSTIFY\">Enseigner les adultes dans les Eglises, les camps-familles et les s\u00e9minaires, mais aussi enseigner les enfants sur le th\u00e8me de la famille avec des manuels pour \u00e9cole du dimanche \u00ab\u00a0Mieux vivre avec ma famille\u00a0\u00bb.<\/p>\n<\/li>\n<\/ul>\n<ul>\n<li>\n<p align=\"JUSTIFY\">Former \u00e0 une approche biblique de la relation d&rsquo;aide pour que se d\u00e9veloppent au sein de l&rsquo;Eglise locale des minist\u00e8res qui r\u00e9pondent aux besoins des nombreuses personnes en difficult\u00e9 relationnelle.<\/p>\n<\/li>\n<\/ul>\n<ul>\n<li>\n<p align=\"JUSTIFY\">Evang\u00e9liser parce que nous croyons que la crise de la famille trouverait des pistes de solution dans le projet de Dieu pour elle. Nous \u00e9ditons chaque ann\u00e9e un calendrier pour la famille et produisons des \u00e9missions radio, disponibles sous forme de cassettes&#8230; Plus r\u00e9cemment, nous avons cr\u00e9\u00e9 le \u00ab\u00a0Forum des hommes\u00a0\u00bb, un minist\u00e8re pour aider les hommes \u00e0 vivre et transmettre les valeurs bibliques dans leur famille, leur travail&#8230; et les \u00ab\u00a0Week-ends trappeurs\u00a0\u00bb pour favoriser la rencontre des p\u00e8res avec leurs fils.<\/p>\n<\/li>\n<\/ul>\n<p align=\"JUSTIFY\">\u00a0<\/p>\n<p style=\"text-align: right;\">Questions pos\u00e9es par J.-P B.<\/p>\n<p align=\"JUSTIFY\">\u00a0<\/p>\n<p align=\"JUSTIFY\">\u00a0<\/p>\n<h3>Contact<\/h3>\n<p>&nbsp;<\/p>\n<p align=\"JUSTIFY\"><strong>Par courrier<\/strong> au si\u00e8ge de FJA, 17 avenue Mar\u00e9chal Foch, 68500 Guebwiller<\/p>\n<p align=\"JUSTIFY\"><strong>ou par email<\/strong> : <a href=\"mailto:fja@famillejetaime.com\">fja@famillejetaime.com<\/a>. ou t\u00e9l\u00e9phoner au 03.98.62.11.00.<\/p>\n<p align=\"JUSTIFY\">Il est aussi possible de consulter <strong>le site internet<\/strong> : <a href=\"http:\/\/www.famillejetaime.com\">www.famillejetaime.com<\/a>.<\/p>\n<p align=\"JUSTIFY\">\u00a0<\/p>\n<hr \/>\n<p align=\"JUSTIFY\">\u00a0Note<\/p>\n<p align=\"JUSTIFY\">\u00a0<\/p>\n<p align=\"JUSTIFY\"><strong>1.<\/strong> : G\u00e9rard Ducrozet est ancien de l&rsquo;Eglise Evang\u00e9lique Protestante de Bourg-en-Bresse et il exerce un minist\u00e8re \u00e0 plein temps dans l&rsquo;association Famille Je T&rsquo;aime.<\/p>\n<p align=\"JUSTIFY\">\u00a0<\/p>\n","protected":false},"excerpt":{"rendered":"<p>FJA &#8211; L&rsquo;association Famille Je T&rsquo;aime &nbsp; \u00a0 \u00a0 G\u00e9rard Ducrozet1 interview\u00e9 par Jean-Pierre Bory \u00a0 \u00a0 Comment votre association a-t-elle d\u00e9marr\u00e9 ? \u00a0 &nbsp; Elle est n\u00e9e de la vision de deux couples, Claude et Ginette gaasch, ainsi que Walter et Patricia stuart, qui portaient dans leur c\u0153ur un fardeau pour la famille. En [&hellip;]<\/p>\n","protected":false},"author":68,"featured_media":0,"comment_status":"closed","ping_status":"closed","sticky":false,"template":"","format":"standard","meta":{"footnotes":""},"categories":[8,29,9,13],"tags":[],"class_list":["post-5697","post","type-post","status-publish","format-standard","hentry","category-evangelisation","category-la-famille","category-oeuvres-et-missions","category-la-vie-de-leglise"],"_links":{"self":[{"href":"https:\/\/www.servir.caef.net\/index.php?rest_route=\/wp\/v2\/posts\/5697","targetHints":{"allow":["GET"]}}],"collection":[{"href":"https:\/\/www.servir.caef.net\/index.php?rest_route=\/wp\/v2\/posts"}],"about":[{"href":"https:\/\/www.servir.caef.net\/index.php?rest_route=\/wp\/v2\/types\/post"}],"author":[{"embeddable":true,"href":"https:\/\/www.servir.caef.net\/index.php?rest_route=\/wp\/v2\/users\/68"}],"replies":[{"embeddable":true,"href":"https:\/\/www.servir.caef.net\/index.php?rest_route=%2Fwp%2Fv2%2Fcomments&post=5697"}],"version-history":[{"count":0,"href":"https:\/\/www.servir.caef.net\/index.php?rest_route=\/wp\/v2\/posts\/5697\/revisions"}],"wp:attachment":[{"href":"https:\/\/www.servir.caef.net\/index.php?rest_route=%2Fwp%2Fv2%2Fmedia&parent=5697"}],"wp:term":[{"taxonomy":"category","embeddable":true,"href":"https:\/\/www.servir.caef.net\/index.php?rest_route=%2Fwp%2Fv2%2Fcategories&post=5697"},{"taxonomy":"post_tag","embeddable":true,"href":"https:\/\/www.servir.caef.net\/index.php?rest_route=%2Fwp%2Fv2%2Ftags&post=5697"}],"curies":[{"name":"wp","href":"https:\/\/api.w.org\/{rel}","templated":true}]}}