{"id":5703,"date":"2003-05-19T08:29:04","date_gmt":"2003-05-19T08:29:04","guid":{"rendered":"\/?p=5703"},"modified":"2016-07-21T12:26:33","modified_gmt":"2016-07-21T12:26:33","slug":"mission-vie-et-famille","status":"publish","type":"post","link":"https:\/\/www.servir.caef.net\/?p=5703","title":{"rendered":"Mission Vie et famille"},"content":{"rendered":"<h1 style=\"text-align: center;\">Mission Vie et famille\u00a0<\/h1>\n<p>&nbsp;<\/p>\n<p><a href=\"http:\/\/www.missionvieetfamille.com\"><img loading=\"lazy\" decoding=\"async\" class=\"alignnone  wp-image-8979\" src=\"\/wp-content\/uploads\/2003\/05\/mvf.png\" alt=\"mvf\" width=\"830\" height=\"110\" srcset=\"https:\/\/www.servir.caef.net\/wp-content\/uploads\/2003\/05\/mvf.png 906w, https:\/\/www.servir.caef.net\/wp-content\/uploads\/2003\/05\/mvf-300x40.png 300w\" sizes=\"auto, (max-width: 830px) 100vw, 830px\" \/><\/a><\/p>\n<p>&nbsp;<\/p>\n<p>&nbsp;<\/p>\n<p align=\"JUSTIFY\"><span style=\"color: #b22222;\"><strong><span style=\"font-size: 16px;\">G\u00e9rard Hoareau<\/span><\/strong><\/span> interview\u00e9 par <span style=\"font-size: 16px;\"><strong>Reynald Kozycki<\/strong><\/span><\/p>\n<p align=\"JUSTIFY\">\u00a0<\/p>\n<p align=\"JUSTIFY\">\u00a0<\/p>\n<h3><img loading=\"lazy\" decoding=\"async\" class=\"alignnone  wp-image-758\" src=\"\/wp-content\/uploads\/2011\/03\/dialogue3.jpg\" alt=\"dialogue3\" width=\"77\" height=\"82\" \/>Comment votre association a-t-elle d\u00e9marr\u00e9 ?<\/h3>\n<p align=\"JUSTIFY\">\u00a0<\/p>\n<p>&nbsp;<\/p>\n<p align=\"JUSTIFY\">Notre association a d\u00e9marr\u00e9 dans les ann\u00e9es 60 au Cameroun, sous l&rsquo;impulsion de Walter Trobisch, pasteur et enseignant dans un lyc\u00e9e protestant. W Trobisch est ensuite rentr\u00e9 en Europe et y a d\u00e9velopp\u00e9 ce travail. En ce qui concerne la branche fran\u00e7aise, nous avons organis\u00e9 nos premi\u00e8res rencontres en 1982 et nous nous sommes constitu\u00e9s en association en 1989.<\/p>\n<p align=\"JUSTIFY\">\u00a0<\/p>\n<p align=\"JUSTIFY\"><!--more--><\/p>\n<h3>\u00a0<\/h3>\n<h3><img loading=\"lazy\" decoding=\"async\" class=\"alignnone  wp-image-758\" src=\"\/wp-content\/uploads\/2011\/03\/dialogue3.jpg\" alt=\"dialogue3\" width=\"77\" height=\"82\" \/>Comment r\u00e9sumeriez-vous vos objectifs ?<\/h3>\n<p align=\"JUSTIFY\">\u00a0<\/p>\n<p align=\"JUSTIFY\"><a href=\"\/wp-content\/uploads\/2003\/pdf2003\/2003_03_15_missionvieetfamille.pdf\" target=\"_blank\"><img loading=\"lazy\" decoding=\"async\" title=\"iconePDF\" src=\"\/wp-content\/uploads\/2011\/01\/iconePDF.jpg\" alt=\"\" width=\"81\" height=\"76\" align=\"right\" hspace=\"8\" vspace=\"8\" \/><\/a>Face aux nouvelles valeurs adopt\u00e9es par notre soci\u00e9t\u00e9, Mission Vie et Famille (MVF) veut aider \u00e0 faire d\u00e9couvrir, ou red\u00e9couvrir, quelques principes simples :<\/p>\n<ul>\n<li>\n<p align=\"JUSTIFY\">Les paroles bibliques sont plus actuelles que jamais. Dans un monde priv\u00e9 de rep\u00e8res, nous croyons que la Bible est la seule boussole s\u00fbre pour orienter nos vies.<\/p>\n<\/li>\n<li>\n<p align=\"JUSTIFY\">Le mariage est une institution du Cr\u00e9ateur. Il est d\u00e9crit par les auteurs bibliques comme un lieu de vie, de rentabilit\u00e9 et d&rsquo;efficacit\u00e9, \u00e0 la fois personnelle et sociale.<\/p>\n<\/li>\n<\/ul>\n<p align=\"JUSTIFY\"><a href=\"\/wp-content\/uploads\/2014\/10\/couple-3-e1429879575786.jpg\"><img decoding=\"async\" class=\"  wp-image-8908 alignleft\" src=\"\/wp-content\/uploads\/2014\/10\/couple-3-e1429879575786.jpg\" alt=\"couple-3\" width=\"250\" hspace=\"10\" \/><\/a>Le mariage n&rsquo;est pas une victoire, le c\u00e9libat n&rsquo;est pas une d\u00e9faite. L&rsquo;Evangile ne parle pas de l&rsquo;un sans parler de l&rsquo;autre.<\/p>\n<p align=\"JUSTIFY\"><a href=\"\/wp-content\/uploads\/2011\/06\/Enfants.jpg\"><img loading=\"lazy\" decoding=\"async\" class=\"  wp-image-2761 alignright\" src=\"\/wp-content\/uploads\/2011\/06\/Enfants.jpg\" alt=\"Enfants\" width=\"258\" height=\"172\" hspace=\"10\" srcset=\"https:\/\/www.servir.caef.net\/wp-content\/uploads\/2011\/06\/Enfants.jpg 425w, https:\/\/www.servir.caef.net\/wp-content\/uploads\/2011\/06\/Enfants-300x199.jpg 300w\" sizes=\"auto, (max-width: 258px) 100vw, 258px\" \/><br \/><\/a>C&rsquo;est pourquoi nous avons d\u00e9velopp\u00e9 une r\u00e9flexion de fond sur la question. \u00ab\u00a0On ne peut donner que deux choses \u00e0 ses enfants : des racines et des ailes\u00a0\u00bb dit le proverbe. Nous voulons aider les parents dans cette t\u00e2che difficile. L&rsquo;intention de Dieu est d&rsquo;\u00e9lever l&rsquo;homme en responsabilit\u00e9. Autrement dit, rien ne peut remplacer la mise en jeu de notre responsabilit\u00e9 pour vivre des relations claires, vraies et chaleureuses.<\/p>\n<p align=\"JUSTIFY\">\u00a0<\/p>\n<p align=\"JUSTIFY\">\u00a0<\/p>\n<h3><img loading=\"lazy\" decoding=\"async\" class=\"alignnone  wp-image-758\" src=\"\/wp-content\/uploads\/2011\/03\/dialogue3.jpg\" alt=\"dialogue3\" width=\"77\" height=\"82\" \/>Quelles sont les grandes lignes de votre programme ou de vos activit\u00e9s ?<\/h3>\n<p>&nbsp;<\/p>\n<p align=\"JUSTIFY\">Nous organisons :<\/p>\n<p align=\"JUSTIFY\">\u00a0<\/p>\n<ul>\n<li>Des s\u00e9minaires \u00e0 th\u00e8me, pour des auditoires sp\u00e9cifiques : personnes seules, fianc\u00e9s, couples, parents, jeunes. Les th\u00e8mes trait\u00e9s couvrent tous les aspects de la vie relationnelle et interpersonnelle.<\/li>\n<\/ul>\n<ul>\n<li>Des retraites d&rsquo;\u00e9glises et des conf\u00e9rences sur tous les th\u00e8mes de la vie affective et relationnelle.<\/li>\n<\/ul>\n<ul>\n<li>Des camps d&rsquo;\u00e9t\u00e9 qui visent tous les auditoires et ont pour but de fournir une orientation \u00e0 la fois spirituelle et pratique. Nous avons con\u00e7u ces camps pour les personnes qui recherchent le juste \u00e9quilibre entre repos, d\u00e9tente, partage biblique et loisirs de qualit\u00e9.<\/li>\n<\/ul>\n<ul>\n<li>Des entretiens de relation d&rsquo;aide en t\u00eate \u00e0 t\u00eate. Nous voulons fonder ce travail sur la comp\u00e9tence technique, l&rsquo;aptitude p\u00e9dagogique et la maturit\u00e9 humaine et spirituelle.<\/li>\n<\/ul>\n<ul>\n<li>D&rsquo;autre part, nous avons d\u00e9velopp\u00e9 un mat\u00e9riel \u00e9ducatif, sous forme de supports p\u00e9dagogiques \u00e0 l&rsquo;intention des couples, des parents, des jeunes adultes, des c\u00e9libataires et des responsables d&rsquo;\u00e9glises.<\/li>\n<\/ul>\n<p align=\"JUSTIFY\">\u00a0<\/p>\n<p align=\"JUSTIFY\">\u00a0<\/p>\n<h3>Contact<\/h3>\n<p>&nbsp;<\/p>\n<p align=\"JUSTIFY\">G\u00e9rard Hoareau, 9, rue de la Gare, 94230 CACHAN<\/p>\n<p align=\"JUSTIFY\">T\u00e9l. : 01.45.47.08.59. Fax : 01.45.47.09.77.<\/p>\n<p align=\"JUSTIFY\">Email : <a href=\"mailto:contacter@missionvieetfamille.com\">contacter@missionvieetfamille.com<\/a>.<\/p>\n<p align=\"JUSTIFY\">Site internet : <a href=\"http:\/\/www.missionvieetfamille.com\">www.missionvieetfamille.com<\/a><\/p>\n<p align=\"JUSTIFY\">\u00a0<\/p>\n","protected":false},"excerpt":{"rendered":"<p>Mission Vie et famille\u00a0 &nbsp; &nbsp; &nbsp; G\u00e9rard Hoareau interview\u00e9 par Reynald Kozycki \u00a0 \u00a0 Comment votre association a-t-elle d\u00e9marr\u00e9 ? \u00a0 &nbsp; Notre association a d\u00e9marr\u00e9 dans les ann\u00e9es 60 au Cameroun, sous l&rsquo;impulsion de Walter Trobisch, pasteur et enseignant dans un lyc\u00e9e protestant. W Trobisch est ensuite rentr\u00e9 en Europe et y a [&hellip;]<\/p>\n","protected":false},"author":197,"featured_media":0,"comment_status":"closed","ping_status":"closed","sticky":false,"template":"","format":"standard","meta":{"footnotes":""},"categories":[29,9,33],"tags":[],"class_list":["post-5703","post","type-post","status-publish","format-standard","hentry","category-la-famille","category-oeuvres-et-missions","category-temoignages"],"_links":{"self":[{"href":"https:\/\/www.servir.caef.net\/index.php?rest_route=\/wp\/v2\/posts\/5703","targetHints":{"allow":["GET"]}}],"collection":[{"href":"https:\/\/www.servir.caef.net\/index.php?rest_route=\/wp\/v2\/posts"}],"about":[{"href":"https:\/\/www.servir.caef.net\/index.php?rest_route=\/wp\/v2\/types\/post"}],"author":[{"embeddable":true,"href":"https:\/\/www.servir.caef.net\/index.php?rest_route=\/wp\/v2\/users\/197"}],"replies":[{"embeddable":true,"href":"https:\/\/www.servir.caef.net\/index.php?rest_route=%2Fwp%2Fv2%2Fcomments&post=5703"}],"version-history":[{"count":0,"href":"https:\/\/www.servir.caef.net\/index.php?rest_route=\/wp\/v2\/posts\/5703\/revisions"}],"wp:attachment":[{"href":"https:\/\/www.servir.caef.net\/index.php?rest_route=%2Fwp%2Fv2%2Fmedia&parent=5703"}],"wp:term":[{"taxonomy":"category","embeddable":true,"href":"https:\/\/www.servir.caef.net\/index.php?rest_route=%2Fwp%2Fv2%2Fcategories&post=5703"},{"taxonomy":"post_tag","embeddable":true,"href":"https:\/\/www.servir.caef.net\/index.php?rest_route=%2Fwp%2Fv2%2Ftags&post=5703"}],"curies":[{"name":"wp","href":"https:\/\/api.w.org\/{rel}","templated":true}]}}