{"id":5808,"date":"2003-09-09T10:06:38","date_gmt":"2003-09-09T10:06:38","guid":{"rendered":"\/?p=5808"},"modified":"2016-07-21T12:57:18","modified_gmt":"2016-07-21T12:57:18","slug":"au-fil-de-ma-vie-le-christ-temoignage-de-jean-puig","status":"publish","type":"post","link":"https:\/\/www.servir.caef.net\/?p=5808","title":{"rendered":"T\u00e9moignage &#8211; Jean PUIG &#8211; Au fil de ma vie : le Christ"},"content":{"rendered":"<h1 style=\"text-align: center;\"><a href=\"\/wp-content\/uploads\/2011\/05\/Temoignage.jpg\"><img loading=\"lazy\" decoding=\"async\" class=\"alignnone size-full wp-image-2645\" src=\"\/wp-content\/uploads\/2011\/05\/Temoignage.jpg\" alt=\"Temoignage\" width=\"390\" height=\"36\" srcset=\"https:\/\/www.servir.caef.net\/wp-content\/uploads\/2011\/05\/Temoignage.jpg 390w, https:\/\/www.servir.caef.net\/wp-content\/uploads\/2011\/05\/Temoignage-300x27.jpg 300w\" sizes=\"auto, (max-width: 390px) 100vw, 390px\" \/><\/a><\/h1>\n<h1 style=\"text-align: center;\">\u00a0<\/h1>\n<h1 style=\"text-align: center;\">Au fil de ma vie : le Christ<\/h1>\n<p style=\"text-align: center;\">\u00a0<a href=\"\/wp-content\/uploads\/2003\/03\/adulte-enfant.jpg\"><img loading=\"lazy\" decoding=\"async\" class=\"alignnone size-full wp-image-8208\" src=\"\/wp-content\/uploads\/2003\/03\/adulte-enfant.jpg\" alt=\"adulte-enfant\" width=\"145\" height=\"210\" \/><\/a><\/p>\n<p style=\"text-align: center;\">\u00a0<\/p>\n<p style=\"text-align: center;\"><strong><span style=\"font-size: 16px;\">T\u00e9moignage de <span style=\"color: #b22222;\">Jean PUIG<\/span><br \/> <\/span><\/strong><\/p>\n<p style=\"text-align: justify;\">\u00a0<\/p>\n<p style=\"text-align: justify;\">\u00a0<\/p>\n<p>&nbsp;<\/p>\n<p style=\"text-align: justify;\">Je suis n\u00e9 \u00e0 Casablanca (Maroc) le 15 janvier 1931, de parents espagnols. Je n&rsquo;avais pas quatre ans lorsque je perdis ma m\u00e8re et cinq ans quand mon p\u00e8re se suicida. Cela me co\u00fbte encore de l&rsquo;\u00e9crire, m\u00eame \u00e0 mon \u00e2ge (70 ans). Un an d\u00e9j\u00e0 avant le d\u00e9c\u00e8s de ma m\u00e8re malade, je fus confi\u00e9 \u00e0 ma grand-m\u00e8re paternelle, puis \u00e0 un oncle. <br \/> \u00a0<\/p>\n<p style=\"text-align: justify;\"><!--more--><\/p>\n<p style=\"text-align: justify;\"><em><strong><a href=\"\/wp-content\/uploads\/2003\/pdf2003\/2003_05_24_temoignagedejeanpuig.pdf\" target=\"_blank\"><img loading=\"lazy\" decoding=\"async\" title=\"iconePDF\" src=\"\/wp-content\/uploads\/2011\/01\/iconePDF.jpg\" alt=\"\" width=\"81\" height=\"76\" align=\"right\" hspace=\"8\" vspace=\"8\" \/><\/a><\/strong><\/em>Je grandis dans un milieu tr\u00e8s catholique, grandement m\u00eal\u00e9 d&rsquo;occultisme o\u00f9 l&rsquo;enfant que j&rsquo;\u00e9tais absorbait comme une \u00e9ponge ce qui \u00e9tait \u00e0 sa port\u00e9e. Il y avait longtemps que j&rsquo;\u00e9tais s\u00e9par\u00e9 de ma seule s\u0153ur plac\u00e9e chez une autre tante. Tout cela pour situer dans quel contexte religieux je cherchai, d\u00e8s ma jeunesse, consciemment ou pas, ce Dieu auquel tout \u00eatre aspire <span style=\"background-color: #add8e6;\"><em>(Eccl 3.11)<\/em><\/span>. <br \/> \u00a0<\/p>\n<p style=\"text-align: justify;\">L&rsquo;instruction religieuse, <em>les communions priv\u00e9e et solennelle<\/em> ne m&rsquo;apport\u00e8rent rien de vraiment durable sinon une \u00e9motion sur le moment. <br \/> \u00a0<\/p>\n<p style=\"text-align: justify;\">Apr\u00e8s des ann\u00e9es de t\u00e2tonnements, et alors que je revenais de notre voyage de noces et reprenais mon travail chez Renault o\u00f9 j&rsquo;\u00e9tais ouvrier, un client, Monsieur Federsfil (que beaucoup ont connu car il s&rsquo;est occup\u00e9, plus tard, du service des rapatri\u00e9s \u00e0 l&rsquo;ambassade de France \u00e0 Casablanca) me dit : \u00ab\u00a0Lis ta Bible, tu trouveras toutes les r\u00e9ponses \u00e0 tes questions\u00a0\u00bb. Je connaissais depuis longtemps cet homme, sans savoir qu&rsquo;il \u00e9tait le premier messager de Celui dont Pascal dit : \u00ab\u00a0Tu ne me chercherais pas si tu ne m&rsquo;avais trouv\u00e9\u00a0\u00bb. <br \/> \u00a0<\/p>\n<p style=\"text-align: justify;\"><a href=\"\/wp-content\/uploads\/2010\/03\/bible1.jpg\"><img loading=\"lazy\" decoding=\"async\" class=\"  wp-image-6910 alignright\" src=\"\/wp-content\/uploads\/2010\/03\/bible1.jpg\" alt=\"bible1\" width=\"280\" height=\"145\" srcset=\"https:\/\/www.servir.caef.net\/wp-content\/uploads\/2010\/03\/bible1.jpg 598w, https:\/\/www.servir.caef.net\/wp-content\/uploads\/2010\/03\/bible1-300x155.jpg 300w\" sizes=\"auto, (max-width: 280px) 100vw, 280px\" \/><\/a>C&rsquo;est le plus court message que j&rsquo;aie jamais entendu. Le jour m\u00eame ou le lendemain, j&rsquo;achetai ma premi\u00e8re Bible \u00e0 la Maison de la Bible \u00e0 Casablanca o\u00f9 Monsieur Frank me remit en m\u00eame temps son \u00ab\u00a0mode d&#8217;emploi\u00a0\u00bb : Prier, avant toute lecture de ce Saint et Merveilleux Livre, <span style=\"background-color: #add8e6;\"><em>les versets 11 et 18 du psaume 119<\/em><\/span>. <br \/> \u00a0<\/p>\n<p style=\"text-align: justify;\">Je me mis donc \u00e0 lire, que dis-je, \u00e0 d\u00e9vorer le texte en commen\u00e7ant&#8230; par la Gen\u00e8se jusqu&rsquo;\u00e0 l&rsquo;Apocalypse sans contact avec aucun chr\u00e9tien pour m&rsquo;enseigner. L&rsquo;Esprit travaillait dans mon c\u0153ur. D\u00e9j\u00e0 en lisant le <span style=\"background-color: #add8e6;\"><em>Psaume 68.6<\/em><\/span> je m&rsquo;\u00e9criai \u00ab\u00a0Voil\u00e0 ! J&rsquo;ai trouv\u00e9 mon P\u00e8re !&#8230;\u00a0\u00bb Pour un orphelin, c&rsquo;\u00e9tait quelque chose ! Ainsi pendant un an, petit \u00e0 petit, II se r\u00e9v\u00e9la \u00e0 moi. <br \/> \u00a0<\/p>\n<p style=\"text-align: justify;\">En 1958 un trait\u00e9 dont le titre \u00e9tait : \u00ab\u00a0Je n&rsquo;ai pas le temps !\u00a0\u00bb invitait \u00e0 une r\u00e9union rue Bugeaud. Je m&rsquo;y rendis, non sans grand combat int\u00e9rieur avant de franchir le seuil de la salle. <br \/> \u00a0<\/p>\n<p style=\"text-align: justify;\">Je n&rsquo;oublierai jamais la qualit\u00e9 de l&rsquo;accueil de Jean Padilla. Cela me revient toujours en m\u00e9moire lorsqu&rsquo;un \u00ab\u00a0inconnu\u00a0\u00bb entre dans un local o\u00f9 la seule et Bonne Nouvelle est pr\u00each\u00e9e. C&rsquo;\u00e9tait un culte en espagnol et c&rsquo;\u00e9tait Antoine Padilla qui apportait le message. \u00ab\u00a0Mais d&rsquo;o\u00f9 me conna\u00eet-il ?\u00a0\u00bb me disais-je, car c&rsquo;\u00e9tait pour moi qu&rsquo;il parlait&#8230; Je donnai mon c\u0153ur au Seigneur et souvent je r\u00e9p\u00e8te : \u00ab\u00a0Je ne sais pas si je suis entr\u00e9 perdu dans ce local de la rue Bugeaud mais ce que je sais c&rsquo;est que j&rsquo;en suis sorti sauv\u00e9\u00a0\u00bb <span style=\"background-color: #add8e6;\"><em>(Jn 9.25)<\/em><\/span>. <br \/> \u00a0<\/p>\n<p style=\"text-align: justify;\">La place me manque pour parler de ces fr\u00e8res et s\u0153urs, chers \u00e0 nos c\u0153urs, qui nous ont tant entour\u00e9s et qui nous ont donn\u00e9 les rudiments de base pour la marche en avant <span style=\"background-color: #add8e6;\"><em>(Ac 8.31)<\/em><\/span>. <br \/> \u00a0<\/p>\n<p style=\"text-align: justify;\">Je passe sous silence le combat au sein de la famille qui m&rsquo;a \u00e9lev\u00e9&#8230; Mon bapt\u00eame le jour de P\u00e2ques 1959&#8230; <br \/> \u00a0<\/p>\n<p style=\"text-align: justify;\">Apr\u00e8s un an et quelques combats toujours douloureux quand on les vit, mon \u00e9pouse se convertit. Pendant ce temps, le choix de Le servir \u00ab\u00a0\u00e0 plein temps\u00a0\u00bb ou de continuer dans ma profession occupa beaucoup mon esprit ; mais un jour la conviction de continuer \u00e0 t\u00e9moigner aupr\u00e8s de tous ces ouvriers de l&rsquo;automobile m&rsquo;habita et ne me quitta plus. <br \/> \u00a0<\/p>\n<p style=\"text-align: justify;\">C&rsquo;est en mars 1962 que nous sommes arriv\u00e9s \u00e0 Toulouse, rapatri\u00e9s du Maroc. J&rsquo;y retrouvai du travail chez Renault. <br \/> \u00a0<\/p>\n<p style=\"text-align: justify;\">Au bout de quelques mois, la soci\u00e9t\u00e9 me proposa un poste de chef d&rsquo;atelier \u00e0 Marmande. Mais nous avions de la famille \u00e0 Toulouse, nous y revenions souvent et c&rsquo;est ainsi que nous avons pu voir les d\u00e9buts de l&rsquo;assembl\u00e9e de la rue Lombez. <br \/> \u00a0<\/p>\n<p style=\"text-align: justify;\">A Marmande, en attendant des renforts <span style=\"background-color: #add8e6;\"><em>(Jg 6.14)<\/em><\/span>, nos rencontres se faisaient \u00e0 la maison. Jo\u00ebl Freyche, Jean Almodovar, Jacques Buisson, Andr\u00e9 Borel et d&rsquo;autres personnes de passage nous encourag\u00e8rent. Quelques conversions, trop peu pour qu&rsquo;une assembl\u00e9e naisse, furent pour nous un grand sujet de joie et de reconnaissance au Seigneur. <br \/> \u00a0<\/p>\n<p style=\"text-align: justify;\">Pendant quelques ann\u00e9es, nous nous sommes joints \u00e0 l&rsquo;Eglise Libre de Clairac. Depuis une dizaine d&rsquo;ann\u00e9es, date de ma mise \u00e0 la retraite, nous essayons d&rsquo;aider l&rsquo;Eglise de Maubourguet, ainsi que, en Espagne, l&rsquo;\u0153uvre de Nueva Luz (Nouvelle Lumi\u00e8re) parmi les aveugles. Antoine Padilla, lui-m\u00eame aveugle depuis plus de 15 ans, en est le responsable. <br \/> \u00a0<\/p>\n<p style=\"text-align: justify;\">Si ces quelques mots peuvent \u00eatre un encouragement pour quelqu&rsquo;un, je m&rsquo;en r\u00e9jouis. Que toute la Gloire en revienne \u00e0 Dieu seul <span style=\"background-color: #add8e6;\"><em>(1 Jn 1.7 \u00e0 10)<\/em><\/span>. <br \/> \u00a0<\/p>\n<p style=\"text-align: center;\">J.P.<\/p>\n<p>&nbsp;<\/p>\n","protected":false},"excerpt":{"rendered":"<p>\u00a0 Au fil de ma vie : le Christ \u00a0 \u00a0 T\u00e9moignage de Jean PUIG \u00a0 \u00a0 &nbsp; Je suis n\u00e9 \u00e0 Casablanca (Maroc) le 15 janvier 1931, de parents espagnols. Je n&rsquo;avais pas quatre ans lorsque je perdis ma m\u00e8re et cinq ans quand mon p\u00e8re se suicida. Cela me co\u00fbte encore de l&rsquo;\u00e9crire, [&hellip;]<\/p>\n","protected":false},"author":199,"featured_media":0,"comment_status":"closed","ping_status":"closed","sticky":false,"template":"","format":"standard","meta":{"footnotes":""},"categories":[8,28,33],"tags":[],"class_list":["post-5808","post","type-post","status-publish","format-standard","hentry","category-evangelisation","category-jesus-christ","category-temoignages"],"_links":{"self":[{"href":"https:\/\/www.servir.caef.net\/index.php?rest_route=\/wp\/v2\/posts\/5808","targetHints":{"allow":["GET"]}}],"collection":[{"href":"https:\/\/www.servir.caef.net\/index.php?rest_route=\/wp\/v2\/posts"}],"about":[{"href":"https:\/\/www.servir.caef.net\/index.php?rest_route=\/wp\/v2\/types\/post"}],"author":[{"embeddable":true,"href":"https:\/\/www.servir.caef.net\/index.php?rest_route=\/wp\/v2\/users\/199"}],"replies":[{"embeddable":true,"href":"https:\/\/www.servir.caef.net\/index.php?rest_route=%2Fwp%2Fv2%2Fcomments&post=5808"}],"version-history":[{"count":0,"href":"https:\/\/www.servir.caef.net\/index.php?rest_route=\/wp\/v2\/posts\/5808\/revisions"}],"wp:attachment":[{"href":"https:\/\/www.servir.caef.net\/index.php?rest_route=%2Fwp%2Fv2%2Fmedia&parent=5808"}],"wp:term":[{"taxonomy":"category","embeddable":true,"href":"https:\/\/www.servir.caef.net\/index.php?rest_route=%2Fwp%2Fv2%2Fcategories&post=5808"},{"taxonomy":"post_tag","embeddable":true,"href":"https:\/\/www.servir.caef.net\/index.php?rest_route=%2Fwp%2Fv2%2Ftags&post=5808"}],"curies":[{"name":"wp","href":"https:\/\/api.w.org\/{rel}","templated":true}]}}