{"id":5841,"date":"2003-11-09T13:56:03","date_gmt":"2003-11-09T13:56:03","guid":{"rendered":"\/?p=5841"},"modified":"2016-07-21T13:30:48","modified_gmt":"2016-07-21T13:30:48","slug":"a-lire-sur-le-sujet-de-la-creation-le-chiffre-de-la-vie","status":"publish","type":"post","link":"https:\/\/www.servir.caef.net\/?p=5841","title":{"rendered":"A lire sur le sujet de la Cr\u00e9ation &#8211; Le Chiffre de la vie"},"content":{"rendered":"<h1 style=\"text-align: center;\">A lire sur le sujet de la Cr\u00e9ation &#8211; Le Chiffre de la vie<\/h1>\n<p>&nbsp;<\/p>\n<p style=\"text-align: justify;\">\u00a0<a href=\"\/wp-content\/uploads\/2003\/11\/livre-chiffre-vie.png\"><img loading=\"lazy\" decoding=\"async\" class=\"  wp-image-9006 aligncenter\" src=\"\/wp-content\/uploads\/2003\/11\/livre-chiffre-vie.png\" alt=\"livre chiffre vie\" width=\"150\" height=\"228\" srcset=\"https:\/\/www.servir.caef.net\/wp-content\/uploads\/2003\/11\/livre-chiffre-vie.png 230w, https:\/\/www.servir.caef.net\/wp-content\/uploads\/2003\/11\/livre-chiffre-vie-197x300.png 197w\" sizes=\"auto, (max-width: 150px) 100vw, 150px\" \/><\/a><\/p>\n<p style=\"text-align: justify;\"><span style=\"font-size: 16px;\"><strong>par <span style=\"color: #b22222;\">Gr\u00e9gory B\u00e9nichou<sub>1<\/sub><\/span><\/strong><\/span><\/p>\n<p>&nbsp;<\/p>\n<p style=\"text-align: justify;\">\u00a0<\/p>\n<p>&nbsp;<\/p>\n<p style=\"text-align: justify;\">En faisant la cuisine, j&rsquo;allume souvent la radio. Et voil\u00e0 qu&rsquo;un matin, sur <em>France Inter<\/em>,un homme explique simplement que le monde ne peut s&rsquo;\u00eatre cr\u00e9\u00e9 de lui-m\u00eame, et qu&rsquo;il existe forc\u00e9ment, logiquement, un <em>Grand Programmeur<\/em>. J&rsquo;ai voulu en savoir plus sur lui. <br \/> \u00a0<\/p>\n<p style=\"text-align: justify;\">\u00a0<\/p>\n<p style=\"text-align: justify;\"><!--more--><\/p>\n<p style=\"text-align: justify;\"><em><strong><a href=\"\/wp-content\/uploads\/2003\/pdf2003\/2003_06_07_lechiffredelavie.pdf\" target=\"_blank\"><img loading=\"lazy\" decoding=\"async\" title=\"iconePDF\" src=\"\/wp-content\/uploads\/2011\/01\/iconePDF.jpg\" alt=\"\" width=\"81\" height=\"76\" align=\"right\" hspace=\"8\" vspace=\"8\" \/><\/a><\/strong><\/em>De Gr\u00e9gory B\u00e9nichou, auteur du <em>Chiffre de la vie<\/em>, je n&rsquo;ai appris que peu de choses : n\u00e9 en 1971, il est docteur en philosophie et en pharmacie, dipl\u00f4m\u00e9 de l&rsquo;ESSEC<strong><sub>2<\/sub><\/strong> o\u00f9 il enseigne l&rsquo;\u00e9thique et les sciences humaines. <br \/> \u00a0<\/p>\n<p style=\"text-align: justify;\">Si l&rsquo;auteur de l&rsquo;article pr\u00e9c\u00e9dent, Phillip Johnson, croyant convaincu en un Cr\u00e9ateur, exclut tout processus \u00e9volutionniste, Gregory B\u00e9nichou fait le chemin inverse et part de la biologie pour aboutir \u00e0 la n\u00e9cessit\u00e9 d&rsquo;un Grand Programmeur\u00a0! <br \/> \u00a0<\/p>\n<p style=\"text-align: justify;\">Voici un aper\u00e7u trop partiel de son ouvrage<strong><sub>3<\/sub><\/strong> : <br \/> \u00a0<\/p>\n<p style=\"text-align: justify;\">\u00a0<\/p>\n<h2>L&rsquo;ADN, un programme <br \/> \u00a0<\/h2>\n<p style=\"text-align: justify;\">L&rsquo;auteur compare linguistique et g\u00e9n\u00e9tique et d\u00e9montre que \u00ab\u00a0l&rsquo;ADN repr\u00e9senterait le premier de tous les langages, la matrice originelle de toutes les formes de codes verbaux. Les concepts cardinaux de la biologie mol\u00e9culaire sont en effet emprunt\u00e9s au vocabulaire linguistique : programme et information g\u00e9n\u00e9tiques, code, ou message h\u00e9r\u00e9ditaire, d\u00e9chiffrement du g\u00e9nome, transcription de l&rsquo;ADN, traduction de l&rsquo;ARN. <br \/> \u00a0<\/p>\n<p style=\"text-align: justify;\">Or `un &lsquo;langage&rsquo; renvoie directement \u00e0 l&rsquo;id\u00e9e d&rsquo;une Pens\u00e9e, d&rsquo;une Intelligence, d&rsquo;une Ame du monde, bref, \u00e0 tout ce qui s&rsquo;oppose \u00e0 une philosophie de la mati\u00e8re. De m\u00eame, la notion de &lsquo;programme&rsquo; enveloppe celle d&rsquo;un dessein harmonieux pr\u00e9\u00e9tabli, et non d&rsquo;un hasard aveugle dans l&rsquo;\u00e9volution.\u00a0\u00bb Or qui dit cela reconna\u00eet \u00e9galement la pr\u00e9sence d&rsquo;un \u00ab\u00a0Grand Programmeur\u00a0\u00bb. Cependant, si \u00ab\u00a0ce langage g\u00e9n\u00e9tique se parcourt d\u00e9sormais facilement, il reste un cryptogramme : nous nous trouvons face au &lsquo;Chiffre de la vie&rsquo;, c&rsquo;est-\u00e0-dire face \u00e0 un sens cach\u00e9\u00a0\u00bb. <br \/> \u00a0<\/p>\n<p style=\"text-align: justify;\">\u00a0<\/p>\n<h2>Evolution et cr\u00e9ation <br \/> \u00a0<\/h2>\n<p style=\"text-align: justify;\">En touchant ces deux points, B\u00e9nichou parle d&rsquo;une r\u00e9l\u00e9vation nuanc\u00e9e dans l&rsquo;organisation de tous les animaux<strong><sub>3<\/sub><\/strong>, et des mutations des caract\u00e8res des esp\u00e8ces. \u00ab\u00a0La mutation g\u00e9n\u00e9tique n&rsquo;est pas une <em>erreur <\/em>de la finalit\u00e9, mais l&rsquo;exp\u00e9dient qui la fait avancer\u00a0\u00bb. Il ne s&rsquo;agit donc pas pour lui de nier la cr\u00e9ation, l&rsquo;harmonie pr\u00e9\u00e9tablie ; mais de la concevoir conjointement \u00e0 \u00ab\u00a0la th\u00e9orie de l&rsquo;\u00e9volution [qui] constitue l&rsquo;histoire t\u00e2tonnante de son d\u00e9veloppement\u00a0\u00bb. <br \/> \u00a0<\/p>\n<p style=\"text-align: justify;\">Il estime que le refus des biologistes d&rsquo;accepter la r\u00e9alit\u00e9 de la cr\u00e9ation \u00e0 l&rsquo;origine du monde rel\u00e8ve davantage de leurs opinions id\u00e9ologiques personnelles (mat\u00e9rialistes, ath\u00e9es) que de constatations scientifiques. Il rappelle aussi que Charles Darwin n&rsquo;\u00e9tait pas ath\u00e9e. \u00ab\u00a0A l&rsquo;encontre des n\u00e9odarwiniens, aujourd&rsquo;hui p\u00e9tris d&rsquo;ath\u00e9isme, Darwin critique fermement l&rsquo;id\u00e9e d&rsquo;un hasard aveugle dans l&rsquo;\u00e9volution.\u00a0\u00bb<\/p>\n<p style=\"text-align: justify;\">\u00a0<\/p>\n<table style=\"width: 100%;\" border=\"1\" cellspacing=\"1\" cellpadding=\"10\">\n<tbody>\n<tr>\n<td>\n<p style=\"text-align: justify;\">\u00ab\u00a0Quand on contemple la cr\u00e9ation, on contemple un peu la sagesse de Dieu. On voit Dieu comme un ing\u00e9nieur.\u00a0\u00bb<\/p>\n<p>\u00ab\u00a0L&rsquo;hypoth\u00e8se du hasard n&rsquo;est pas raisonnable, surtout quand on consid\u00e8re le deuxi\u00e8me principe de la thermodynamique : l&rsquo;ordonn\u00e9 \u00e9volue vers le d\u00e9sordre.\u00a0\u00bb<\/p>\n<p>Pierre Puget &#8211; Responsable programme au LETI (laboratoire d&rsquo;\u00e9lectronique) Grenoble)<\/p>\n<\/td>\n<\/tr>\n<\/tbody>\n<\/table>\n<p style=\"text-align: justify;\">\u00a0<\/p>\n<p style=\"text-align: justify;\">\u00a0<\/p>\n<h2>Qui a cr\u00e9\u00e9 la vie? <br \/> \u00a0<\/h2>\n<p style=\"text-align: justify;\">A la question de l&rsquo;existence du Dieu cr\u00e9ateur de la vie, l&rsquo;auteur ne se d\u00e9robe pas. S&rsquo;il faut une r\u00e9ponse, elle se trouve dans la Gen\u00e8se : <span style=\"background-color: #add8e6;\"><em>\u00ab\u00a0Dieu dit&#8230;\u00a0\u00bb<\/em><\/span>. B\u00e9nichou n&rsquo;a pas pour objectif de prouver Dieu, mais il veut rester ouvert : \u00ab\u00a0A l&rsquo;encontre des vieilles suspicions du positivisme scientiste, qui rejette radicalement toute r\u00e9f\u00e9rence d\u00e9iste et biblique, je suis de ceux qui croient que cette recherche spirituelle n&rsquo;obscurcit pas, mais au contraire \u00e9claire partiellement les interrogations de l&rsquo;homme sur l&rsquo;univers. [&#8230;] Je pense que le r\u00e9cit de la Gen\u00e8se &#8211; \u00e0 travers la place centrale qu&rsquo;il conf\u00e8re au langage dans la cr\u00e9ation &#8211; peut contribuer \u00e0 enrichir une approche symbolique de la g\u00e9n\u00e9tique.\u00bb <br \/> \u00a0<\/p>\n<p style=\"text-align: justify;\">Associant Leibniz et Darwin, l&rsquo;auteur conforte la th\u00e8se du \u00ab\u00a0Grand Programmeur\u00a0\u00bb, de \u00abl&rsquo;Horloger\u00bb. Il souligne que les scientifiques qui ne misent que sur l&rsquo;\u00e9volution, refusent de se poser la question de la cause des choses, de l&rsquo;origine, de la finalit\u00e9, s&rsquo;enfermant dans l&rsquo;apologie de la s\u00e9lection naturelle, du cercle de la vie, de la reproduction par l&rsquo;\u00eatre lui-m\u00eame. Ils devraient se demander \u00ab\u00a0d&rsquo;o\u00f9 vient ce m\u00e9canisme ?\u00a0\u00bb <br \/> \u00a0<\/p>\n<p style=\"text-align: justify;\">\u00a0<\/p>\n<h2>Libert\u00e9 et eug\u00e9nisme <br \/> \u00a0<\/h2>\n<p style=\"text-align: justify;\"><em>Le Chiffre de la vie<\/em> aborde \u00e9galement la question du libre-arbitre face au d\u00e9terminisme compris dans le programme. Sur le terrain \u00e9thique, \u00ab\u00a0si la vie nous programme, la technique nous autorise-t-elle en retour, \u00e0 programmer la vie ?\u00a0\u00bb L&rsquo;auteur s&rsquo;insurge contre un eug\u00e9nisme qui pourrait se traduire par la \u00ab\u00a0qualification g\u00e9n\u00e9tique\u00a0\u00bb, contre la r\u00e9duction de l&rsquo;homme \u00ab\u00a0\u00e0 son g\u00e9nome, a son programme\u00a0\u00bb, c&rsquo;est-\u00e0-dire contre la d\u00e9shumanisation de l&rsquo;homme. <br \/> \u00a0<\/p>\n<p style=\"text-align: justify;\">\u00a0<\/p>\n<h2>Mon avis<\/h2>\n<p>&nbsp;<\/p>\n<p style=\"text-align: justify;\">L&rsquo;ouvrage de Gr\u00e9gory B\u00e9nichou, <em>Le Chiffre de la vie<\/em>, est passionnant par la diversit\u00e9 de ses sources et de ses angles d&rsquo;\u00e9tude. Sa lecture est parfois ardue, mais tr\u00e8s int\u00e9ressantes sont les remarques, les inter- rogations et les suggestions de ce chercheur qui s&rsquo;efforce de penser plus loin que la lentille de son microscope sans toucher \u00e0 la th\u00e9ologie. <br \/> \u00a0<\/p>\n<p style=\"text-align: justify;\">\u00a0<\/p>\n<p style=\"text-align: center;\">Annick Waechter<\/p>\n<p style=\"text-align: justify;\">\u00a0<\/p>\n<table style=\"width: 100%;\" border=\"1\" cellspacing=\"1\" cellpadding=\"10\">\n<tbody>\n<tr>\n<td>\n<p>\u00ab\u00a0N&rsquo;y a-t-il pas une v\u00e9ritable grandeur dans cette mani\u00e8re d&rsquo;envisager la vie, avec ses puissances diverses attribu\u00e9es primitivement par le Cr\u00e9ateur \u00e0 un petit nombre de formes, ou m\u00eame \u00e0 une seule ?\u00a0\u00bb (Darwin, <em>L&rsquo;Origine des esp\u00e8ces, XIV, \u00ab\u00a0R\u00e9capitulations et conclusions\u00a0\u00bb<\/em>, cit\u00e9 par B\u00e9nichou, p. 76).<\/p>\n<p><strong>\u00ab\u00a0Je n&rsquo;ai jamais ni\u00e9 l&rsquo;existence de Dieu. Je crois que la th\u00e9orie \u00e9volutive ne s&rsquo;oppose pas \u00e0 la foi en Dieu\u00a0\u00bb<\/strong><br \/> Darwin, <em>L&rsquo;Origine des esp\u00e8ces<\/em>, cit\u00e9 par A. Lubasik dans <em>En qu\u00eate de l&rsquo;absolu<\/em>, <em>1001 citations pour r\u00e9fl\u00e9chir<\/em> (\u00e9dit. Nouvelle Alliance, Suisse, 1993, p. 49)<\/p>\n<\/td>\n<\/tr>\n<\/tbody>\n<\/table>\n<p style=\"text-align: justify;\">\u00a0<\/p>\n<hr \/>\n<p style=\"text-align: justify;\">NOTES<br \/> \u00a0<\/p>\n<p style=\"text-align: justify;\">\u00a0<\/p>\n<p style=\"text-align: justify;\"><strong>1.<\/strong> Editions du Seuil, octobre 2002 <br \/> \u00a0<\/p>\n<p style=\"text-align: justify;\"><strong>2.<\/strong> ESSEC : Ecole sup\u00e9rieure des Sciences Economiques et Commerciales.<\/p>\n<p>&nbsp;<\/p>\n<p style=\"text-align: justify;\"><strong>3.<\/strong> Pour en savoir plus sur la pens\u00e9e de G. B\u00e9nichou, consulter le site : <a href=\"http:\/\/www.medhyg.ch \">www.medhyg.ch <\/a><\/p>\n<p>&nbsp;<\/p>\n","protected":false},"excerpt":{"rendered":"<p>A lire sur le sujet de la Cr\u00e9ation &#8211; Le Chiffre de la vie &nbsp; \u00a0 par Gr\u00e9gory B\u00e9nichou1 &nbsp; \u00a0 &nbsp; En faisant la cuisine, j&rsquo;allume souvent la radio. Et voil\u00e0 qu&rsquo;un matin, sur France Inter,un homme explique simplement que le monde ne peut s&rsquo;\u00eatre cr\u00e9\u00e9 de lui-m\u00eame, et qu&rsquo;il existe forc\u00e9ment, logiquement, un [&hellip;]<\/p>\n","protected":false},"author":10,"featured_media":0,"comment_status":"closed","ping_status":"closed","sticky":false,"template":"","format":"standard","meta":{"footnotes":""},"categories":[43,30,21],"tags":[],"class_list":["post-5841","post","type-post","status-publish","format-standard","hentry","category-la-creation","category-notes-de-lecture","category-ethique"],"_links":{"self":[{"href":"https:\/\/www.servir.caef.net\/index.php?rest_route=\/wp\/v2\/posts\/5841","targetHints":{"allow":["GET"]}}],"collection":[{"href":"https:\/\/www.servir.caef.net\/index.php?rest_route=\/wp\/v2\/posts"}],"about":[{"href":"https:\/\/www.servir.caef.net\/index.php?rest_route=\/wp\/v2\/types\/post"}],"author":[{"embeddable":true,"href":"https:\/\/www.servir.caef.net\/index.php?rest_route=\/wp\/v2\/users\/10"}],"replies":[{"embeddable":true,"href":"https:\/\/www.servir.caef.net\/index.php?rest_route=%2Fwp%2Fv2%2Fcomments&post=5841"}],"version-history":[{"count":0,"href":"https:\/\/www.servir.caef.net\/index.php?rest_route=\/wp\/v2\/posts\/5841\/revisions"}],"wp:attachment":[{"href":"https:\/\/www.servir.caef.net\/index.php?rest_route=%2Fwp%2Fv2%2Fmedia&parent=5841"}],"wp:term":[{"taxonomy":"category","embeddable":true,"href":"https:\/\/www.servir.caef.net\/index.php?rest_route=%2Fwp%2Fv2%2Fcategories&post=5841"},{"taxonomy":"post_tag","embeddable":true,"href":"https:\/\/www.servir.caef.net\/index.php?rest_route=%2Fwp%2Fv2%2Ftags&post=5841"}],"curies":[{"name":"wp","href":"https:\/\/api.w.org\/{rel}","templated":true}]}}