{"id":5861,"date":"2003-11-09T14:55:08","date_gmt":"2003-11-09T14:55:08","guid":{"rendered":"\/?p=5861"},"modified":"2016-07-21T13:20:57","modified_gmt":"2016-07-21T13:20:57","slug":"la-demarche-des-scientifiques-se-dresse-t-elle-contre-la-foi-evangelique","status":"publish","type":"post","link":"https:\/\/www.servir.caef.net\/?p=5861","title":{"rendered":"La d\u00e9marche des scientifiques se dresse-t-elle contre la foi \u00e9vang\u00e9lique ?"},"content":{"rendered":"<h1 style=\"text-align: center;\">La d\u00e9marche des scientifiques se dresse-t-elle<\/h1>\n<h1 style=\"text-align: center;\">contre la foi \u00e9vang\u00e9lique ?<\/h1>\n<p>&nbsp;<\/p>\n<p style=\"text-align: justify;\">\u00a0<a href=\"\/wp-content\/uploads\/2010\/05\/galaxie.jpg\"><img loading=\"lazy\" decoding=\"async\" class=\"  wp-image-6978 aligncenter\" src=\"\/wp-content\/uploads\/2010\/05\/galaxie.jpg\" alt=\"galaxie\" width=\"418\" height=\"313\" srcset=\"https:\/\/www.servir.caef.net\/wp-content\/uploads\/2010\/05\/galaxie.jpg 667w, https:\/\/www.servir.caef.net\/wp-content\/uploads\/2010\/05\/galaxie-300x224.jpg 300w\" sizes=\"auto, (max-width: 418px) 100vw, 418px\" \/><\/a><\/p>\n<p style=\"text-align: justify;\">\u00a0<\/p>\n<p style=\"text-align: justify;\"><span style=\"font-size: 16px;\"><strong>par <\/strong><\/span><span style=\"color: #b22222;\"><span style=\"font-size: 16px;\"><strong>Jean-Fr\u00e9d\u00e9ric Myoupo<sub>1<\/sub> <\/strong><\/span><\/span><br \/> \u00a0<\/p>\n<p style=\"text-align: justify;\">\u00a0<\/p>\n<p style=\"text-align: justify;\">Oui et non. Tout d\u00e9pend de ce que nous appelons la science, et du scientifique lui-m\u00eame&#8230; <br \/> \u00a0<\/p>\n<p><em><strong><a href=\"\/wp-content\/uploads\/2003\/pdf2003\/2003_06_18_scienceetfoievangelique.pdf\" target=\"_blank\"><img loading=\"lazy\" decoding=\"async\" title=\"iconePDF\" src=\"\/wp-content\/uploads\/2011\/01\/iconePDF.jpg\" alt=\"\" width=\"81\" height=\"76\" align=\"right\" hspace=\"8\" vspace=\"8\" \/><\/a><\/strong><\/em><\/p>\n<p style=\"text-align: justify;\">La science s&rsquo;attelle \u00e0 d\u00e9crire le monde environnant ou rationnel par des lois. D&rsquo;o\u00f9 viennent les lois de la science\u00a0? <span style=\"background-color: #add8e6;\"><em>Le Seigneur soutient toutes choses par sa parole puissante (H\u00e9. 1.1-3)<\/em><\/span>. <span style=\"background-color: #add8e6;\"><em>Toutes choses subsistent en lui (Col. 1.17)<\/em><\/span>. Ces versets affirment qu&rsquo;un lien demeure entre le Cr\u00e9ateur et l&rsquo;univers qu&rsquo;il a cr\u00e9\u00e9. <br \/> \u00a0<\/p>\n<p style=\"text-align: justify;\"><!--more--><\/p>\n<p style=\"text-align: justify;\">\u00a0<\/p>\n<p style=\"text-align: justify;\">Pour un scientifique, la tentation est grande de s&rsquo;enorgueillir d&rsquo;avoir d\u00e9couvert une loi scientifique&#8230; C&rsquo;est comme si le canal de transmission d&rsquo;un message se prenait pour l&rsquo;initiateur de ce message. Parfois, le scientifique va jusqu&rsquo;\u00e0 combattre l&rsquo;id\u00e9e m\u00eame de l&rsquo;existence de Dieu, d&rsquo;une finalit\u00e9. L&rsquo;id\u00e9e d&rsquo;un Dieu Cr\u00e9ateur peut \u00eatre d\u00e9rangeante parce qu&rsquo;elle d\u00e9passe les limites de la raison humaine et lui \u00e9chappe. <br \/> \u00a0<\/p>\n<p style=\"text-align: justify;\">Les lois scientifiques d\u00e9crivent la mani\u00e8re dont les choses physiques ou rationnelles se lient les unes aux autres\u00a0; elles sont le reflet des pens\u00e9es de Dieu, de l&rsquo;organisation de l&rsquo;univers qu&rsquo;il a ordonn\u00e9e, qu&rsquo;il a cr\u00e9\u00e9e. <br \/> \u00a0<\/p>\n<p style=\"text-align: justify;\">La d\u00e9marche scientifique qui a pour objectif de conna\u00eetre les lois de la nature mises en place par Dieu ne contredit pas la foi \u00e9vang\u00e9lique. Elle conduit \u00e0 glorifier Dieu pour sa sagesse.<br \/> \u00a0<\/p>\n<p style=\"text-align: center;\">J.-F.M.<br \/> \u00a0<\/p>\n<hr \/>\n<p style=\"text-align: justify;\">\u00a0Note<\/p>\n<p>&nbsp;<\/p>\n<p style=\"text-align: justify;\"><strong>1.<\/strong> : professeur d&rsquo;universit\u00e9, chercheur en math\u00e9matiques appliqu\u00e9es et en informatique th\u00e9orique. <br \/> \u00a0<\/p>\n","protected":false},"excerpt":{"rendered":"<p>La d\u00e9marche des scientifiques se dresse-t-elle contre la foi \u00e9vang\u00e9lique ? &nbsp; \u00a0 \u00a0 par Jean-Fr\u00e9d\u00e9ric Myoupo1 \u00a0 \u00a0 Oui et non. Tout d\u00e9pend de ce que nous appelons la science, et du scientifique lui-m\u00eame&#8230; \u00a0 La science s&rsquo;attelle \u00e0 d\u00e9crire le monde environnant ou rationnel par des lois. D&rsquo;o\u00f9 viennent les lois de la [&hellip;]<\/p>\n","protected":false},"author":201,"featured_media":0,"comment_status":"closed","ping_status":"closed","sticky":false,"template":"","format":"standard","meta":{"footnotes":""},"categories":[42,21],"tags":[],"class_list":["post-5861","post","type-post","status-publish","format-standard","hentry","category-foi","category-ethique"],"_links":{"self":[{"href":"https:\/\/www.servir.caef.net\/index.php?rest_route=\/wp\/v2\/posts\/5861","targetHints":{"allow":["GET"]}}],"collection":[{"href":"https:\/\/www.servir.caef.net\/index.php?rest_route=\/wp\/v2\/posts"}],"about":[{"href":"https:\/\/www.servir.caef.net\/index.php?rest_route=\/wp\/v2\/types\/post"}],"author":[{"embeddable":true,"href":"https:\/\/www.servir.caef.net\/index.php?rest_route=\/wp\/v2\/users\/201"}],"replies":[{"embeddable":true,"href":"https:\/\/www.servir.caef.net\/index.php?rest_route=%2Fwp%2Fv2%2Fcomments&post=5861"}],"version-history":[{"count":0,"href":"https:\/\/www.servir.caef.net\/index.php?rest_route=\/wp\/v2\/posts\/5861\/revisions"}],"wp:attachment":[{"href":"https:\/\/www.servir.caef.net\/index.php?rest_route=%2Fwp%2Fv2%2Fmedia&parent=5861"}],"wp:term":[{"taxonomy":"category","embeddable":true,"href":"https:\/\/www.servir.caef.net\/index.php?rest_route=%2Fwp%2Fv2%2Fcategories&post=5861"},{"taxonomy":"post_tag","embeddable":true,"href":"https:\/\/www.servir.caef.net\/index.php?rest_route=%2Fwp%2Fv2%2Ftags&post=5861"}],"curies":[{"name":"wp","href":"https:\/\/api.w.org\/{rel}","templated":true}]}}