{"id":5886,"date":"2003-11-10T13:22:03","date_gmt":"2003-11-10T13:22:03","guid":{"rendered":"\/?p=5886"},"modified":"2017-05-18T15:15:37","modified_gmt":"2017-05-18T15:15:37","slug":"thanksgiving-day-vous-connaissez","status":"publish","type":"post","link":"https:\/\/www.servir.caef.net\/?p=5886","title":{"rendered":"Thanksgiving Day : vous connaissez ?"},"content":{"rendered":"<h1 style=\"text-align: center;\">Thanksgiving Day : vous connaissez ?<\/h1>\n<p style=\"text-align: justify;\">\u00a0<a href=\"\/wp-content\/uploads\/2015\/01\/interview.jpg\"><img loading=\"lazy\" decoding=\"async\" class=\" size-full wp-image-8710 aligncenter\" src=\"\/wp-content\/uploads\/2015\/01\/interview.jpg\" alt=\"interview\" width=\"329\" height=\"126\" srcset=\"https:\/\/www.servir.caef.net\/wp-content\/uploads\/2015\/01\/interview.jpg 329w, https:\/\/www.servir.caef.net\/wp-content\/uploads\/2015\/01\/interview-300x114.jpg 300w\" sizes=\"auto, (max-width: 329px) 100vw, 329px\" \/><\/a><\/p>\n<p style=\"text-align: justify;\">\u00a0<\/p>\n<p style=\"text-align: justify;\"><strong><span style=\"color: #b22222;\"><span style=\"font-size: 16px;\">Brad Dickson<\/span><\/span> interrog\u00e9 par <span style=\"font-size: 16px;\">Marie-Christine Fave<\/span> <br \/> <\/strong><\/p>\n<h3>\u00a0<\/h3>\n<h3>\u00a0<\/h3>\n<h3>Mi-octobre au Canada, 3e semaine de novembre au Etats-Unis,<\/h3>\n<h3>\u00ab\u00a0Thankgiving Day\u00a0\u00bb est une grande f\u00eate en Am\u00e9rique du Nord !<\/h3>\n<h3>\u00a0<\/h3>\n<p>&nbsp;<\/p>\n<p>&nbsp;<\/p>\n<h3>\u00a0<\/h3>\n<h3><img loading=\"lazy\" decoding=\"async\" class=\"alignnone  wp-image-8166\" src=\"\/wp-content\/uploads\/2014\/04\/dialogue-2.jpg\" alt=\"dialogue-2\" width=\"86\" height=\"90\" \/>Brad, pourquoi cette f\u00eate ?<\/h3>\n<p>&nbsp;<\/p>\n<p style=\"text-align: justify;\"><a href=\"\/wp-content\/uploads\/2007\/03\/Pri\u00e8re.jpg\"><img loading=\"lazy\" decoding=\"async\" class=\"size-full wp-image-2008 alignright\" src=\"\/wp-content\/uploads\/2007\/03\/Pri\u00e8re.jpg\" alt=\"Pri\u00e8re\" width=\"160\" height=\"132\" hspace=\"10\" \/><\/a>C&rsquo;est une tradition qui se perp\u00e9tue de g\u00e9n\u00e9ration en g\u00e9n\u00e9ration depuis l&rsquo;arriv\u00e9e des premiers immigrants. C&rsquo;est la f\u00eate de la moisson. Encore aujourd&rsquo;hui, on s&rsquo;arr\u00eate et on remercie Dieu pour l&rsquo;abondance dont nous jouissons. C&rsquo;est aussi une f\u00eate familiale, et dans notre contexte grenoblois, les missionnaires nord-am\u00e9ricains se retrouvent aussi \u00e0 cette occasion.<\/p>\n<p style=\"text-align: justify;\">\u00a0<\/p>\n<p>&nbsp;<\/p>\n<p><!--more--><\/p>\n<h3>\u00a0<\/h3>\n<h3><img loading=\"lazy\" decoding=\"async\" class=\"alignnone  wp-image-8166\" src=\"\/wp-content\/uploads\/2014\/04\/dialogue-2.jpg\" alt=\"dialogue-2\" width=\"86\" height=\"90\" \/>Comment se d\u00e9roule cette f\u00eate ?<\/h3>\n<p style=\"text-align: justify;\">\u00a0<\/p>\n<p style=\"text-align: justify;\"><em><strong><a href=\"\/wp-content\/uploads\/2003\/pdf2003\/2003_06_29_thanksgivingday.pdf\" target=\"_blank\"><img loading=\"lazy\" decoding=\"async\" title=\"iconePDF\" src=\"\/wp-content\/uploads\/2011\/01\/iconePDF.jpg\" alt=\"\" width=\"81\" height=\"76\" align=\"right\" hspace=\"8\" vspace=\"8\" \/><\/a><\/strong><\/em>On mange quelques plats traditionnels. On chante. On se rappelle les b\u00e9n\u00e9dictions de Dieu re\u00e7ues dans l&rsquo;ann\u00e9e \u00e9coul\u00e9e. On prie. A Grenoble, nous aimons nous poser cette question : pour quoi sommes-nous reconnaissants cette ann\u00e9e ?<\/p>\n<p style=\"text-align: justify;\">\u00a0<\/p>\n<p style=\"text-align: justify;\">Prendre le temps de se souvenir des bienfaits de Dieu, de lui dire merci : cela para\u00eet simple, et pourtant la reconnaissance ne semble pas toujours naturelle \u00e0 notre c\u0153ur.<\/p>\n<p style=\"text-align: justify;\">\u00a0<\/p>\n<p style=\"text-align: justify;\">Voici un extrait du discours d&rsquo;Abraham Lincoln, pr\u00e9sident des Etats-Unis \u00e0 l&rsquo;occasion de Thanksgiving. C&rsquo;\u00e9tait en 1863, pour cette f\u00eate de reconnaissance.<\/p>\n<p style=\"text-align: justify;\">\u00a0<\/p>\n<p style=\"text-align: justify;\">Ce texte ne serait-il pas encore valable pour nous aujourd&rsquo;hui ?<\/p>\n<p style=\"text-align: justify;\">\u00a0<\/p>\n<table style=\"width: 100%;\" border=\"1\" cellspacing=\"1\" cellpadding=\"10\">\n<tbody>\n<tr>\n<td>\n<p style=\"text-align: justify;\">\u00ab\u00a0Nous avons \u00e9t\u00e9 les b\u00e9n\u00e9ficiaires des plus excellentes b\u00e9n\u00e9dictions du ciel ; nous avons \u00e9t\u00e9 pr\u00e9serv\u00e9s toutes ces derni\u00e8res ann\u00e9es, jouissant de la paix et de la prosp\u00e9rit\u00e9 ; nous avons augment\u00e9 en nombre, en richesses et en puissance plus que toute autre nation. Mais nous avons oubli\u00e9 Dieu. Nous avons oubli\u00e9 la main pleine de gr\u00e2ce qui nous a gard\u00e9s en paix, nous a enrichis et fortifi\u00e9s, et nous avons orgueilleusement imagin\u00e9, dans la tromperie de nos c\u0153urs, que toutes ces b\u00e9n\u00e9dictions provenaient de quelques m\u00e9rites venant de nous-m\u00eames.<\/p>\n<p style=\"text-align: justify;\">\u00a0<\/p>\n<p style=\"text-align: justify;\">Intoxiqu\u00e9s par un succ\u00e8s sans faille, nous sommes devenus trop pr\u00e9somptueux pour sentir la n\u00e9cessit\u00e9 de la gr\u00e2ce qui rach\u00e8te et qui garde, trop orgueilleux pour prier le Dieu qui nous a cr\u00e9\u00e9s.<\/p>\n<p style=\"text-align: justify;\">\u00a0<\/p>\n<p style=\"text-align: justify;\">Il m&rsquo;a sembl\u00e9 \u00e0 propos et convenable que Dieu soit solennellement reconnu, avec r\u00e9v\u00e9rence et reconnaissance et cela d&rsquo;un seul c\u0153ur et d&rsquo;une seule voix, par tout le peuple am\u00e9ricain. J&rsquo;invite donc avec insistance mes concitoyens de toutes les r\u00e9gions des Etats-Unis, comme ceux qui sont en mer et ceux qui s\u00e9journent \u00e0 l&rsquo;\u00e9tranger, \u00e0 mettre \u00e0 part et \u00e0 respecter le dernier jeudi de novembre comme \u00e9tant un jour d&rsquo;actions de gr\u00e2ces et de louange \u00e0 notre bon P\u00e8re, qui habite dans les cieux.\u00a0\u00bb<\/p>\n<p style=\"text-align: justify;\">\u00a0<\/p>\n<p style=\"text-align: justify;\">\u00a0<\/p>\n<p style=\"text-align: right;\">Abraham Lincoln<\/p>\n<\/td>\n<\/tr>\n<\/tbody>\n<\/table>\n","protected":false},"excerpt":{"rendered":"<p>Thanksgiving Day : vous connaissez ? \u00a0 \u00a0 Brad Dickson interrog\u00e9 par Marie-Christine Fave \u00a0 \u00a0 Mi-octobre au Canada, 3e semaine de novembre au Etats-Unis, \u00ab\u00a0Thankgiving Day\u00a0\u00bb est une grande f\u00eate en Am\u00e9rique du Nord ! \u00a0 &nbsp; &nbsp; \u00a0 Brad, pourquoi cette f\u00eate ? &nbsp; C&rsquo;est une tradition qui se perp\u00e9tue de g\u00e9n\u00e9ration en [&hellip;]<\/p>\n","protected":false},"author":14,"featured_media":0,"comment_status":"closed","ping_status":"closed","sticky":false,"template":"","format":"standard","meta":{"footnotes":""},"categories":[84,33],"tags":[],"class_list":["post-5886","post","type-post","status-publish","format-standard","hentry","category-fete","category-temoignages"],"_links":{"self":[{"href":"https:\/\/www.servir.caef.net\/index.php?rest_route=\/wp\/v2\/posts\/5886","targetHints":{"allow":["GET"]}}],"collection":[{"href":"https:\/\/www.servir.caef.net\/index.php?rest_route=\/wp\/v2\/posts"}],"about":[{"href":"https:\/\/www.servir.caef.net\/index.php?rest_route=\/wp\/v2\/types\/post"}],"author":[{"embeddable":true,"href":"https:\/\/www.servir.caef.net\/index.php?rest_route=\/wp\/v2\/users\/14"}],"replies":[{"embeddable":true,"href":"https:\/\/www.servir.caef.net\/index.php?rest_route=%2Fwp%2Fv2%2Fcomments&post=5886"}],"version-history":[{"count":0,"href":"https:\/\/www.servir.caef.net\/index.php?rest_route=\/wp\/v2\/posts\/5886\/revisions"}],"wp:attachment":[{"href":"https:\/\/www.servir.caef.net\/index.php?rest_route=%2Fwp%2Fv2%2Fmedia&parent=5886"}],"wp:term":[{"taxonomy":"category","embeddable":true,"href":"https:\/\/www.servir.caef.net\/index.php?rest_route=%2Fwp%2Fv2%2Fcategories&post=5886"},{"taxonomy":"post_tag","embeddable":true,"href":"https:\/\/www.servir.caef.net\/index.php?rest_route=%2Fwp%2Fv2%2Ftags&post=5886"}],"curies":[{"name":"wp","href":"https:\/\/api.w.org\/{rel}","templated":true}]}}