{"id":5893,"date":"2003-11-10T13:56:09","date_gmt":"2003-11-10T13:56:09","guid":{"rendered":"\/?p=5893"},"modified":"2016-07-21T13:24:10","modified_gmt":"2016-07-21T13:24:10","slug":"in-memoriam-alain-choiquier","status":"publish","type":"post","link":"https:\/\/www.servir.caef.net\/?p=5893","title":{"rendered":"In memoriam : Alain CHOIQUIER"},"content":{"rendered":"<h1 style=\"text-align: center;\"><a href=\"\/wp-content\/uploads\/2011\/07\/in-memoriam.gif\"><img loading=\"lazy\" decoding=\"async\" class=\"alignnone size-full wp-image-8567\" src=\"\/wp-content\/uploads\/2011\/07\/in-memoriam.gif\" alt=\"in-memoriam\" width=\"301\" height=\"62\" \/><\/a><\/h1>\n<h1 style=\"text-align: center;\">\u00a0<\/h1>\n<h1 style=\"text-align: center;\">Alain CHOIQUIER (1933-2003)<\/h1>\n<h1>\u00a0<\/h1>\n<p style=\"text-align: justify;\">\u00a0<\/p>\n<p style=\"text-align: justify;\">Nous avions annonc\u00e9 le d\u00e9part de notre fr\u00e8re <strong>Alain CHOIQUIER<\/strong> dans le pr\u00e9c\u00e9dent<br \/> num\u00e9ros de <em>SERVIR<\/em>. Voici une \u00e9vocation de son minist\u00e8re :<br \/> \u00a0<\/p>\n<p>&nbsp;<\/p>\n<p style=\"text-align: justify;\">\u00a0<\/p>\n<p style=\"text-align: justify;\">C&rsquo;est en 1933, en Alg\u00e9rie, que na\u00eet Alain Choiquier. Au cours de ses \u00e9tudes \u00e0 la Facult\u00e9 d&rsquo;Alger o\u00f9 il \u00e9tait inscrit \u00e0 l&rsquo;Institut d&rsquo;Etudes Politiques, il fait une rencontre qui transforme sa vie et lui donne un nouveau sens. Comme tous les jeunes, il fait du sport, il est membre d&rsquo;un club r\u00e9put\u00e9 de volley-ball et c&rsquo;est l\u00e0, dans la banlieue Sud d&rsquo;Alger &#8211; Hussein-Dey &#8211; quartier aride spirituellement que Ralph Shallis, alors missionnaire, croise son chemin.<\/p>\n<p style=\"text-align: justify;\">\u00a0<\/p>\n<p style=\"text-align: justify;\"><!--more--><\/p>\n<p style=\"text-align: justify;\"><em><strong><a href=\"\/wp-content\/uploads\/2003\/pdf2003\/2003_06_30_inmemoriamalainchoiquier.pdf\" target=\"_blank\"><img loading=\"lazy\" decoding=\"async\" title=\"iconePDF\" src=\"\/wp-content\/uploads\/2011\/01\/iconePDF.jpg\" alt=\"\" width=\"81\" height=\"76\" align=\"right\" hspace=\"8\" vspace=\"8\" \/><\/a><\/strong><\/em>A 18 ans Alain se convertit \u00e0 J\u00e9sus-Christ avec plusieurs jeunes de l&rsquo;\u00e9quipe : Andr\u00e9 et Marcel Tabailloux, G\u00e9rald Sanchez, Henri P\u00e9rez, Rezki Kh\u00e9rouf, etc. et il tient bon malgr\u00e9 la pression de sa famille musulmane. Mais il n&rsquo;oubliera jamais sa famille et ses amis kabyles.<\/p>\n<p style=\"text-align: justify;\">\u00a0<\/p>\n<p style=\"text-align: justify;\">Tr\u00e8s vite, Alain prend conscience que Dieu l&rsquo;appelle \u00e0 un minist\u00e8re et il part se former \u00e0 l&rsquo;Institut Biblique de Nogent. Ensuite c&rsquo;est le service militaire en Alg\u00e9rie alors en pleine guerre de lib\u00e9ration au minist\u00e8re, notre Seigneur va manifester \u00e0 Alain, de fa\u00e7on tr\u00e8s tangible et palpable, qu&rsquo;il veille sur lui et le conduit. Ce qui fortifie grandement sa foi.<\/p>\n<p style=\"text-align: justify;\">\u00a0<\/p>\n<p style=\"text-align: justify;\">De retour \u00e0 Paris, Alain se joint \u00e0 l&rsquo;Assembl\u00e9e des Gobelins. Il rencontre Jeanne qui devient son \u00e9pouse en ao\u00fbt 1960. De cette union naissent Myriam et Elisabeth auxquelles s&rsquo;ajoute Sylvie. Et leur foyer accueillera par la suite de nombreux autres enfants malmen\u00e9s par la vie.<\/p>\n<p style=\"text-align: justify;\">\u00a0<\/p>\n<p style=\"text-align: justify;\">En 1962, Alain quitte sa profession pour servir \u00e0 plein temps \u00e0 l&rsquo;Assembl\u00e9e des Gobelins. Tr\u00e8s vite son don d&rsquo;\u00e9vang\u00e9liste se pr\u00e9cise et se d\u00e9veloppe. Il veut gagner des \u00e2mes \u00e0 Christ ; en 1966, il d\u00e9marre un nouveau t\u00e9moignage dans le quartier de la Nation \u00e0 Paris (premier culte le 1er octobre 1967). Avec une \u00e9quipe d&rsquo;Op\u00e9ration Mobilisation, l&rsquo;Eglise va grandir tr\u00e8s vite et dans son z\u00e8le, Alain lance deux autres Eglises avec de jeunes serviteurs, l&rsquo;un \u00e0 Alfortville en 1971 avec Andr\u00e9 Trechniewski et l&rsquo;autre \u00e0 Paris 15e en 1972 avec Hans Wyttenbach.<\/p>\n<p style=\"text-align: justify;\">\u00a0<\/p>\n<p style=\"text-align: justify;\">Au cours de ces ann\u00e9es, sa vision se pr\u00e9cise : toute \u00e9vang\u00e9lisation doit aboutir \u00e0 la fondation de nouvelles Eglises \u00e9vang\u00e9liques. Son enthousiasme et son dynamisme impressionnent. Son minist\u00e8re va prendre une dimension nationale au travers de deux \u0153uvres :<\/p>\n<p style=\"text-align: justify;\">\u00a0<\/p>\n<p style=\"text-align: justify;\">&#8211; <em>la F\u00e9d\u00e9ration Evang\u00e9lique de France<\/em> qu&rsquo;il fonde en novembre 1969 avec Daniel Mac\u00e9 et toute une \u00e9quipe. Son but, c&rsquo;est de regrouper les \u00e9vang\u00e9liques dans un vaste mouvement de conqu\u00eate du pays. Il en sera le premier pr\u00e9sident et l&rsquo;animateur jusqu&rsquo;en 1981.<\/p>\n<p style=\"text-align: justify;\">\u00a0<\/p>\n<p style=\"text-align: justify;\"><a href=\"http:\/\/france-mission.org\/\"><img loading=\"lazy\" decoding=\"async\" class=\" size-full wp-image-8999 alignright\" src=\"\/wp-content\/uploads\/2003\/11\/France-Mission.png\" alt=\"France Mission\" width=\"145\" height=\"115\" hspace=\"10\" \/><\/a>&#8211; <em>France-Mission<\/em>, une \u0153uvre d&rsquo;\u00e9vang\u00e9lisation qu&rsquo;il pr\u00e9side de 1971 \u00e0 1976, et \u00e0 laquelle Alain va donner une impulsion d\u00e9cisive, en d\u00e9veloppant sa vision d&rsquo;implantation de nouvelles Eglises.<\/p>\n<p style=\"text-align: justify;\">\u00a0<\/p>\n<p style=\"text-align: justify;\">En 1974, il commence un minist\u00e8re d&rsquo;\u00e9vang\u00e9liste itin\u00e9rant qui le conduira jusqu&rsquo;\u00e0 la fin de sa vie \u00e0 parcourir sans rel\u00e2che les pays francophones. Nombreux sont ceux qui \u00e0 travers sa pr\u00e9dication de l&rsquo;\u00e9vangile, centr\u00e9e sur la Bible et l&rsquo;\u0153uvre de J\u00e9sus-Christ, ont rencontr\u00e9 leur Sauveur, en France, en Suisse, en Belgique, au Qu\u00e9bec, aux Antilles Fran\u00e7aises et dans bien d&rsquo;autres lieux.<\/p>\n<p style=\"text-align: justify;\">\u00a0<\/p>\n<p style=\"text-align: justify;\">Alain a aussi d\u00e9velopp\u00e9, avec la \u00ab Voix de l&rsquo;Evangile \u00bb, un minist\u00e8re de pr\u00e9dicateur \u00e0 la radio. C&rsquo;est plus de 550 messages qu&rsquo;il a donn\u00e9s avec une originalit\u00e9 renouvel\u00e9e, et qui ont permis \u00e0 de nombreux auditeurs de rencontrer leur Sauveur et Seigneur. Alain aurait aim\u00e9 \u00e9vang\u00e9liser par la plume aussi, mais sa vie d&rsquo;itin\u00e9rant lui laissait peu de temps : parmi d&rsquo;autres livrets, Un seul chemin s&rsquo;est vendu \u00e0 plus de 150 000 exemplaires.<\/p>\n<p style=\"text-align: justify;\">\u00a0<\/p>\n<p style=\"text-align: justify;\">Le Seigneur a repris Alain, le 8 ao\u00fbt dernier apr\u00e8s une courte maladie. Il laisse un grand vide. Alain \u00e9tait un visionnaire, un entra\u00eeneur d&rsquo;hommes. Il nous laisse le souvenir d&rsquo;un serviteur z\u00e9l\u00e9 et enthousiaste, enti\u00e8rement consacr\u00e9 \u00e0 l&rsquo;annonce de l&rsquo;\u00e9vangile, qui \u00e9tait pour lui une n\u00e9cessit\u00e9 primordiale et sa raison de vivre.<\/p>\n<p style=\"text-align: justify;\">\u00a0<\/p>\n<p style=\"text-align: center;\">Gilbert PRESLE<br \/> \u00a0<\/p>\n","protected":false},"excerpt":{"rendered":"<p>\u00a0 Alain CHOIQUIER (1933-2003) \u00a0 \u00a0 Nous avions annonc\u00e9 le d\u00e9part de notre fr\u00e8re Alain CHOIQUIER dans le pr\u00e9c\u00e9dent num\u00e9ros de SERVIR. Voici une \u00e9vocation de son minist\u00e8re : \u00a0 &nbsp; \u00a0 C&rsquo;est en 1933, en Alg\u00e9rie, que na\u00eet Alain Choiquier. Au cours de ses \u00e9tudes \u00e0 la Facult\u00e9 d&rsquo;Alger o\u00f9 il \u00e9tait inscrit \u00e0 [&hellip;]<\/p>\n","protected":false},"author":203,"featured_media":0,"comment_status":"closed","ping_status":"closed","sticky":false,"template":"","format":"standard","meta":{"footnotes":""},"categories":[15],"tags":[],"class_list":["post-5893","post","type-post","status-publish","format-standard","hentry","category-in-memoriam"],"_links":{"self":[{"href":"https:\/\/www.servir.caef.net\/index.php?rest_route=\/wp\/v2\/posts\/5893","targetHints":{"allow":["GET"]}}],"collection":[{"href":"https:\/\/www.servir.caef.net\/index.php?rest_route=\/wp\/v2\/posts"}],"about":[{"href":"https:\/\/www.servir.caef.net\/index.php?rest_route=\/wp\/v2\/types\/post"}],"author":[{"embeddable":true,"href":"https:\/\/www.servir.caef.net\/index.php?rest_route=\/wp\/v2\/users\/203"}],"replies":[{"embeddable":true,"href":"https:\/\/www.servir.caef.net\/index.php?rest_route=%2Fwp%2Fv2%2Fcomments&post=5893"}],"version-history":[{"count":0,"href":"https:\/\/www.servir.caef.net\/index.php?rest_route=\/wp\/v2\/posts\/5893\/revisions"}],"wp:attachment":[{"href":"https:\/\/www.servir.caef.net\/index.php?rest_route=%2Fwp%2Fv2%2Fmedia&parent=5893"}],"wp:term":[{"taxonomy":"category","embeddable":true,"href":"https:\/\/www.servir.caef.net\/index.php?rest_route=%2Fwp%2Fv2%2Fcategories&post=5893"},{"taxonomy":"post_tag","embeddable":true,"href":"https:\/\/www.servir.caef.net\/index.php?rest_route=%2Fwp%2Fv2%2Ftags&post=5893"}],"curies":[{"name":"wp","href":"https:\/\/api.w.org\/{rel}","templated":true}]}}