{"id":6268,"date":"1999-03-10T14:43:41","date_gmt":"1999-03-10T14:43:41","guid":{"rendered":"\/?p=6268"},"modified":"2016-06-06T09:42:21","modified_gmt":"2016-06-06T09:42:21","slug":"editorial-du-n%c2%b02-mars-avril-1999-ils-ne-savent-plus-rougir","status":"publish","type":"post","link":"https:\/\/www.servir.caef.net\/?p=6268","title":{"rendered":"Editorial du n\u00b02 Mars-Avril 1999 &#8211; Ils ne savent plus rougir"},"content":{"rendered":"<h1 style=\"text-align: center;\"><img loading=\"lazy\" decoding=\"async\" class=\"aligncenter size-medium wp-image-6488\" title=\"1999_02_00 couverture PM\" src=\"\/wp-content\/uploads\/1999\/03\/1999_02_00-couverture-PM-210x300.jpg\" alt=\"\" width=\"210\" height=\"300\" srcset=\"https:\/\/www.servir.caef.net\/wp-content\/uploads\/1999\/03\/1999_02_00-couverture-PM-210x300.jpg 210w, https:\/\/www.servir.caef.net\/wp-content\/uploads\/1999\/03\/1999_02_00-couverture-PM-717x1024.jpg 717w, https:\/\/www.servir.caef.net\/wp-content\/uploads\/1999\/03\/1999_02_00-couverture-PM.jpg 869w\" sizes=\"auto, (max-width: 210px) 100vw, 210px\" \/><\/h1>\n<p>&nbsp;<\/p>\n<h1 style=\"text-align: center;\">\u00a0Editorial du n\u00b02 Mars-Avril 1999<\/h1>\n<p>&nbsp;<\/p>\n<h1 style=\"text-align: center;\">\u00ab\u00a0Ils ne savent plus rougir\u00a0\u00bb<\/h1>\n<p>&nbsp;<\/p>\n<p><span style=\"color: #800000; font-size: medium;\"><strong>\u00a0Par Fran\u00e7ois-Jean MARTIN<\/strong><\/span><\/p>\n<p style=\"text-align: right;\">\u00a0<\/p>\n<p>Par la voie des m\u00e9dias, nous revient comme un flot incessant, l&rsquo;\u00e9cho des violences de tous ordres d\u00e8s les plus jeunes \u00e2ges. Violence dont se repa\u00eet l&rsquo;appareil m\u00e9diatique qui, faisant appel aux aspects les plus t\u00e9n\u00e9breux de l&rsquo;homme, fait ainsi de l&rsquo;audimat et engrange les sommes faramineuses de la publicit\u00e9. On dirait un grand chalut tir\u00e9 dans les \u00e9gouts du monde, le filet remonte et on se pr\u00e9cipite pour chercher les prises les plus horribles, celles qui font vendre.<\/p>\n<p>&nbsp;<\/p>\n<p><!--more--><\/p>\n<p><a href=\"\/wp-content\/uploads\/1999\/pdf1999\/1999_02_01_editorial.pdf\" target=\"_blank\"><img loading=\"lazy\" decoding=\"async\" class=\"alignright\" title=\"iconePDF\" src=\"\/wp-content\/uploads\/2011\/01\/iconePDF.jpg\" alt=\"\" width=\"81\" height=\"76\" hspace=\"8\" vspace=\"8\" \/><\/a>Mais quoi ? Va-t-on \u00eatre \u00e9mu encore ? Ce qu&rsquo;on entend et voit, n&rsquo;est-ce pas notre pain quotidien ? Et quel contenu : nourrissons jet\u00e9s par les fen\u00eatres en Alg\u00e9rie, femmes \u00e9ventr\u00e9es au Lib\u00e9ria, paysans kosovars au front \u00e9clat\u00e9 dans des fosses communes : les nouvelles habituelles. Les envoy\u00e9s sp\u00e9ciaux font leur boulot. Les commentateurs commentent et de temps \u00e0 autre, pour faire bonne mesure, un philosophe, parfois un religieux, est invit\u00e9 \u00e0 d\u00e9plorer tout cela. Et les jours passent. Son et images m\u00eal\u00e9s. Affreuse routine du mal<sub>1<\/sub> .<\/p>\n<p>&nbsp;<\/p>\n<p>La technique fait des prouesses, on suit tout cela en direct et on engrange les sons sans la moindre rougeur. On sait bien que pas plus que la science, la technique n&rsquo;est porteuse par elle-m\u00eame du moindre sens ou de la moindre morale. Cette informatisation m\u00e9diatique du mal dont nous nous abreuvons, ce flot d&rsquo;images, parfois manipul\u00e9es, anesth\u00e9sie notre conscience, notre sens moral. J\u00e9r\u00e9mie disait cela au peuple de Dieu <span style=\"background-color: #add8e6;\"><em>(Jr 6.15 ; 8.12)<\/em><\/span>. Ce fleuve de souffrances et d&rsquo;horreurs qui d\u00e9nature l&rsquo;\u00eatre humain et l&rsquo;image de Dieu en lui, on ne doit pas s&rsquo;y habituer.<\/p>\n<p>&nbsp;<\/p>\n<p>Il ne s&rsquo;agit pas pour autant de refuser la technique ou le progr\u00e8s, de vivre dans le pass\u00e9, d&rsquo;avoir la nostalgie d&rsquo;un bon vieux temps qui n&rsquo;a jamais exist\u00e9 <span style=\"background-color: #add8e6;\"><em>(Ec 7.10)<\/em><\/span>. Il s&rsquo;agit plut\u00f4t de retrouver la bonne perspective, la seule grille de lecture possible de ce d\u00e9ferlement de nouvelles : la fr\u00e9quentation de Dieu par la fr\u00e9quentation de Sa Parole. C&rsquo;est elle qui reste pour tous les hommes, le seul vrai rep\u00e8re solide, la r\u00e9f\u00e9rence qui donne le sens, la Bonne Nouvelle. Face \u00e0 tant de souffrances, notre assurance repose sur Celui qui nous aim\u00e9s et a donn\u00e9 sa vie pour nous<strong><sub>2<\/sub><\/strong>.<\/p>\n<p>&nbsp;<\/p>\n<p style=\"text-align: center;\">Fran\u00e7ois-Jean MARTIN<\/p>\n<p>&nbsp;<\/p>\n<p>&nbsp;<\/p>\n<table style=\"width: 576px;\" border=\"1\" cellspacing=\"3\" cellpadding=\"2\">\n<colgroup>\n<col width=\"564\" \/><\/colgroup>\n<tbody>\n<tr>\n<td width=\"564\">\n<p style=\"text-align: center;\"><span style=\"background-color: #add8e6;\"><em>Jusques \u00e0 quand, Seigneur, m\u2019oublieras-tu sans cesse ? Regarde, Seigneur, r\u00e9ponds-moi. Viens r\u00e9parer mes forces. Sinon je m\u2019endors dans la mort.<\/em><\/span><\/p>\n<p style=\"text-align: center;\"><span style=\"background-color: #add8e6;\"><em>Psaume 13.1,4<\/em><\/span><\/p>\n<\/td>\n<\/tr>\n<\/tbody>\n<\/table>\n<p>&nbsp;<\/p>\n<hr \/>\n<p>&nbsp;<\/p>\n<p>NOTE<\/p>\n<p>&nbsp;<\/p>\n<p><strong>1. <\/strong>Entre 18 heures 30 et 20 heures, ce qu&rsquo;on appelle l&rsquo;access prime time, est le moment le plus rentable \u00e0 la<br \/> t\u00e9l\u00e9vision pour France 2 ; les 30 secondes de publicit\u00e9 se monnaient 51000 F ! Mammon m\u00e8ne la danse. Et \u00e0<br \/> ce prix, tout est possible, tous les coups sont permis.<\/p>\n<p>&nbsp;<\/p>\n<p><strong>2.<\/strong> Cet \u00e9ditorial a \u00e9t\u00e9 \u00e9crit apr\u00e8s la lecture d&rsquo;une chronique de Jean-Claude Guillebaud <em>\u00ab Le mal num\u00e9ris\u00e9 \u00bb<\/em> de<em><br \/> T\u00e9l\u00e9 Obs. n\u00b0 1787<\/em> ; certaines de ses expressions ont \u00e9t\u00e9 reprises.<\/p>\n<p>&nbsp;<\/p>\n","protected":false},"excerpt":{"rendered":"<p>&nbsp; \u00a0Editorial du n\u00b02 Mars-Avril 1999 &nbsp; \u00ab\u00a0Ils ne savent plus rougir\u00a0\u00bb &nbsp; \u00a0Par Fran\u00e7ois-Jean MARTIN \u00a0 Par la voie des m\u00e9dias, nous revient comme un flot incessant, l&rsquo;\u00e9cho des violences de tous ordres d\u00e8s les plus jeunes \u00e2ges. Violence dont se repa\u00eet l&rsquo;appareil m\u00e9diatique qui, faisant appel aux aspects les plus t\u00e9n\u00e9breux de l&rsquo;homme, [&hellip;]<\/p>\n","protected":false},"author":3,"featured_media":0,"comment_status":"closed","ping_status":"closed","sticky":false,"template":"","format":"standard","meta":{"footnotes":""},"categories":[16,39,41],"tags":[],"class_list":["post-6268","post","type-post","status-publish","format-standard","hentry","category-le-chretien-et-la-societe","category-editorial","category-lhomme"],"_links":{"self":[{"href":"https:\/\/www.servir.caef.net\/index.php?rest_route=\/wp\/v2\/posts\/6268","targetHints":{"allow":["GET"]}}],"collection":[{"href":"https:\/\/www.servir.caef.net\/index.php?rest_route=\/wp\/v2\/posts"}],"about":[{"href":"https:\/\/www.servir.caef.net\/index.php?rest_route=\/wp\/v2\/types\/post"}],"author":[{"embeddable":true,"href":"https:\/\/www.servir.caef.net\/index.php?rest_route=\/wp\/v2\/users\/3"}],"replies":[{"embeddable":true,"href":"https:\/\/www.servir.caef.net\/index.php?rest_route=%2Fwp%2Fv2%2Fcomments&post=6268"}],"version-history":[{"count":0,"href":"https:\/\/www.servir.caef.net\/index.php?rest_route=\/wp\/v2\/posts\/6268\/revisions"}],"wp:attachment":[{"href":"https:\/\/www.servir.caef.net\/index.php?rest_route=%2Fwp%2Fv2%2Fmedia&parent=6268"}],"wp:term":[{"taxonomy":"category","embeddable":true,"href":"https:\/\/www.servir.caef.net\/index.php?rest_route=%2Fwp%2Fv2%2Fcategories&post=6268"},{"taxonomy":"post_tag","embeddable":true,"href":"https:\/\/www.servir.caef.net\/index.php?rest_route=%2Fwp%2Fv2%2Ftags&post=6268"}],"curies":[{"name":"wp","href":"https:\/\/api.w.org\/{rel}","templated":true}]}}