{"id":6441,"date":"1999-03-07T14:14:23","date_gmt":"1999-03-07T14:14:23","guid":{"rendered":"\/?p=6441"},"modified":"2016-06-03T07:11:06","modified_gmt":"2016-06-03T07:11:06","slug":"les-sources-de-notre-connaissance-2-partie","status":"publish","type":"post","link":"https:\/\/www.servir.caef.net\/?p=6441","title":{"rendered":"Les sources de notre connaissance    (2\u00b0 partie)"},"content":{"rendered":"<h1 style=\"text-align: center;\">Les sources de notre connaissance<\/h1>\n<p class=\"MsoNormal\" style=\"text-align: center;\"><span style=\"font-family: arial,helvetica,sans-serif;\">\u00a0<\/span><\/p>\n<p class=\"MsoNormal\" style=\"text-align: center;\"><span style=\"font-family: arial,helvetica,sans-serif;\"><b><span style=\"font-size: 13.5pt;\">(2\u00b0 partie)<\/span><\/b><\/span><\/p>\n<p class=\"MsoNormal\" style=\"text-align: center;\"><span style=\"font-family: arial,helvetica,sans-serif;\">\u00a0<a href=\"\/wp-content\/uploads\/2008\/07\/etude-bibliqie.jpg\"><img loading=\"lazy\" decoding=\"async\" class=\" wp-image-8368 aligncenter\" src=\"\/wp-content\/uploads\/2008\/07\/etude-bibliqie.jpg\" alt=\"etude-bibliqie\" width=\"489\" height=\"221\" srcset=\"https:\/\/www.servir.caef.net\/wp-content\/uploads\/2008\/07\/etude-bibliqie.jpg 611w, https:\/\/www.servir.caef.net\/wp-content\/uploads\/2008\/07\/etude-bibliqie-300x135.jpg 300w\" sizes=\"auto, (max-width: 489px) 100vw, 489px\" \/><\/a><\/span><\/p>\n<p class=\"MsoNormal\" style=\"text-align: justify;\"><span style=\"font-family: arial,helvetica,sans-serif; font-size: 16px;\"><strong><span style=\"color: black;\">par <span style=\"color: #b22222;\">Frank Horton<\/span><\/span> <\/strong><\/span><\/p>\n<p class=\"MsoNormal\" style=\"text-align: justify;\"><span style=\"font-family: arial,helvetica,sans-serif;\">\u00a0<\/span><\/p>\n<p class=\"MsoNormal\" style=\"text-align: justify;\"><span style=\"font-family: arial,helvetica,sans-serif;\">\u00a0<\/span><\/p>\n<p class=\"MsoNormal\" style=\"text-align: right;\"><span style=\"font-family: arial,helvetica,sans-serif;\"><a href=\"\/wp-content\/uploads\/1999\/pdf1999\/1999_01_16_sourcesdenotreconnaissance1et2.pdf\"><b><span style=\"color: black; font-size: 11pt;\">\u00a0<\/span><\/b><\/a><\/span><\/p>\n<p class=\"MsoNormal\" style=\"text-align: justify;\"><span style=\"font-family: arial,helvetica,sans-serif; font-size: 12pt;\"><b><span style=\"color: black;\">John Wesley \u00ab \u00e9tait persuad\u00e9 que l&rsquo;essentiel de la foi chr\u00e9tienne est r\u00e9v\u00e9l\u00e9 dans la<\/span><\/b> <b><span style=\"color: black;\">bible, \u00e9clair\u00e9 par la TRADITION, vivifi\u00e9 par l\u2019EXPERIENCE personnelle et confirm\u00e9<\/span><\/b> <b><span style=\"color: black;\">par la RAISON \u00bb. Dans le pr\u00e9c\u00e9dent num\u00e9ro de Servir, nous avons insist\u00e9 sur le<\/span><\/b> <b><span style=\"color: black;\">r\u00f4le central de la r\u00e9v\u00e9lation biblique et la contribution indispensable qu&rsquo;apporte la<\/span><\/b> <b>tradition mais avec ses limites et ses dangers.<\/b><\/span><\/p>\n<p class=\"MsoNormal\" style=\"text-align: justify;\"><span style=\"font-family: arial,helvetica,sans-serif;\">\u00a0<\/span><\/p>\n<p class=\"MsoNormal\" style=\"text-align: justify;\"><span style=\"font-family: arial,helvetica,sans-serif; font-size: 12pt;\"><b><span style=\"color: black;\">Passons maintenant aux deux derni\u00e8res sources de la connaissance toujours en<\/span><\/b> <b><span style=\"color: black;\">suivant Wesley.<\/span><\/b><\/span><\/p>\n<p class=\"MsoNormal\" style=\"text-align: justify;\"><span style=\"font-family: arial,helvetica,sans-serif;\">\u00a0<\/span><\/p>\n<p class=\"MsoNormal\" style=\"text-align: justify;\"><span style=\"font-family: arial,helvetica,sans-serif;\"><b><span style=\"color: black; font-size: 13.5pt;\">\u00a0<!--more--><\/span><\/b><\/span><\/p>\n<p class=\"MsoNormal\" style=\"text-align: right;\"><span style=\"font-family: arial,helvetica,sans-serif;\"><a href=\"\/wp-content\/uploads\/1999\/pdf1999\/1999_01_16_sourcesdenotreconnaissance1et2.pdf\"><strong>Voir le PDF complet<\/strong><\/a><\/span><\/p>\n<p><span style=\"font-family: arial,helvetica,sans-serif;\"><a href=\"\/wp-content\/uploads\/1999\/pdf1999\/1999_01_16_sourcesdenotreconnaissance1et2.pdf\" target=\"_blank\"><img loading=\"lazy\" decoding=\"async\" class=\"alignright\" title=\"iconePDF\" src=\"\/wp-content\/uploads\/2011\/01\/iconePDF.jpg\" alt=\"\" width=\"81\" height=\"76\" hspace=\"8\" vspace=\"8\" \/><\/a><\/span><\/p>\n<p class=\"MsoNormal\" style=\"text-align: justify;\"><span style=\"font-family: arial,helvetica,sans-serif;\">\u00a0<\/span><\/p>\n<p class=\"MsoNormal\" style=\"text-align: justify;\"><span style=\"font-family: arial,helvetica,sans-serif;\">\u00a0<\/span><\/p>\n<p class=\"MsoNormal\" style=\"text-align: justify;\"><span style=\"font-family: arial,helvetica,sans-serif;\">\u00a0<\/span><\/p>\n<p class=\"MsoNormal\" style=\"text-align: justify;\"><span style=\"font-family: arial,helvetica,sans-serif;\">\u00a0<\/span><\/p>\n<p style=\"text-align: right;\"><span style=\"font-family: arial,helvetica,sans-serif;\">\u00a0<\/span><\/p>\n<p>&nbsp;<\/p>\n<h2><span style=\"font-family: arial,helvetica,sans-serif; font-size: 22px;\"><b><span style=\"color: black;\"><a href=\"\/wp-content\/uploads\/1999\/pdf1999\/1999_02_24_lessourcesdenotreconnaissance.pdf\" target=\"_blank\"><img loading=\"lazy\" decoding=\"async\" title=\"iconePDF\" src=\"\/wp-content\/uploads\/2011\/01\/iconePDF.jpg\" alt=\"\" width=\"81\" height=\"76\" align=\"right\" hspace=\"8\" vspace=\"8\" \/><\/a>L&rsquo;Exp\u00e9rience<\/span><\/b><\/span><\/h2>\n<p><span style=\"font-family: arial,helvetica,sans-serif; font-size: 12px;\"><br \/> <\/span><\/p>\n<p class=\"MsoNormal\" style=\"text-align: justify;\"><span style=\"font-family: arial,helvetica,sans-serif; font-size: 12px;\"><br \/> <\/span><\/p>\n<p class=\"MsoNormal\" style=\"text-align: justify;\"><span style=\"font-family: arial,helvetica,sans-serif; font-size: 12px;\"><br \/> <\/span><\/p>\n<p class=\"MsoNormal\" style=\"text-align: justify;\"><span style=\"font-family: arial,helvetica,sans-serif; font-size: 12pt;\"><span style=\"color: black;\">L\u00e9gitimement, la foi chr\u00e9tienne peut se pr\u00e9valoir d&rsquo;une dimension subjective, exp\u00e9rimentale,<\/span> <span style=\"color: black;\">comme nous le rappellent les Eglises qui tendent \u00e0 privil\u00e9gier la voie de l&rsquo;exp\u00e9rience.<\/span><\/span><\/p>\n<p class=\"MsoNormal\" style=\"text-align: justify;\"><span style=\"font-family: arial,helvetica,sans-serif; font-size: 12pt;\"><br \/> <\/span><\/p>\n<p class=\"MsoNormal\" style=\"text-align: justify;\"><span style=\"font-family: arial,helvetica,sans-serif; font-size: 12pt;\"><span style=\"color: black;\">Toutefois, Wesley insiste sur la n\u00e9cessit\u00e9 de \u00ab v\u00e9rifier si notre exp\u00e9rience personnelle et<\/span> <span style=\"color: black;\">communautaire confirme la r\u00e9alit\u00e9 de la gr\u00e2ce de Dieu telle qu&rsquo;elle est attest\u00e9e dans la Bible. Notre<\/span> <span style=\"color: black;\">exp\u00e9rience se vit en corr\u00e9lation avec les Ecritures. Nous lisons la Bible \u00e0 la lumi\u00e8re des situations<\/span> <span style=\"color: black;\">et des \u00e9v\u00e9nements qui nous aident \u00e0 devenir ce que nous sommes, et nous interpr\u00e9tons nos<\/span> <span style=\"color: black;\">exp\u00e9riences en nous fondant sur le t\u00e9moignage biblique [&#8230;]. Or, l&rsquo;exp\u00e9rience est \u00e0 l&rsquo;individu ce que<\/span> <span style=\"color: black;\">la tradition est \u00e0 l&rsquo;Eglise : c&rsquo;est le fait de s&rsquo;approprier la gr\u00e2ce de Dieu qui pardonne et qui rend<\/span> <span style=\"color: black;\">confiant. L\u2019exp\u00e9rience authentifie dans nos vies la v\u00e9rit\u00e9 r\u00e9v\u00e9l\u00e9e par la Bible et \u00e9clair\u00e9e par la<\/span> <span style=\"color: black;\">tradition, nous permettant ainsi de faire n\u00f4tre le t\u00e9moignage chr\u00e9tien<b style=\"mso-bidi-font-weight: normal;\"><sub>1<\/sub><\/b><\/span><span style=\"color: black;\"> \u00bb.<\/span><\/span><\/p>\n<p class=\"MsoNormal\" style=\"text-align: justify;\"><span style=\"font-family: arial,helvetica,sans-serif; font-size: 12pt;\"><br \/> <\/span><\/p>\n<p class=\"MsoNormal\" style=\"text-align: justify;\"><span style=\"font-family: arial,helvetica,sans-serif; font-size: 12pt;\"><span style=\"color: black;\">Le regrett\u00e9 th\u00e9ologien-philosophe Francis Schaeffer constatait l&rsquo;affaiblissement du t\u00e9moignage<\/span> <span style=\"color: black;\">\u00e9vang\u00e9lique, d\u00e8s lors que le t\u00e9moin chr\u00e9tien fondait ses convictions sur le \u00ab feeling \u00bb ou la<\/span> <span style=\"color: black;\">\u00ab r\u00e9ponse int\u00e9rieure \u00bb, au lieu de faire appel \u00e0 la v\u00e9rit\u00e9 objective de l&rsquo;Ecriture<b style=\"mso-bidi-font-weight: normal;\"><sub>2<\/sub><\/b>. Le m\u00eame d\u00e9rapage<\/span> <span style=\"color: black;\">vers le subjectif se manifeste dans nos groupes d&rsquo;\u00e9tude biblique quand l&rsquo;animateur, au lieu de<\/span> <span style=\"color: black;\">demander : \u00ab Que signifie ce texte ? Qu&rsquo;est-ce que l&rsquo;auteur a voulu nous dire ? \u00bb pose la question :<\/span> <span style=\"color: black;\">\u00ab Quels sont vos sentiments face \u00e0 ce texte ? \u00bb ou encore, \u00ab Comment r\u00e9agissez-vous ? \u00bb<\/span><\/span><\/p>\n<p class=\"MsoNormal\" style=\"text-align: justify;\"><span style=\"font-family: arial,helvetica,sans-serif; font-size: 12pt;\"><span style=\"color: black;\">\u00a0<\/span><\/span><\/p>\n<p class=\"MsoNormal\" style=\"text-align: justify;\"><span style=\"font-family: arial,helvetica,sans-serif; font-size: 12pt;\">\u00a0<span style=\"color: black;\">Il y a quelques ann\u00e9es, j&rsquo;ai pr\u00eat\u00e9 \u00e0 un ami la brochure de John Stott, <i>Du bapt\u00eame \u00e0 la pl\u00e9nitude :<\/i><\/span> <i><span style=\"color: black;\">l&rsquo;oeuvre du Saint-Esprit en notre temps. <\/span><\/i><span style=\"color: black;\">Apr\u00e8s l&rsquo;avoir lue attentivement, il me l&rsquo;a rendue en disant :<\/span> <span style=\"color: black;\">\u00ab cet ouvrage pr\u00e9sente tr\u00e8s fid\u00e8lement et clairement l&rsquo;enseignement de la Bible. Mais ce qu&rsquo;il dit ne<\/span> <span style=\"color: black;\">correspond pas \u00e0 mon exp\u00e9rience&#8230; \u00bb. Et il a choisi de rester attach\u00e9 \u00e0 cette derni\u00e8re.<\/span><\/span><\/p>\n<p class=\"MsoNormal\" style=\"text-align: justify;\"><span style=\"font-family: arial,helvetica,sans-serif; font-size: 12px;\"><br \/> <\/span><\/p>\n<p class=\"MsoNormal\" style=\"text-align: justify;\"><span style=\"font-family: arial,helvetica,sans-serif; font-size: 12pt;\"><span style=\"color: black;\">Certains agissent comme s&rsquo;ils \u00ab croient que Dieu continue \u00e0 donner aujourd&rsquo;hui encore des<\/span> <span style=\"color: black;\">r\u00e9v\u00e9lations extra bibliques, et voient dans le don de proph\u00e9tie la possibilit\u00e9 de transmettre des<\/span> <span style=\"color: black;\">v\u00e9rit\u00e9s ind\u00e9pendantes des Saintes Ecritures. Si cela est vrai, il est \u00e9vident que l&rsquo;Ecriture ne nous<\/span> <span style=\"color: black;\">donne pas une r\u00e9v\u00e9lation d\u00e9finitive. Ce point de vue est vraiment dangereux et, croyons-nous,<\/span> <span style=\"color: black;\">contraire aussi bien \u00e0 l&rsquo;Ecriture qu&rsquo;\u00e0 la position historique du christianisme orthodoxe<b><sub>3<\/sub><\/b><\/span><span style=\"color: black;\"> \u00bb.<\/span><\/span><\/p>\n<p class=\"MsoNormal\" style=\"text-align: justify;\"><span style=\"font-family: arial,helvetica,sans-serif; font-size: 12pt;\"><br \/> <\/span><\/p>\n<p class=\"MsoNormal\" style=\"text-align: justify;\"><span style=\"font-family: arial,helvetica,sans-serif; font-size: 12pt;\"><span style=\"color: black;\">Certains ouvrages, r\u00e9cemment publi\u00e9s, racontent des visions dont le but est de nous donner force<\/span> <span style=\"color: black;\">d\u00e9tails sur les temps de la fin<b><sub>4<\/sub><\/b>. On y trouve des renseignements que ne contient pas la Parole de<\/span> <span style=\"color: black;\">Dieu. Leur texte \u00e9chappe \u00e0 un v\u00e9ritable contr\u00f4le biblique.<\/span><\/span><\/p>\n<p class=\"MsoNormal\" style=\"text-align: justify;\"><span style=\"font-family: arial,helvetica,sans-serif; font-size: 12pt;\"><span style=\"color: black;\"><br \/> <\/span><\/span><\/p>\n<p class=\"MsoNormal\" style=\"text-align: justify;\"><span style=\"font-family: arial,helvetica,sans-serif; font-size: 12px;\"><br \/> <\/span><\/p>\n<h2><span style=\"font-family: arial,helvetica,sans-serif; font-size: 22px;\"><b><span style=\"color: black;\">La Raison<\/span><\/b><\/span><\/h2>\n<p class=\"MsoNormal\" style=\"text-align: justify;\"><span style=\"font-family: arial,helvetica,sans-serif; font-size: 12px;\"><br \/> <\/span><\/p>\n<p class=\"MsoNormal\" style=\"text-align: justify;\"><span style=\"font-family: arial,helvetica,sans-serif; font-size: 12pt;\"><span style=\"color: black;\">Les philosophes grecs, Platon, Aristote, pensaient que la facult\u00e9 supr\u00eame de l&rsquo;homme \u00e9tait sa<\/span> <span style=\"color: black;\">pens\u00e9e, sa raison, et d\u00e9pr\u00e9ciaient la chair et ses \u00e9motions. James Boice rappelle que \u00ab cette<\/span> <span style=\"color: black;\">\u00e9l\u00e9vation de la raison produit un dualisme qui m\u00e9prise le corps. Si l&rsquo;esprit est bon, la mati\u00e8re est<\/span> <span style=\"color: black;\">mauvaise. De l\u00e0 provient le conflit perp\u00e9tuel qui oppose l&rsquo;esprit et l&rsquo;\u00e2me au corps et \u00e0 la chair<b style=\"mso-bidi-font-weight: normal;\"><sub>5<\/sub><\/b><\/span><span style=\"color: black;\">\u00bb. Le<\/span> <span style=\"color: black;\">rationalisme moderne \u00ab n&rsquo;est qu&rsquo;une variante de la pens\u00e9e classique \u00bb, ajoute-t-il.<\/span><\/span><\/p>\n<p class=\"MsoNormal\" style=\"text-align: justify;\"><span style=\"font-family: arial,helvetica,sans-serif; font-size: 12pt;\"><br \/> <\/span><\/p>\n<p class=\"MsoNormal\" style=\"text-align: justify;\"><span style=\"font-family: arial,helvetica,sans-serif; font-size: 12pt;\"><span style=\"color: black;\">L\u2019\u00e9cole rationaliste du 17e si\u00e8cle, dont Descartes, Spinoza et Leibniz furent les principaux ma\u00eetres<\/span> <span style=\"color: black;\">\u00e0 penser, croyait que toute connaissance \u00e9tait d\u00e9riv\u00e9e de la seule logique, et que l&rsquo;erreur provenait<\/span> <span style=\"color: black;\">de l&rsquo;exp\u00e9rience. Seul \u00e9tait digne de foi ce qui pouvait \u00eatre d\u00e9montr\u00e9 \u00e0 la mani\u00e8re des th\u00e9or\u00e8mes de<\/span> <span style=\"color: black;\">g\u00e9om\u00e9trie. Ils cherchaient \u00e0 d\u00e9montrer rationnellement l&rsquo;existence de Dieu. Rares sont les<\/span> <span style=\"color: black;\">philosophes modernes qui acceptent la validit\u00e9 de leurs argumentations.<\/span><\/span><\/p>\n<p class=\"MsoNormal\" style=\"text-align: justify;\"><span style=\"font-family: arial,helvetica,sans-serif; font-size: 12pt;\"><br \/> <\/span><\/p>\n<p class=\"MsoNormal\" style=\"text-align: justify;\"><span style=\"font-family: arial,helvetica,sans-serif; font-size: 12pt;\"><span style=\"color: black;\">Aussi bien en ce qui concerne l&rsquo;homme qu&rsquo;en ce qui concerne Dieu, la raison a ses limites et ne<\/span> <span style=\"color: black;\">conduit pas \u00e0 une connaissance compl\u00e8te &#8211; ni m\u00eame forc\u00e9ment juste &#8211; du sujet. Serait-ce une<\/span> <span style=\"color: black;\">explication de l&rsquo;anti-intellectualisme qui marque, parfois, la soci\u00e9t\u00e9 actuelle ?<\/span><\/span><\/p>\n<p class=\"MsoNormal\" style=\"text-align: justify;\"><span style=\"font-family: arial,helvetica,sans-serif; font-size: 12px;\"><br \/> <\/span><\/p>\n<p class=\"MsoNormal\" style=\"text-align: justify;\"><span style=\"font-family: arial,helvetica,sans-serif; font-size: 12pt;\"><span style=\"color: black;\">Citons encore le manuel des Eglises M\u00e9thodistes : \u00ab Nous reconnaissons que la r\u00e9v\u00e9lation de Dieu<\/span> <span style=\"color: black;\">et notre exp\u00e9rience de la gr\u00e2ce de Dieu d\u00e9passent continuellement la port\u00e9e du langage et de la<\/span> <span style=\"color: black;\">pens\u00e9e humaine ; et pourtant, malgr\u00e9 cela, nous pensons que tout travail th\u00e9ologique s\u00e9rieux fait<\/span> <span style=\"color: black;\">appel \u00e0 la raison.<\/span><\/span><\/p>\n<p class=\"MsoNormal\" style=\"text-align: justify;\"><span style=\"font-family: arial,helvetica,sans-serif; font-size: 12pt;\"><br \/> <\/span><\/p>\n<p class=\"MsoNormal\" style=\"text-align: justify;\"><span style=\"font-family: arial,helvetica,sans-serif; font-size: 12pt;\"><span style=\"color: black;\">C&rsquo;est parce que nous sommes des \u00eatres vivants dou\u00e9s de raison que nous :<\/span><\/span><\/p>\n<p class=\"MsoNormal\" style=\"text-align: justify;\"><span style=\"font-family: arial,helvetica,sans-serif; font-size: 12pt;\"><br \/> <\/span><\/p>\n<p class=\"MsoNormal\" style=\"text-align: justify;\"><span style=\"font-family: arial,helvetica,sans-serif; font-size: 12pt;\"><span style=\"color: black;\">\u2212 lisons et interpr\u00e9tons la Bible,<\/span><\/span><\/p>\n<p class=\"MsoNormal\" style=\"text-align: justify;\"><span style=\"font-family: arial,helvetica,sans-serif; font-size: 12pt;\"><span style=\"color: black;\">\u00a0<\/span><\/span><\/p>\n<p class=\"MsoNormal\" style=\"text-align: justify;\"><span style=\"font-family: arial,helvetica,sans-serif; font-size: 12pt;\"><span style=\"color: black;\">\u2212 r\u00e9fl\u00e9chissons \u00e0 la foi et cherchons \u00e0 comprendre l&rsquo;action de Dieu et sa volont\u00e9,<\/span><\/span><\/p>\n<p class=\"MsoNormal\" style=\"text-align: justify;\"><span style=\"font-family: arial,helvetica,sans-serif; font-size: 12px;\"><br \/> <\/span><\/p>\n<p class=\"MsoNormal\" style=\"text-align: justify;\"><span style=\"font-family: arial,helvetica,sans-serif; font-size: 12pt;\"><span style=\"color: black;\">\u2212 assemblons les \u00e9l\u00e9ments qui composent notre t\u00e9moignage et les communiquons de<\/span> <span style=\"color: black;\">mani\u00e8re coh\u00e9rente,<\/span><\/span><\/p>\n<p class=\"MsoNormal\" style=\"text-align: justify;\"><span style=\"font-family: arial,helvetica,sans-serif; font-size: 12pt;\"><br \/> <\/span><\/p>\n<p class=\"MsoNormal\" style=\"text-align: justify;\"><span style=\"font-family: arial,helvetica,sans-serif; font-size: 12pt;\"><span style=\"color: black;\">\u2212 examinons la compatibilit\u00e9 de notre t\u00e9moignage avec le message biblique et avec les<\/span> <span style=\"color: black;\">traditions qui ont transmis ce t\u00e9moignage.<\/span><\/span><\/p>\n<p class=\"MsoNormal\" style=\"text-align: justify;\"><span style=\"font-family: arial,helvetica,sans-serif; font-size: 12pt;\"><br \/> <\/span><\/p>\n<p class=\"MsoNormal\" style=\"text-align: justify;\"><span style=\"font-family: arial,helvetica,sans-serif; font-size: 12pt;\"><span style=\"color: black;\">C&rsquo;est par notre capacit\u00e9 de r\u00e9flexion rationnelle que nous int\u00e9grons notre t\u00e9moignage \u00e0 toute<\/span> <span style=\"color: black;\">l&rsquo;\u00e9tendue des connaissances, exp\u00e9riences et engagements humains<b style=\"mso-bidi-font-weight: normal;\"><sub>6<\/sub><\/b><\/span><span style=\"color: black;\"> \u00bb.<\/span><\/span><\/p>\n<p class=\"MsoNormal\" style=\"text-align: justify;\"><span style=\"font-family: arial,helvetica,sans-serif; font-size: 12pt;\"><span style=\"color: black;\">\u00a0<\/span><\/span><\/p>\n<p class=\"MsoNormal\" style=\"text-align: justify;\"><span style=\"font-family: arial,helvetica,sans-serif; font-size: 12pt;\">\u00a0<span style=\"color: black;\">Tout en adh\u00e9rant \u00e0 ce qui pr\u00e9c\u00e8de et en reconnaissant que les Eglises issues de la R\u00e9forme<\/span> <span style=\"color: black;\">privil\u00e9gient la raison, nous pensons qu&rsquo;un b\u00e9mol s&rsquo;impose ici. Si, d&rsquo;une part, nous refusons de<\/span> <span style=\"color: black;\">laisser notre intelligence \u00ab au vestiaire \u00bb, nous repoussons, d&rsquo;autre part, la raison autonome,<\/span> <span style=\"color: black;\">h\u00e9ritage empoisonn\u00e9 de la culture gr\u00e9co-romaine et du Si\u00e8cle des Lumi\u00e8res. La raison humaine ne<\/span> <span style=\"color: black;\">peut \u00eatre l&rsquo;autorit\u00e9 ultime, et les syst\u00e8mes philosophiques qu&rsquo;elle a \u00e9rig\u00e9s sont en contradiction<\/span> <span style=\"color: black;\">flagrante avec la r\u00e9v\u00e9lation divine !<\/span><\/span><\/p>\n<p class=\"MsoNormal\" style=\"text-align: justify;\"><span style=\"font-family: arial,helvetica,sans-serif; font-size: 12pt;\"><br \/> <\/span><\/p>\n<p class=\"MsoNormal\" style=\"text-align: justify;\"><span style=\"font-family: arial,helvetica,sans-serif; font-size: 12pt;\"><span style=\"color: black;\">Pire encore, elle a \u00e9t\u00e9, par sa r\u00e9volte, plong\u00e9e dans les t\u00e9n\u00e8bres <em><span style=\"background-color: #99ccff;\">(Rom 1.18ss)<\/span><\/em> et par cons\u00e9quent est<\/span> <span style=\"color: black;\">devenue incapable de comprendre la sagesse de Dieu <span style=\"background-color: #99ccff;\"><em>(1 Cor 1.17ss)<\/em><\/span>. Notre intelligence, pour<\/span> <span style=\"color: black;\">\u00e9couter, entendre et comprendre le message biblique, a besoin d&rsquo;\u00eatre sauv\u00e9e : d\u00e9livr\u00e9e, lib\u00e9r\u00e9e,<\/span> <span style=\"color: black;\">transform\u00e9e, renouvel\u00e9e par la puissance de l&rsquo;Evangile <span style=\"background-color: #add8e6;\"><em>(Eph 4.17ss ; Rom 12.1-2)<\/em><\/span>.<\/span><\/span><\/p>\n<p class=\"MsoNormal\" style=\"text-align: justify;\"><span style=\"font-family: arial,helvetica,sans-serif; font-size: 12px;\"><br \/> <\/span><\/p>\n<p class=\"MsoNormal\" style=\"text-align: justify;\"><span style=\"font-family: arial,helvetica,sans-serif; font-size: 12pt;\"><span style=\"color: black;\">Il convient de mentionner bri\u00e8vement ici une autre forme de raisonnement qu&rsquo;on appelle le<\/span> <b><span style=\"color: black;\">pragmatisme. <\/span><\/b><span style=\"color: black;\">Celui-ci prend pour crit\u00e8re de la v\u00e9rit\u00e9 la valeur pratique : est vrai ce qui r\u00e9ussit, et il<\/span> <span style=\"color: black;\">n&rsquo;y a pas de v\u00e9rit\u00e9 absolue. \u00ab Si \u00e7a marche, c&rsquo;est bon ! \u00bb La communaut\u00e9 de <i>Willow Creek, <\/i>pr\u00e8s de<\/span> <span style=\"color: black;\">Chicago, peut nous servir d&rsquo;illustration. Les responsables de cette communaut\u00e9 ont appliqu\u00e9 les<\/span> <span style=\"color: black;\">techniques les plus pouss\u00e9es du <i>marketing, <\/i>en \u00e9tudiant \u00e0 fond leurs clients potentiels, c&rsquo;est-\u00e0-dire<\/span> <span style=\"color: black;\">les personnes qu&rsquo;ils voulaient atteindre avec l&rsquo;Evangile : quelles \u00e9taient leurs pr\u00e9occupations, les<\/span> <span style=\"color: black;\">besoins ressentis : angoisse, douleur, doutes existentiels, col\u00e8re, probl\u00e8mes conjugaux, sexuels, etc.<\/span> <span style=\"color: black;\">?<\/span><\/span><\/p>\n<p class=\"MsoNormal\" style=\"text-align: justify;\"><span style=\"font-family: arial,helvetica,sans-serif; font-size: 12pt;\"><br \/> <\/span><\/p>\n<p class=\"MsoNormal\" style=\"text-align: justify;\"><span style=\"font-family: arial,helvetica,sans-serif; font-size: 12pt;\"><span style=\"color: black;\">Comment pr\u00e9parer \u00e0 leur intention une Eglise qui les attire et les mette \u00e0 l&rsquo;aise par son d\u00e9cor, son<\/span> <span style=\"color: black;\">programme de musique et de th\u00e9\u00e2tre, la cr\u00e9dibilit\u00e9 de son message et son adaptation aux besoins<\/span> <span style=\"color: black;\">mentionn\u00e9s ? Le succ\u00e8s a \u00e9t\u00e9 et reste extraordinaire, et nombreuses sont les communaut\u00e9s<\/span> <span style=\"color: black;\">\u00e9vang\u00e9liques qui ont pris <i>Willow Creek <\/i>pour mod\u00e8le.<\/span><\/span><\/p>\n<p class=\"MsoNormal\" style=\"text-align: justify;\"><span style=\"font-family: arial,helvetica,sans-serif; font-size: 12pt;\"><br \/> <\/span><\/p>\n<p class=\"MsoNormal\" style=\"text-align: justify;\"><span style=\"font-family: arial,helvetica,sans-serif; font-size: 12pt;\"><span style=\"color: black;\">Il est ind\u00e9niable, d&rsquo;un point de vue purement pragmatique, que cette communaut\u00e9 est un exemple \u00e0<\/span> <span style=\"color: black;\">prendre au s\u00e9rieux. L\u2019effort pour s&rsquo;approcher de l&rsquo;homme d&rsquo;aujourd&rsquo;hui, pour le conna\u00eetre et le<\/span> <span style=\"color: black;\">comprendre dans son contexte social, spirituel et moral est louable. Mais est-ce tout ? N&rsquo;y a-t-il pas<\/span> <span style=\"color: black;\">des crit\u00e8res bibliques, des principes directeurs \u00e0 prendre en compte, concernant la mondanit\u00e9 de la<\/span> <span style=\"color: black;\">culture, la tentation de l&rsquo;image <span style=\"background-color: #add8e6;\"><em>(cf. 1 Th 2.1-2)<\/em><\/span>, le mar\u00e9cage de la psychologie et, surtout, la<\/span> <span style=\"color: black;\">tentation pragmatique d&rsquo;arrondir les angles de l&rsquo;Evangile pour le rendre moins r\u00e9barbatif ?<\/span> <span style=\"color: black;\">D&rsquo;ailleurs, les besoins ressentis peuvent n&rsquo;\u00eatre rien d&rsquo;autre que des convoitises \u00e9gocentriques !<\/span><\/span><\/p>\n<p class=\"MsoNormal\" style=\"text-align: justify;\"><span style=\"font-family: arial,helvetica,sans-serif; font-size: 12px;\"><br \/> <\/span><\/p>\n<p class=\"MsoNormal\" style=\"text-align: justify;\"><span style=\"font-family: arial,helvetica,sans-serif; font-size: 12pt;\"><span style=\"color: black;\">Ne refusons donc pas la raison, don du Cr\u00e9ateur, mais soumettons-la \u00e0 l&rsquo;oeuvre du R\u00e9dempteur,<\/span> <span style=\"color: black;\">afin que nous puissions l&rsquo;utiliser \u00e0 bon escient, en nous approchant de l&rsquo;Ecriture dans un esprit<\/span> <span style=\"color: black;\">d&rsquo;humilit\u00e9 et de soumission, dans la d\u00e9pendance du Saint-Esprit. \u00ab L\u2019Ecriture et l&rsquo;Esprit, l&rsquo;Esprit de<\/span> <span style=\"color: black;\">l&rsquo;Ecriture : toujours les deux ensemble, jamais l&rsquo;un sans l&rsquo;autre ! \u00bb Ne commen\u00e7ons pas par<\/span> <span style=\"color: black;\">l&rsquo;homme, pour lui d\u00e9nicher un texte biblique \u00ab appropri\u00e9 \u00bb : commen\u00e7ons plut\u00f4t par la Parole de<\/span> <span style=\"color: black;\">Dieu, comme l&rsquo;a toujours fait l&rsquo;Eglise, pour aller vers l&rsquo;homme avec le message de l&rsquo;Evangile. Et ne<\/span> <span style=\"color: black;\">perdons pas de vue le fait que l&rsquo;Evangile, pr\u00e9sent\u00e9 dans son int\u00e9gralit\u00e9, ne plaira jamais \u00e0 l&rsquo;homme<\/span> <span style=\"color: black;\">p\u00e9cheur, rebelle, car pr\u00eacher Christ reste <i>un scandale <\/i>pour <i>les juifs et une folie pour les pa\u00efens&#8230;<\/i><\/span><\/span><\/p>\n<p class=\"MsoNormal\" style=\"text-align: justify;\"><span style=\"font-family: arial,helvetica,sans-serif; font-size: 12px;\"><br \/> <\/span><\/p>\n<p class=\"MsoNormal\" style=\"text-align: justify;\"><span style=\"font-family: arial,helvetica,sans-serif; font-size: 12px;\"><br \/> <\/span><\/p>\n<h2><span style=\"font-family: arial,helvetica,sans-serif; font-size: 22px;\"><b><span style=\"color: black;\">Conclusion<\/span><\/b><\/span><\/h2>\n<p class=\"MsoNormal\" style=\"text-align: justify;\"><span style=\"font-family: arial,helvetica,sans-serif; font-size: 12px;\"><br \/> <\/span><\/p>\n<p class=\"MsoNormal\" style=\"text-align: justify;\"><span style=\"font-family: arial,helvetica,sans-serif; font-size: 12pt;\"><span style=\"color: black;\">\u00ab Ce n&rsquo;est pas une formation acad\u00e9mique, ni un don de persuasion ou d&rsquo;\u00e9loquence qui touchera le<\/span> <span style=\"color: black;\">coeur, mais c&rsquo;est la simplicit\u00e9 du message de l&rsquo;Evangile, <i>folle pour ceux qui p\u00e9rissent, mais<\/i><\/span> <i><span style=\"color: black;\">puissance de Dieu pour nous qui sommes sauv\u00e9s <\/span><\/i><span style=\"color: black;\">(1 Cor 1.18). C&rsquo;est pourquoi l&rsquo;ap\u00f4tre Paul, en<\/span> <span style=\"color: black;\">rabbin \u00e9rudit et &lsquo;charismatique&rsquo;, laissait d\u00e9lib\u00e9r\u00e9ment de c\u00f4t\u00e9 la sagesse humaine et la persuasion du<\/span> <span style=\"color: black;\">langage lorsqu&rsquo;il t\u00e9moignait de la Bonne Nouvelle.<\/span><\/span><\/p>\n<p class=\"MsoNormal\" style=\"text-align: justify;\"><span style=\"font-family: arial,helvetica,sans-serif; font-size: 12pt;\"><br \/> <\/span><\/p>\n<p class=\"MsoNormal\" style=\"text-align: justify;\"><span style=\"font-family: arial,helvetica,sans-serif; font-size: 12pt;\"><span style=\"color: black;\">Beaucoup de Chr\u00e9tiens bien intentionn\u00e9s font toutefois exactement ce que Paul a \u00e9vit\u00e9 de faire. Ils<\/span> <span style=\"color: black;\">sont convaincus que l&rsquo;Evangile et le Saint-Esprit ont besoin d&rsquo;\u00e9rudition, de persuasion<\/span> <span style=\"color: black;\">\u00e9motionnelle, d&rsquo;une approche psychologique et d&rsquo;un emballage promotionnel moderne, utilisant<\/span> <span style=\"color: black;\">toutes sortes de techniques audiovisuelles. Ainsi la foi de nombreux croyants se fonde sur la<\/span> <span style=\"color: black;\">sagesse de l&rsquo;homme plut\u00f4t que sur la puissance de Dieu<b style=\"mso-bidi-font-weight: normal;\"><sub>7<\/sub><\/b><\/span><span style=\"color: black;\"> \u00bb<\/span><\/span><\/p>\n<p class=\"MsoNormal\" style=\"text-align: justify;\"><span style=\"font-family: arial,helvetica,sans-serif; font-size: 12px;\"><br \/> <\/span><\/p>\n<p class=\"MsoNormal\" style=\"text-align: justify;\"><span style=\"font-family: arial,helvetica,sans-serif; font-size: 12pt;\"><span style=\"color: black;\">Ecoutons un autre appel, \u00e9manant d&rsquo;un groupe de th\u00e9ologiens qui se sont r\u00e9unis au mois d&rsquo;avril<\/span> <span style=\"color: black;\">1996, pr\u00e9occup\u00e9s qu&rsquo;ils \u00e9taient par de graves d\u00e9rapages th\u00e9ologiques qui marquent les milieux<\/span> <span style=\"color: black;\">\u00e9vang\u00e9liques nord-am\u00e9ricains. Ils ont r\u00e9dig\u00e9 un texte publi\u00e9 sous le titre de \u00ab D\u00e9claration de<\/span> <span style=\"color: black;\">Cambridge \u00bb dont une traduction en fran\u00e7ais a \u00e9t\u00e9 publi\u00e9e dans plusieurs p\u00e9riodiques, parmi<\/span> <span style=\"color: black;\">lesquels la <i>Revue R\u00e9form\u00e9e. <\/i>En voici un extrait :<\/span><\/span><\/p>\n<p class=\"MsoNormal\" style=\"text-align: justify;\"><span style=\"font-family: arial,helvetica,sans-serif; font-size: 12pt;\"><br \/> <\/span><\/p>\n<p class=\"MsoNormal\" style=\"text-align: justify;\"><span style=\"font-family: arial,helvetica,sans-serif; font-size: 12pt;\"><b><span style=\"color: black;\">Sola Scriptura : l&rsquo;\u00e9rosion de l&rsquo;autorit\u00e9 <\/span><\/b><span style=\"color: black;\">: \u00ab Au lieu de nous efforcer d&rsquo;adapter la foi chr\u00e9tienne<\/span> <span style=\"color: black;\">pour qu&rsquo;elle corresponde mieux aux besoins des consommateurs, nous devons proclamer la loi de<\/span> <span style=\"color: black;\">Dieu comme \u00e9tant la norme de toute justice v\u00e9ritable, et l&rsquo;Evangile comme l&rsquo;unique v\u00e9rit\u00e9 qui<\/span> <span style=\"color: black;\">sauve. L\u2019Eglise a besoin de la v\u00e9rit\u00e9 biblique pour comprendre ce qu&rsquo;elle doit faire, pour s&rsquo;\u00e9difier et<\/span> <span style=\"color: black;\">pour exercer la discipline en son sein.<\/span><\/span><\/p>\n<p class=\"MsoNormal\" style=\"text-align: justify;\"><span style=\"font-family: arial,helvetica,sans-serif; font-size: 12pt;\"><span style=\"color: black;\">\u00a0<\/span><\/span><\/p>\n<p class=\"MsoNormal\" style=\"text-align: justify;\"><span style=\"font-family: arial,helvetica,sans-serif; font-size: 12px;\"><span style=\"font-size: 12pt;\"><span style=\"color: black;\">L&rsquo;Ecriture doit nous faire percevoir, au-del\u00e0 des apparences trompeuses, quels sont nos besoins<\/span> <span style=\"color: black;\">r\u00e9els, et nous lib\u00e9rer de l&rsquo;habitude de tout \u00e9valuer \u00e0 l&rsquo;aune des images s\u00e9duisantes, des clich\u00e9s, des<\/span> <span style=\"color: black;\">promesses et des priorit\u00e9s d&rsquo;une culture de masse. C&rsquo;est \u00e0 la seule lumi\u00e8re de la v\u00e9rit\u00e9 de Dieu que<\/span> <span style=\"color: black;\">nous pouvons nous comprendre et d\u00e9couvrir comment Dieu a pourvu \u00e0 nos besoins. Il importe donc<\/span> <span style=\"color: black;\">de pr\u00eacher et d&rsquo;enseigner la Parole de Dieu dans l&rsquo;Eglise. Les sermons ont \u00e0 pr\u00e9senter et \u00e0 expliquer<\/span> <\/span><span style=\"color: black;\"><span style=\"font-size: 12pt;\">les enseignements bibliques et non<\/span> <span style=\"font-size: 12pt;\">\u00e0 exposer les opinions du pr\u00e9dicateur ou les id\u00e9es du moment.<\/span><\/span><span style=\"color: black; font-size: 12pt;\"> Nous ne devons rien accepter d&rsquo;autre que ce que Dieu a donn\u00e9.<\/span><\/span><\/p>\n<p class=\"MsoNormal\" style=\"text-align: justify;\"><span style=\"font-family: arial,helvetica,sans-serif; font-size: 12pt;\"><br \/> <\/span><\/p>\n<p class=\"MsoNormal\" style=\"text-align: justify;\"><span style=\"font-family: arial,helvetica,sans-serif; font-size: 12pt;\"><span style=\"color: black;\">L\u2019oeuvre du Saint-Esprit dans une exp\u00e9rience personnelle ne saurait \u00eatre dissoci\u00e9e de l&rsquo;Ecriture.<\/span> <span style=\"color: black;\">L\u2019Esprit ne s&rsquo;exprime pas d&rsquo;une mani\u00e8re qui s&rsquo;\u00e9carte de l&rsquo;Ecriture. Sans l&rsquo;Ecriture, nous n&rsquo;aurions<\/span> <span style=\"color: black;\">jamais connu la gr\u00e2ce de Dieu en Christ. Le crit\u00e8re de la v\u00e9rit\u00e9, c&rsquo;est la parole biblique et non<\/span> <span style=\"color: black;\">l&rsquo;exp\u00e9rience spirituelle. [&#8230;]<\/span><\/span><\/p>\n<p class=\"MsoNormal\" style=\"text-align: justify;\"><span style=\"font-family: arial,helvetica,sans-serif; font-size: 12pt;\"><br \/> <\/span><\/p>\n<p class=\"MsoNormal\" style=\"text-align: justify;\"><span style=\"font-family: arial,helvetica,sans-serif; font-size: 12pt;\"><span style=\"color: black;\">Nous nions [&#8230;] que l&rsquo;Esprit Saint parle de mani\u00e8re ind\u00e9pendante de l&rsquo;Ecriture ou s&rsquo;oppose \u00e0 elle,<\/span> <span style=\"color: black;\">(et) que l&rsquo;exp\u00e9rience spirituelle d&rsquo;une personne puisse servir de v\u00e9hicule \u00e0 la r\u00e9v\u00e9lation. \u00bb<\/span><\/span><\/p>\n<p class=\"MsoNormal\" style=\"text-align: justify;\"><span style=\"font-family: arial,helvetica,sans-serif; font-size: 12pt;\"><br \/> <\/span><\/p>\n<p class=\"MsoNormal\" style=\"text-align: justify;\"><span style=\"font-family: arial,helvetica,sans-serif; font-size: 12pt;\"><br \/> <\/span><\/p>\n<p class=\"MsoNormal\" style=\"text-align: center;\"><span style=\"font-family: arial,helvetica,sans-serif; font-size: 12pt;\"><span style=\"color: black;\">F.H.<\/span><\/span><\/p>\n<p class=\"MsoNormal\" style=\"text-align: center;\"><span style=\"font-family: arial,helvetica,sans-serif; font-size: 12pt;\"><br \/> <\/span><\/p>\n<hr \/>\n<p><span style=\"font-family: arial,helvetica,sans-serif; font-size: 12pt;\">NOTES<\/span><\/p>\n<p>&nbsp;<\/p>\n<p class=\"MsoNormal\" style=\"text-align: justify;\"><span style=\"font-family: arial,helvetica,sans-serif; font-size: 12px;\"><br \/> <\/span><\/p>\n<p class=\"MsoNormal\" style=\"text-align: justify;\"><span style=\"font-family: arial,helvetica,sans-serif; font-size: 12pt;\"><strong><span style=\"color: black;\">1.<\/span><\/strong><i><span style=\"color: black;\"> Fondements doctrinaux et principes <\/span><\/i><span style=\"color: black;\">sociaux de l&rsquo;Eglise \u00c9vang\u00e9lique M\u00e9thodiste, p.49. Nous rappelons que<\/span> <span style=\"color: black;\">cet article a paru dans la revue <i>PROMESSES <\/i>1998\/4. <i>SERVIR remercie <\/i>l&rsquo;auteur et les \u00e9diteurs de<\/span> <span style=\"color: black;\">PROMESSES de l&rsquo;avoir autoris\u00e9 \u00e0 reproduire cet article.<\/span><\/span><\/p>\n<p class=\"MsoNormal\" style=\"text-align: justify;\"><span style=\"font-family: arial,helvetica,sans-serif; font-size: 12pt;\"><br \/> <\/span><\/p>\n<p class=\"MsoNormal\" style=\"text-align: justify;\"><span style=\"font-family: arial,helvetica,sans-serif; font-size: 12pt;\"><i><span lang=\"EN-US\" style=\"color: black;\"><strong>2.<\/strong> The Great Evangelical Disaster, <\/span><\/i><span lang=\"EN-US\" style=\"color: black;\">Crossway Book. 1984, p. 51 s.<\/span><\/span><\/p>\n<p class=\"MsoNormal\" style=\"text-align: justify;\"><span style=\"font-family: arial,helvetica,sans-serif; font-size: 12pt;\"><br \/> <\/span><\/p>\n<p class=\"MsoNormal\" style=\"text-align: justify;\"><span style=\"font-family: arial,helvetica,sans-serif; font-size: 12pt;\"><span lang=\"EN-US\" style=\"color: black;\"><strong>3.<\/strong> Ernest Pickering, <i>The tragedy of Compromise, <\/i>p. 101.<\/span><\/span><\/p>\n<p class=\"MsoNormal\" style=\"text-align: justify;\"><span style=\"font-family: arial,helvetica,sans-serif; font-size: 12pt;\"><br \/> <\/span><\/p>\n<p class=\"MsoNormal\" style=\"text-align: justify;\"><span style=\"font-family: arial,helvetica,sans-serif; font-size: 12pt;\"><span style=\"color: black;\"><strong>4.<\/strong> Par exemple <i>L&rsquo;ultime assaut <\/i>de Rick Joyner, membre des \u00ab <i>Proph\u00e8tes de Kansas City \u00bb <\/i>aux Etats-Unis.<\/span><\/span><\/p>\n<p class=\"MsoNormal\" style=\"text-align: justify;\"><span style=\"font-family: arial,helvetica,sans-serif; font-size: 12pt;\"><br \/> <\/span><\/p>\n<p class=\"MsoNormal\" style=\"text-align: justify;\"><span style=\"font-family: arial,helvetica,sans-serif; font-size: 12pt;\"><span style=\"color: black;\"><strong>5.<\/strong> James M. Boice, <i>Le Dieu qui lib\u00e8re <\/i>(Ed. Emma\u00fcs, 1987), p.7.<\/span><\/span><\/p>\n<p class=\"MsoNormal\" style=\"text-align: justify;\"><span style=\"font-family: arial,helvetica,sans-serif; font-size: 12pt;\"><br \/> <\/span><\/p>\n<p class=\"MsoNormal\" style=\"text-align: justify;\"><span style=\"font-family: arial,helvetica,sans-serif; font-size: 12pt;\"><span style=\"color: black;\"><strong>6.<\/strong> Fondements doctrinaux et principes sociaux de l&rsquo;Eglise Evang\u00e9lique M\u00e9thodiste, p.51.<\/span> <span style=\"color: black;\">\uf6d9 Servir en l\u2019attendant. Article tir\u00e9 du N\u00b02 Mars-avril 1999. Dossier \u00ab La souffrance \u00bb.<\/span><\/span><\/p>\n<p class=\"MsoNormal\" style=\"text-align: justify;\"><span style=\"font-family: arial,helvetica,sans-serif; font-size: 12pt;\"><br \/> <\/span><\/p>\n<p class=\"MsoNormal\" style=\"text-align: justify;\"><span style=\"font-size: 12pt;\"><span style=\"font-family: arial,helvetica,sans-serif;\"><span style=\"color: black;\"><strong>7.<\/strong> Paul-Andr\u00e9 Eicher, dans <i>Bible-Info, <\/i>mai 1998.<\/span>\u00a0<\/span> <\/span><\/p>\n","protected":false},"excerpt":{"rendered":"<p>Les sources de notre connaissance \u00a0 (2\u00b0 partie) \u00a0 par Frank Horton \u00a0 \u00a0 \u00a0 John Wesley \u00ab \u00e9tait persuad\u00e9 que l&rsquo;essentiel de la foi chr\u00e9tienne est r\u00e9v\u00e9l\u00e9 dans la bible, \u00e9clair\u00e9 par la TRADITION, vivifi\u00e9 par l\u2019EXPERIENCE personnelle et confirm\u00e9 par la RAISON \u00bb. Dans le pr\u00e9c\u00e9dent num\u00e9ro de Servir, nous avons insist\u00e9 sur [&hellip;]<\/p>\n","protected":false},"author":154,"featured_media":0,"comment_status":"closed","ping_status":"closed","sticky":false,"template":"","format":"standard","meta":{"footnotes":""},"categories":[17,26,10,41],"tags":[],"class_list":["post-6441","post","type-post","status-publish","format-standard","hentry","category-lautorite","category-la-bible","category-histoire-de-leglise","category-lhomme"],"_links":{"self":[{"href":"https:\/\/www.servir.caef.net\/index.php?rest_route=\/wp\/v2\/posts\/6441","targetHints":{"allow":["GET"]}}],"collection":[{"href":"https:\/\/www.servir.caef.net\/index.php?rest_route=\/wp\/v2\/posts"}],"about":[{"href":"https:\/\/www.servir.caef.net\/index.php?rest_route=\/wp\/v2\/types\/post"}],"author":[{"embeddable":true,"href":"https:\/\/www.servir.caef.net\/index.php?rest_route=\/wp\/v2\/users\/154"}],"replies":[{"embeddable":true,"href":"https:\/\/www.servir.caef.net\/index.php?rest_route=%2Fwp%2Fv2%2Fcomments&post=6441"}],"version-history":[{"count":0,"href":"https:\/\/www.servir.caef.net\/index.php?rest_route=\/wp\/v2\/posts\/6441\/revisions"}],"wp:attachment":[{"href":"https:\/\/www.servir.caef.net\/index.php?rest_route=%2Fwp%2Fv2%2Fmedia&parent=6441"}],"wp:term":[{"taxonomy":"category","embeddable":true,"href":"https:\/\/www.servir.caef.net\/index.php?rest_route=%2Fwp%2Fv2%2Fcategories&post=6441"},{"taxonomy":"post_tag","embeddable":true,"href":"https:\/\/www.servir.caef.net\/index.php?rest_route=%2Fwp%2Fv2%2Ftags&post=6441"}],"curies":[{"name":"wp","href":"https:\/\/api.w.org\/{rel}","templated":true}]}}