{"id":6526,"date":"1999-07-15T10:10:04","date_gmt":"1999-07-15T10:10:04","guid":{"rendered":"\/?p=6526"},"modified":"2016-06-07T06:33:21","modified_gmt":"2016-06-07T06:33:21","slug":"editorial-du-n4-juillet-aout-1999-le-pardon","status":"publish","type":"post","link":"https:\/\/www.servir.caef.net\/?p=6526","title":{"rendered":"Editorial du n\u00b04 Juillet-Ao\u00fbt 1999  &#8211; Le pardon"},"content":{"rendered":"<h1 style=\"text-align: center;\"><img loading=\"lazy\" decoding=\"async\" class=\"aligncenter size-medium wp-image-6527\" title=\"1999_04_00 couverture PM\" src=\"\/wp-content\/uploads\/2012\/03\/1999_04_00-couverture-PM-211x300.jpg\" alt=\"\" width=\"211\" height=\"300\" srcset=\"https:\/\/www.servir.caef.net\/wp-content\/uploads\/2012\/03\/1999_04_00-couverture-PM-211x300.jpg 211w, https:\/\/www.servir.caef.net\/wp-content\/uploads\/2012\/03\/1999_04_00-couverture-PM-720x1024.jpg 720w, https:\/\/www.servir.caef.net\/wp-content\/uploads\/2012\/03\/1999_04_00-couverture-PM.jpg 872w\" sizes=\"auto, (max-width: 211px) 100vw, 211px\" \/><\/h1>\n<p>&nbsp;<\/p>\n<h1 style=\"text-align: center;\">\u00a0Editorial du n\u00b04 Juillet-Ao\u00fbt 1999<\/h1>\n<p style=\"text-align: center;\">\u00a0<\/p>\n<h1 style=\"text-align: center;\">\u00ab\u00a0Le pardon\u00a0\u00bb<\/h1>\n<p>&nbsp;<\/p>\n<p><span style=\"color: #800000; font-size: medium;\"><strong>Par Esther BUCKENHAM<\/strong><\/span><\/p>\n<p style=\"text-align: right;\">\u00a0<\/p>\n<p style=\"text-align: justify;\">Le <em>\u00abPetit Robert \u00bb<\/em> en donne une d\u00e9finition qui me pla\u00eet ! \u00ab Tenir une offense pour non avenue \u00bb. Aujourd&rsquo;hui on ne parle plus beaucoup de pardon ! Est-ce que l&rsquo;on n&rsquo;en ressent plus le besoin ? S&rsquo;il nous arrive parfois d&rsquo;avoir des sentiments de culpabilit\u00e9, on nous fait comprendre que nous sommes \u00ab fatigu\u00e9s \u00bb, ou \u00ab surcharg\u00e9s \u00bb, ou m\u00eame \u00ab d\u00e9pressifs \u00bb&#8230;<\/p>\n<p style=\"text-align: justify;\">\u00a0<\/p>\n<p style=\"text-align: justify;\">Pourtant, la culpabilit\u00e9 est une dure r\u00e9alit\u00e9, et plus nous nous approchons de Dieu &#8211; du Dieu trois fois saint &#8211; plus nous sommes conscients d&rsquo;\u00eatre impurs, d&rsquo;\u00eatre fautifs, d&rsquo;\u00eatre p\u00e9cheurs (un mot \u00e0 r\u00e9apprendre ?). Plus alors nous ressentons le besoin d&rsquo;\u00eatre pardonn\u00e9s &#8211; d&rsquo;\u00eatre lav\u00e9s de nos fautes, d&rsquo;\u00eatre r\u00e9ins\u00e9r\u00e9s dans la faveur de Dieu. Nous avons si bien appris les le\u00e7ons de la relativit\u00e9 des choses, que nous ne consid\u00e9rons plus comme p\u00e9ch\u00e9 &#8211; p\u00e9ch\u00e9 entra\u00eenant donc la n\u00e9cessit\u00e9 du pardon &#8211; des fautes telles que la critique, l&rsquo;impatience, le jugement de l&rsquo;autre, l&rsquo;\u00e9go\u00efsme, l&rsquo;avarice, l&rsquo;amertume. Nous pourrions allonger consid\u00e9rablement cette liste !<\/p>\n<p style=\"text-align: justify;\">\u00a0<\/p>\n<p style=\"text-align: justify;\"><!--more--><\/p>\n<p style=\"text-align: justify;\"><a href=\"\/wp-content\/uploads\/1999\/pdf1999\/1999_04_01_editorial.pdf\" target=\"_blank\"><img loading=\"lazy\" decoding=\"async\" title=\"iconePDF\" src=\"\/wp-content\/uploads\/2011\/01\/iconePDF.jpg\" alt=\"\" width=\"81\" height=\"76\" align=\"right\" hspace=\"8\" vspace=\"8\" \/><\/a>Il me semble que beaucoup de choses risquent de changer dans nos vies si nous apprenons \u00e0 demander pardon ; et \u00e0 pardonner comme Dieu Lui-M\u00eame pardonne. Dans la pri\u00e8re que J\u00e9sus a enseign\u00e9e \u00e0 ses disciples, une phrase s&rsquo;applique bien \u00e0 nous : <span style=\"background-color: #add8e6;\"><em>Pardonne-nous le mal que nous avons commis, comme nous pardonnons \u00e0 ceux qui nous ont fait du mal.<\/em><\/span> Osons-nous r\u00e9clamer \u00e0 Dieu Son pardon, si nous n&rsquo;avons pas nous-m\u00eames pardonn\u00e9 ?<\/p>\n<p style=\"text-align: justify;\">\u00a0<\/p>\n<p style=\"text-align: justify;\">La vie nouvelle du chr\u00e9tien commence avec le pardon de Dieu : elle se poursuit par le pardon que nous devons nous accorder les uns aux autres. Combien notre vie de couple, notre vie de famille, notre vie en Eglise locale et m\u00eame notre vie en soci\u00e9t\u00e9 changerait, deviendrait lumineuse, si seulement&#8230;<\/p>\n<p style=\"text-align: justify;\">\u00a0<\/p>\n<p style=\"text-align: justify;\">Pensons-y ! Car <em>si nous ne pardonnons pas aux autres le mal qu&rsquo;ifs ont commis, notre P\u00e8re ne nous pardonnera pas non plus nos p\u00e9ch\u00e9s <\/em><span style=\"background-color: #add8e6;\"><em>(Mt 6.12,14-15).<\/em><\/span><\/p>\n<p style=\"text-align: justify;\">\u00a0<\/p>\n<p style=\"text-align: justify;\">Et je vous propose une autre question \u00e0 m\u00e9diter alors que vous lisez les articles de ce num\u00e9ro de \u00ab Servir \u00bb : savons-nous accepter le pardon avec humilit\u00e9 et reconnaissance ? Il ne suffit pas de l&rsquo;accorder !<\/p>\n<p style=\"text-align: justify;\">\u00a0<\/p>\n<p style=\"text-align: center;\">Esther BUCKENHAM<\/p>\n","protected":false},"excerpt":{"rendered":"<p>&nbsp; \u00a0Editorial du n\u00b04 Juillet-Ao\u00fbt 1999 \u00a0 \u00ab\u00a0Le pardon\u00a0\u00bb &nbsp; Par Esther BUCKENHAM \u00a0 Le \u00abPetit Robert \u00bb en donne une d\u00e9finition qui me pla\u00eet ! \u00ab Tenir une offense pour non avenue \u00bb. Aujourd&rsquo;hui on ne parle plus beaucoup de pardon ! Est-ce que l&rsquo;on n&rsquo;en ressent plus le besoin ? S&rsquo;il nous arrive [&hellip;]<\/p>\n","protected":false},"author":117,"featured_media":0,"comment_status":"closed","ping_status":"closed","sticky":false,"template":"","format":"standard","meta":{"footnotes":""},"categories":[39,73,11],"tags":[],"class_list":["post-6526","post","type-post","status-publish","format-standard","hentry","category-editorial","category-pardon","category-la-vie-du-chretien"],"_links":{"self":[{"href":"https:\/\/www.servir.caef.net\/index.php?rest_route=\/wp\/v2\/posts\/6526","targetHints":{"allow":["GET"]}}],"collection":[{"href":"https:\/\/www.servir.caef.net\/index.php?rest_route=\/wp\/v2\/posts"}],"about":[{"href":"https:\/\/www.servir.caef.net\/index.php?rest_route=\/wp\/v2\/types\/post"}],"author":[{"embeddable":true,"href":"https:\/\/www.servir.caef.net\/index.php?rest_route=\/wp\/v2\/users\/117"}],"replies":[{"embeddable":true,"href":"https:\/\/www.servir.caef.net\/index.php?rest_route=%2Fwp%2Fv2%2Fcomments&post=6526"}],"version-history":[{"count":0,"href":"https:\/\/www.servir.caef.net\/index.php?rest_route=\/wp\/v2\/posts\/6526\/revisions"}],"wp:attachment":[{"href":"https:\/\/www.servir.caef.net\/index.php?rest_route=%2Fwp%2Fv2%2Fmedia&parent=6526"}],"wp:term":[{"taxonomy":"category","embeddable":true,"href":"https:\/\/www.servir.caef.net\/index.php?rest_route=%2Fwp%2Fv2%2Fcategories&post=6526"},{"taxonomy":"post_tag","embeddable":true,"href":"https:\/\/www.servir.caef.net\/index.php?rest_route=%2Fwp%2Fv2%2Ftags&post=6526"}],"curies":[{"name":"wp","href":"https:\/\/api.w.org\/{rel}","templated":true}]}}