{"id":6532,"date":"1999-09-15T13:46:29","date_gmt":"1999-09-15T13:46:29","guid":{"rendered":"\/?p=6532"},"modified":"2016-06-07T06:44:06","modified_gmt":"2016-06-07T06:44:06","slug":"editorial-du-n5-septembre-octobre-croissance","status":"publish","type":"post","link":"https:\/\/www.servir.caef.net\/?p=6532","title":{"rendered":"Editorial du n\u00b05 Septembre-Octobre 1999 &#8211; Croissance"},"content":{"rendered":"<h1 style=\"text-align: center;\"><img loading=\"lazy\" decoding=\"async\" class=\"aligncenter size-medium wp-image-6533\" title=\"1999_05_00 couverture PM\" src=\"\/wp-content\/uploads\/2012\/03\/1999_05_00-couverture-PM-210x300.jpg\" alt=\"\" width=\"210\" height=\"300\" srcset=\"https:\/\/www.servir.caef.net\/wp-content\/uploads\/2012\/03\/1999_05_00-couverture-PM-210x300.jpg 210w, https:\/\/www.servir.caef.net\/wp-content\/uploads\/2012\/03\/1999_05_00-couverture-PM-717x1024.jpg 717w, https:\/\/www.servir.caef.net\/wp-content\/uploads\/2012\/03\/1999_05_00-couverture-PM.jpg 862w\" sizes=\"auto, (max-width: 210px) 100vw, 210px\" \/><\/h1>\n<p>&nbsp;<\/p>\n<h1 style=\"text-align: center;\">Editorial du n\u00b05 Septembre-Octobre 1999<\/h1>\n<p>&nbsp;<\/p>\n<h1 style=\"text-align: center;\">\u00ab\u00a0Croissance\u00a0\u00bb<\/h1>\n<p>&nbsp;<\/p>\n<p><span style=\"font-size: medium; color: #800000;\"><strong>\u00a0Par Jean-Pierre BORY<\/strong><\/span><\/p>\n<p>&nbsp;<\/p>\n<p style=\"text-align: right;\">\u00a0<\/p>\n<p style=\"text-align: justify;\">Voil\u00e0 un mot qu&rsquo;on lit tous les jours : croissance du pouvoir d&rsquo;achat, du CAC 40, croissance d\u00e9mographique. On le trouve aussi dans les pr\u00e9occupations des chr\u00e9tiens : pourquoi telle Eglise est-elle en croissance ? que faire pour que mon Eglise grandisse ?<\/p>\n<p style=\"text-align: justify;\">\u00a0<!--more--><\/p>\n<p style=\"text-align: justify;\"><a href=\"\/wp-content\/uploads\/1999\/pdf1999\/1999_05_01_editorial.pdf\" target=\"_blank\"><img loading=\"lazy\" decoding=\"async\" title=\"iconePDF\" src=\"\/wp-content\/uploads\/2011\/01\/iconePDF.jpg\" alt=\"\" width=\"81\" height=\"76\" align=\"right\" hspace=\"8\" vspace=\"8\" \/><\/a>Ce n&rsquo;est pas seulement parce que les proph\u00e8tes et J\u00e9sus-Christ vivaient dans une soci\u00e9t\u00e9 essentiellement agricole qu&rsquo;ils prirent de nombreux exemples dans les choses de la nature : <em>les lis, la fourmi, le calendrier des r\u00e9coltes, le myst\u00e8re de la germination, <\/em>etc <sub>1<\/sub> . L\u2019Eglise n&rsquo;est-elle pas <span style=\"background-color: #add8e6;\"><em>un corps<\/em><\/span>, <em><span style=\"background-color: #add8e6;\">un champ de Dieu<\/span><\/em>, les chr\u00e9tiens <span style=\"background-color: #add8e6;\"><em>des pierres vivantes<\/em><\/span> ? Comme Paul l&rsquo;explique si bien, la croissance et la vie du <em>corps<\/em> d\u00e9pendent d&rsquo;une coordination interne stricte. La fourmi vit en planifiant ses activit\u00e9s dans le temps, le laboureur s\u00e8me et moissonne selon la saison et laisse la vie agir.<\/p>\n<p style=\"text-align: justify;\">\u00a0<\/p>\n<p style=\"text-align: justify;\">Aujourd&rsquo;hui on met l&rsquo;accent sur l&rsquo;importance des structures, une bonne direction de l&rsquo;Eglise, un sage management des ressources&#8230; ou alors sur la libert\u00e9 de l&rsquo;Esprit, l&rsquo;explosion spontan\u00e9e de la vie. O\u00f9 est la juste d\u00e9marche, o\u00f9 est l&rsquo;erreur ? Une nature anarchique ne produit rien de bon, un champ propre et bien b\u00e9tonn\u00e9 non plus.<\/p>\n<p style=\"text-align: justify;\">\u00a0<\/p>\n<p style=\"text-align: justify;\">Christian Schwarz<sub><strong>2\u00a0<\/strong><\/sub> parle d&rsquo;une bio\u00e9thique de l&rsquo;Eglise, d&rsquo;une science de la vie spirituelle, de la n\u00e9cessit\u00e9 d&rsquo;une r\u00e9flexion intelligente pour discerner et respecter cette bipolarit\u00e9 de l&rsquo;Eglise, \u00e0 la fois \u00e9difice technique et organisme vivant : sait-on \u00e9tablir et respecter les r\u00e8gles indispensables \u00e0 une croissance naturelle ?<\/p>\n<p style=\"text-align: justify;\">\u00a0<\/p>\n<p style=\"text-align: justify;\">A-t-on appris \u00e0 construire en laissant surgir la vie ? A-t-on eu le courage de faire une r\u00e9elle \u00e9valuation de la situation de son Eglise locale, des options prises et de leur pertinence \u00e0 l&rsquo;aune de l&rsquo;\u00c9criture, sans occulter le niveau de croissance effective ou de stagnation de la communaut\u00e9 dans l&rsquo;ann\u00e9e \u00e9coul\u00e9e ?<\/p>\n<p style=\"text-align: justify;\">\u00a0<\/p>\n<p style=\"text-align: justify;\">La croissance. Ce sera le th\u00e8me de nos entretiens en octobre \u00e0 Chevilly-Larue. D&rsquo;ici l\u00e0, dans ce num\u00e9ro de <em>Servir<\/em>, quelques r\u00e9flexions sur la nature de l&rsquo;\u00e9vang\u00e9lisation et quelques exemples concrets. Des pistes de r\u00e9flexion.<\/p>\n<p style=\"text-align: justify;\">\u00a0<\/p>\n<p style=\"text-align: center;\">Jean-Pierre BORY<\/p>\n<p style=\"text-align: justify;\">\u00a0<\/p>\n<hr \/>\n<p>NOTES<\/p>\n<p>&nbsp;<\/p>\n<p><strong>1.<\/strong> Lc 12.27, Pr 6.6-8, Jc 5.7, Jn 12.24.<\/p>\n<p>&nbsp;<\/p>\n<p><strong>2. <\/strong>Christian SCHWARZ, <em>Le d\u00e9veloppement de l&rsquo;Eglise<\/em> (Paris : \u00e9dit. Empreinte-Temps pr\u00e9sent, 1996), pp.84ss.<\/p>\n<p>&nbsp;<\/p>\n","protected":false},"excerpt":{"rendered":"<p>&nbsp; Editorial du n\u00b05 Septembre-Octobre 1999 &nbsp; \u00ab\u00a0Croissance\u00a0\u00bb &nbsp; \u00a0Par Jean-Pierre BORY &nbsp; \u00a0 Voil\u00e0 un mot qu&rsquo;on lit tous les jours : croissance du pouvoir d&rsquo;achat, du CAC 40, croissance d\u00e9mographique. On le trouve aussi dans les pr\u00e9occupations des chr\u00e9tiens : pourquoi telle Eglise est-elle en croissance ? que faire pour que mon Eglise [&hellip;]<\/p>\n","protected":false},"author":2,"featured_media":0,"comment_status":"closed","ping_status":"closed","sticky":false,"template":"","format":"standard","meta":{"footnotes":""},"categories":[39,13],"tags":[],"class_list":["post-6532","post","type-post","status-publish","format-standard","hentry","category-editorial","category-la-vie-de-leglise"],"_links":{"self":[{"href":"https:\/\/www.servir.caef.net\/index.php?rest_route=\/wp\/v2\/posts\/6532","targetHints":{"allow":["GET"]}}],"collection":[{"href":"https:\/\/www.servir.caef.net\/index.php?rest_route=\/wp\/v2\/posts"}],"about":[{"href":"https:\/\/www.servir.caef.net\/index.php?rest_route=\/wp\/v2\/types\/post"}],"author":[{"embeddable":true,"href":"https:\/\/www.servir.caef.net\/index.php?rest_route=\/wp\/v2\/users\/2"}],"replies":[{"embeddable":true,"href":"https:\/\/www.servir.caef.net\/index.php?rest_route=%2Fwp%2Fv2%2Fcomments&post=6532"}],"version-history":[{"count":0,"href":"https:\/\/www.servir.caef.net\/index.php?rest_route=\/wp\/v2\/posts\/6532\/revisions"}],"wp:attachment":[{"href":"https:\/\/www.servir.caef.net\/index.php?rest_route=%2Fwp%2Fv2%2Fmedia&parent=6532"}],"wp:term":[{"taxonomy":"category","embeddable":true,"href":"https:\/\/www.servir.caef.net\/index.php?rest_route=%2Fwp%2Fv2%2Fcategories&post=6532"},{"taxonomy":"post_tag","embeddable":true,"href":"https:\/\/www.servir.caef.net\/index.php?rest_route=%2Fwp%2Fv2%2Ftags&post=6532"}],"curies":[{"name":"wp","href":"https:\/\/api.w.org\/{rel}","templated":true}]}}