{"id":6536,"date":"1999-09-15T14:52:31","date_gmt":"1999-09-15T14:52:31","guid":{"rendered":"\/?p=6536"},"modified":"2016-06-07T06:36:24","modified_gmt":"2016-06-07T06:36:24","slug":"traites-et-affiches-des-outils-a-redecouvrir","status":"publish","type":"post","link":"https:\/\/www.servir.caef.net\/?p=6536","title":{"rendered":"Trait\u00e9s et affiches : des outils \u00e0 red\u00e9couvrir"},"content":{"rendered":"<h1 style=\"text-align: center;\">Trait\u00e9s et affiches : des outils \u00e0 red\u00e9couvrir<\/h1>\n<p>&nbsp;<\/p>\n<p><a href=\"\/wp-content\/uploads\/2003\/03\/boite-lettres.jpg\"><img loading=\"lazy\" decoding=\"async\" class=\"size-full wp-image-8209 aligncenter\" src=\"\/wp-content\/uploads\/2003\/03\/boite-lettres.jpg\" alt=\"boite-lettres\" width=\"239\" height=\"179\" \/><\/a><\/p>\n<p>&nbsp;<\/p>\n<p><span style=\"font-size: 16px;\"><strong>par <span style=\"color: #b22222;\">Alain STAMP<\/span><\/strong><\/span><\/p>\n<p>&nbsp;<\/p>\n<p>&nbsp;<\/p>\n<p style=\"text-align: right;\">\u00a0<\/p>\n<h3>Les trait\u00e9s : Qu&rsquo;\u00e9voque pour vous l&rsquo;expression \u00ab\u00a0distribuer des trait\u00e9s\u00a0\u00bb ?<\/h3>\n<p style=\"text-align: justify;\">\u00a0<\/p>\n<p style=\"text-align: justify;\">Parcourir les mes d&rsquo;une ville au pas de course ? Un effort permanent accompagn\u00e9 de pri\u00e8re ? Un moyen d&rsquo;\u00e9vang\u00e9lisation d\u00e9pass\u00e9, d\u00e9mod\u00e9 ? Un outil dont vous ne savez pas vous servir ? Une forme d&rsquo;action r\u00e9serv\u00e9e \u00e0 certaines occasions : campagnes d&rsquo;\u00e9t\u00e9, efforts nationaux ? Une certaine g\u00eane ressentie en distribuant des feuillets un peu ringards aux couleurs d\u00e9lav\u00e9es ? Un r\u00e9flexe rencontr\u00e9 chez quelques personnes \u00e2g\u00e9es ?<\/p>\n<p style=\"text-align: justify;\">\u00a0<\/p>\n<p style=\"text-align: justify;\">Il n&rsquo;existe pas de moyen d&rsquo;\u00e9vang\u00e9lisation souverain. Cela se saurait. Chacun constate qu&rsquo;il est difficile de capter l&rsquo;attention des Fran\u00e7ais, de ses amis, de ses voisins pour les amener \u00e0 r\u00e9fl\u00e9chir aux questions spirituelles. Nos moyens sont modestes, nos outils simples. Encore faut-il que nous les employions de la bonne mani\u00e8re. Le trait\u00e9 appartient \u00e0 la \u00ab\u00a0bo\u00eete \u00e0 outils\u00a0\u00bb du t\u00e9moin actif de J\u00e9sus-Christ. Encore faut-il que vous ayez la vision de l&rsquo;utiliser !<\/p>\n<p style=\"text-align: justify;\">\u00a0<\/p>\n<p style=\"text-align: justify;\"><!--more--><\/p>\n<p style=\"text-align: justify;\">\u00a0<\/p>\n<h3><a href=\"\/wp-content\/uploads\/1999\/pdf1999\/1999_05_24_traitesetaffiches.pdf\" target=\"_blank\"><img loading=\"lazy\" decoding=\"async\" title=\"iconePDF\" src=\"\/wp-content\/uploads\/2011\/01\/iconePDF.jpg\" alt=\"\" width=\"81\" height=\"76\" align=\"right\" hspace=\"8\" vspace=\"8\" \/><\/a>Quels trait\u00e9s pour qui<\/h3>\n<p style=\"text-align: justify;\">\u00a0<\/p>\n<p style=\"text-align: justify;\">Il est important d&rsquo;utiliser des trait\u00e9s adapt\u00e9s aux lecteurs potentiels. Savez-vous que, selon une enqu\u00eate de l&rsquo;OCDE, 41% des Fran\u00e7ais ne sont pas capables de saisir l&rsquo;essentiel d&rsquo;un texte simple ? Dans certaines r\u00e9gions, ce chiffre est, bien s\u00fbr, plus \u00e9lev\u00e9 ! En revanche, une autre population peut \u00eatre touch\u00e9e par une r\u00e9flexion plus approfondie, plus construite.<\/p>\n<p style=\"text-align: justify;\">\u00a0<\/p>\n<p style=\"text-align: justify;\">Pour un public qui lit peu, pr\u00e9f\u00e9rer des trait\u00e9s :<\/p>\n<p style=\"text-align: justify;\">\u00a0<\/p>\n<ul>\n<li>\n<p style=\"text-align: justify;\">simples\u00a0: 60 mots utiles&#8230;<\/p>\n<\/li>\n<\/ul>\n<p style=\"text-align: justify;\">\u00a0<\/p>\n<ul>\n<li>\n<p style=\"text-align: justify;\">color\u00e9s et abondamment illustr\u00e9s, proches de la BD ;<\/p>\n<\/li>\n<\/ul>\n<p style=\"text-align: justify;\">\u00a0<\/p>\n<ul>\n<li>\n<p style=\"text-align: justify;\">chocs, cibl\u00e9s, pointus.<\/p>\n<\/li>\n<\/ul>\n<p style=\"text-align: justify;\">\u00a0<\/p>\n<p style=\"text-align: justify;\">Pour un public suppos\u00e9 plus apte \u00e0 la lec-ture, choisissez des trait\u00e9s :<\/p>\n<p style=\"text-align: justify;\">\u00a0<\/p>\n<ul>\n<li>\n<p style=\"text-align: justify;\">plus construits et plus d\u00e9velopp\u00e9s ;<\/p>\n<\/li>\n<\/ul>\n<p style=\"text-align: justify;\">\u00a0<\/p>\n<ul>\n<li>\n<p style=\"text-align: justify;\">qui restaurent le minimum de connaissances bibliques de base. Celles qui ne sont plus poss\u00e9d\u00e9es par nos contemporains !<\/p>\n<\/li>\n<\/ul>\n<p style=\"text-align: justify;\">\u00a0<\/p>\n<ul>\n<li>\n<p style=\"text-align: justify;\">r\u00e9guliers pour construire \u00e0 plus long terme.<\/p>\n<\/li>\n<\/ul>\n<p style=\"text-align: justify;\">\u00a0<\/p>\n<p style=\"text-align: justify;\">Dans tous les cas, des trait\u00e9s :<\/p>\n<p style=\"text-align: justify;\">\u00a0<\/p>\n<ul>\n<li>\n<p style=\"text-align: justify;\">aux couleurs vives ;<\/p>\n<\/li>\n<\/ul>\n<p style=\"text-align: justify;\">\u00a0<\/p>\n<ul>\n<li>\n<p style=\"text-align: justify;\">bien pr\u00e9sent\u00e9s pour valoriser le tract.<\/p>\n<\/li>\n<\/ul>\n<p style=\"text-align: justify;\">\u00a0<\/p>\n<p style=\"text-align: justify;\">\u00a0<\/p>\n<h3>Comment utiliser les trait\u00e9s ?<\/h3>\n<p style=\"text-align: justify;\">\u00a0<\/p>\n<p style=\"text-align: justify;\">Plut\u00f4t que de \u00ab\u00a0semer \u00e0 la vol\u00e9e\u00a0\u00bb, faites une distribution cibl\u00e9e, r\u00e9guli\u00e8re et limit\u00e9e g\u00e9ographiquement. Plusieurs exp\u00e9riences ont \u00e9t\u00e9 faites dans ce sens. Plut\u00f4t que de distribuer 20 000 trait\u00e9s dans une ville une fois par an (votre tract a toutes les chances d&rsquo;\u00eatre noy\u00e9 dans la masse), essayez de d\u00e9limiter un quartier, que vous pourrez couvrir en peu de temps, mais r\u00e9guli\u00e8rement, une \u00e0 deux fois par mois pendant 6 mois au moins.<\/p>\n<p style=\"text-align: justify;\">\u00a0<\/p>\n<p style=\"text-align: justify;\">Puis changez de quartier, attaquez un nouveau quartier. Il est alors raisonnable d&rsquo;esp\u00e9rer capter l&rsquo;attention au moins une fois. L&rsquo;id\u00e9al est de conclure cette p\u00e9riode de distribution en frappant aux portes et en demandant aux personnes si elles souhaitent continuer \u00e0 recevoir ce que vous avez mis dans leur bo\u00eete aux lettres. Ceux qui pratiquent ainsi sont r\u00e9guli\u00e8rement encourag\u00e9s par quelques r\u00e9ponses positives.<\/p>\n<p style=\"text-align: justify;\">\u00a0<\/p>\n<p style=\"text-align: justify;\">Ayez toujours des tracts sur vous ! Vous d\u00e9couvrirez, dans une journ\u00e9e, de nombreuses occasions de laisser un message d&rsquo;espoir.<\/p>\n<p style=\"text-align: justify;\">\u00a0<\/p>\n<p style=\"text-align: justify;\">\u00a0<\/p>\n<h3>Les affiches<\/h3>\n<p style=\"text-align: justify;\">\u00a0<\/p>\n<p style=\"text-align: justify;\">L&rsquo;affichage est un vrai m\u00e9dium, m\u00e9connu des chr\u00e9tiens. 33% de la totalit\u00e9 des investissements publicitaires en France le sont dans l&rsquo;affichage. C&rsquo;est dire toute l&rsquo;importance de cet outil. De nombreuses villes sont d\u00e9sormais \u00e9quip\u00e9es pour l&rsquo;affichage d&rsquo;expression. Il est vrai que la \u00ab\u00a0dur\u00e9e de vie\u00a0\u00bb d&rsquo;une affiche est parfois tr\u00e8s courte. Encore une fois aucun moyen n&rsquo;est id\u00e9al. Il est important de r\u00e9p\u00e9ter le message et d&rsquo;utiliser tous les moyens \u00e0 notre port\u00e9e.<\/p>\n<p style=\"text-align: justify;\">\u00a0<\/p>\n<p style=\"text-align: justify;\">Dans d&rsquo;autres cas, certaines affiches peuvent rester des mois. Dans la ville de Troyes, une Eglise a coll\u00e9 des affiches \u00e0 P\u00e2ques qui n&rsquo;ont \u00e9t\u00e9 recouvertes que par&#8230; leurs propres affiches \u00e0 Pentec\u00f4te ! A Haguenau (67), certaines sont rest\u00e9es moins de 24 heures ! Il faut essayer. Pourquoi ne pas encourager, comme dans certaines Eglises, la cr\u00e9ation d&rsquo;une \u00ab\u00a0\u00e9quipe d&rsquo;afficheurs\u00a0\u00bb ? Un peu de colle \u00e0 papier peint, une brosse&#8230; Certains seront tr\u00e8s heureux de proclamer la bonne nouvelle par cet outil et de trouver ainsi un moyen qui leur convient.<\/p>\n<p style=\"text-align: justify;\">\u00a0<\/p>\n<p style=\"text-align: justify;\">Evidemment, croiser la distribution de trait\u00e9s et l&rsquo;affichage est un bon moyen. Toutes les agences publicitaires utilisent ce rappel ! Pourquoi pas vous ?<\/p>\n<p style=\"text-align: justify;\">\u00a0<\/p>\n<p style=\"text-align: justify;\"><span style=\"background-color: #add8e6;\"><em>Mais comment feront-ils appel \u00e0 lui sans avoir cru en lui ? Et comment croiront-ils en lui sans en avoir entendu parler ? Et comment en entendront-ils parler si personne ne l&rsquo;annonce ? Romains 10:14 <\/em><\/span><\/p>\n<p style=\"text-align: justify;\"><span style=\"background-color: #add8e6;\"><em><br \/> <\/em><\/span><\/p>\n<p style=\"text-align: justify;\">Quel moyen allez-vous utiliser pour annoncer la Bonne Nouvelle de l&rsquo;Evangile ? L&rsquo;\u00e9vang\u00e9lisation de la France ne se fera pas sans notre engagement \u00e0 tous. Sans que nous utilisions tous les moyens \u00e0 notre port\u00e9e. Semez, semez, Dieu fera cro\u00eetre et porter du fruit&#8230; mais pas sans semence !<\/p>\n<p style=\"text-align: justify;\">\u00a0<\/p>\n<p style=\"text-align: justify;\">\u00a0<\/p>\n<p style=\"text-align: center;\">Alain STAMP responsable de <em>PUBLIER<\/em> (F.P.C.)<\/p>\n<p style=\"text-align: justify;\">\u00a0<\/p>\n<p>&nbsp;<\/p>\n<table style=\"width: 95%;\" border=\"1\" cellspacing=\"3\" cellpadding=\"2\">\n<colgroup>\n<col style=\"text-align: justify;\" width=\"95%\" \/><\/colgroup>\n<tbody>\n<tr>\n<td bgcolor=\"#ffffff\" width=\"95%\">\n<p style=\"text-align: justify;\">PUBLIER propose un choix de trait\u00e9s et d&rsquo;affiches. Il est possible de vous abonner pour recevoir tous les 2 mois 4 trait\u00e9s diff\u00e9rents. Vous adapterez votre abonnement \u00e0 l&rsquo;objectif que vous vous \u00eates fix\u00e9, et recevrez ainsi exactement ce dont vous avez besoin pour un travail r\u00e9gulier.<\/p>\n<p style=\"text-align: justify;\">\u00a0<\/p>\n<p style=\"text-align: justify;\"><strong>Pour tous renseignements :<\/strong> PUBLIER &#8211; BP 43 67506 HAGUENAU Cedex<\/p>\n<\/td>\n<\/tr>\n<\/tbody>\n<\/table>\n<p>&nbsp;<\/p>\n<p style=\"text-align: justify;\">\u00a0<\/p>\n","protected":false},"excerpt":{"rendered":"<p>Trait\u00e9s et affiches : des outils \u00e0 red\u00e9couvrir &nbsp; &nbsp; par Alain STAMP &nbsp; &nbsp; \u00a0 Les trait\u00e9s : Qu&rsquo;\u00e9voque pour vous l&rsquo;expression \u00ab\u00a0distribuer des trait\u00e9s\u00a0\u00bb ? \u00a0 Parcourir les mes d&rsquo;une ville au pas de course ? Un effort permanent accompagn\u00e9 de pri\u00e8re ? Un moyen d&rsquo;\u00e9vang\u00e9lisation d\u00e9pass\u00e9, d\u00e9mod\u00e9 ? Un outil dont vous [&hellip;]<\/p>\n","protected":false},"author":89,"featured_media":0,"comment_status":"closed","ping_status":"closed","sticky":false,"template":"","format":"standard","meta":{"footnotes":""},"categories":[8,11],"tags":[],"class_list":["post-6536","post","type-post","status-publish","format-standard","hentry","category-evangelisation","category-la-vie-du-chretien"],"_links":{"self":[{"href":"https:\/\/www.servir.caef.net\/index.php?rest_route=\/wp\/v2\/posts\/6536","targetHints":{"allow":["GET"]}}],"collection":[{"href":"https:\/\/www.servir.caef.net\/index.php?rest_route=\/wp\/v2\/posts"}],"about":[{"href":"https:\/\/www.servir.caef.net\/index.php?rest_route=\/wp\/v2\/types\/post"}],"author":[{"embeddable":true,"href":"https:\/\/www.servir.caef.net\/index.php?rest_route=\/wp\/v2\/users\/89"}],"replies":[{"embeddable":true,"href":"https:\/\/www.servir.caef.net\/index.php?rest_route=%2Fwp%2Fv2%2Fcomments&post=6536"}],"version-history":[{"count":0,"href":"https:\/\/www.servir.caef.net\/index.php?rest_route=\/wp\/v2\/posts\/6536\/revisions"}],"wp:attachment":[{"href":"https:\/\/www.servir.caef.net\/index.php?rest_route=%2Fwp%2Fv2%2Fmedia&parent=6536"}],"wp:term":[{"taxonomy":"category","embeddable":true,"href":"https:\/\/www.servir.caef.net\/index.php?rest_route=%2Fwp%2Fv2%2Fcategories&post=6536"},{"taxonomy":"post_tag","embeddable":true,"href":"https:\/\/www.servir.caef.net\/index.php?rest_route=%2Fwp%2Fv2%2Ftags&post=6536"}],"curies":[{"name":"wp","href":"https:\/\/api.w.org\/{rel}","templated":true}]}}