{"id":6551,"date":"1997-01-10T08:00:51","date_gmt":"1997-01-10T08:00:51","guid":{"rendered":"\/?p=6551"},"modified":"2016-05-19T05:51:58","modified_gmt":"2016-05-19T05:51:58","slug":"ta-volonte-seigneur-ou-la-mienne","status":"publish","type":"post","link":"https:\/\/www.servir.caef.net\/?p=6551","title":{"rendered":"Ta volont\u00e9, Seigneur, ou la mienne ?"},"content":{"rendered":"<h1 style=\"text-align: center;\">Ta volont\u00e9, Seigneur, ou la mienne ?<\/h1>\n<p>\u00a0<a href=\"\/wp-content\/uploads\/2007\/07\/En-silence-devant-Dieu.jpg\"><img loading=\"lazy\" decoding=\"async\" class=\"size-full wp-image-2638 aligncenter\" src=\"\/wp-content\/uploads\/2007\/07\/En-silence-devant-Dieu.jpg\" alt=\"En silence devant Dieu\" width=\"448\" height=\"331\" srcset=\"https:\/\/www.servir.caef.net\/wp-content\/uploads\/2007\/07\/En-silence-devant-Dieu.jpg 448w, https:\/\/www.servir.caef.net\/wp-content\/uploads\/2007\/07\/En-silence-devant-Dieu-300x221.jpg 300w\" sizes=\"auto, (max-width: 448px) 100vw, 448px\" \/><\/a><\/p>\n<p style=\"text-align: justify;\">\u00a0<\/p>\n<p style=\"text-align: justify;\"><span style=\"font-size: 16px;\"><strong>par <span style=\"color: #b22222;\">Reynald KOZYCKI<\/span><\/strong><\/span><\/p>\n<p style=\"text-align: justify;\">\u00a0<\/p>\n<p style=\"text-align: justify;\"><span style=\"background-color: #add8e6;\"><strong><em><br \/> <\/em><\/strong><\/span><\/p>\n<p style=\"text-align: justify;\"><span style=\"background-color: #add8e6;\"><strong><em>\u00ab\u00a0Que ta volont\u00e9 soif faite sur la terre comme au ciel\u00a0\u00bb (Mt 6.10).<\/em><\/strong><\/span><\/p>\n<p style=\"text-align: right;\">\u00a0<\/p>\n<p style=\"text-align: justify;\"><span style=\"background-color: #add8e6;\"><strong><em><br \/> <\/em><\/strong><\/span><\/p>\n<p style=\"text-align: justify;\"><span style=\"background-color: #add8e6;\"><strong><em>\u00ab\u00a0Quiconque me dit : Seigneur, Seigneur\u00a0!. n&rsquo;entrera pas forc\u00e9ment dans le royaume des deux, mais celui-l\u00e0 seul qui fait la volont\u00e9 de mon P\u00e8re qui est dans les deux\u00a0\u00bb (Mt 7.21).<\/em><\/strong><\/span><\/p>\n<p style=\"text-align: justify;\"><span style=\"background-color: #add8e6;\"><strong><em><br \/> <\/em><\/strong><\/span><\/p>\n<p style=\"text-align: justify;\">\u00a0<\/p>\n<p style=\"text-align: justify;\"><span style=\"background-color: #add8e6;\"><strong><em>\u00ab\u00a0Mon P\u00e8re, s&rsquo;il est possible, que cette coupe s&rsquo;\u00e9loigne de moi&#8230; Toutefois non pas comme je veux, mais comme tu veux\u00a0\u00bb (Mt 26.39).<\/em><\/strong><\/span><\/p>\n<p style=\"text-align: justify;\">\u00a0<\/p>\n<p style=\"text-align: justify;\">\u00a0<\/p>\n<p style=\"text-align: justify;\">L&rsquo;une des plus grandes difficult\u00e9s de l&rsquo;exp\u00e9rience humaine face au Cr\u00e9ateur est de pouvoir dire : \u00ab\u00a0Non ma volont\u00e9, mais la tienne !\u00a0\u00bb Le Christ lui-m\u00eame, en rev\u00eatant la condition humaine, a connu cette terrible tension. Dieu merci, il a su r\u00e9sister jusqu&rsquo;au bout, afin d&rsquo;accomplir<strong> toute<\/strong> la volont\u00e9 de son P\u00e8re. Le chr\u00e9tien, lui, ne peut \u00eatre qu&rsquo;en chemin pour affronter ces forteresses de r\u00e9sistance \u00e0 la volont\u00e9 de Dieu (forteresses conscientes ou non).<\/p>\n<p style=\"text-align: justify;\">\u00a0<\/p>\n<p style=\"text-align: justify;\">Certains, comme dans \u00ab\u00a0Le voyage du p\u00e8lerin\u00a0\u00bb de John Bunyan, empruntent le chemin de la vie chr\u00e9tienne en refusant de prendre d\u00e8s le d\u00e9part la \u00ab\u00a0porte \u00e9troite\u00a0\u00bb, et finalement, s&rsquo;ent\u00eateront t\u00f4t ou tard \u00e0 pr\u00e9f\u00e9rer leur volont\u00e9 \u00e0 celle de Dieu. D&rsquo;autres, heureusement, par la gr\u00e2ce de Dieu, comprennent qu&rsquo;il ne suffit pas de dire <span style=\"background-color: #add8e6;\"><em>\u00ab\u00a0Seigneur, Seigneur&#8230;\u00a0\u00bb<\/em><\/span><\/p>\n<p style=\"text-align: justify;\">\u00a0<\/p>\n<p style=\"text-align: justify;\">Ce combat pour l&rsquo;accomplissement de la volont\u00e9 de Dieu est aussi l&rsquo;un des points primordiaux de la marche de chaque \u00e9glise. En se laissant incorporer et greffer au Christ, le chr\u00e9tien devient en m\u00eame temps membre d&rsquo;un nouveau corps, d&rsquo;une nouvelle \u00ab\u00a0\u00e9quipe\u00a0\u00bb, d&rsquo;une nouvelle famille : <span style=\"background-color: #add8e6;\"><em>l&rsquo;Eglise du Dieu vivant<\/em><\/span>. Il est tr\u00e8s fr\u00e9quent de lire dans les \u00e9p\u00eetres que l&rsquo;une des principales responsabilit\u00e9s de l&rsquo;enfant de Dieu est de construire l&rsquo;oeuvre de Dieu dans l&rsquo;interd\u00e9pendance de ses fr\u00e8res et soeurs (par exemple <span style=\"background-color: #add8e6;\"><em>Rm 12.4-9 ; Ep 4.14-16 ; 1 Co 12.12-14<\/em><\/span>) sans n\u00e9gliger sa famille, son travail&#8230;<\/p>\n<p style=\"text-align: justify;\">\u00a0<\/p>\n<p style=\"text-align: justify;\"><!--more--><\/p>\n<p style=\"text-align: justify;\"><strong><em><a href=\"\/wp-content\/uploads\/1997\/pdf1997\/1997_01_05_tavolonteseigneur.pdf\" target=\"_blank\"><img loading=\"lazy\" decoding=\"async\" title=\"iconePDF\" src=\"\/wp-content\/uploads\/2011\/01\/iconePDF.jpg\" alt=\"\" width=\"81\" height=\"76\" align=\"right\" hspace=\"8\" vspace=\"8\" \/><\/a><\/em><\/strong>Qu&rsquo;est-ce que cela signifie, plus concr\u00e8tement, de faire Sa volont\u00e9 dans l&rsquo;\u00e9glise ? Je n&rsquo;en sugg\u00e9rerai que quelques facettes :<\/p>\n<p style=\"text-align: justify;\">\u00a0<\/p>\n<p style=\"text-align: justify;\"><strong>1.<\/strong> <em>D\u00e9velopper une <strong>dimension personnelle<\/strong> de sa relation avec Dieu en m\u00eame temps qu&rsquo;une dimension collective.<\/em> Avant de formuler la fameuse pri\u00e8re du <span style=\"background-color: #add8e6;\"><em>\u00ab\u00a0Notre P\u00e8re\u00a0\u00bb<\/em><\/span> et donc de pouvoir dire \u00ab\u00a0Notre\u00a0\u00bb (ce qui suppose une dimension collective), J\u00e9sus explique qu&rsquo;il faut apprendre \u00e0 fermer la porte de sa chambre et vivre quotidiennement ce face-\u00e0-face avec Dieu <span style=\"background-color: #add8e6;\"><em>(Mt 6.6)<\/em><\/span>.<\/p>\n<p style=\"text-align: justify;\">\u00a0<\/p>\n<p style=\"text-align: justify;\"><strong>2.<\/strong> <em>Faire la volont\u00e9 de Dieu dans l&rsquo;\u00e9glise, c&rsquo;est aussi comprendre que les premiers pas d&rsquo;une vie dans l&rsquo;assembl\u00e9e commencent par une participation r\u00e9guli\u00e8re<\/em> <span style=\"background-color: #add8e6;\"><em>(H\u00e9 10.25)<\/em><\/span>.<\/p>\n<p style=\"text-align: justify;\">Il serait plut\u00f4t comique d&rsquo;envisager par exemple une \u00e9quipe de foot d&rsquo;assez haut niveau, o\u00f9 chacun viendrait \u00e0 l&rsquo;entra\u00eenement quand cela lui semble bien. Il serait tragique d&rsquo;imaginer une arm\u00e9e ayant pour but de d\u00e9fendre un pays, o\u00f9 chacun ne s&rsquo;investirait que lorsque bon lui semble.<\/p>\n<p style=\"text-align: justify;\">Bien s\u00fbr, la participation n&rsquo;est pas un but en soi et g\u00e9n\u00e9ralement, la d\u00e9motivation est le reflet d&rsquo;un trouble spirituel (ou relationnel) plus profond (sauf bien s\u00fbr certains emp\u00eachements \u00e9vidents). Pourtant participer est un premier pas important. Qui pourra mesurer le bien que peut apporter un chr\u00e9tien \u00e0 son assembl\u00e9e simplement par sa pr\u00e9sence r\u00e9guli\u00e8re, par sa voix qui se m\u00eale aux cantiques de louanges, par ses pri\u00e8res silencieuses et \u00e0 haute voix, par ses sourires et ses quelques paroles de pr\u00e9occupation envers tel fr\u00e8re ou telle soeur ?<\/p>\n<p style=\"text-align: justify;\">\u00a0<\/p>\n<p style=\"text-align: justify;\"><strong>3.<\/strong> <em>Faire la volont\u00e9 de Dieu dans l&rsquo;\u00e9glise, c&rsquo;est aussi progresser dans <strong>l&rsquo;amour fraternel et l&rsquo;esprit de service<\/strong>.<\/em> Tout le monde est pr\u00e9occup\u00e9, au-del\u00e0 de ce qu&rsquo;il imagine, de ses propres int\u00e9r\u00eats. Aimer son prochain comme soi-m\u00eame, suppose une pr\u00e9occupation de soi l\u00e9gitime et normale, mais suppose aussi un certain d\u00e9tachement de soi-m\u00eame afin de se pr\u00e9occuper des autres <span style=\"background-color: #add8e6;\"><em>(Ph 2.4)<\/em><\/span>. J\u00e9sus, en lavant les pieds de ses disciples, a montr\u00e9 que c&rsquo;est d\u00e9j\u00e0 \u00e0 partir des petites choses que son commandement nouveau doit s&rsquo;accomplir : <em>s&rsquo;aimer les uns les autres comme lui nous a aim\u00e9s <\/em><span style=\"background-color: #add8e6;\"><em>(Jn 13.13-17 et 34-35).<\/em><\/span><\/p>\n<p style=\"text-align: justify;\">Chercher la volont\u00e9 de Dieu dans les relations fraternelles, c&rsquo;est chercher aussi <strong>ces petites choses<\/strong> par lesquelles nous pouvons servir nos fr\u00e8res et soeurs. Cela peut d\u00e9j\u00e0 commencer, quand cela est possible, par aider \u00e0 l&rsquo;entretien int\u00e9rieur ou ext\u00e9rieur des locaux, par \u00eatre moniteur \u00e0 l&rsquo;\u00e9cole du dimanche, par proposer \u00ab\u00a0un coup de main\u00a0\u00bb l\u00e0 o\u00f9 il y a des besoins.<\/p>\n<p style=\"text-align: justify;\">L&rsquo;amour fraternel suppose aussi de grandir dans un accueil mutuel, en apprenant, comme il est \u00e9crit en <span style=\"background-color: #add8e6;\"><em>Ez\u00e9chiel 34<\/em><\/span>, \u00e0 ne pas <span style=\"background-color: #add8e6;\"><em>\u00ab\u00a0heurter avec le c\u00f4t\u00e9 et avec l&rsquo;\u00e9paule, et frapper de vos cornes les brebis faibles\u00a0\u00bb (v. 21)<\/em><\/span>, mais \u00e0 nous accueillir <span style=\"background-color: #add8e6;\"><em>\u00ab\u00a0comme Christ nous a accueillis\u00a0\u00bb (Rm 15.7)<\/em><\/span>. Cet accueil devrait \u00eatre encore plus important pour les visiteurs et ceux qui recherchent Dieu. Cet accueil peut aussi se concr\u00e9tiser par l&rsquo;hospitalit\u00e9.<\/p>\n<p style=\"text-align: justify;\">\u00a0<\/p>\n<p style=\"text-align: justify;\"><em><strong><a href=\"\/wp-content\/uploads\/2003\/03\/selterre.jpg\"><img loading=\"lazy\" decoding=\"async\" class=\"alignleft\" style=\"margin: 10px;\" src=\"\/wp-content\/uploads\/2003\/03\/selterre.jpg\" alt=\"selterre\" width=\"127\" height=\"201\" \/><\/a><a href=\"\/wp-content\/uploads\/2003\/03\/equilibre.jpg\"><img loading=\"lazy\" decoding=\"async\" class=\"wp-image-8204 alignright\" style=\"margin: 10px;\" src=\"\/wp-content\/uploads\/2003\/03\/equilibre.jpg\" alt=\"equilibre\" width=\"141\" height=\"187\" srcset=\"https:\/\/www.servir.caef.net\/wp-content\/uploads\/2003\/03\/equilibre.jpg 235w, https:\/\/www.servir.caef.net\/wp-content\/uploads\/2003\/03\/equilibre-226x300.jpg 226w\" sizes=\"auto, (max-width: 141px) 100vw, 141px\" \/><\/a><\/strong><\/em><\/p>\n<p style=\"text-align: justify;\">\u00a0<\/p>\n<p style=\"text-align: justify;\">\u00a0<\/p>\n<p style=\"text-align: justify;\">\u00a0<\/p>\n<p style=\"text-align: justify;\"><em><strong>4.<\/strong> Faire la volont\u00e9 de Dieu dans l&rsquo;\u00e9glise c&rsquo;est aussi contribuer \u00e0 ce que notre assembl\u00e9e accomplisse sa mission de<strong> \u00ab\u00a0<span style=\"background-color: #add8e6;\">sel de la terre<\/span> et de <span style=\"background-color: #add8e6;\">lumi\u00e8re du monde<\/span>\u00a0\u00bb.<\/strong><\/em><\/p>\n<p style=\"text-align: justify;\">Cela implique un investissement dans la pri\u00e8re pour les quelques rencontres d&rsquo;\u00e9vang\u00e9lisation ; puis il s&rsquo;agit de comprendre sa responsabilit\u00e9 individuelle d&rsquo;\u00eatre des t\u00e9moins et d&rsquo;oeuvrer pour que ceux que le Seigneur appelle puissent rejoindre Son Eglise.<\/p>\n<p style=\"text-align: justify;\">\u00a0<\/p>\n<p style=\"text-align: justify;\">\u00a0<\/p>\n<p style=\"text-align: justify;\">\u00a0<\/p>\n<p style=\"text-align: justify;\"><strong>5.<\/strong> <em>Faire la volont\u00e9 de Dieu dans l&rsquo;\u00e9glise, c&rsquo;est aussi s&rsquo;ouvrir davantage \u00e0 <strong>la dimension miraculeuse de la vie chr\u00e9tienne<\/strong><\/em>. Le Seigneur a laiss\u00e9 les promesses les plus inou\u00efes concernant l&rsquo;exaucement des pri\u00e8res (par exemple <span style=\"background-color: #add8e6;\"><em>Mt 18.19 ; Jn 14.12-14 ; 15.7<\/em><\/span>). Ne soyons pas incr\u00e9dules, ne doutons pas de ces promesses, mais apprenons \u00e0 oser demander tout en restant, bien s\u00fbr, dans une pleine soumission \u00e0 Sa volont\u00e9.<\/p>\n<p style=\"text-align: justify;\">Cela peut aussi se concr\u00e9tiser par une mise en pratique plus fr\u00e9quente de <span style=\"background-color: #add8e6;\"><em>Je 5.14-16<\/em><\/span>, o\u00f9 un fr\u00e8re, une soeur malade ou en proie \u00e0 des difficult\u00e9s spirituelles, psychologiques, familiales, mat\u00e9rielles assez importantes, fait appel aux anciens pour une onction d&rsquo;huile ou une imposition des mains.<\/p>\n<p style=\"text-align: justify;\">Le Seigneur a promis qu&rsquo;il conduirait Ses brebis, qu&rsquo;il leur ferait conna\u00eetre Sa voix, et que Ses brebis le suivraient. Que pour chacun de nous, Sa voix puisse transpercer les r\u00e9sistances de nos \u00e2mes afin que nous ne disions pas seulement <span style=\"background-color: #add8e6;\"><em>Seigneur, Seigneur !<\/em><\/span> mais que nous fassions la volont\u00e9 de notre P\u00e8re qui est dans les cieux. Amen.<\/p>\n<p style=\"text-align: justify;\">\u00a0<\/p>\n<p style=\"text-align: center;\">R.K.<\/p>\n<p style=\"text-align: center;\">\u00a0<\/p>\n<p>&nbsp;<\/p>\n<table style=\"width: 95%;\" border=\"1\" cellspacing=\"3\" cellpadding=\"2\">\n<colgroup>\n<col style=\"text-align: justify;\" width=\"95%\" \/><\/colgroup>\n<tbody>\n<tr>\n<td bgcolor=\"#ffffff\" width=\"95%\">\n<h3 style=\"text-align: center;\"><strong>Questions pour un groupe d&rsquo;\u00e9tude :<\/strong><\/h3>\n<p style=\"text-align: justify;\">\u00a0<\/p>\n<p style=\"text-align: justify;\">Verset cl\u00e9 : <span style=\"background-color: #add8e6;\"><em>\u00ab\u00a0Que ta volont\u00e9 soit faite sur la terre comme au ciel\u00a0\u00bb Mt 6<\/em><\/span>.<\/p>\n<p style=\"text-align: justify;\">\u00a0<\/p>\n<p style=\"text-align: justify;\"><strong>1)<\/strong> Quels sont \u00e0 votre avis, les plus grands obstacles pour conna\u00eetre la volont\u00e9 de Dieu ?<\/p>\n<p style=\"text-align: justify;\">\u00a0<\/p>\n<p style=\"text-align: justify;\"><strong>2)<\/strong> Apr\u00e8s avoir parl\u00e9 des obstacles \u00e0 <strong>conna\u00eetre<\/strong> la volont\u00e9 de Dieu, on peut discuter sur la facilit\u00e9 \u00e0 la conna\u00eetre, au moins dans ses grandes lignes \u00e0 partir, par exemple des dix commandements <span style=\"background-color: #add8e6;\"><em>(Ex 21)<\/em><\/span>.<\/p>\n<p style=\"text-align: justify;\">\u00a0<\/p>\n<p style=\"text-align: justify;\"><strong>3)<\/strong> Quels sont \u00e0 votre avis, les plus grands obstacles pour <strong>faire<\/strong> la volont\u00e9 de Dieu ?<\/p>\n<p style=\"text-align: justify;\">\u00a0<\/p>\n<p style=\"text-align: justify;\"><strong>4)<\/strong> D&rsquo;apr\u00e8s le <span style=\"background-color: #add8e6;\"><em>Ps. 119.9 \u00e0 11<\/em><\/span>, puis <span style=\"background-color: #add8e6;\"><em>Rm. 12.12<\/em><\/span>, quelles r\u00e9ponses pouvons-nous apporter aux questions 1 et 3 ?<\/p>\n<p style=\"text-align: justify;\">\u00a0<\/p>\n<p style=\"text-align: justify;\"><strong>5)<\/strong> Qu&rsquo;est-ce qui vous para\u00eet important pour qu&rsquo;une \u00ab\u00a0vraie\u00a0\u00bb vie d&rsquo;\u00e9glise et \u00ab\u00a0d&rsquo;\u00e9quipe\u00a0\u00bb se d\u00e9veloppe davantage dans notre assembl\u00e9e ?<\/p>\n<p style=\"text-align: justify;\">\u00a0<\/p>\n<p style=\"text-align: justify;\"><em><strong>Conclusion :<\/strong><\/em> On peut relire le verset cl\u00e9 et demander au Seigneur, par des sujets de pri\u00e8re plus concrets, de nous aider \u00e0 discerner Sa volont\u00e9 et surtout \u00e0 la suivre davantage dans nos vies.<\/p>\n<\/td>\n<\/tr>\n<\/tbody>\n<\/table>\n","protected":false},"excerpt":{"rendered":"<p>Ta volont\u00e9, Seigneur, ou la mienne ? \u00a0 \u00a0 par Reynald KOZYCKI \u00a0 \u00ab\u00a0Que ta volont\u00e9 soif faite sur la terre comme au ciel\u00a0\u00bb (Mt 6.10). \u00a0 \u00ab\u00a0Quiconque me dit : Seigneur, Seigneur\u00a0!. n&rsquo;entrera pas forc\u00e9ment dans le royaume des deux, mais celui-l\u00e0 seul qui fait la volont\u00e9 de mon P\u00e8re qui est dans les [&hellip;]<\/p>\n","protected":false},"author":21,"featured_media":0,"comment_status":"closed","ping_status":"closed","sticky":false,"template":"","format":"standard","meta":{"footnotes":""},"categories":[6,13,11],"tags":[],"class_list":["post-6551","post","type-post","status-publish","format-standard","hentry","category-dieu","category-la-vie-de-leglise","category-la-vie-du-chretien"],"_links":{"self":[{"href":"https:\/\/www.servir.caef.net\/index.php?rest_route=\/wp\/v2\/posts\/6551","targetHints":{"allow":["GET"]}}],"collection":[{"href":"https:\/\/www.servir.caef.net\/index.php?rest_route=\/wp\/v2\/posts"}],"about":[{"href":"https:\/\/www.servir.caef.net\/index.php?rest_route=\/wp\/v2\/types\/post"}],"author":[{"embeddable":true,"href":"https:\/\/www.servir.caef.net\/index.php?rest_route=\/wp\/v2\/users\/21"}],"replies":[{"embeddable":true,"href":"https:\/\/www.servir.caef.net\/index.php?rest_route=%2Fwp%2Fv2%2Fcomments&post=6551"}],"version-history":[{"count":0,"href":"https:\/\/www.servir.caef.net\/index.php?rest_route=\/wp\/v2\/posts\/6551\/revisions"}],"wp:attachment":[{"href":"https:\/\/www.servir.caef.net\/index.php?rest_route=%2Fwp%2Fv2%2Fmedia&parent=6551"}],"wp:term":[{"taxonomy":"category","embeddable":true,"href":"https:\/\/www.servir.caef.net\/index.php?rest_route=%2Fwp%2Fv2%2Fcategories&post=6551"},{"taxonomy":"post_tag","embeddable":true,"href":"https:\/\/www.servir.caef.net\/index.php?rest_route=%2Fwp%2Fv2%2Ftags&post=6551"}],"curies":[{"name":"wp","href":"https:\/\/api.w.org\/{rel}","templated":true}]}}