{"id":6556,"date":"1997-03-10T10:47:26","date_gmt":"1997-03-10T10:47:26","guid":{"rendered":"\/?p=6556"},"modified":"2016-05-19T06:07:27","modified_gmt":"2016-05-19T06:07:27","slug":"editorial-du-n2-mars-avril-1997","status":"publish","type":"post","link":"https:\/\/www.servir.caef.net\/?p=6556","title":{"rendered":"Editorial du n\u00b02 Mars-Avril 1997 &#8211; Ils disent, mais ne font pas !"},"content":{"rendered":"<p style=\"text-align: center;\"><img loading=\"lazy\" decoding=\"async\" class=\"aligncenter size-medium wp-image-6557\" title=\"1997_02_00 couverture PM\" src=\"\/wp-content\/uploads\/2012\/04\/1997_02_00-couverture-PM-210x300.jpg\" alt=\"\" width=\"210\" height=\"300\" srcset=\"https:\/\/www.servir.caef.net\/wp-content\/uploads\/2012\/04\/1997_02_00-couverture-PM-210x300.jpg 210w, https:\/\/www.servir.caef.net\/wp-content\/uploads\/2012\/04\/1997_02_00-couverture-PM-718x1024.jpg 718w, https:\/\/www.servir.caef.net\/wp-content\/uploads\/2012\/04\/1997_02_00-couverture-PM.jpg 871w\" sizes=\"auto, (max-width: 210px) 100vw, 210px\" \/><\/p>\n<p>&nbsp;<\/p>\n<h1 style=\"text-align: center;\">Editorial du n\u00b02 Mars-Avril 1997 \u00a0<\/h1>\n<p>&nbsp;<\/p>\n<h1 style=\"text-align: center;\"><span style=\"background-color: #add8e6;\"><em>\u00a0\u00bb Ils disent, mais ne font pas ! \u00ab\u00a0<\/em><\/span><\/h1>\n<p>&nbsp;<\/p>\n<p><span style=\"color: #800000; font-size: medium;\"><strong>Par Fran\u00e7ois-Jean MARTIN\u00a0<\/strong><\/span><\/p>\n<p>&nbsp;<\/p>\n<p style=\"text-align: justify;\">Voil\u00e0 une phrase souvent entendue au sujet de nos politiciens ces derniers temps, de sorte que le peuple a perdu confiance en ses leaders et semble pr\u00eat \u00e0 \u00e9couter toutes sortes de sir\u00e8nes.<\/p>\n<p style=\"text-align: justify;\"><!--more--><\/p>\n<p style=\"text-align: right;\"><span style=\"background-color: #add8e6;\"><strong><em><a href=\"\/wp-content\/uploads\/1997\/pdf1997\/1997_02_00B_editorial.pdf\" target=\"_blank\"><img loading=\"lazy\" decoding=\"async\" style=\"text-align: justify;\" title=\"iconePDF\" src=\"\/wp-content\/uploads\/2011\/01\/iconePDF.jpg\" alt=\"\" width=\"81\" height=\"76\" align=\"right\" hspace=\"8\" vspace=\"8\" \/><\/a><\/em><\/strong><\/span><\/p>\n<p style=\"text-align: justify;\">Un documentaire sur l&rsquo;histoire de Patrice Lumumba, le leader assassin\u00e9 de l&rsquo;ind\u00e9pendance du Congo belge, a attir\u00e9 mon attention. J&rsquo;ai \u00e9t\u00e9 frapp\u00e9 par une des phrases de ce passionn\u00e9, parlant de justice : il disait qu&rsquo;il avait \u00e9t\u00e9 conduit \u00e0 devenir un r\u00e9volutionnaire en voyant et vivant le d\u00e9calage entre les beaux enseignements spirituels et moraux qu&rsquo;on lui inculquait au nom du christianisme, et la fa\u00e7on dont ceux qui donnaient ces m\u00eames enseignements traitaient les noirs.<\/p>\n<p style=\"text-align: justify;\">\u00a0<\/p>\n<p style=\"text-align: justify;\">Une fois de plus, j&rsquo;ai \u00e9t\u00e9 attrist\u00e9 par ce constat terrible et la question qui en d\u00e9coule. Quel messager suis-je ? Sans enlever la part de responsabilit\u00e9 personnelle qui revient \u00e0 tout \u00eatre humain dans ses choix, je me demande quels serviteurs z\u00e9l\u00e9s auraient pu devenir de tels hommes br\u00fblants de soif de justice.<\/p>\n<p style=\"text-align: justify;\">\u00a0<\/p>\n<p style=\"text-align: justify;\">F. Bailet, face \u00e0 la question de modernit\u00e9 qui se pose \u00e0 nos communaut\u00e9s, rappelle l&rsquo;urgence o\u00f9 nous sommes de d\u00e9montrer \u00e0 nos contemporains que la Parole de Dieu s&rsquo;incarne dans nos vies. Les hommes et les femmes de notre temps ont besoin de voir pour croire. J.-P. Bory dans son histoire des C.A.E.F, nos fr\u00e8res de Martinique, du Tchad et de Gap, nous font nous souvenir que des hommes et des femmes ont de tout temps compris qu&rsquo;un tel message, une telle bonne nouvelle \u00e0 retransmettre, obligeait \u00e0 un type pr\u00e9cis de messager. Quel genre de pi\u00e8ces sommes-nous, vraies ou fausses ? (cf. art. de Ch. Rick).<\/p>\n<p style=\"text-align: justify;\">\u00a0<\/p>\n<p style=\"text-align: justify;\">H. R\u00fcegger, th\u00e9ologien protestant, qui ne nous est pas toujours favorable, a dit lors d&rsquo;une conf\u00e9rence sur les \u00e9vang\u00e9liques : \u00ab les chr\u00e9tiens \u00e9vang\u00e9liques ne vivent pas de th\u00e9orie, mais d&rsquo;une spiritualit\u00e9 qui vient du coeur et qui va au coeur. Pour beaucoup, cela contraste agr\u00e9ablement avec un christianisme eccl\u00e9sial qui en reste en grande partie \u00e0 la th\u00e9ologie et \u00e0 un discours doctrinal, mais qui ne parle ni \u00e0 l&rsquo;intimit\u00e9 ni aux sentiments. [&#8230;] Les \u00c9vang\u00e9liques vivent entre eux une communaut\u00e9 chaleureuse, famili\u00e8re o\u00f9 les gens se sentent accueillis et soutenus. Ce genre de communaut\u00e9 est tr\u00e8s attirant aujourd&rsquo;hui : le besoin en ce domaine est immense et les \u00e9vang\u00e9liques comblent ce manque de notre soci\u00e9t\u00e9 contemporaine&#8230; \u00bb. Puisse cette description, \u00eatre toujours vraie ! Comme Paul le dit aux Thessaloniciens : <span style=\"background-color: #add8e6;\"><em>exhortons-nous mutuellement \u00e0 progresser encore..<\/em>.<\/span> et : <span style=\"background-color: #add8e6;\"><em>\u00ab que notre amour ne se limite pas \u00e0 des discours et \u00e0 de belles paroles mais se traduise par des actes, accomplis dans la v\u00e9rit\u00e9 \u00bb (1 Jn 3.18).<\/em><\/span><\/p>\n<p style=\"text-align: justify;\">\u00a0<\/p>\n<p style=\"text-align: center;\">Fran\u00e7ois-Jean MARTIN<\/p>\n<p>&nbsp;<\/p>\n","protected":false},"excerpt":{"rendered":"<p>&nbsp; Editorial du n\u00b02 Mars-Avril 1997 \u00a0 &nbsp; \u00a0\u00bb Ils disent, mais ne font pas ! \u00ab\u00a0 &nbsp; Par Fran\u00e7ois-Jean MARTIN\u00a0 &nbsp; Voil\u00e0 une phrase souvent entendue au sujet de nos politiciens ces derniers temps, de sorte que le peuple a perdu confiance en ses leaders et semble pr\u00eat \u00e0 \u00e9couter toutes sortes de sir\u00e8nes.<\/p>\n","protected":false},"author":3,"featured_media":0,"comment_status":"closed","ping_status":"closed","sticky":false,"template":"","format":"standard","meta":{"footnotes":""},"categories":[16,39],"tags":[],"class_list":["post-6556","post","type-post","status-publish","format-standard","hentry","category-le-chretien-et-la-societe","category-editorial"],"_links":{"self":[{"href":"https:\/\/www.servir.caef.net\/index.php?rest_route=\/wp\/v2\/posts\/6556","targetHints":{"allow":["GET"]}}],"collection":[{"href":"https:\/\/www.servir.caef.net\/index.php?rest_route=\/wp\/v2\/posts"}],"about":[{"href":"https:\/\/www.servir.caef.net\/index.php?rest_route=\/wp\/v2\/types\/post"}],"author":[{"embeddable":true,"href":"https:\/\/www.servir.caef.net\/index.php?rest_route=\/wp\/v2\/users\/3"}],"replies":[{"embeddable":true,"href":"https:\/\/www.servir.caef.net\/index.php?rest_route=%2Fwp%2Fv2%2Fcomments&post=6556"}],"version-history":[{"count":0,"href":"https:\/\/www.servir.caef.net\/index.php?rest_route=\/wp\/v2\/posts\/6556\/revisions"}],"wp:attachment":[{"href":"https:\/\/www.servir.caef.net\/index.php?rest_route=%2Fwp%2Fv2%2Fmedia&parent=6556"}],"wp:term":[{"taxonomy":"category","embeddable":true,"href":"https:\/\/www.servir.caef.net\/index.php?rest_route=%2Fwp%2Fv2%2Fcategories&post=6556"},{"taxonomy":"post_tag","embeddable":true,"href":"https:\/\/www.servir.caef.net\/index.php?rest_route=%2Fwp%2Fv2%2Ftags&post=6556"}],"curies":[{"name":"wp","href":"https:\/\/api.w.org\/{rel}","templated":true}]}}