{"id":6561,"date":"1997-05-10T17:42:33","date_gmt":"1997-05-10T17:42:33","guid":{"rendered":"\/?p=6561"},"modified":"2016-05-19T06:14:16","modified_gmt":"2016-05-19T06:14:16","slug":"editorial-du-n3-mai-juin-1997","status":"publish","type":"post","link":"https:\/\/www.servir.caef.net\/?p=6561","title":{"rendered":"Editorial du n\u00b03 Mai-Juin 1997 &#8211; Personne n&rsquo;a parl\u00e9 comme Lui"},"content":{"rendered":"<p style=\"text-align: center;\"><img loading=\"lazy\" decoding=\"async\" class=\"aligncenter size-medium wp-image-6562\" title=\"1997_03_00 couverture PM\" src=\"\/wp-content\/uploads\/2012\/04\/1997_03_00-couverture-PM-208x300.jpg\" alt=\"\" width=\"208\" height=\"300\" srcset=\"https:\/\/www.servir.caef.net\/wp-content\/uploads\/2012\/04\/1997_03_00-couverture-PM-208x300.jpg 208w, https:\/\/www.servir.caef.net\/wp-content\/uploads\/2012\/04\/1997_03_00-couverture-PM-711x1024.jpg 711w, https:\/\/www.servir.caef.net\/wp-content\/uploads\/2012\/04\/1997_03_00-couverture-PM.jpg 867w\" sizes=\"auto, (max-width: 208px) 100vw, 208px\" \/><\/p>\n<p style=\"text-align: justify;\">\u00a0<\/p>\n<h1 style=\"text-align: center;\">\u00a0Editorial du n\u00b03 Mai-Juin 1997<\/h1>\n<p style=\"text-align: center;\">\u00a0<\/p>\n<h1 style=\"text-align: center;\">\u00ab\u00a0Personne n&rsquo;a parl\u00e9 comme Lui\u00a0\u00bb<\/h1>\n<p style=\"text-align: justify;\">\u00a0<\/p>\n<p>&nbsp;<\/p>\n<p style=\"text-align: justify;\">J\u00e9sus est toujours \u00ab un signe de contradiction \u00bb, comme l&rsquo;avait annonc\u00e9 le vieillard Sim\u00e9on. La publicit\u00e9 faite tout r\u00e9cemment par les m\u00e9dias a \u00ab l&rsquo;affaire J\u00e9sus \u00bb\u00a0\u00bb, pour utiliser le titre du livre d&rsquo;Henri GUILLEMAIN (expression emprunt\u00e9e \u00e0 PEGUY), en est la d\u00e9monstration. Il faut rappeler que ce qui nous a \u00e9t\u00e9 pr\u00e9sent\u00e9 comme \u00ab un chef-d&rsquo;\u0153uvre d&rsquo;intelligence \u00bb n&rsquo;est pas enti\u00e8rement nouveau. Le th\u00e9ologien Rudolf BULTMANN, au d\u00e9but du si\u00e8cle, dans sa critique des textes des Evangiles, s&rsquo;\u00e9tait permis de d\u00e9cider \u00ab ce que J\u00e9sus peut ou ne peut pas avoir dit \u00bb\u00a0\u00bb. Apr\u00e8s lui, les th\u00e9ologiens lib\u00e9raux ont redit, avec des variantes, les vieilles critiques rationalistes. Plus r\u00e9cemment les livres du pr\u00eatre allemand DREWERMAN disent autrement \u00ab l&rsquo;histoire \u00bb de J\u00e9sus.<\/p>\n<p style=\"text-align: justify;\">\u00a0<\/p>\n<p style=\"text-align: justify;\"><!--more--><\/p>\n<p style=\"text-align: justify;\"><a href=\"\/wp-content\/uploads\/1997\/pdf1997\/1997_03_00B_editorial.pdf\" target=\"_blank\"><img loading=\"lazy\" decoding=\"async\" title=\"iconePDF\" src=\"\/wp-content\/uploads\/2011\/01\/iconePDF.jpg\" alt=\"\" width=\"81\" height=\"76\" align=\"right\" hspace=\"8\" vspace=\"8\" \/><\/a>Cependant, un autre point de vue, dont on ne parle pas a \u00e9t\u00e9 exprim\u00e9. Jean CARMINIAC, sp\u00e9cialiste de QUMRAN, a montr\u00e9 que \u00ab les dates g\u00e9n\u00e9ralement admises par les critiques actuels ne sont nullement prouv\u00e9es et nullement certaines <strong><sub>1<\/sub><\/strong>\u00a0 \u00bb. Le t\u00e9moignage d&rsquo;Alain DECAUX est int\u00e9ressant : \u00ab J&rsquo;estime que les Evangiles sont des choses historiques. Je sais bien que d&rsquo;autres ne le pensent pas. Mais ceux qui ne croient pas \u00e0 l&rsquo;historicit\u00e9 des Evangiles, c&rsquo;est une peau de chagrin. Il y a eu \u00e0 la fin du XIX\u00b0 si\u00e8cle et au d\u00e9but du XX\u00b0 beaucoup de gens, une \u00e9cole d&rsquo;\u00e9crivains qui disaient : <em>les Evangiles ont \u00e9t\u00e9 fabriqu\u00e9s.<\/em> On ne le dit plus. C&rsquo;\u00e9tait une derni\u00e8re \u00e9cole de gens qui essayaient de soutenir cette th\u00e8se impossible <strong><sub>2<\/sub><\/strong>.<\/p>\n<p style=\"text-align: justify;\">\u00a0<\/p>\n<p style=\"text-align: justify;\">Beaucoup de th\u00e9ologiens, catholiques et protestants, voudraient aujourd&rsquo;hui nous faire admettre que les faits historiques ne sont pas importants. \u00ab Il faut plut\u00f4t chercher l&rsquo;id\u00e9e, le sens spirituel qu&rsquo;a voulu exprimer J\u00e9sus \u00bb, disent-ils. Ne nous laissons pas s\u00e9duire. Relisons les paroles de J\u00e9sus-Christ, notre Seigneur, et comme tout \u00e0 nouveau nous serons \u00e9merveill\u00e9s, boulevers\u00e9s, et enrichis par les valeurs s\u00fbres qu&rsquo;il nous offre : la paix, le pardon, la justice, la joie, l&rsquo;amour. Nous confesserons encore, apr\u00e8s bien d&rsquo;autres avant nous : <strong>Personne n&rsquo;a parl\u00e9 comme LUI<\/strong>.<\/p>\n<p style=\"text-align: justify;\">\u00a0<\/p>\n<p style=\"text-align: justify;\">Notre confiance est dans la puissance de la Parole de Dieu que le Saint-Esprit anime encore aujourd&rsquo;hui. Cette parole peut convaincre les hommes de notre temps de leur folie et les conduire vers les r\u00e9alit\u00e9s spirituelles que Dieu veut aussi leur donner dans sa gr\u00e2ce<strong><sub>3<\/sub><\/strong> .<\/p>\n<p style=\"text-align: justify;\">\u00a0<\/p>\n<p style=\"text-align: justify;\">Cette nouvelle livraison de <em>SERVIR<\/em> voudrait vous aider \u00e0 vous fortifier dans cette conviction pour \u00eatre, dans ces temps difficiles, des t\u00e9moins fid\u00e8les.<\/p>\n<p style=\"text-align: justify;\">\u00a0<\/p>\n<p style=\"text-align: center;\">Francis BAILET<\/p>\n<hr \/>\n<p style=\"text-align: justify;\">NOTES<\/p>\n<p style=\"text-align: justify;\">\u00a0<\/p>\n<p style=\"text-align: justify;\"><strong>1.<\/strong> \u00ab La datation des Evangiles ; Etat actuel de la recherche \u00bb in <em>Dieu parle<\/em>, \u00e9ditions K\u00e9rygma.<br \/> \u00a0<\/p>\n<p style=\"text-align: justify;\"><strong>2.<\/strong> Francis BAILET, &#8230;<em>et si la Bible avait audit raison ?<\/em> (Ed. La Rencontre) p. 112.<br \/> \u00a0<\/p>\n<p style=\"text-align: justify;\"><strong>3.<\/strong> lire 1 Co 2.12-16.<br \/> \u00a0<\/p>\n","protected":false},"excerpt":{"rendered":"<p>\u00a0 \u00a0Editorial du n\u00b03 Mai-Juin 1997 \u00a0 \u00ab\u00a0Personne n&rsquo;a parl\u00e9 comme Lui\u00a0\u00bb \u00a0 &nbsp; J\u00e9sus est toujours \u00ab un signe de contradiction \u00bb, comme l&rsquo;avait annonc\u00e9 le vieillard Sim\u00e9on. La publicit\u00e9 faite tout r\u00e9cemment par les m\u00e9dias a \u00ab l&rsquo;affaire J\u00e9sus \u00bb\u00a0\u00bb, pour utiliser le titre du livre d&rsquo;Henri GUILLEMAIN (expression emprunt\u00e9e \u00e0 PEGUY), en [&hellip;]<\/p>\n","protected":false},"author":13,"featured_media":0,"comment_status":"closed","ping_status":"closed","sticky":false,"template":"","format":"standard","meta":{"footnotes":""},"categories":[16,39],"tags":[],"class_list":["post-6561","post","type-post","status-publish","format-standard","hentry","category-le-chretien-et-la-societe","category-editorial"],"_links":{"self":[{"href":"https:\/\/www.servir.caef.net\/index.php?rest_route=\/wp\/v2\/posts\/6561","targetHints":{"allow":["GET"]}}],"collection":[{"href":"https:\/\/www.servir.caef.net\/index.php?rest_route=\/wp\/v2\/posts"}],"about":[{"href":"https:\/\/www.servir.caef.net\/index.php?rest_route=\/wp\/v2\/types\/post"}],"author":[{"embeddable":true,"href":"https:\/\/www.servir.caef.net\/index.php?rest_route=\/wp\/v2\/users\/13"}],"replies":[{"embeddable":true,"href":"https:\/\/www.servir.caef.net\/index.php?rest_route=%2Fwp%2Fv2%2Fcomments&post=6561"}],"version-history":[{"count":0,"href":"https:\/\/www.servir.caef.net\/index.php?rest_route=\/wp\/v2\/posts\/6561\/revisions"}],"wp:attachment":[{"href":"https:\/\/www.servir.caef.net\/index.php?rest_route=%2Fwp%2Fv2%2Fmedia&parent=6561"}],"wp:term":[{"taxonomy":"category","embeddable":true,"href":"https:\/\/www.servir.caef.net\/index.php?rest_route=%2Fwp%2Fv2%2Fcategories&post=6561"},{"taxonomy":"post_tag","embeddable":true,"href":"https:\/\/www.servir.caef.net\/index.php?rest_route=%2Fwp%2Fv2%2Ftags&post=6561"}],"curies":[{"name":"wp","href":"https:\/\/api.w.org\/{rel}","templated":true}]}}