{"id":6580,"date":"1997-09-03T09:26:32","date_gmt":"1997-09-03T09:26:32","guid":{"rendered":"\/?p=6580"},"modified":"2016-05-19T06:37:26","modified_gmt":"2016-05-19T06:37:26","slug":"editorial-du-n5-septembre-octobre-1997-numero-special-le-saint-esprit","status":"publish","type":"post","link":"https:\/\/www.servir.caef.net\/?p=6580","title":{"rendered":"Editorial du n\u00b05 Septembre-Octobre 1997 &#8211; Num\u00e9ro sp\u00e9cial : Le Saint-Esprit"},"content":{"rendered":"<p style=\"text-align: center;\">\u00a0<img loading=\"lazy\" decoding=\"async\" class=\"aligncenter size-medium wp-image-6581\" title=\"1997_05_00 couverture PM\" src=\"\/wp-content\/uploads\/2012\/05\/1997_05_00-couverture-PM-210x300.jpg\" alt=\"\" width=\"210\" height=\"300\" srcset=\"https:\/\/www.servir.caef.net\/wp-content\/uploads\/2012\/05\/1997_05_00-couverture-PM-210x300.jpg 210w, https:\/\/www.servir.caef.net\/wp-content\/uploads\/2012\/05\/1997_05_00-couverture-PM-719x1024.jpg 719w, https:\/\/www.servir.caef.net\/wp-content\/uploads\/2012\/05\/1997_05_00-couverture-PM.jpg 876w\" sizes=\"auto, (max-width: 210px) 100vw, 210px\" \/><\/p>\n<p style=\"text-align: center;\">\u00a0<\/p>\n<h1 style=\"text-align: center;\">Editorial du n\u00b05 Septembre-Octobre 1997\u00a0<\/h1>\n<p style=\"text-align: center;\">\u00a0<\/p>\n<h1 style=\"text-align: center;\">Num\u00e9ro sp\u00e9cial : Le Saint-Esprit<\/h1>\n<p>&nbsp;<\/p>\n<p><span style=\"font-size: medium; color: #800000;\"><strong>Par Francis BAILET<\/strong><\/span><\/p>\n<p>&nbsp;<\/p>\n<p>&nbsp;<\/p>\n<p style=\"text-align: justify;\">La place et l&rsquo;oeuvre du Saint-Esprit dans l&rsquo;Eglise et dans la vie de chaque croyant sont d&rsquo;une importance capitale. Dans cette deuxi\u00e8me partie du XXe si\u00e8cle, de tr\u00e8s nombreux chr\u00e9tiens de tous les milieux ont red\u00e9couvert cette v\u00e9rit\u00e9 essentielle. Cela aurait d\u00fb les conduire vers une plus grande manifestation de l&rsquo;unit\u00e9 du Corps de J\u00e9sus-Christ. Il faut bien reconna\u00eetre qu&rsquo;il n&rsquo;en est pas ainsi.<\/p>\n<p style=\"text-align: justify;\">\u00a0<\/p>\n<p style=\"text-align: justify;\">Ce num\u00e9ro sp\u00e9cial sur le Saint-Esprit voudrait aider nos lecteurs \u00e0 faire le point sur un sujet si important.<\/p>\n<p style=\"text-align: justify;\">\u00a0<\/p>\n<p style=\"text-align: justify;\"><!--more--><\/p>\n<p style=\"text-align: justify;\"><a href=\"\/wp-content\/uploads\/1997\/pdf1997\/1997_05_00B_editorial.pdf\" target=\"_blank\"><img loading=\"lazy\" decoding=\"async\" title=\"iconePDF\" src=\"\/wp-content\/uploads\/2011\/01\/iconePDF.jpg\" alt=\"\" width=\"81\" height=\"76\" align=\"right\" hspace=\"8\" vspace=\"8\" \/><\/a>L&rsquo;article d&rsquo;Alfred Kuen pose les fondements th\u00e9ologiques. Jean-Pierre Bory rappelle quelques textes bibliques fondamentaux \u00e0 propos de la pr\u00e9sence et de l&rsquo;action du Saint-Esprit dans la vie du croyant. Daniel Bresch nous invite \u00e0 la r\u00e9flexion, \u00e0 la m\u00e9ditation et \u00e0 un examen de conscience qui devraient permettre une critique constructive du foss\u00e9 qui s\u00e9pare si souvent le discours de la r\u00e9alit\u00e9.<\/p>\n<p style=\"text-align: justify;\">\u00a0<\/p>\n<p style=\"text-align: justify;\">Esther Buckenham a recueilli plusieurs t\u00e9moignages qui montrent la vari\u00e9t\u00e9 et la richesse de l&rsquo;exp\u00e9rience spirituelle. D&rsquo;autre part les \u00e9l\u00e9ments de bibliographie que notre soeur propose aideront ceux qui voudraient approfondir leur \u00e9tude. Nos r\u00e9flexions sur les \u00ab mouvances charismatiques \u00bbsont une exhortation \u00e0 la vigilance et au discernement pour que, professant la v\u00e9rit\u00e9 dans la charit\u00e9, nous grandissions dans la connaissance de J\u00e9sus-Christ.<\/p>\n<p style=\"text-align: justify;\">\u00a0<\/p>\n<p style=\"text-align: justify;\">Les chr\u00e9tiens sont aujourd&rsquo;hui divis\u00e9s. Nous ne devons pas nous \u00e9tonner : c&rsquo;est un ennemi qui a fait cela&#8230; Pour d\u00e9tourner ses ruses, laissons le Saint-Esprit verser dans nos coeurs un renouveau d&rsquo;amour pour tous nos fr\u00e8res. Veillons \u00e0 ne pas creuser le foss\u00e9 qui d\u00e9j\u00e0 nous s\u00e9pare. Ne soup\u00e7onnons pas le mal. Ne condamnons pas les autres sans les avoir \u00e9cout\u00e9s. Ayons assez d&rsquo;humilit\u00e9 pour essayer de comprendre leurs convictions et leurs exp\u00e9riences. Gardons-nous de tout orgueil spirituel, de tout sentiment d&rsquo;autosatisfaction.<\/p>\n<p style=\"text-align: justify;\">\u00a0<\/p>\n<p style=\"text-align: justify;\">Ce travail int\u00e9rieur, qui modifie notre attitude \u00e0 l&rsquo;\u00e9gard de nos fr\u00e8res est d\u00e9j\u00e0 l&rsquo;oeuvre de l&rsquo;Esprit. Nous pouvons en \u00eatre assur\u00e9s. Les erreurs et les exc\u00e8s des autres, bien r\u00e9els, ne doivent pas, cependant, nous confiner dans un couloir qui n&rsquo;aboutirait nulle part. Aspirons au contraire \u00e0 une intervention authentique du Saint-Esprit qui nous permettra de vivre comme de vrais t\u00e9moins de notre Seigneur. Nous pourrons alors d\u00e9noncer l&rsquo;erreur avec autorit\u00e9, car notre autorit\u00e9 sera celle de l&rsquo;amour.<\/p>\n<p style=\"text-align: justify;\">\u00a0<\/p>\n<p style=\"text-align: justify;\">\u00a0<\/p>\n<p style=\"text-align: center;\">Francis BAILET<\/p>\n<p>&nbsp;<\/p>\n","protected":false},"excerpt":{"rendered":"<p>\u00a0 \u00a0 Editorial du n\u00b05 Septembre-Octobre 1997\u00a0 \u00a0 Num\u00e9ro sp\u00e9cial : Le Saint-Esprit &nbsp; Par Francis BAILET &nbsp; &nbsp; La place et l&rsquo;oeuvre du Saint-Esprit dans l&rsquo;Eglise et dans la vie de chaque croyant sont d&rsquo;une importance capitale. Dans cette deuxi\u00e8me partie du XXe si\u00e8cle, de tr\u00e8s nombreux chr\u00e9tiens de tous les milieux ont red\u00e9couvert [&hellip;]<\/p>\n","protected":false},"author":13,"featured_media":0,"comment_status":"closed","ping_status":"closed","sticky":false,"template":"","format":"standard","meta":{"footnotes":""},"categories":[39,24],"tags":[],"class_list":["post-6580","post","type-post","status-publish","format-standard","hentry","category-editorial","category-le-saint-esprit"],"_links":{"self":[{"href":"https:\/\/www.servir.caef.net\/index.php?rest_route=\/wp\/v2\/posts\/6580","targetHints":{"allow":["GET"]}}],"collection":[{"href":"https:\/\/www.servir.caef.net\/index.php?rest_route=\/wp\/v2\/posts"}],"about":[{"href":"https:\/\/www.servir.caef.net\/index.php?rest_route=\/wp\/v2\/types\/post"}],"author":[{"embeddable":true,"href":"https:\/\/www.servir.caef.net\/index.php?rest_route=\/wp\/v2\/users\/13"}],"replies":[{"embeddable":true,"href":"https:\/\/www.servir.caef.net\/index.php?rest_route=%2Fwp%2Fv2%2Fcomments&post=6580"}],"version-history":[{"count":0,"href":"https:\/\/www.servir.caef.net\/index.php?rest_route=\/wp\/v2\/posts\/6580\/revisions"}],"wp:attachment":[{"href":"https:\/\/www.servir.caef.net\/index.php?rest_route=%2Fwp%2Fv2%2Fmedia&parent=6580"}],"wp:term":[{"taxonomy":"category","embeddable":true,"href":"https:\/\/www.servir.caef.net\/index.php?rest_route=%2Fwp%2Fv2%2Fcategories&post=6580"},{"taxonomy":"post_tag","embeddable":true,"href":"https:\/\/www.servir.caef.net\/index.php?rest_route=%2Fwp%2Fv2%2Ftags&post=6580"}],"curies":[{"name":"wp","href":"https:\/\/api.w.org\/{rel}","templated":true}]}}