{"id":6582,"date":"1997-09-03T17:00:49","date_gmt":"1997-09-03T17:00:49","guid":{"rendered":"\/?p=6582"},"modified":"2016-05-19T06:30:34","modified_gmt":"2016-05-19T06:30:34","slug":"le-saint-esprit-puissance-et-personne","status":"publish","type":"post","link":"https:\/\/www.servir.caef.net\/?p=6582","title":{"rendered":"Le Saint-Esprit &#8211; Puissance et personne"},"content":{"rendered":"<h1 style=\"text-align: center;\">Le Saint-Esprit &#8211; Puissance et personne<\/h1>\n<p>&nbsp;<\/p>\n<p style=\"text-align: center;\">\u00a0<a href=\"\/wp-content\/uploads\/2008\/03\/trinite-3.jpg\"><img loading=\"lazy\" decoding=\"async\" class=\" wp-image-8305 aligncenter\" src=\"\/wp-content\/uploads\/2008\/03\/trinite-3.jpg\" alt=\"trinite-3\" width=\"362\" height=\"515\" srcset=\"https:\/\/www.servir.caef.net\/wp-content\/uploads\/2008\/03\/trinite-3.jpg 603w, https:\/\/www.servir.caef.net\/wp-content\/uploads\/2008\/03\/trinite-3-210x300.jpg 210w\" sizes=\"auto, (max-width: 362px) 100vw, 362px\" \/><\/a><\/p>\n<p>&nbsp;<\/p>\n<p><span style=\"font-size: 16px;\"><strong>par <span style=\"color: #b22222;\">Alfred KUEN<sub>1<\/sub><\/span><\/strong><\/span><\/p>\n<p>&nbsp;<\/p>\n<p>&nbsp;<\/p>\n<h2>I. Le Saint-Esprit, une personne ?<\/h2>\n<p>&nbsp;<\/p>\n<p>&nbsp;<\/p>\n<p style=\"text-align: justify;\">Dans son dernier livre, <em>Un Esprit qui rend fort, aimant et r\u00e9fl\u00e9chi<\/em>, Billy Graham dit : \u00ab La Bible nous enseigne que le Saint-Esprit est une personne. En parlant de lui, J\u00e9sus emploie non pas le pronom neutre, comme l&rsquo;exigerait la grammaire, mais le masculin. En effet, en grec le mot \u00ab esprit \u00bb est neutre et devrait de ce fait \u00eatre suivi du pronom neutre. Or, dans le texte grec de <span style=\"background-color: #add8e6;\"><em>Jean 14-16<\/em><\/span>, le pronom est masculin, pour bien marquer que l&rsquo;Esprit n&rsquo;est pas une force, mais une personne.<\/p>\n<p style=\"text-align: justify;\">\u00a0<!--more--><\/p>\n<p style=\"text-align: justify;\">\u00a0<\/p>\n<p style=\"text-align: justify;\"><a href=\"\/wp-content\/uploads\/1997\/pdf1997\/1997_05_02_saintespritpuissance.pdf\" target=\"_blank\"><img loading=\"lazy\" decoding=\"async\" title=\"iconePDF\" src=\"\/wp-content\/uploads\/2011\/01\/iconePDF.jpg\" alt=\"\" width=\"81\" height=\"76\" align=\"right\" hspace=\"8\" vspace=\"8\" \/><\/a>Il ressort aussi de l&rsquo;enseignement biblique que le Saint-Esprit est dou\u00e9 d&rsquo;intelligence, de sentiments et de volont\u00e9. Des actions lui sont attribu\u00e9es qui ne peuvent \u00eatre le fait d&rsquo;une force impersonnelle. Seule une personne peut les accomplir.<\/p>\n<p style=\"text-align: justify;\">\u00a0<\/p>\n<p style=\"text-align: justify;\"><em>Il parle<\/em> : <span style=\"background-color: #add8e6;\"><em>\u00ab Que chacun, s&rsquo;il a des oreilles, \u00e9coute bien ce que l&rsquo;Esprit dit aux Eglises \u00bb (Ap 2.7).<\/em><\/span><\/p>\n<p style=\"text-align: justify;\">\u00a0<\/p>\n<p style=\"text-align: justify;\"><span style=\"background-color: #add8e6;\"><em>\u00ab Un jour, pendant qu&rsquo;ils c\u00e9l\u00e9braient le culte du Seigneur, le Saint-Esprit leur dit : Mettez \u00e0 part Barnabas et Saul pour l&rsquo;oeuvre \u00e0 laquelle je les ai appel\u00e9s \u00bb (Ac 13.2).<\/em><\/span><\/p>\n<p style=\"text-align: justify;\">\u00a0<\/p>\n<p style=\"text-align: justify;\"><em>Il interc\u00e8de<\/em> : <span style=\"background-color: #add8e6;\"><em>\u00ab L&rsquo;Esprit lui-m\u00eame prie Dieu pour nous avec des g\u00e9missements qu&rsquo;on ne peut pas exprimer par des paroles \u00bb (Rm 8.26).<\/em><\/span><\/p>\n<p style=\"text-align: justify;\">\u00a0<\/p>\n<p style=\"text-align: justify;\"><em>Il rend t\u00e9moignage<\/em> : <span style=\"background-color: #add8e6;\"><em>\u00ab Celui qui doit vous aider viendra : c&rsquo;est l&rsquo;Esprit de v\u00e9rit\u00e9 qui vient du P\u00e8re. Je vous l&rsquo;enverrai de la part du P\u00e8re et il t\u00e9moignera de moi \u00bb Jn 15.25).<\/em><\/span><\/p>\n<p style=\"text-align: justify;\">\u00a0<\/p>\n<p style=\"text-align: justify;\"><em>Il conduit<\/em> : <span style=\"background-color: #add8e6;\"><em>\u00ab Le Saint-Esprit dit \u00e0 Philippe : Avance et tiens-toi pr\u00e8s de ce char \u00bb (Ac 8.29).<\/em><\/span><\/p>\n<p style=\"text-align: justify;\"><span style=\"background-color: #add8e6;\"><em><br \/> <\/em><\/span><\/p>\n<p style=\"text-align: justify;\"><span style=\"background-color: #add8e6;\"><em>\u00ab Tous ceux qui sont conduits par l&rsquo;Esprit de Dieu sont fils de Dieu \u00bb (Rm 8.14).<\/em><\/span><\/p>\n<p style=\"text-align: justify;\">\u00a0<\/p>\n<p style=\"text-align: justify;\"><em>Il donne des directives<\/em> : <span style=\"background-color: #add8e6;\"><em>\u00ab Quand viendra l&rsquo;Esprit de v\u00e9rit\u00e9, il vous conduira dans toute la v\u00e9rit\u00e9 \u00bb (Jn 16.13)<\/em><\/span>. Il a conduit les ap\u00f4tres dans leurs missions : <span style=\"background-color: #add8e6;\"><em>\u00ab Le Saint-Esprit les emp\u00eacha d&rsquo;annoncer la parole de Dieu dans la province d&rsquo;Asie, ils essay\u00e8rent d&rsquo;aller en Bithynie, mais l&rsquo;esprit de J\u00e9sus ne le leur permit pas \u00bb (Ac 16.6-7) \u00bb .<strong><sub>2<\/sub><\/strong><\/em><\/span><\/p>\n<p style=\"text-align: justify;\">\u00a0<\/p>\n<p style=\"text-align: justify;\"><em>\u00a0<\/em><span style=\"background-color: #add8e6;\"><em>\u00ab<strong> Il distribue<\/strong> \u00e0 chacun ses dons comme il veut \u00bb(1 Co 12.11).<\/em><\/span><\/p>\n<p style=\"text-align: justify;\">\u00a0<\/p>\n<p style=\"text-align: justify;\"><span style=\"background-color: #add8e6;\"><em>\u00ab L&rsquo;Esprit <strong>conna\u00eet<\/strong> et <strong>sonde<\/strong> les choses de Dieu \u00bb (1 Co 2.10-11).<\/em><\/span><\/p>\n<p style=\"text-align: justify;\">\u00a0<\/p>\n<p style=\"text-align: justify;\">Il est question de la pens\u00e9e de l&rsquo;Esprit <span style=\"background-color: #add8e6;\"><em>(Rm 8.27)<\/em><\/span>, de son amour <span style=\"background-color: #add8e6;\"><em>(Rm 15.30)<\/em><\/span>.<\/p>\n<p style=\"text-align: justify;\">\u00a0<\/p>\n<p style=\"text-align: justify;\">D&rsquo;autre part, on peut lui <em>mentir<\/em> et<em> le provoquer<\/em> comme cela appara\u00eet dans l&rsquo;\u00e9pisode d&rsquo;Ananias et de Saphira <span style=\"background-color: #add8e6;\"><em>(Ac 5.3,9)<\/em><\/span>,<em> lui r\u00e9sister<\/em> <span style=\"background-color: #add8e6;\"><em>(Ac 7.51)<\/em><\/span>,<em> l\u2019attrister <span style=\"background-color: #add8e6;\">(Ep 4.30)<\/span><\/em>, <em>l&rsquo;outrager<\/em> <span style=\"background-color: #add8e6;\"><em>(H\u00e9 10.29)<\/em><\/span>, <em>blasph\u00e9mer contre lui<\/em> <span style=\"background-color: #add8e6;\"><em>(Mt 12,31)<\/em><\/span>.<\/p>\n<p style=\"text-align: justify;\">\u00a0<\/p>\n<p style=\"text-align: justify;\">Tous ces actes et ces sentiments ne peuvent \u00e9maner que d&rsquo;une personne. Il est, en fait, la troisi\u00e8me personne de la Divinit\u00e9. L&rsquo;auteur de l&rsquo;\u00e9p\u00eetre aux H\u00e9breux l&rsquo;appelle <span style=\"background-color: #add8e6;\"><em>\u00ab L&rsquo;Esprit \u00e9ternel \u00bb (H\u00e9 9.14)<\/em><\/span>. Il poss\u00e8de aussi les trois autres marques de la divinit\u00e9 :<\/p>\n<p style=\"text-align: justify;\">\u00a0<\/p>\n<p style=\"text-align: justify;\"><em>II est tout puissant<\/em> : l&rsquo;ange qui annonce \u00e0 Marie que le Saint-Esprit viendra sur elle le nomme <span style=\"background-color: #add8e6;\"><em>\u00ab la puissance du Dieu Tr\u00e8s Haut \u00bb.<\/em><\/span><\/p>\n<p style=\"text-align: justify;\"><span style=\"background-color: #add8e6;\"><em><br \/> <\/em><\/span><\/p>\n<p style=\"text-align: justify;\"><em>Il est omnipr\u00e9sent <\/em>: <span style=\"background-color: #add8e6;\"><em>\u00ab O\u00f9 pourrai-je aller loin de ton Esprit \u00bb<\/em><\/span> s&rsquo;\u00e9crie le psalmiste <span style=\"background-color: #add8e6;\"><em>(PS 139.7)<\/em><\/span>.<\/p>\n<p style=\"text-align: justify;\">\u00a0<\/p>\n<p style=\"text-align: justify;\"><em>Il est omniscient <\/em>: <span style=\"background-color: #add8e6;\"><em>\u00ab L&rsquo;Esprit conna\u00eet tout, m\u00eame les pens\u00e9es les plus intimes de Dieu \u00bb (1 Co 2.10)<\/em><\/span>. 89 fois dans le Nouveau Testament, il est appel\u00e9 l&rsquo;Esprit saint, or, l&rsquo;expression <span style=\"background-color: #add8e6;\"><em>\u00ab le Saint \u00bb<\/em><\/span> \u00e9tait l&rsquo;une des circonlocutions pour d\u00e9signer Dieu. Dans l&rsquo;Ancien Testament, l&rsquo;Eternel est le <span style=\"background-color: #add8e6;\"><em>\u00ab Dieu de gloire \u00bb (PS 29.3)<\/em><\/span>, le Dieu de J\u00e9sus-Christ est le <span style=\"background-color: #add8e6;\"><em>\u00ab P\u00e8re de gloire \u00bb (Ep 1.17)<\/em><\/span>, J\u00e9sus lui-m\u00eame est <span style=\"background-color: #add8e6;\"><em>\u00ab le Seigneur de gloire \u00bb (1 Co 2.8 ; Je 2.1)<\/em><\/span>, et le Saint-Esprit est <span style=\"background-color: #add8e6;\"><em>\u00ab l&rsquo;Esprit de gloire \u00bb (1 Pi 4.14).<\/em><\/span><\/p>\n<p style=\"text-align: justify;\">\u00a0<\/p>\n<p style=\"text-align: justify;\">Le P\u00e8re et le Fils donnent la vie <span style=\"background-color: #add8e6;\"><em>(Jn 5.21,26 ; 6.33)<\/em><\/span> mais dans <span style=\"background-color: #add8e6;\"><em>Jn 6.63<\/em><\/span>, J\u00e9sus dit : <span style=\"background-color: #add8e6;\"><em>\u00ab C&rsquo;est l&rsquo;Esprit qui donne la vie \u00bb<\/em><\/span> et l&rsquo;ap\u00f4tre Paul parle de <span style=\"background-color: #add8e6;\"><em>\u00ab la loi de l&rsquo;Esprit qui donne la vie \u00bb (Rm 8.2; <\/em>cf<em>. 2 Co 3.6).<\/em><\/span><\/p>\n<p style=\"text-align: justify;\">\u00a0<\/p>\n<p style=\"text-align: justify;\">Notons qu&rsquo;il ne s&rsquo;agit pas de trois Personnes divines distinctes, mais d&rsquo;un Dieu \u00ab tripersonnel \u00bb, le Fils et le Saint-Esprit \u00e9tant identifi\u00e9s \u00e0 l&rsquo;Eternel, le Dieu Un de l&rsquo;Ancien Testament. La Trinit\u00e9 reste pour nous un myst\u00e8re qui sera peut-\u00eatre \u00e9lucid\u00e9 lorsque \u00ab nous conna\u00eetrons comme nous avons \u00e9t\u00e9 connus \u00bb.<\/p>\n<p style=\"text-align: justify;\">\u00a0<\/p>\n<p style=\"text-align: justify;\">L&rsquo;important, pour nous, est de savoir que le Saint-Esprit est une Personne divine. R. Pache tire de la personnalit\u00e9 du Saint-Esprit la conclusion suivante : \u00ab Si l&rsquo;Esprit n&rsquo;\u00e9tait qu&rsquo;une puissance venue d&rsquo;En Haut, II serait \u00e0 ma disposition et je pourrais en user \u00e0 mon gr\u00e9. Mais si l&rsquo;Esprit est une personne, et plus que cela, s&rsquo;il est Dieu lui-m\u00eame, c&rsquo;est moi qui dois \u00eatre \u00e0 sa disposition, l&rsquo;aimer et lui ob\u00e9ir en toutes choses. En outre, recevoir dans son coeur, non pas seulement une b\u00e9n\u00e9diction, mais la pr\u00e9sence du Dieu tout puissant, c&rsquo;est avoir en soi la source de toutes les gr\u00e2ces et de toutes les possibilit\u00e9s \u00bb.<strong><sub>3<\/sub><\/strong><\/p>\n<p style=\"text-align: justify;\">\u00a0<\/p>\n<p style=\"text-align: justify;\">Si le Saint-Esprit est une personne, bien des expressions bibliques prennent un sens diff\u00e9rent de ce qu&rsquo;elles sugg\u00e8rent \u00e0 premi\u00e8re vue :<\/p>\n<p style=\"text-align: justify;\">\u00a0<\/p>\n<p style=\"text-align: justify; margin-left: 40px;\">&#8211; <em>Recevoir le Saint-Esprit<\/em> ce n&rsquo;est pas recevoir une puissance suppl\u00e9mentaire, une sorte de potion magique spirituelle, mais c&rsquo;est recevoir comme nouveau r\u00e9gent de sa vie la Personne du Saint-Esprit, selon la promesse de J\u00e9sus : <span style=\"background-color: #add8e6;\"><em>\u00ab Je vous enverrai le D\u00e9fenseur (ou Consolateur)&#8230; afin qu&rsquo;il reste pour toujours avec vous : c&rsquo;est l&rsquo;Esprit de v\u00e9rit\u00e9&#8230; il demeure aupr\u00e8s de vous et il sera en vous \u00bb (Jn 16.7 ; 14.16-17).<\/em><\/span><\/p>\n<p style=\"text-align: justify;\">\u00a0<\/p>\n<p style=\"text-align: justify;\">A partir du moment o\u00f9 il nous fait na\u00eetre de nouveau, l&rsquo;Esprit vient habiter en nous comme l&rsquo;ap\u00f4tre Paul et l&rsquo;ap\u00f4tre Jean l&rsquo;affirment \u00e0 maintes reprises <span style=\"background-color: #add8e6;\"><em>(Rm 8.9,11 ; 1 Co 3.16 ; 6.19 ; 1 Jn 2.27 ; 3.9,24 ; 4.4,12-13,15).<\/em><\/span><\/p>\n<p style=\"text-align: justify;\">\u00a0<\/p>\n<p style=\"text-align: justify;\">D&rsquo;ailleurs, l&rsquo;Esprit ne vient pas seul. J\u00e9sus a dit : <span style=\"background-color: #add8e6;\"><em>\u00ab Si quelqu&rsquo;un m&rsquo;aime, il mettra en pratique ce que j&rsquo;ai dit. Mon P\u00e8re aussi l&rsquo;aimera : nous (c&rsquo;est-\u00e0-dire le P\u00e8re et moi) viendrons tous deux \u00e0 lui et nous \u00e9tablirons notre demeure chez lui \u00bb (Jn 14.23).<\/em><\/span><\/p>\n<p style=\"text-align: justify;\">\u00a0<\/p>\n<p style=\"text-align: justify;\">C&rsquo;est la glorieuse v\u00e9rit\u00e9 que les ap\u00f4tres s&rsquo;efforcent de r\u00e9p\u00e9ter dans leurs lettres : \u00eatre chr\u00e9tien, c&rsquo;est \u00eatre habit\u00e9 par Dieu le P\u00e8re, Dieu le Fils et Dieu le Saint-Esprit : <span style=\"background-color: #add8e6;\"><em>\u00ab Dieu demeure en nous \u00bb (1 Jn .4.12)<\/em><\/span>. <span style=\"background-color: #add8e6;\"><em>\u00ab Ce n&rsquo;est plus moi qui vis, c&rsquo;est Christ qui vit en moi \u00bb (Ga 2.20)<\/em><\/span>. <span style=\"background-color: #add8e6;\"><em>\u00ab Dieu a envoy\u00e9 dans nos coeurs l&rsquo;Esprit de son Fils \u00bb (Ga 4.6)<\/em><\/span>. <span style=\"background-color: #add8e6;\"><em>\u00ab L&rsquo;Esprit de Dieu habite en vous \u00bb (Rm 8.9,11)<\/em><\/span>.<\/p>\n<p style=\"text-align: justify;\">\u00a0<\/p>\n<p style=\"text-align: justify; margin-left: 40px;\">&#8211; <em>Etre rempli de l&rsquo;Esprit<\/em>, ce n&rsquo;est pas en premier lieu \u00eatre rempli de force, d&rsquo;amour et de joie &#8211; ce ne sont l\u00e0 que des r\u00e9sultantes du fait que la personne de l&rsquo;Esprit a pleine libert\u00e9 de contr\u00f4ler et de r\u00e9gir tous les aspects de notre personnalit\u00e9. Ce n&rsquo;est pas nous qui poss\u00e9dons l&rsquo;Esprit en pl\u00e9nitude, c&rsquo;est lui qui nous poss\u00e8de tout entier et qui peut nous diriger selon sa volont\u00e9.<\/p>\n<p style=\"text-align: justify;\">\u00a0<\/p>\n<p style=\"text-align: justify; margin-left: 40px;\">&#8211; <em>Etre baptis\u00e9 du Saint-Esprit<\/em>, ce n&rsquo;est pas \u00eatre favoris\u00e9 d&rsquo;une seconde exp\u00e9rience apr\u00e8s la conversion, mais c&rsquo;est \u00eatre plong\u00e9 par le Saint-Esprit dans la mort et la r\u00e9surrection avec Christ, afin de na\u00eetre \u00e0 la vie nouvelle en Christ au moment de notre conversion.<\/p>\n<p style=\"text-align: justify;\">\u00a0<\/p>\n<p style=\"text-align: justify;\">Dans <em>Keep in step with the Spirit<\/em><strong><sub>4<\/sub><\/strong> , James Packer dit : \u00ab Nous demandons : Connaissez-vous le Saint-Esprit ? Nous devrions plut\u00f4t demander : Connaissez-vous J\u00e9sus-Christ. [&#8230;] Nous demandons : Avez-vous le Saint-Esprit ? Cette question ne devrait jamais \u00eatre pos\u00e9e \u00e0 un chr\u00e9tien car tout chr\u00e9tien a le Saint-Esprit \u00e0 partir du moment o\u00f9 il a cru. <span style=\"background-color: #add8e6;\"><em>\u00ab Si quelqu&rsquo;un n&rsquo;a pas l&rsquo;Esprit du Christ, il ne lui appartient pas. \u00bb (Rm 8.9) [&#8230;]<\/em><\/span> C&rsquo;est en recevant le Christ que l&rsquo;on re\u00e7oit l&rsquo;Esprit, c&rsquo;est la seule mani\u00e8re de le recevoir. [&#8230;]<\/p>\n<p style=\"text-align: justify;\">\u00a0<\/p>\n<p style=\"text-align: justify;\">La question que nous devrions poser est au contraire : Est-ce que le Saint-Esprit vous poss\u00e8de ? Est-ce qu&rsquo;il poss\u00e8de tout de vous ou seulement certains aspects ? L&rsquo;attristez-vous <span style=\"background-color: #add8e6;\"><em>(Ep 4.30)<\/em><\/span> ou \u00eates-vous conduits par lui <span style=\"background-color: #add8e6;\"><em>(Rm 8.12-14 ; Ga 5.18-24)<\/em><\/span> ? Vous appuyez-vous sur lui pour qu&rsquo;il vous rende capables de donner au Christ toutes les r\u00e9ponses que l&rsquo;Esprit vous incite \u00e0 lui faire ? Reconnaissez-vous le fait que <span style=\"background-color: #add8e6;\"><em>\u00ab votre corps est un temple du Saint-Esprit qui demeure en vous et que vous avez re\u00e7u de Dieu \u00bb (1 Co 6.19)<\/em><\/span>. R\u00e9v\u00e9rez-vous l&rsquo;oeuvre qu&rsquo;il fait en vous et coop\u00e9rez-vous avec elle ou bien lui faites-vous obstacle par inconscience ou par n\u00e9gligence, par indiscipline ou par \u00e9go\u00efsme ? \u00bb<\/p>\n<p style=\"text-align: justify;\">\u00a0<\/p>\n<p style=\"text-align: justify;\">D&rsquo;o\u00f9 provient donc la confusion entre l&rsquo;Esprit comme personne ou comme puissance ? Je pense qu&rsquo;une part de la responsabilit\u00e9 repose sur la traduction \u00e0 \u00e9quivalence formelle de la promesse de J\u00e9sus dans <span style=\"background-color: #add8e6;\"><em>Actes 1.8 : \u00ab Vous recevrez une puissance, le Saint-Esprit survenant sur vous \u00bb<\/em><\/span>. Cette traduction se calque directement sur la structure de la phrase grecque : \u00ab survenant \u00bb \u00e9tant un participe aoriste en grec, on l&rsquo;a traduit par un participe pr\u00e9sent en fran\u00e7ais, sans penser au contresens que cette forme de phrase pouvait sugg\u00e9rer : Vous recevrez une puissance : le Saint-Esprit survenant sur vous, donc le Saint-Esprit survenant sur vous est une puissance.<\/p>\n<p style=\"text-align: justify;\">\u00a0<\/p>\n<p style=\"text-align: justify;\">Pourtant, Calvin avait d\u00e9j\u00e0 averti dans son <em>Commentaire<\/em> : <em>\u00ab On peut lire cette promesse en deux sortes : ou, vous recevrez la vertu de l&rsquo;Esprit venant sur vous ; ou, la vertu quand l&rsquo;Esprit sera venu sur vous \u00bb<\/em>. Et il pr\u00e9cise : \u00ab<em> La seconde lecture toutefois convient mieux, car elle exprime mieux leur d\u00e9faut (c&rsquo;est-\u00e0-dire ce qui leur manque) jusqu&rsquo;\u00e0 ce que le Saint-Esprit vienne sur eux \u00bb.<\/em><\/p>\n<p style=\"text-align: justify;\">\u00a0<\/p>\n<p style=\"text-align: justify;\">La version de <em>La Colombe<\/em> et la TOB ont lev\u00e9 partiellement l&rsquo;\u00e9quivoque en traduisant : <span style=\"background-color: #add8e6;\"><em>\u00ab Vous recevrez une puissance, celle du Saint-Esprit survenant sur vous \u00bb.<\/em><\/span><\/p>\n<p style=\"text-align: justify;\">\u00a0<\/p>\n<p style=\"text-align: justify;\"><em>La Bible en fran\u00e7ais courant<\/em> est encore plus claire en disant : <span style=\"background-color: #add8e6;\"><em>\u00ab Quand le Saint-Esprit descendra sur vous \u00bb<\/em><\/span>. La Bible du Semeur a r\u00e9tabli l&rsquo;ordre chronologique des deux promesses : <span style=\"background-color: #add8e6;\"><em>\u00ab Le Saint-Esprit descendra sur vous : vous recevrez sa puissance et vous serez mes t\u00e9moins \u00bb.<\/em><\/span><\/p>\n<p style=\"text-align: justify;\"><span style=\"background-color: #add8e6;\"><em><br \/> <\/em><\/span><\/p>\n<p style=\"text-align: justify;\">Ce verset \u00e9tait \u00e9galement \u00e0 l&rsquo;origine de la doctrine du \u00ab bapt\u00eame de puissance \u00bb pr\u00f4n\u00e9e par Finney, Asa Mahan, Upham et le Mouvement de sanctification. Cette expression \u00e9voque pour moi la brochure de Finney et d&rsquo;Asa Mahan intitul\u00e9e<em> \u00ab\u00a0Bapt\u00eame de l&rsquo;Esprit, bapt\u00eame de puissance\u00a0\u00bb<\/em> que nous a pr\u00eat\u00e9e, il y a plus de 50 ans, le pasteur de l&rsquo;Eglise r\u00e9form\u00e9e de Gap et qui nous a lanc\u00e9s pendant des ann\u00e9es dans le labyrinthe des diff\u00e9rentes doctrines au sujet du Saint-Esprit.<\/p>\n<p style=\"text-align: justify;\">\u00a0<\/p>\n<p style=\"text-align: justify;\">Pour Finney, comme pour toute l&rsquo;\u00e9cole d&rsquo;Oberlin, le bapt\u00eame du Saint-Esprit ou bapt\u00eame de puissance est une exp\u00e9rience qui fait suite \u00e0 la conversion et qui \u00e9quipe le chr\u00e9tien pour le service de Dieu. Ce bapt\u00eame, dit Finney, \u00ab est indispensable au succ\u00e8s d&rsquo;un serviteur de Dieu. \u00a0[&#8230;] pour avoir la puissance de convertir les \u00e2mes \u00a0\u00bb<sub><strong>5<\/strong><\/sub>. Ce bapt\u00eame qui, selon Asa Mahan, \u00ab n&rsquo;a lieu g\u00e9n\u00e9ralement qu&rsquo;un temps plus ou moins long apr\u00e8s la conversion \u00bb, nous assure le courage et l&rsquo;efficacit\u00e9 dans le t\u00e9moignage, l&rsquo;assurance du salut, la paix, la joie, la ma\u00eetrise de soi et la pr\u00e9sence d&rsquo;esprit .<strong><sub>6<\/sub><\/strong><\/p>\n<p style=\"text-align: justify;\">\u00a0<\/p>\n<p style=\"text-align: justify;\">Notez que, pour ces auteurs, le bapt\u00eame de puissance n&rsquo;\u00e9tait pas une exp\u00e9rience unique. Finney pr\u00e9tend l&rsquo;avoir v\u00e9cu trois fois dans sa vie. Torrey aussi, qui voit dans le bapt\u00eame de l&rsquo;Esprit un rev\u00eatement de puissance en vue du service, dit que \u00ab nous avons besoin d&rsquo;un nouveau bapt\u00eame chaque fois qu&rsquo;un besoin urgent se pr\u00e9sente dans notre service \u00bb<sub><strong>7<\/strong><\/sub> . Le pentec\u00f4tisme, n\u00e9 au d\u00e9but de ce si\u00e8cle, n&rsquo;a modifi\u00e9 la doctrine du <em>Holiness Movement<\/em> que sur deux points :<\/p>\n<p style=\"text-align: justify;\">\u00a0<\/p>\n<p style=\"text-align: justify;\">&#8211; il en a fait une exp\u00e9rience unique ;<\/p>\n<p style=\"text-align: justify;\">\u00a0<\/p>\n<p style=\"text-align: justify;\">&#8211; il a ajout\u00e9 \u00e0 l&rsquo;exp\u00e9rience le signe du parler en langues.<\/p>\n<p style=\"text-align: justify;\">\u00a0<\/p>\n<p style=\"text-align: justify;\">En fait, l&rsquo;exp\u00e9rience n&rsquo;est unique que depuis 1908 dans les branches principales du pentec\u00f4tisme. Auparavant, le mouvement issu du R\u00e9veil d&rsquo;Azuza Street, le \u00ab Apostolic Faith Movement \u00bb, voyait l&rsquo;oeuvre de Dieu sur l&rsquo;homme en trois \u00e9tapes. Dans sa confession de foi, il est dit : \u00ab Premi\u00e8re oeuvre : la justification. Deuxi\u00e8me oeuvre : la sanctification, l&rsquo;acte de la libre gr\u00e2ce de Dieu qui nous rend saints, (puis) le bapt\u00eame du Saint-Esprit (qui) est un don de puissance accord\u00e9 \u00e0 la vie sanctifi\u00e9e \u00bb.<\/p>\n<p style=\"text-align: justify;\">\u00a0<\/p>\n<p style=\"text-align: justify;\">En 1908, Durham a combin\u00e9 la \u00ab seconde b\u00e9n\u00e9diction \u00bb du mouvement de sanctification avec le bapt\u00eame de puissance caract\u00e9ris\u00e9 par le parler en langues pour en faire l&rsquo;exp\u00e9rience du \u00ab bapt\u00eame de l&rsquo;Esprit \u00bb telle qu&rsquo;elle est enseign\u00e9e dans les Assembl\u00e9es de Dieu. Les \u00ab Eglises de Dieu \u00bb par contre, continuent \u00e0 enseigner le parcours chr\u00e9tien en 3 \u00e9tapes : conversion, sanctification et bapt\u00eame du Saint-Esprit, r\u00e9partissant leurs membres en 3 cat\u00e9gories : tant de sauv\u00e9s, tant de sanctifi\u00e9s et tant de baptis\u00e9s de l&rsquo;Esprit (le bapt\u00eame de l&rsquo;Esprit \u00e9tant vu uniquement comme un rev\u00eatement de puissance pour le t\u00e9moignage et le service, d&rsquo;apr\u00e8s <span style=\"background-color: #add8e6;\"><em>Ac 1.8<\/em><\/span>).<\/p>\n<p style=\"text-align: justify;\">\u00a0<\/p>\n<p style=\"text-align: justify;\">Mais ce n&rsquo;est pas seulement ce verset et sa traduction litt\u00e9rale qui sont causes de la confusion entre l&rsquo;Esprit-Personne et l&rsquo;Esprit-puissance.<\/p>\n<p style=\"text-align: justify;\">\u00a0<\/p>\n<p style=\"text-align: justify;\">Dans toute la Bible, les notions de Dieu et de puissance, plus particuli\u00e8rement d&rsquo;Esprit et de puissance, sont tr\u00e8s voisines et souvent li\u00e9es. Ce qui nous am\u00e8ne \u00e0 une deuxi\u00e8me point :<\/p>\n<p style=\"text-align: justify;\">\u00a0<\/p>\n<p style=\"text-align: justify;\">\u00a0<\/p>\n<h2>II. Le Saint-Esprit, une puissance<\/h2>\n<p style=\"text-align: justify;\">\u00a0<\/p>\n<p style=\"text-align: justify;\">Nous savons que les Juifs \u00e9vitaient de prononcer le nom de Dieu. L&rsquo;une des expressions par lesquelles ils le rempla\u00e7aient \u00e9tait pr\u00e9cis\u00e9ment : <strong>la Puissance<\/strong>. Elle nous est attest\u00e9e dans les \u00e9crits rabbiniques. Dans son cantique de louange (le Magnificat), Marie appelle Dieu <span style=\"background-color: #add8e6;\"><em>\u00ab le Puissant \u00bb (ho dynatos, Luc 1.49).<\/em><\/span><\/p>\n<p style=\"text-align: justify;\">\u00a0<\/p>\n<p style=\"text-align: justify;\"><a href=\"\/wp-content\/uploads\/2013\/09\/colombe.jpg\"><img loading=\"lazy\" decoding=\"async\" class=\"alignleft\" style=\"margin: 10px;\" src=\"\/wp-content\/uploads\/2013\/09\/colombe.jpg\" alt=\"colombe\" width=\"294\" height=\"228\" \/><\/a>La puissance de Dieu s&rsquo;est manifest\u00e9e dans tous les aspects de la vie et du minist\u00e8re de J\u00e9sus d\u00e8s sa conception. L&rsquo;ange a annonc\u00e9 \u00e0 Marie : <span style=\"background-color: #add8e6;\"><em>\u00ab L&rsquo;Esprit Saint descendra sur toi, et la puissance (dynamis) du Dieu Tr\u00e8s Haut te couvrira de son ombre \u00bb (Lc 1.35)<\/em><\/span>. Les deux expressions : <span style=\"background-color: #add8e6;\"><em>\u00ab L&rsquo;Esprit Saint \u00bb<\/em><\/span> et <span style=\"background-color: #add8e6;\"><em>\u00ab la puissance du Tr\u00e8s Haut \u00bb<\/em><\/span> \u00e9tant mises en parall\u00e8les, selon le proc\u00e9d\u00e9 po\u00e9tique h\u00e9bra\u00efque, sont donc \u00e0 consid\u00e9rer comme \u00e9quivalentes. Apr\u00e8s la tentation, J\u00e9sus retourna en Galil\u00e9e <span style=\"background-color: #add8e6;\"><em>\u00ab rempli de la puissance de l&rsquo;Esprit \u00bb (Lc 4.14)<\/em><\/span>. Il accomplit son minist\u00e8re <span style=\"background-color: #add8e6;\"><em>\u00ab avec autorit\u00e9 et puissance \u00bb (Lc 4.36)<\/em><\/span>. Il fit des \u0153uvres puissantes <em>(dynameis)<\/em> <span style=\"background-color: #add8e6;\"><em>(Mt 11.20-23)<\/em><\/span>. Les deux disciples d&rsquo;Emma\u00fcs r\u00e9sument leur opinion sur lui en disant que c&rsquo;\u00e9tait un <span style=\"background-color: #add8e6;\"><em>proph\u00e8te puissant (dynatos) en actions et en paroles (Lc 24.19; <\/em>cf<em>. Ac 7.22)<\/em><\/span>.<\/p>\n<p style=\"text-align: justify;\">\u00a0<\/p>\n<p style=\"text-align: justify;\">Cette puissance, il l&rsquo;a d\u00e9l\u00e9gu\u00e9e aux ap\u00f4tres lorsqu&rsquo;il les a envoy\u00e9s en mission. Il leur donna <span style=\"background-color: #add8e6;\"><em>\u00ab autorit\u00e9 et puissance pour chasser les d\u00e9mons et gu\u00e9rir les malades \u00bb (Lc 9.1)<\/em><\/span>. Ils n&rsquo;ont donc pas \u00e9t\u00e9 surpris comme de quelque chose d&rsquo;in\u00e9dit lorsqu&rsquo;avant de partir, il leur a promis qu&rsquo;ils seraient <span style=\"background-color: #add8e6;\"><em>\u00ab rev\u00eatus de la puissance d&rsquo;En Haut \u00bb (Lc 24.49)<\/em><\/span> et qu<em>&lsquo;ils recevraient une puissance lorsque le Saint-Esprit viendrait sur eux.<\/em><\/p>\n<p style=\"text-align: justify;\">\u00a0<\/p>\n<p style=\"text-align: justify;\">Cette puissance que les ap\u00f4tres ont re\u00e7ue par l&rsquo;Esprit leur permit d&rsquo;accomplir <span style=\"background-color: #add8e6;\"><em>\u00ab beaucoup de miracles et de signes miraculeux \u00bb (Ac 2.43).<\/em><\/span> <span style=\"background-color: #add8e6;\"><em><strong>\u00ab Avec une grande puissance \u00bb<\/strong>, les ap\u00f4tres rendaient t\u00e9moignage de la r\u00e9surrection du Seigneur J\u00e9sus et la gr\u00e2ce de Dieu agissait avec force en eux tous (4.33).<\/em><\/span><\/p>\n<p style=\"text-align: justify;\">\u00a0<\/p>\n<p style=\"text-align: justify;\">Ils ont toujours tenu \u00e0 \u00e9viter que l&rsquo;on attribue cette puissance \u00e0 un pouvoir qui serait en eux. Apr\u00e8s la gu\u00e9rison de l&rsquo;impotent de la Belle-Porte, Pierre demande \u00e0 la foule :<\/p>\n<p style=\"text-align: justify;\">\u00a0<\/p>\n<p style=\"text-align: justify; margin-left: 40px;\"><span style=\"background-color: #add8e6;\"><em>&#8211; \u00ab Pourquoi nous fixez-vous avec tant d&rsquo;insistance comme si c&rsquo;\u00e9tait nous qui, par notre propre puissance (dynamis) ou notre pi\u00e9t\u00e9, avions fait marcher cet homme&#8230;? C&rsquo;est parce que nous croyons dans le nom de J\u00e9sus, que la puissance de ce nom a rendu \u00e0 cet homme&#8230; la force de se tenir debout \u00bb(Ac 3.12,16).<\/em><\/span><\/p>\n<p style=\"text-align: justify;\"><span style=\"background-color: #add8e6;\"><em><br \/> <\/em><\/span><\/p>\n<p style=\"text-align: justify; margin-left: 40px;\"><span style=\"background-color: #add8e6;\"><em>&#8211; \u00ab Par quel pouvoir (ou puissance : dynamis) ou au nom de qui avez-vous fait cela ? \u00bb<\/em><\/span> leur demandent les pr\u00eatres <span style=\"background-color: #add8e6;\"><em>(4.7)<\/em><\/span>.<\/p>\n<p style=\"text-align: justify;\">\u00a0<\/p>\n<p style=\"text-align: justify; margin-left: 40px;\"><span style=\"background-color: #add8e6;\"><em>&#8211; C&rsquo;est au nom de J\u00e9sus <\/em>(et, sous-entendu : par sa puissance<em>, v. 10).<\/em><\/span><\/p>\n<p style=\"text-align: justify;\"><em><span style=\"background-color: #add8e6;\"><br \/> <\/span><\/em><\/p>\n<p style=\"text-align: justify;\"><em><span style=\"background-color: #add8e6;\">\u00ab Etienne, rempli de la gr\u00e2ce et de la puissance divine, accomplissait de grands prodiges et des signes miraculeux au milieu du peuple \u00bb (Ac 6.8)<\/span><\/em>. Ces miracles sont \u00ab les marques qui caract\u00e9risent un ap\u00f4tre \u00bb dit Paul <span style=\"background-color: #add8e6;\"><em>(2 Co 12.12)<\/em><\/span>. <span style=\"background-color: #add8e6;\"><em>\u00ab La puissance de Dieu, <\/em>\u00e9crit-il aux Romains,<em> s&rsquo;est manifest\u00e9e dans les miracles et les prodiges r\u00e9alis\u00e9s par la puissance de l&rsquo;esprit de Dieu \u00bb (Rm 15.19).<\/em><\/span><\/p>\n<p style=\"text-align: justify;\">\u00a0<\/p>\n<p style=\"text-align: justify;\">Aux Corinthiens, il donne, parmi les signes par lesquels lui et les vrais ap\u00f4tres se recommandent comme serviteurs de Dieu : <span style=\"background-color: #add8e6;\"><em>\u00ab la pers\u00e9v\u00e9rance dans les d\u00e9tresses, les privations&#8230; la puret\u00e9, la connaissance&#8230; l&rsquo;Esprit Saint, l&rsquo;amour sans feinte, la Parole de v\u00e9rit\u00e9 et la puissance de Dieu \u00bb (2 Co 6.4-7).<\/em><\/span> Etre serviteur de la Bonne Nouvelle <span style=\"background-color: #add8e6;\"><em>\u00ab tel est le don que Dieu m&rsquo;a accord\u00e9 dans sa gr\u00e2ce, par l&rsquo;action de sa puissance \u00bb<\/em><\/span> \u00e9crit-il aux <span style=\"background-color: #add8e6;\"><em>Eph\u00e9siens (3.7)<\/em><\/span>. Aussi a-t-il pu apporter cette Bonne Nouvelle <span style=\"background-color: #add8e6;\"><em>\u00ab non en paroles seulement, mais aussi avec la puissance et la pleine conviction que donne le Saint-Esprit \u00bb (1 Th 1.5)<\/em><\/span>. <span style=\"background-color: #add8e6;\"><em>\u00ab Mon enseignement et ma pr\u00e9dication reposaient sur une action manifeste de la puissance de l&rsquo;Esprit \u00bb (I Co 2.4)<\/em><\/span>. Oui, la pr\u00e9dication de la mort du Christ sur une croix, pour nous qui sommes sauv\u00e9s, est <span style=\"background-color: #add8e6;\"><em>\u00ab la puissance m\u00eame de Dieu \u00bb (1 Co 1.18)<\/em><\/span>, <span style=\"background-color: #add8e6;\"><em>\u00ab la puissance de Dieu pour le salut de quiconque croit \u00bb (Rm 1.16)<\/em><\/span>.<\/p>\n<p style=\"text-align: justify;\">\u00a0<\/p>\n<p style=\"text-align: justify;\">Cette m\u00eame puissance est \u00e0 la disposition de tous les croyants. Paul prie pour les Eph\u00e9siens afin que Dieu illumine leur intelligence pour qu&rsquo;ils comprennent quelle est&#8230; <span style=\"background-color: #add8e6;\"><em>\u00ab l&rsquo;extraordinaire grandeur de la puissance qu&rsquo;il met en \u0153uvre en notre faveur, \u00e0 nous qui pla\u00e7ons notre confiance en lui. Cette puissance en effet, il l&rsquo;a d\u00e9ploy\u00e9e dans toute sa force en la faisant agir dans le Christ lorsqu&rsquo;il l&rsquo;a ressuscit\u00e9 des morts \u00bb (Ep 1.19-20).<\/em><\/span><\/p>\n<p style=\"text-align: justify;\"><span style=\"background-color: #add8e6;\"><em><br \/> <\/em><\/span><\/p>\n<p style=\"text-align: justify;\">Un peu plus loin, il demande \u00e0 Dieu qu&rsquo;il leur <span style=\"background-color: #add8e6;\"><em>\u00ab accorde d&rsquo;\u00eatre fortifi\u00e9s avec puissance par son Esprit dans leur \u00eatre int\u00e9rieur \u00bb (3.16)<\/em><\/span>. Car <span style=\"background-color: #add8e6;\"><em>\u00ab par la puissance qui agit en nous, il peut r\u00e9aliser infiniment au-del\u00e0 de ce que nous demandons ou m\u00eame pensons \u00bb (v. 20).<\/em><\/span><\/p>\n<p style=\"text-align: justify;\">\u00a0<\/p>\n<p style=\"text-align: justify;\"><span style=\"background-color: #add8e6;\"><em>\u00ab Ainsi, <\/em>\u00e9crit-il aux Romains<em>, votre c\u0153ur d\u00e9bordera d&rsquo;esp\u00e9rance par la puissance du Saint-Esprit \u00bb (Rm 15.13).<\/em><\/span><\/p>\n<p style=\"text-align: justify;\">\u00a0<\/p>\n<p style=\"text-align: justify;\">Aux Colossiens : <span style=\"background-color: #add8e6;\"><em>\u00ab Dieu vous fortifiera pleinement \u00e0 la mesure de sa puissance glorieuse pour que vous puissiez tout supporter et pers\u00e9v\u00e9rer jusqu&rsquo;au bout \u00bb (Col 1.11).<\/em><\/span><\/p>\n<p style=\"text-align: justify;\">\u00a0<\/p>\n<p style=\"text-align: justify;\">C&rsquo;est en effet <span style=\"background-color: #add8e6;\"><em>\u00ab par la force que Dieu donne \u00bb qu&rsquo;il nous est possible, comme l&rsquo;ap\u00f4tre, de \u00ab souffrir pour l&rsquo;Evangile \u00bb (2 Tm 1.8).<\/em><\/span><\/p>\n<p style=\"text-align: justify;\"><span style=\"background-color: #add8e6;\"><em><br \/> <\/em><\/span><\/p>\n<p style=\"text-align: justify;\"><span style=\"background-color: #add8e6;\"><em>\u00ab Par sa puissance, <\/em>\u00e9crit l&rsquo;ap\u00f4tre Pierre<em>, Dieu nous a donn\u00e9 tout ce qu&rsquo;il faut pour vivre dans l&rsquo;attachement au Seigneur \u00bb (2 P 1.3).<\/em><\/span><\/p>\n<p style=\"text-align: justify;\">\u00a0<\/p>\n<p style=\"text-align: justify;\">C&rsquo;est pourquoi Paul exhorte les Eph\u00e9siens \u00e0 <span style=\"background-color: #add8e6;\"><em>\u00ab puiser leur force dans le Seigneur et dans sa grande puissance \u00bb (6.10)<\/em><\/span>. <span style=\"background-color: #add8e6;\"><em>\u00ab Dieu nous a donn\u00e9 un Esprit de puissance, d&rsquo;amour et de ma\u00eetrise de soi \u00bb (2 Tm 1.7).<\/em><\/span><\/p>\n<p style=\"text-align: justify;\">\u00a0<\/p>\n<p style=\"text-align: justify;\">\u00ab Dans la combinaison de <em>dynamis<\/em> et de <em>pneuma<\/em> (puissance et Esprit) \u00e9crit Herbert Grundmann, est exprim\u00e9e la puissance avec laquelle le Seigneur ressuscit\u00e9 est pr\u00e9sent parmi son peuple en tant qu&rsquo;Esprit&#8230; Dans l&rsquo;\u00c9glise, Christ est pr\u00e9sent pour les ap\u00f4tres comme dispensateur de la puissance&#8230; Dans la proclamation de Paul, Christ est pr\u00e9sent comme <em>pneuma<\/em> (Esprit) et se d\u00e9montre comme la puissance de Dieu sur qui la vie nouvelle est fond\u00e9e par la foi dans cette proclamation. \u00bb<\/p>\n<p style=\"text-align: justify;\">\u00a0<\/p>\n<p style=\"text-align: justify;\">Nous constatons donc que la connexion entre Esprit et puissance n&rsquo;est pas sans fondement biblique.<\/p>\n<p style=\"text-align: justify;\">\u00a0<\/p>\n<p style=\"text-align: justify;\">Dire : \u00ab le Saint-Esprit : personne et puissance \u00bb n&rsquo;est pas faux. Avoir le Saint- Esprit, c&rsquo;est aussi avoir \u00e0 sa disposition la puissance, la puissance de Dieu lui-m\u00eame, celle qui a ressuscit\u00e9 J\u00e9sus d&rsquo;entre les morts, <span style=\"background-color: #add8e6;\"><em>\u00ab\u00a0les puissances du monde \u00e0 venir\u00a0\u00bb<\/em><\/span> comme l&rsquo;appelle l&rsquo;auteur de l&rsquo;\u00e9p\u00eetre aux <span style=\"background-color: #add8e6;\"><em>H\u00e9breux (6.5)<\/em><\/span>, celles du monde de Dieu \u00e0 l&rsquo;oeuvre ici et maintenant.<\/p>\n<p style=\"text-align: justify;\">\u00a0<\/p>\n<p style=\"text-align: justify;\">Cette puissance, les ap\u00f4tres l&rsquo;ont manifest\u00e9e par des signes et des miracles, des gu\u00e9risons et m\u00eame des r\u00e9surrections de morts. Elle est \u00e0 la disposition de chaque croyant pour fortifier son \u00eatre int\u00e9rieur, le rendre capable d&rsquo;<em>accomplir toute bonne \u0153uvre <span style=\"background-color: #add8e6;\">(2 Th 1.11)<\/span><\/em>, d&rsquo;\u00eatre un t\u00e9moin du Christ, capable de tout supporter avec pers\u00e9v\u00e9rance et joie et m\u00eame de souffrir pour Christ.<\/p>\n<p style=\"text-align: justify;\">\u00a0<\/p>\n<p style=\"text-align: justify;\">Cette puissance vient en nous avec le Saint-Esprit lors de notre nouvelle naissance, nous n&rsquo;avons pas besoin d&rsquo;attendre une \u00ab seconde b\u00e9n\u00e9diction \u00bb, un \u00ab bapt\u00eame de puissance \u00bb, il nous suffit de saisir par la foi le don de Dieu et d&rsquo;accomplir <span style=\"background-color: #add8e6;\"><em>\u00ab par la foi en la puissance de Dieu \u00bb (Col 2.12)<\/em><\/span> toutes les bonnes \u0153uvres que Dieu a pr\u00e9par\u00e9es d&rsquo;avance pour nous. [&#8230;]<\/p>\n<p style=\"text-align: justify;\">\u00a0<\/p>\n<p style=\"text-align: justify;\">La formulation : \u00ab Le Saint-Esprit puissance et personne \u00bb peut \u00eatre comprise comme un programme, un itin\u00e9raire spirituel : apr\u00e8s avoir \u00e9prouv\u00e9 la puissance de l&rsquo;Esprit, nous sommes appel\u00e9s \u00e0 le conna\u00eetre de plus en plus comme personne, \u00e0 lui faire confiance pour la conduite de notre vie, \u00e0 lui remettre les r\u00eanes du gouvernement, \u00e0 \u00e9couter ses conseils au travers de la Parole qu&rsquo;il a inspir\u00e9e et des fr\u00e8res et s\u0153urs en qui il demeure et \u00e0 le laisser glorifier J\u00e9sus \u00e0 travers tout ce que nous pensons, tout ce que nous disons et faisons.<\/p>\n<p style=\"text-align: justify;\">\u00a0<\/p>\n<p style=\"text-align: justify;\">\u00ab Puisque l&rsquo;Esprit est la source de notre vie, laissons-le aussi diriger notre conduite \u00bb \u00e9crit l&rsquo;ap\u00f4tre Paul aux Galates, et laissons-le produire en nous ses fruits : <span style=\"background-color: #add8e6;\"><em>l&rsquo;amour, la joie, la paix, la patience, l&rsquo;amabilit\u00e9, la bont\u00e9, la fid\u00e9lit\u00e9, la douceur, la ma\u00eetrise de soi \u00bb (Ga 5.22,25)<\/em><\/span> qui ne sont rien d&rsquo;autre que les divers aspects du caract\u00e8re de J\u00e9sus selon ce qu&rsquo;il a lui-m\u00eame dit : <span style=\"background-color: #add8e6;\"><em>\u00ab il puisera dans ce qui est \u00e0 moi et il vous le communiquera \u00bb (Jn 16.15).<\/em><\/span><\/p>\n<p style=\"text-align: justify;\">\u00a0<\/p>\n<p style=\"text-align: justify;\">C&rsquo;est ainsi que J\u00e9sus sera glorifi\u00e9 en nous. Telle est bien la fonction principale de l&rsquo;Esprit : glorifier J\u00e9sus <span style=\"background-color: #add8e6;\"><em>(Jn 16.14)<\/em><\/span>. Le Saint-Esprit puissance ou personne ? La Bible r\u00e9pond clairement : une Personne, mais une Personne puissante, <span style=\"background-color: #add8e6;\"><em>\u00ab la puissance du Dieu Tr\u00e8s Haut \u00bb<\/em><\/span>, qui veut nous communiquer sa puissance.<\/p>\n<p style=\"text-align: justify;\">\u00a0<\/p>\n<p style=\"text-align: justify;\">C&rsquo;est \u00ab un Esprit qui rend fort, aimant et r\u00e9fl\u00e9chi \u00bb. N&rsquo;est-ce pas ce dont nous avons le plus besoin ?<\/p>\n<p style=\"text-align: justify;\">\u00a0<\/p>\n<p style=\"text-align: center;\">A.K.<\/p>\n<hr \/>\n<p>&nbsp;<\/p>\n<p style=\"text-align: justify;\">NOTES<\/p>\n<p style=\"text-align: justify;\">\u00a0<\/p>\n<p style=\"text-align: justify;\"><strong>1.<\/strong> Alfred KUEN, ancien professeur \u00e0 l&rsquo;Institut Biblique Emma\u00fcs, en Suisse, est bien connu par ses nombreux ouvrages th\u00e9ologiques (Cet article a paru dans La Revue R\u00e9form\u00e9e, n\u00b0 182, 1984\/4 septembre).<\/p>\n<p style=\"text-align: justify;\">\u00a0<\/p>\n<p style=\"text-align: justify;\"><strong>2.<\/strong> B\u00e2le : EBV, p. 14.<\/p>\n<p style=\"text-align: justify;\">\u00a0<\/p>\n<p style=\"text-align: justify;\"><strong>3.<\/strong> R. Pache, <em>La Personne et l&rsquo;oeuvre du Saint-Esprit<\/em> (Vevey : Emma\u00fcs, 1947), p. 16.<\/p>\n<p style=\"text-align: justify;\">\u00a0<\/p>\n<p style=\"text-align: justify;\"><strong>4.\u00a0<\/strong>\u00a0<em>Keep in step with the Spirit<\/em> (Leicester : IVP, 1984), p.92-93.<\/p>\n<p style=\"text-align: justify;\">\u00a0<\/p>\n<p style=\"text-align: justify;\"><strong>5.<\/strong>\u00a0<em>Memoirs<\/em> (New-York : R\u00e9veil, 1903), p.55. <em>Bapt\u00eame de l&rsquo;Esprit, bapt\u00eame de puissance<\/em> (Saint-B\u00e9n\u00e9zet, 1925), p.8-10. <em>Ce que la Bible enseigne <\/em>(Bruxelles, s.d.), p.281.<\/p>\n<p style=\"text-align: justify;\">\u00a0<\/p>\n<p style=\"text-align: justify;\"><strong>6.<\/strong>\u00a0<em>Bapt\u00eame de l\u2019Esprit, bapt\u00eame de puissance<\/em> (Saint-B\u00e9nezet, 1925), p.8-10.<\/p>\n<p style=\"text-align: justify;\">\u00a0<\/p>\n<p style=\"text-align: justify;\"><strong>7.<\/strong>\u00a0<em>Ce que la Bible enseigne<\/em> (Bruxelles, s.d.), p.281.<\/p>\n<p style=\"text-align: justify;\">\u00a0<\/p>\n<p>&nbsp;<\/p>\n<table style=\"width: 95%;\" border=\"1\" cellspacing=\"3\" cellpadding=\"2\">\n<colgroup>\n<col style=\"text-align: justify;\" width=\"95%\" \/><\/colgroup>\n<tbody>\n<tr>\n<td width=\"95%\">\n<p style=\"text-align: justify;\">La doctrine de l&rsquo;Esprit dans sa relation avec le croyant a \u00e9t\u00e9, au cours des cinquante derni\u00e8res ann\u00e9es, envelopp\u00e9e dans un brouillard comme une montagne dans la temp\u00eate. Un monde de confusion a voil\u00e9 cette v\u00e9rit\u00e9. On a enseign\u00e9 aux enfants de Dieu des doctrines contradictoires \u00e0 partir de m\u00eames textes ; on les a tellement avertis, menac\u00e9s, intimid\u00e9s, qu&rsquo;ils reculent instinctivement devant toute mention de l&rsquo;enseignement sur le Saint-Esprit.<\/p>\n<p style=\"text-align: justify;\">(TOZER, \u00a0\u00bb La vie plus profonde\u00a0\u00bb, dans les<em> carnets de Croire et Servir<\/em>, 1793, p.48).<\/p>\n<\/td>\n<\/tr>\n<\/tbody>\n<\/table>\n<p>&nbsp;<\/p>\n<p style=\"text-align: justify;\">\u00a0<\/p>\n","protected":false},"excerpt":{"rendered":"<p>Le Saint-Esprit &#8211; Puissance et personne &nbsp; \u00a0 &nbsp; par Alfred KUEN1 &nbsp; &nbsp; I. Le Saint-Esprit, une personne ? &nbsp; &nbsp; Dans son dernier livre, Un Esprit qui rend fort, aimant et r\u00e9fl\u00e9chi, Billy Graham dit : \u00ab La Bible nous enseigne que le Saint-Esprit est une personne. En parlant de lui, J\u00e9sus emploie [&hellip;]<\/p>\n","protected":false},"author":72,"featured_media":0,"comment_status":"closed","ping_status":"closed","sticky":false,"template":"","format":"standard","meta":{"footnotes":""},"categories":[6,24,13],"tags":[],"class_list":["post-6582","post","type-post","status-publish","format-standard","hentry","category-dieu","category-le-saint-esprit","category-la-vie-de-leglise"],"_links":{"self":[{"href":"https:\/\/www.servir.caef.net\/index.php?rest_route=\/wp\/v2\/posts\/6582","targetHints":{"allow":["GET"]}}],"collection":[{"href":"https:\/\/www.servir.caef.net\/index.php?rest_route=\/wp\/v2\/posts"}],"about":[{"href":"https:\/\/www.servir.caef.net\/index.php?rest_route=\/wp\/v2\/types\/post"}],"author":[{"embeddable":true,"href":"https:\/\/www.servir.caef.net\/index.php?rest_route=\/wp\/v2\/users\/72"}],"replies":[{"embeddable":true,"href":"https:\/\/www.servir.caef.net\/index.php?rest_route=%2Fwp%2Fv2%2Fcomments&post=6582"}],"version-history":[{"count":0,"href":"https:\/\/www.servir.caef.net\/index.php?rest_route=\/wp\/v2\/posts\/6582\/revisions"}],"wp:attachment":[{"href":"https:\/\/www.servir.caef.net\/index.php?rest_route=%2Fwp%2Fv2%2Fmedia&parent=6582"}],"wp:term":[{"taxonomy":"category","embeddable":true,"href":"https:\/\/www.servir.caef.net\/index.php?rest_route=%2Fwp%2Fv2%2Fcategories&post=6582"},{"taxonomy":"post_tag","embeddable":true,"href":"https:\/\/www.servir.caef.net\/index.php?rest_route=%2Fwp%2Fv2%2Ftags&post=6582"}],"curies":[{"name":"wp","href":"https:\/\/api.w.org\/{rel}","templated":true}]}}