{"id":6586,"date":"1997-09-07T08:47:39","date_gmt":"1997-09-07T08:47:39","guid":{"rendered":"\/?p=6586"},"modified":"2016-05-19T06:33:56","modified_gmt":"2016-05-19T06:33:56","slug":"la-presence-et-laction-du-saint-esprit-dans-la-vie-du-croyant","status":"publish","type":"post","link":"https:\/\/www.servir.caef.net\/?p=6586","title":{"rendered":"La pr\u00e9sence et l&rsquo;action du Saint-Esprit dans la vie du croyant"},"content":{"rendered":"<h1 style=\"text-align: center;\">La pr\u00e9sence et l&rsquo;action du Saint-Esprit<\/h1>\n<h1 style=\"text-align: center;\">\u00a0<\/h1>\n<h1 style=\"text-align: center;\">dans la vie du croyant<\/h1>\n<p>\u00a0<a href=\"\/wp-content\/uploads\/2008\/03\/colombe.gif\"><img loading=\"lazy\" decoding=\"async\" class=\"size-full wp-image-8308 aligncenter\" src=\"\/wp-content\/uploads\/2008\/03\/colombe.gif\" alt=\"colombe\" width=\"274\" height=\"207\" \/><\/a><\/p>\n<p>&nbsp;<\/p>\n<p><span style=\"font-size: 16px;\"><strong>par <span style=\"color: #b22222;\">Jean-Pierre BORY <\/span><\/strong><\/span><\/p>\n<p>&nbsp;<\/p>\n<p>&nbsp;<\/p>\n<p>&nbsp;<\/p>\n<h3 style=\"text-align: justify;\">Ceux qui d\u00e9sirent creuser la question de l&rsquo;action de l&rsquo;Esprit de Dieu dans la vie du croyant ne manquent pas de mati\u00e8re ! Et font preuve d&rsquo;intelligence ! Car ils cherchent \u00e0 comprendre l&rsquo;un des trois volets fondamentaux de la r\u00e9v\u00e9lation et de l&rsquo;action divine en faveur de l&rsquo;homme : de m\u00eame que l&rsquo;initiative du P\u00e8re est premi\u00e8re dans la r\u00e9v\u00e9lation et l&rsquo;ex\u00e9cution du grand dessein divin pour le salut de l&rsquo;homme, de m\u00eame que la venue et l&rsquo;oeuvre du Fils sont n\u00e9cessaires pour l&rsquo;ex\u00e9cution de ce dessein, de m\u00eame aussi l&rsquo;homme ne peut na\u00eetre de nouveau en vue d&rsquo;une vie de communion avec Dieu, sans la pr\u00e9sence et l&rsquo;action souveraine de l&rsquo;Esprit, par lequel l&rsquo;homme re\u00e7oit vie, identit\u00e9 et capacit\u00e9 nouvelle de relation avec le Seigneur, Dieu Saint et Eternel.<\/h3>\n<h3 style=\"text-align: justify;\">\u00a0<\/h3>\n<h3 style=\"text-align: justify;\">Voici donc quelques r\u00e9f\u00e9rences de textes bibliques \u00e0 relire et \u00e0 m\u00e9diter&#8230;<\/h3>\n<p style=\"text-align: justify;\">\u00a0<\/p>\n<p style=\"text-align: justify;\"><!--more--><\/p>\n<p style=\"text-align: justify;\">\u00a0<\/p>\n<p style=\"text-align: justify;\"><span style=\"font-size: 16px;\"><strong><a href=\"\/wp-content\/uploads\/1997\/pdf1997\/1997_05_10_actionsaintesprit.pdf\" target=\"_blank\"><img loading=\"lazy\" decoding=\"async\" title=\"iconePDF\" src=\"\/wp-content\/uploads\/2011\/01\/iconePDF.jpg\" alt=\"\" width=\"81\" height=\"76\" align=\"right\" hspace=\"8\" vspace=\"8\" \/><\/a>1 <\/strong><\/span>\u00a0Depuis le jour de la Pentec\u00f4te au 1er si\u00e8cle de notre \u00e8re, tout croyant de la Nouvelle Alliance b\u00e9n\u00e9ficie du bapt\u00eame de l&rsquo;Esprit Saint qui co\u00efncide avec sa nouvelle naissance et qui fait de lui un membre du Corps de Christ, l&rsquo;Eglise <span style=\"background-color: #add8e6;\"><em>(1 Co 12.13 ; Ro 8.9; Gai 3.2)<\/em><\/span>.<\/p>\n<p style=\"text-align: justify;\">\u00a0<\/p>\n<p style=\"text-align: justify;\"><span style=\"font-size: 16px;\"><strong>2 <\/strong><\/span>\u00a0Le signe de la pr\u00e9sence de l&rsquo;Esprit dans le coeur du croyant est le fait que ce dernier reconna\u00eet J\u00e9sus-Christ pour son Seigneur <span style=\"background-color: #add8e6;\"><em>(1 Co 12.3)<\/em><\/span> et porte dans sa vie le fruit de cet Esprit <span style=\"background-color: #add8e6;\"><em>(Ga 5.22 ; Ep 2.10)<\/em><\/span>.<\/p>\n<p style=\"text-align: justify;\">\u00a0<\/p>\n<p style=\"text-align: justify;\"><span style=\"font-size: 16px;\"><strong>3<\/strong><\/span> \u00a0L&rsquo;Ecriture invite le croyant \u00e0 rechercher la pl\u00e9nitude de Dieu <span style=\"background-color: #add8e6;\"><em>(Ep 3.19)<\/em><\/span>, la pl\u00e9nitude de l&rsquo;Esprit <span style=\"background-color: #add8e6;\"><em>(5.18)<\/em><\/span> et \u00e0 conserver la pl\u00e9nitude qu&rsquo;il a en Christ <span style=\"background-color: #add8e6;\"><em>(Col 2.10).<\/em><\/span><\/p>\n<p style=\"text-align: justify;\">\u00a0<\/p>\n<p style=\"text-align: justify;\"><span style=\"font-size: 16px;\"><strong>4<\/strong><\/span> \u00a0La pl\u00e9nitude de l&rsquo;habitation divine en l&rsquo;homme n&rsquo;est pas un acquis d\u00e9finitif mais se retrouve et se conserve par une recherche de la volont\u00e9 de Dieu <span style=\"background-color: #add8e6;\"><em>(Ep 5.17)<\/em><\/span> ; Dieu veut la sanctification du chr\u00e9tien <span style=\"background-color: #add8e6;\"><em>(1 Th 4.3)<\/em><\/span>, une totale cons\u00e9cration et un renouvellement int\u00e9rieur <span style=\"background-color: #add8e6;\"><em>(Ro 12.1-2)<\/em><\/span> ; le p\u00e9ch\u00e9 doit \u00eatre r\u00e9solument rejet\u00e9 afin que l&rsquo;Esprit ait pleine libert\u00e9 dans le croyant <span style=\"background-color: #add8e6;\"><em>(1 Co 6.19-20 ; 1 Th 4.7-8)<\/em><\/span>.<\/p>\n<p style=\"text-align: justify;\">\u00a0<\/p>\n<p style=\"text-align: justify;\"><span style=\"font-size: 16px;\"><strong>5<\/strong><\/span> \u00a0La sanctification est l&rsquo;oeuvre de Dieu <span style=\"background-color: #add8e6;\"><em>(1 Th 5.23 ; Ep 5.26)<\/em><\/span> par sa parole de v\u00e9rit\u00e9 <span style=\"background-color: #add8e6;\"><em>(Jn 15.3 et 17.17)<\/em><\/span>, par J\u00e9sus-Christ <span style=\"background-color: #add8e6;\"><em>(1 Co 1.2)<\/em><\/span> et par son Esprit <span style=\"background-color: #add8e6;\"><em>(1 Co6.11).<\/em><\/span><\/p>\n<p style=\"text-align: justify;\">\u00a0<\/p>\n<p style=\"text-align: justify;\"><span style=\"font-size: 16px;\"><strong>6<\/strong><\/span> L&rsquo;Esprit accorde des dons \u00e0 chaque croyant en les distribuant comme il le veut <span style=\"background-color: #add8e6;\"><em>(1 Co 12.11)<\/em><\/span>. Leur objectif est l&rsquo;\u00e9dification de l&rsquo;Eglise <span style=\"background-color: #add8e6;\"><em>(1 Co 14.5,12, 17,19,26)<\/em><\/span>.Toutefois le croyant est invit\u00e9 \u00e0 aspirer \u00e0 d&rsquo;autres dons que celui ou ceux qu&rsquo;il a d\u00e9j\u00e0, mais en donnant priorit\u00e9 aux meilleurs <span style=\"background-color: #add8e6;\"><em>(1 Co 12.31)<\/em><\/span> : certains dons sont plus utiles que d&rsquo;autres, comme ceux qui \u00e9difient l&rsquo;Eglise <span style=\"background-color: #add8e6;\"><em>(1 Co 14,3,4,5,6,12,39)<\/em><\/span>, en particulier le don de proph\u00e9tie lorsqu&rsquo;il \u00ab\u00a0\u00e9difie, instruit, console\u00a0\u00bb <span style=\"background-color: #add8e6;\"><em>(1 Co 14.3,4,5)<\/em><\/span>.<\/p>\n<p style=\"text-align: justify;\">\u00a0<\/p>\n<p style=\"text-align: justify;\"><span style=\"font-size: 16px;\"><strong>7<\/strong><\/span> L&rsquo;exercice des diff\u00e9rents dons de l&rsquo;Esprit dans leur vari\u00e9t\u00e9 est indispensable \u00e0 la vie de l&rsquo;Eglise <span style=\"background-color: #add8e6;\"><em>(Ro 12 ; 1 Co 12 ; Ep 4.1-16)<\/em><\/span> mais en tenant compte de la mod\u00e9ration et de la prudence recommand\u00e9es en <span style=\"background-color: #add8e6;\"><em>1 Co 14 (<\/em>en particulier<em> v.27 \u00e0 32)<\/em><\/span>.<\/p>\n<p style=\"text-align: justify;\">\u00a0<\/p>\n<p style=\"text-align: justify;\"><span style=\"font-size: 16px;\"><strong>8<\/strong><\/span> Dieu peut accorder encore aujourd&rsquo;hui des dons miraculeux. La prudence est de rigueur dans l&rsquo;appr\u00e9ciation des manifestations surnaturelles : une parole proph\u00e9tique s&rsquo;av\u00e9rera fond\u00e9e lors de son accomplissement <span style=\"background-color: #add8e6;\"><em>(Dt 18.22)<\/em><\/span> ; des signes miraculeux ne sont pas une preuve d&rsquo;authenticit\u00e9 irr\u00e9futable d&rsquo;une parole dite au nom de Dieu <span style=\"background-color: #add8e6;\"><em>(Ex 7.22 ; 8.3 ; Dt 13.2-3 ; Mt 24.24)<\/em><\/span>, mais la conformit\u00e9 de cette parole avec la volont\u00e9 de Dieu r\u00e9v\u00e9l\u00e9e dans l&rsquo;Ecriture est indispensable <span style=\"background-color: #add8e6;\"><em>(Dt. 13.4-5 ; Ap 2.20)<\/em><\/span>. Le r\u00e9sultat d&rsquo;un miracle devrait pouvoir \u00eatre authentifi\u00e9 <span style=\"background-color: #add8e6;\"><em>(Jn 9.19 ; Mt 8.4 ; Luc 17.14)<\/em><\/span>.<\/p>\n<p style=\"text-align: justify;\">\u00a0<\/p>\n<p style=\"text-align: justify;\"><span style=\"font-size: 16px;\"><strong><a href=\"\/wp-content\/uploads\/2011\/03\/evangeliques2.jpg\"><img loading=\"lazy\" decoding=\"async\" class=\"wp-image-729 alignright\" style=\"margin: 10px;\" src=\"\/wp-content\/uploads\/2011\/03\/evangeliques2.jpg\" alt=\"evangeliques2\" width=\"281\" height=\"212\" srcset=\"https:\/\/www.servir.caef.net\/wp-content\/uploads\/2011\/03\/evangeliques2.jpg 425w, https:\/\/www.servir.caef.net\/wp-content\/uploads\/2011\/03\/evangeliques2-300x227.jpg 300w\" sizes=\"auto, (max-width: 281px) 100vw, 281px\" \/><\/a>9<\/strong><\/span> \u00a0Les manifestations proph\u00e9tiques en public doivent se produire dans l&rsquo;ordre <span style=\"background-color: #add8e6;\"><em>(1 Co 14.29,33)<\/em><\/span>, la biens\u00e9ance <span style=\"background-color: #add8e6;\"><em>(1 Co 14.40)<\/em><\/span>, de fa\u00e7on consciente et sous contr\u00f4le personnel <span style=\"background-color: #add8e6;\"><em>(Ro 12.3 ; 1 Co 14.32)<\/em><\/span>. Elles doivent se d\u00e9rouler sous la responsabilit\u00e9 des anciens ou pasteurs de l&rsquo;\u00e9glise <span style=\"background-color: #add8e6;\"><em>(H\u00e9 13.17; 1 Th 5.11-12)<\/em><\/span>, de fa\u00e7on que l&rsquo;\u00e9glise comprenne et soit \u00e9difi\u00e9e <span style=\"background-color: #add8e6;\"><em>(1 Co 14.26,28,31)<\/em><\/span>. Tout exercice d&rsquo;un don ou d&rsquo;un minist\u00e8re spirituel doit contribuer \u00e0 l&rsquo;\u00e9dification de l&rsquo;Eglise <span style=\"background-color: #add8e6;\"><em>(Ep 4.12-13)<\/em><\/span>. Ces manifestations spirituelles provenant de l&rsquo;Esprit d&rsquo;unit\u00e9 doivent contribuer \u00e0 la paix et \u00e0 l&rsquo;unit\u00e9 de l&rsquo;Eglise <span style=\"background-color: #add8e6;\"><em>(Ep 4.3; 1 Co 1.10)<\/em><\/span>.<\/p>\n<p style=\"text-align: justify;\">\u00a0<\/p>\n<p style=\"text-align: justify;\">L&rsquo;action de l&rsquo;Esprit de Dieu a pour objectif l&rsquo;unit\u00e9 de foi, de connaissance et de doctrine <span style=\"background-color: #add8e6;\"><em>(Ep 4.13-14)<\/em><\/span>. Si des manifestations ou des opinions deviennent occasion de critique ou de division, elles doivent laisser place \u00e0 une recherche de paix et de communion mutuelle <span style=\"background-color: #add8e6;\"><em>(Ro 14.10,17-19 ; 15.5-6 ; Ph 3.15-16)<\/em><\/span>. Les manifestations spirituelles (proph\u00e9tie, langues&#8230;) ne sont jamais pr\u00e9sent\u00e9es dans les textes didactiques comme des signes de nouvelle naissance, de spiritualit\u00e9 ou de maturit\u00e9.<\/p>\n<p style=\"text-align: justify;\">\u00a0<\/p>\n<p style=\"text-align: justify;\"><span style=\"font-size: 16px;\"><strong>10<\/strong><\/span> Comme pour tous les autres domaines de sa foi et de sa vie chr\u00e9tienne, le croyant doit soumettre sa pratique des dons spirituels dans l&rsquo;\u00e9glise \u00e0 l&rsquo;autorit\u00e9 de l&rsquo;Ecriture, juge de toute exp\u00e9rience <span style=\"background-color: #add8e6;\"><em>(1 Co 4.6 ; 14.37 ; <\/em>cf. aussi <em>2 Pi 1.20-21 ;<\/em> ainsi faisaient les chr\u00e9tiens de B\u00e9r\u00e9e<em> : Ac 17.11)<\/em><\/span>. L&rsquo;exp\u00e9rience personnelle n&rsquo;est pas pr\u00e9sent\u00e9e comme normative dans l&rsquo;Ecriture.<\/p>\n<p style=\"text-align: justify;\">\u00a0<\/p>\n<p style=\"text-align: justify;\"><strong><span style=\"font-size: 16px;\">11<\/span><\/strong> L&rsquo;Ecriture invite avec insistance le croyant \u00e0 la r\u00e9flexion, \u00e0 l&rsquo;intelligence, \u00e0 l&rsquo;effort de compr\u00e9hension, \u00e0 la pens\u00e9e raisonnable et \u00e9quilibr\u00e9e sous le contr\u00f4le de l&rsquo;Esprit de Dieu <span style=\"background-color: #add8e6;\"><em>(Col 1.9 ; Ro 12.2 ; Ep 1.3 <\/em>et<em> 8 ; <\/em>etc<em>.)<\/em><\/span>.<\/p>\n<p style=\"text-align: justify;\">\u00a0<\/p>\n<p>&nbsp;<\/p>\n<p style=\"text-align: center;\">J.-P. B.<\/p>\n","protected":false},"excerpt":{"rendered":"<p>La pr\u00e9sence et l&rsquo;action du Saint-Esprit \u00a0 dans la vie du croyant \u00a0 &nbsp; par Jean-Pierre BORY &nbsp; &nbsp; &nbsp; Ceux qui d\u00e9sirent creuser la question de l&rsquo;action de l&rsquo;Esprit de Dieu dans la vie du croyant ne manquent pas de mati\u00e8re ! Et font preuve d&rsquo;intelligence ! Car ils cherchent \u00e0 comprendre l&rsquo;un des [&hellip;]<\/p>\n","protected":false},"author":2,"featured_media":0,"comment_status":"closed","ping_status":"closed","sticky":false,"template":"","format":"standard","meta":{"footnotes":""},"categories":[24,72,11],"tags":[],"class_list":["post-6586","post","type-post","status-publish","format-standard","hentry","category-le-saint-esprit","category-service","category-la-vie-du-chretien"],"_links":{"self":[{"href":"https:\/\/www.servir.caef.net\/index.php?rest_route=\/wp\/v2\/posts\/6586","targetHints":{"allow":["GET"]}}],"collection":[{"href":"https:\/\/www.servir.caef.net\/index.php?rest_route=\/wp\/v2\/posts"}],"about":[{"href":"https:\/\/www.servir.caef.net\/index.php?rest_route=\/wp\/v2\/types\/post"}],"author":[{"embeddable":true,"href":"https:\/\/www.servir.caef.net\/index.php?rest_route=\/wp\/v2\/users\/2"}],"replies":[{"embeddable":true,"href":"https:\/\/www.servir.caef.net\/index.php?rest_route=%2Fwp%2Fv2%2Fcomments&post=6586"}],"version-history":[{"count":0,"href":"https:\/\/www.servir.caef.net\/index.php?rest_route=\/wp\/v2\/posts\/6586\/revisions"}],"wp:attachment":[{"href":"https:\/\/www.servir.caef.net\/index.php?rest_route=%2Fwp%2Fv2%2Fmedia&parent=6586"}],"wp:term":[{"taxonomy":"category","embeddable":true,"href":"https:\/\/www.servir.caef.net\/index.php?rest_route=%2Fwp%2Fv2%2Fcategories&post=6586"},{"taxonomy":"post_tag","embeddable":true,"href":"https:\/\/www.servir.caef.net\/index.php?rest_route=%2Fwp%2Fv2%2Ftags&post=6586"}],"curies":[{"name":"wp","href":"https:\/\/api.w.org\/{rel}","templated":true}]}}