{"id":6589,"date":"1997-09-07T12:20:31","date_gmt":"1997-09-07T12:20:31","guid":{"rendered":"\/?p=6589"},"modified":"2016-05-19T06:36:37","modified_gmt":"2016-05-19T06:36:37","slug":"lesprit-et-nous-lesprit-et-moi","status":"publish","type":"post","link":"https:\/\/www.servir.caef.net\/?p=6589","title":{"rendered":"L&rsquo;Esprit et nous, l&rsquo;Esprit et moi"},"content":{"rendered":"<h1 style=\"text-align: center;\"><a href=\"\/wp-content\/uploads\/2013\/09\/colombe.jpg\"><img loading=\"lazy\" decoding=\"async\" class=\" wp-image-7369 alignleft\" style=\"margin: 10px;\" src=\"\/wp-content\/uploads\/2013\/09\/colombe.jpg\" alt=\"colombe\" width=\"252\" height=\"196\" srcset=\"https:\/\/www.servir.caef.net\/wp-content\/uploads\/2013\/09\/colombe.jpg 600w, https:\/\/www.servir.caef.net\/wp-content\/uploads\/2013\/09\/colombe-300x233.jpg 300w\" sizes=\"auto, (max-width: 252px) 100vw, 252px\" \/><\/a><a href=\"\/wp-content\/uploads\/2007\/01\/T\u00e9moignages.jpg\"><img loading=\"lazy\" decoding=\"async\" class=\"size-full wp-image-2563 alignright\" src=\"\/wp-content\/uploads\/2007\/01\/T\u00e9moignages.jpg\" alt=\"T\u00e9moignages\" width=\"267\" height=\"176\" \/><\/a>L&rsquo;Esprit et nous,<\/h1>\n<h1 style=\"text-align: center;\">\u00a0<\/h1>\n<h1 style=\"text-align: center;\">l&rsquo;Esprit et moi<\/h1>\n<p>&nbsp;<\/p>\n<p>&nbsp;<\/p>\n<p>&nbsp;<\/p>\n<p>&nbsp;<\/p>\n<p>&nbsp;<\/p>\n<p>&nbsp;<\/p>\n<p><span style=\"font-size: 16px;\"><strong>par <span style=\"color: #b22222;\">Daniel BRESCH<\/span><\/strong><\/span><\/p>\n<p>&nbsp;<\/p>\n<p>&nbsp;<\/p>\n<p>&nbsp;<\/p>\n<h3 style=\"text-align: justify;\">Livres et \u00e9tudes sur le sujet, parus et \u00e0 para\u00eetre encore foisonnent ; n&rsquo;a-t-on d\u00e9couvert le Saint-Esprit qu&rsquo;en ce si\u00e8cle ? Il est heureux pour nous de savoir que, comme J\u00e9sus (le premier Paraclet) est le m\u00eame hier, aujourd&rsquo;hui et \u00e9ternellement, l&rsquo;Esprit de Dieu, du P\u00e8re c\u00e9leste l&rsquo;est pareillement. O\u00f9 en serait l&rsquo;Eglise depuis la Pentec\u00f4te, o\u00f9 en serait le monde depuis le temps o\u00f9 \u00ab\u00a0il planait au-dessus des eaux\u00a0\u00bb si l&rsquo;Esprit, l&rsquo;autre Paraclet n&rsquo;\u00e9tait jusqu&rsquo;\u00e0 ce jour et en permanence, pr\u00e9sent et agissant ?<\/h3>\n<p style=\"text-align: justify;\">\u00a0<\/p>\n<p style=\"text-align: justify;\">Sans doute est-il heureux qu&rsquo;aujourd&rsquo;hui, plus qu&rsquo;\u00e0 d&rsquo;autres \u00e9poques, les chr\u00e9tiens soient attentifs \u00e0 sa r\u00e9v\u00e9lation et \u00e0 sa fonction, et que des multitudes aient \u00e9t\u00e9 touch\u00e9es, parfois contre toute attente, par l&rsquo;action de l&rsquo;Esprit du Dieu qui sauve.<\/p>\n<p style=\"text-align: justify;\">\u00a0<\/p>\n<p style=\"text-align: justify;\"><!--more--><\/p>\n<p style=\"text-align: justify;\">\u00a0<\/p>\n<p style=\"text-align: justify;\"><a href=\"\/wp-content\/uploads\/1997\/pdf1997\/1997_05_18_saintespritetnous.pdf\" target=\"_blank\"><img loading=\"lazy\" decoding=\"async\" title=\"iconePDF\" src=\"\/wp-content\/uploads\/2011\/01\/iconePDF.jpg\" alt=\"\" width=\"81\" height=\"76\" align=\"right\" hspace=\"8\" vspace=\"8\" \/><\/a>Quelle est la port\u00e9e en profondeur et en authenticit\u00e9 de ces d\u00e9veloppements r\u00e9cents ? Dieu seul saura discerner ce qui est apparence ou r\u00e9alit\u00e9 dans nos exp\u00e9riences, nos perceptions, nos explications. Sa Parole, pourtant, ne nous laisse pas d\u00e9munis d&rsquo;appels \u00e0 la vigilance en la mati\u00e8re <span style=\"background-color: #add8e6;\"><em>(cf. Es 11,3)<\/em><\/span>.<\/p>\n<p style=\"text-align: justify;\">\u00a0<\/p>\n<p style=\"text-align: justify;\">Les lignes qui suivent n&rsquo;ont pas la pr\u00e9tention d&rsquo;\u00eatre une mise au point dogmatique. Elles ont pour origine une s\u00e9rie de r\u00e9flexions qui ont nourri une retraite de responsables d&rsquo;une \u00e9glise locale. R\u00e9flexion, m\u00e9ditation, examen de conscience qui devaient dans le meilleur des cas permettre une critique constructive du foss\u00e9 qui s\u00e9pare si souvent le discours de la r\u00e9alit\u00e9. C&rsquo;est en observant avec honn\u00eatet\u00e9 la qualit\u00e9 de nos relations interpersonnelles que nous pouvons approcher avec des yeux neufs la question vitale du lien, c&rsquo;est-\u00e0-dire du va-et-vient indispensable entre la \u00ab\u00a0doctrine\u00a0\u00bb et la \u00ab\u00a0vie\u00a0\u00bb (cf. <span style=\"background-color: #add8e6;\"><em>2 P 1.5-10<\/em><\/span>, la \u00ab\u00a0foi\u00a0\u00bb et la \u00ab\u00a0vertu\u00a0\u00bb). Et cela pr\u00e9cis\u00e9ment dans notre, dans mon rapport, avec l&rsquo;Esprit du Seigneur !<\/p>\n<p style=\"text-align: justify;\">\u00a0<\/p>\n<p style=\"text-align: justify;\">\u00a0<\/p>\n<h2>I. Pourquoi cette question ?<\/h2>\n<p style=\"text-align: justify;\">\u00a0<\/p>\n<p style=\"text-align: justify;\">Une premi\u00e8re raison, sans doute \u00e9vidente, est que c&rsquo;est une question toujours actuelle, voire urgente. Impossible d&rsquo;ignorer ce qui s&rsquo;est d\u00e9velopp\u00e9 depuis deux ou trois d\u00e9cennies, au pr\u00e8s et au loin dans les Eglises petites et grandes, et en dehors d&rsquo;elles. Impossible de ne pas \u00eatre frapp\u00e9s par la mar\u00e9e de recherches et d&rsquo;espoirs, d&rsquo;exp\u00e9riences et de discussions. Certes, des situations semblables se sont pr\u00e9sent\u00e9es en d&rsquo;autres temps d\u00e9j\u00e0, mais la g\u00e9n\u00e9ration actuelle en conna\u00eet des aspects si nouveaux et vari\u00e9s qu&rsquo;ils appellent des r\u00e9ponses, demandent un recentrage.<\/p>\n<p style=\"text-align: justify;\">\u00a0<\/p>\n<p style=\"text-align: justify;\">Une autre raison, plus intime, plus fondamentale, est celle-ci : en quoi sommes-nous, suis-je, finalement touch\u00e9 ? <strong>Que recherchons-nous r\u00e9ellement ?<\/strong> Nous \u00ab\u00a0savons\u00a0\u00bb beaucoup, nous \u00ab\u00a0faisons\u00a0\u00bb beaucoup, mais que connaissons-nous de nous-m\u00eames ? Que d\u00e9sirons-nous au fond ? Et que connaissons-nous vraiment du Saint-Esprit en nous et parmi nous ? Qu\u00eate jamais achev\u00e9e ici-bas, qui devrait nous garder dans une attitude de foi humble.<\/p>\n<p style=\"text-align: justify;\">\u00a0<\/p>\n<p style=\"text-align: justify;\">Dans cette optique de notre rapport au Saint-Esprit, en qui nous croyons et dont nous attendons l&rsquo;action &#8211; c&rsquo;est ce que nous confessons ! &#8211; on peut alors faire les remarques suivantes. De la multitude des paroles et des \u00e9crits qui circulent se d\u00e9gage une triple impression :<\/p>\n<p style=\"text-align: justify;\">\u00a0<\/p>\n<p style=\"text-align: justify;\">&#8211; une certaine <strong>confusion<\/strong> : toutes sortes d&rsquo;affirmations sont \u00e9nonc\u00e9es sur le Saint-Esprit et avec force. Toutes sortes d&rsquo;actions lui sont attribu\u00e9es, parfois lumineuses, parfois troublantes, trop souvent justifi\u00e9es de fa\u00e7on p\u00e9remptoire. Toutes sortes de prises de position se font entendre sans qu&rsquo;on puisse toujours en saisir clairement les attitudes et les motivations.<\/p>\n<p style=\"text-align: justify;\">\u00a0<\/p>\n<p style=\"text-align: justify;\">&#8211; une certaine <strong>ins\u00e9curit\u00e9<\/strong> : \u00e7a et l\u00e0 des signes d&rsquo;insatisfaction et de pauvret\u00e9 traduisent des d\u00e9sillusions et de fausses culpabilisations. Nous apparaissons comme \u00e9cartel\u00e9s et irr\u00e9solus dans l&rsquo;accomplissement de nos responsabilit\u00e9s, notre vie spirituelle se disperse, notre activit\u00e9 nous agite.<\/p>\n<p style=\"text-align: justify;\">\u00a0<\/p>\n<p style=\"text-align: justify;\">&#8211; une certaine <strong>l\u00e9g\u00e8ret\u00e9<\/strong> : tant\u00f4t l&rsquo;Esprit est ignor\u00e9, tant\u00f4t il est idol\u00e2tr\u00e9. Tant\u00f4t il est respect\u00e9 en toute formalit\u00e9, tant\u00f4t il est trait\u00e9 comme une force \u00e0 domestiquer. La superficialit\u00e9 et la recherche du confort, aux plans physique et intellectuel, que nous d\u00e9non\u00e7ons chez nos contemporains, nous guettent aussi.<\/p>\n<p style=\"text-align: justify;\">\u00a0<\/p>\n<p style=\"text-align: justify;\">Il n&rsquo;est pas question ici de faire un proc\u00e8s d&rsquo;intention \u00e0 des personnes ou de porter des jugements rapides sur des faits. Mais serait-il juste et sage de nous cantonner dans un silence embarrass\u00e9 ? Nous avons un grand besoin de r\u00e9apprendre \u00e0 lire et \u00e0 \u00e9couter la Parole de Dieu afin d&rsquo;\u00eatre transform\u00e9s par le renouvellement de l&rsquo;intelligence <span style=\"background-color: #add8e6;\"><em>(Rm 12.2)<\/em><\/span>.<\/p>\n<p style=\"text-align: justify;\">\u00a0<\/p>\n<p style=\"text-align: justify;\">Or, cette parole de Dieu devrait pr\u00e9cis\u00e9ment r\u00e9sonner \u00e0 nos oreilles comme des coups de trompette d&rsquo;un son clair et pur : <span style=\"background-color: #add8e6;\"><em>\u00ab<strong>\u00a0Ne savez-vous pas que<\/strong> vous \u00eates le temple de Dieu et que l&rsquo;Esprit de Dieu habite en vous\u00a0?\u00a0\u00bb (1 Co 3.16)<\/em><\/span>. <span style=\"background-color: #add8e6;\"><em>\u00ab\u00a0Si quelqu&rsquo;un n&rsquo;a pas l&rsquo;Esprit du Christ, il ne lui appartient pas. Et si Christ est en vous &#8230;\u00a0\u00bb (Rm 8.9-1 0)<\/em><\/span>. <span style=\"background-color: #add8e6;\"><em>\u00ab\u00a0Vous \u00eates une lettre de Christ, \u00e9crite avec l&rsquo;Esprit du Dieu vivant, sur des tables de chair, sur vos c\u0153urs\u00a0\u00bb (2 Co 3.3).<\/em><\/span><\/p>\n<p style=\"text-align: justify;\">\u00a0<\/p>\n<p style=\"text-align: justify;\">Et par-dessus tout, ne devrions-nous pas relire en \u00e9pelant mot par mot, en la recopiant en lettres d&rsquo;or, la promesse de J\u00e9sus, Fils de Dieu : <span style=\"background-color: #add8e6;\"><em>\u00ab\u00a0Je ne vous laisserai pas orphelins, je viens vers vous&#8230; Mon P\u00e8re et moi, nous viendrons vers lui et nous ferons notre demeure chez lui&#8230; Le P\u00e8re vous donnera un autre Consolateur qui soit \u00e9ternellement avec vous\u00a0\u00bb (Jn 14.18, 23, 16).<\/em><\/span> <span style=\"background-color: #add8e6;\"><em>\u00ab\u00a0Quand il sera venu, lui, l&rsquo;Esprit de v\u00e9rit\u00e9, il vous conduira dans toute la v\u00e9rit\u00e9 (ce qui ne peut \u00eatre dissimul\u00e9, ce qui ne peut \u00eatre simul\u00e9\u00a0\u00bb. Jn 16.13).<\/em><\/span><\/p>\n<p style=\"text-align: justify;\">\u00a0<\/p>\n<p style=\"text-align: justify;\">Ou bien ressemblons-nous \u00e0 ces Eph\u00e9siens qui ignoraient <span style=\"background-color: #add8e6;\"><em>\u00ab\u00a0qu&rsquo;il y ait un Esprit Saint\u00a0\u00bb<\/em><\/span>, c&rsquo;est-\u00e0-dire qui ne savaient pas qu&rsquo;il \u00e9tait envoy\u00e9, qu&rsquo;il \u00e9tait disponible (cf. <span style=\"background-color: #add8e6;\"><em>Ac 19.1ss<\/em><\/span>) ? Sommes-nous comme ces Galates qui n&rsquo;avaient pas bien compris que Dieu le leur avait effectivement accord\u00e9 et dans quelle intention <span style=\"background-color: #add8e6;\"><em>(cf. Ga 3.1ss ; 5.7ss)<\/em><\/span> ? O\u00f9 comme Simon qui \u00e9tait surtout motiv\u00e9 par sa convoitise et sa soif de pouvoir <span style=\"background-color: #add8e6;\"><em>(cf. Ac 8.1)<\/em><\/span> ?<\/p>\n<p style=\"text-align: justify;\">\u00a0<\/p>\n<p style=\"text-align: justify;\">Pour toutes ces raisons il est toujours actuel et urgent que nous ayons les id\u00e9es claires et le c\u0153ur d\u00e9termin\u00e9, afin de ne pas suivre \u00ab\u00a0le dernier qui a bien parl\u00e9\u00a0\u00bb <span style=\"background-color: #add8e6;\"><em>(cf. Lc 21.8)<\/em><\/span>, mais au contraire de nous \u00ab\u00a0aligner sur l&rsquo;Esprit\u00a0\u00bb, s&rsquo;il est vrai que <span style=\"background-color: #add8e6;\"><em>nous vivons par l&rsquo;Esprit (cf. Ga 5.25)<\/em><\/span>.<\/p>\n<p style=\"text-align: justify;\">\u00a0<\/p>\n<p style=\"text-align: justify;\">\u00a0<\/p>\n<h2>II. De quel Esprit parlons-nous ?<\/h2>\n<p style=\"text-align: justify;\">\u00a0<\/p>\n<p style=\"text-align: justify;\">De quoi, de qui s&rsquo;agit-il ? Selon la d\u00e9marche d&rsquo;une bonne th\u00e9ologie il serait bien utile de commencer par un examen de ce qui est dit de l&rsquo;Esprit dans l&rsquo;Ancien Testament. Nous supposerons ici que ces bases sont assur\u00e9es et nous nous tournons directement vers le Nouveau Testament. D&#8217;embl\u00e9e deux points importants sont \u00e0 noter :<\/p>\n<p style=\"text-align: justify;\">\u00a0<\/p>\n<p style=\"text-align: justify;\">1) Dans tous les \u00e9crits du Nouveau Testament, mais sp\u00e9cialement dans les Evangiles, l&rsquo;Esprit est d&rsquo;abord l&rsquo;Esprit de J\u00e9sus. Fait presque \u00e9vident, mais qui a une tr\u00e8s grande importance.<\/p>\n<p style=\"text-align: justify;\">\u00a0<\/p>\n<p style=\"text-align: justify;\">2) Si ce fait est clairement saisi, on comprendra \u00e9galement mieux la fonction du Saint-Esprit, c&rsquo;est-\u00e0-dire la relation entre l&rsquo;Esprit et J\u00e9sus. Fait \u00e9vident aussi, mais qui a une tr\u00e8s grande port\u00e9e.<\/p>\n<p style=\"text-align: justify;\">\u00a0<\/p>\n<p style=\"text-align: justify;\"><strong>Comment appara\u00eet l&rsquo;Esprit au travers de la personne et de l&rsquo;enseignement de J\u00e9sus ?<\/strong><\/p>\n<p style=\"text-align: justify;\">\u00a0<\/p>\n<p style=\"text-align: justify;\"><strong>1) J\u00e9sus fut l&rsquo;authentique porteur de l&rsquo;Esprit<\/strong> : con\u00e7u par l&rsquo;Esprit de Dieu, n\u00e9 et accueilli sous le signe de l&rsquo;Esprit, il grandit et v\u00e9cut quotidiennement sous le gouvernement de l&rsquo;Esprit. Son entr\u00e9e officielle dans le minist\u00e8re messianique par le bapt\u00eame, ses combats dans la tentation et contre les puissances des t\u00e9n\u00e8bres, son enseignement et son autorit\u00e9 furent sanctionn\u00e9s et marqu\u00e9s par l&rsquo;Esprit de Dieu. Il accomplit son sacrifice par l&rsquo;Esprit <span style=\"background-color: #add8e6;\"><em>(H\u00e9 9. 14)<\/em><\/span>, il fut le roi selon le d\u00e9sir de Dieu, sur qui reposait l&rsquo;Esprit de l&rsquo;Eternel <span style=\"background-color: #add8e6;\"><em>(cf. Es 11.1ss)<\/em><\/span>, il fut le proph\u00e8te par excellence <span style=\"background-color: #add8e6;\"><em>(cf. Dt 18.15ss)<\/em><\/span>, l&rsquo;homme sur qui l&rsquo;Esprit demeure <span style=\"background-color: #add8e6;\"><em>(cf. Luc 4.18ss)<\/em><\/span>. Bien des proph\u00e8tes ont \u00e9t\u00e9 visit\u00e9s par l&rsquo;Esprit, inspir\u00e9s et conduits par lui, mais en J\u00e9sus, Dieu montre ce qu&rsquo;est l&rsquo;homme dans sa pl\u00e9nitude <span style=\"background-color: #add8e6;\"><em>(cf. Mc 1.10-11)<\/em><\/span>.<\/p>\n<p style=\"text-align: justify;\">\u00a0<\/p>\n<p style=\"text-align: justify;\"><strong>2) J\u00e9sus est l&rsquo;unique dispensateur de l&rsquo;Esprit <\/strong>: Jean le Baptiste l&rsquo;annonce ainsi et J\u00e9sus confirmera la promesse <span style=\"background-color: #add8e6;\"><em>(<\/em>voir<em> Mc 1.8; Jn 3.5 ; Lc 11.13 ; Jn 20.22 ; Ac 1.8)<\/em><\/span>. Les proph\u00e8tes ont annonc\u00e9 la promesse de l&rsquo;effusion de l&rsquo;Esprit, et ont parfois connu des signes avant-coureurs de ce don de Dieu <span style=\"background-color: #add8e6;\"><em>(<\/em>cf. <em>Ez 36.25ss)<\/em><\/span>. Mais c&rsquo;est du P\u00e8re et du Fils que vient l&rsquo;Esprit et qu&rsquo;il est donn\u00e9 apr\u00e8s l&rsquo;\u00e9v\u00e9nement de la croix et de la r\u00e9surrection <span style=\"background-color: #add8e6;\"><em>(<\/em>cf.<em> Jn 7.39)<\/em><\/span>.<\/p>\n<p style=\"text-align: justify;\">\u00a0<\/p>\n<p style=\"text-align: justify;\">3) Par-dessus tout &#8211; c&rsquo;est ce qui appara\u00eet dans son ultime discours \u00e0 ses disciples &#8211; J\u00e9sus donne une toute nouvelle image de l&rsquo;Esprit. Jusqu&rsquo;\u00e0 J\u00e9sus l&rsquo;Esprit apparaissait et agissait d&rsquo;une mani\u00e8re intermittente, parfois imp\u00e9tueuse, souvent insaisissable. D\u00e9sormais, il sera l&rsquo;autre Consolateur, on peut dire \u00ab\u00a0l&rsquo;autre J\u00e9sus\u00a0\u00bb (car le terme de consolateur ou avocat, conseiller, convient aussi au Christ, cf. <span style=\"background-color: #add8e6;\"><em>1 Jn 2.1<\/em><\/span>). Il sera <span style=\"background-color: #add8e6;\"><em>\u00ab\u00a0toujours avec vous\u00a0\u00bb<\/em><\/span> <span style=\"background-color: #add8e6;\"><em>(<\/em>cf.<em> Jn 14.16 <\/em>et<em> Mt 28.20)<\/em><\/span>. J\u00e9sus est donc <strong>le v\u00e9ritable r\u00e9v\u00e9lateur de l&rsquo;Esprit<\/strong>. En examinant de plus pr\u00e8s les cinq textes qui parlent du Paraclet, \u00ab\u00a0celui qui est appel\u00e9 aux c\u00f4t\u00e9s de quelqu&rsquo;un pour l&rsquo;aider\u00a0\u00bb <span style=\"background-color: #add8e6;\"><em>(Jn 14.15-18; 25-27; 15.26-27 ; 16.7-11, 13-15)<\/em><\/span>, nous pouvons affirmer les faits suivants :<\/p>\n<p style=\"text-align: justify;\">\u00a0<\/p>\n<p style=\"text-align: justify; margin-left: 40px;\">a) J\u00e9sus est le dernier mot de Dieu adress\u00e9 aux hommes. En Christ tout est dit sur Dieu et sur son inlassable volont\u00e9 d&rsquo;amour \u00e0 se rapprocher de l&rsquo;humanit\u00e9 et \u00e0 l&rsquo;attirer \u00e0 lui <span style=\"background-color: #add8e6;\"><em>(<\/em>cf.<em> Co 2.2, 3, 9 ; H\u00e9 1.1-3 ; Jn 3.16)<\/em><\/span>.<\/p>\n<p style=\"text-align: justify;\">\u00a0<\/p>\n<p style=\"text-align: justify; margin-left: 40px;\">b) L&rsquo;Esprit, l&rsquo;Esprit de v\u00e9rit\u00e9, l&rsquo;Esprit du Dieu vivant, l&rsquo;Esprit du Christ, le Saint-Esprit, ne fera et ne dira donc pas autre chose que ce que J\u00e9sus a fait et a dit <span style=\"background-color: #add8e6;\"><em>(<\/em>cf.<em> Jn 16.14-15)<\/em><\/span>.<\/p>\n<p style=\"text-align: justify;\">\u00a0<\/p>\n<p style=\"text-align: justify; margin-left: 40px;\">c) Par cons\u00e9quent, sa mission et son r\u00f4le seront de prolonger, d&rsquo;int\u00e9rioriser, d&rsquo;universaliser la pr\u00e9sence et la vie du Christ <span style=\"background-color: #add8e6;\"><em>(<\/em>cf.<em> Jn 15.26-27)<\/em><\/span>, pour le croyant individuellement <span style=\"background-color: #add8e6;\"><em>(<\/em>cf.<em> Jn 14.23)<\/em><\/span> et pour l&rsquo;Eglise en tant que nouveau peuple de Dieu <span style=\"background-color: #add8e6;\"><em>(<\/em>cf.<em> Ep 2.22)<\/em><\/span>.<\/p>\n<p style=\"text-align: justify;\">\u00a0<\/p>\n<p style=\"text-align: justify;\">Apparemment un peu abstraites et th\u00e9oriques, ces v\u00e9rit\u00e9s ont pourtant une importance tout \u00e0 fait capitale, car elles constituent un test pour toute doctrine enseign\u00e9e dans l&rsquo;\u00e9glise et un test pour toute exp\u00e9rience propos\u00e9e au chr\u00e9tien. On ne soulignera jamais assez que les deux sont indissolublement li\u00e9es : la vie \u00e0 la Parole, la th\u00e9ologie \u00e0 la pratique. D&rsquo;o\u00f9 l&rsquo;importance d&rsquo;une bonne approche des Ecritures <span style=\"background-color: #add8e6;\"><em>(<\/em>cf.<em> 2 Tm 3.16)<\/em><\/span> afin d&rsquo;exercer le discernement du dit, du non-dit et du v\u00e9cu <span style=\"background-color: #add8e6;\"><em>(<\/em>cf.<em> 1 Co 12.1-3)<\/em><\/span>.<\/p>\n<p style=\"text-align: justify;\">\u00a0<\/p>\n<p style=\"text-align: justify;\">\u00a0<\/p>\n<h3>III. Que nous apporte l&rsquo;Esprit ?<\/h3>\n<p style=\"text-align: justify;\">\u00a0<\/p>\n<p style=\"text-align: justify;\">Que signifie \u00ab\u00a0la pr\u00e9sence du Christ par l&rsquo;Esprit\u00a0\u00bb en moi, en nous ? Que veut-il ? Nous soulignerons deux points essentiels, car ils forment la charpente de tout l&rsquo;\u00e9difice.<\/p>\n<p style=\"text-align: justify;\">\u00a0<\/p>\n<p style=\"text-align: justify;\">1) Pr\u00e9occup\u00e9 par la gloire de Dieu, donc de J\u00e9sus-Christ, parce qu&rsquo;agissant en harmonie parfaite dans le m\u00eame plan et dans la m\u00eame souverainet\u00e9, l&rsquo;Esprit cherchera avant tout \u00e0 d\u00e9velopper dans notre \u00eatre profond <strong>le m\u00eame sens de la gloire de Dieu<\/strong> <span style=\"background-color: #add8e6;\"><em>(<\/em>voir<em> Es 42.8 <\/em>et<em> 2 Co 3. 16,18)<\/em><\/span>. Cr\u00e9er une sensibilit\u00e9 radicalement nouvelle, changer l&rsquo;orientation de nos int\u00e9r\u00eats, c&rsquo;est le but, la mission de l&rsquo;Esprit.<\/p>\n<p style=\"text-align: justify;\">\u00a0<\/p>\n<p style=\"text-align: justify;\">En termes n\u00e9gatifs, cela signifie que l&rsquo;Esprit ne donnera pas quelque nouvelle r\u00e9v\u00e9lation sur lui-m\u00eame et en dehors du dessein de Dieu annonc\u00e9 une fois pour toutes et qui s&rsquo;accomplit. Cela signifie que l&rsquo;Esprit n&rsquo;est pas int\u00e9ress\u00e9 par des performances, tant convoit\u00e9es par l&rsquo;homme <span style=\"background-color: #add8e6;\"><em>(<\/em>cf.<em> Ep 4.30; 5.17-18).<\/em><\/span><\/p>\n<p style=\"text-align: justify;\">\u00a0<\/p>\n<p style=\"text-align: justify;\"><a href=\"\/wp-content\/uploads\/2013\/07\/Jesus-disciples-2.jpg\"><img loading=\"lazy\" decoding=\"async\" class=\" wp-image-8712 alignright\" style=\"margin: 10px;\" src=\"\/wp-content\/uploads\/2013\/07\/Jesus-disciples-2.jpg\" alt=\"Jesus-disciples-2\" width=\"308\" height=\"208\" \/><\/a>2) Pr\u00e9occup\u00e9 par la restauration de l&rsquo;image de Dieu en l&rsquo;homme, telle que J\u00e9sus la v\u00e9cut pleinement, l&rsquo;Esprit cherchera avant tout \u00e0 imprimer et forger profond\u00e9ment en nous <strong>les m\u00eames qualit\u00e9s de J\u00e9sus<\/strong>. Dans toutes ses paroles, dans toute sa conduite, J\u00e9sus , fut vraiment le Fils <span style=\"background-color: #add8e6;\">(cf.<em> Mc 1.1 1; 14.36)<\/em><\/span> et pleinement le serviteur <span style=\"background-color: #add8e6;\"><em>(<\/em>Cf.<em> Jn 13.12-13 ; Ac 4.27)<\/em><\/span>, ainsi que le h\u00e9raut des bonnes nouvelles de Dieu <span style=\"background-color: #add8e6;\"><em>(<\/em>cf.<em> Lc 4.14, 18)<\/em><\/span>.<\/p>\n<p style=\"text-align: justify;\">\u00a0<\/p>\n<p style=\"text-align: justify;\">C&rsquo;est le m\u00eame esprit filial, le m\u00eame esprit de service, le m\u00eame esprit de t\u00e9moin que l&rsquo;Esprit Saint veut former en nous <span style=\"background-color: #add8e6;\"><em>(<\/em>cf.<em> Rm 8. 14-1 5 ; 2 Co 6.4ss ; Ac 1.8)<\/em><\/span>. Tout un programme ! Chacun de ces points m\u00e9riterait d&rsquo;\u00eatre d\u00e9velopp\u00e9. <strong>La vie personnelle<\/strong> du chr\u00e9tien constitue un premier champ d&rsquo;application. Suis-je anim\u00e9 par ces m\u00eames caract\u00e9ristiques ? Quel est le style de ma vie chr\u00e9tienne ? Quelles possibilit\u00e9s est-ce que je donne \u00e0 ces qualit\u00e9s de se d\u00e9ployer dans ma vie ?<\/p>\n<p style=\"text-align: justify;\">\u00a0<\/p>\n<p style=\"text-align: justify;\">Nous nous arr\u00eaterons davantage \u00e0 l&rsquo;autre champ d&rsquo;application, celui de la vie collective ou <strong>communautaire<\/strong> des chr\u00e9tiens. Compte tenu de ce que nous venons de dire du double objectif de l&rsquo;Esprit, posons-nous donc ces questions en toute sinc\u00e9rit\u00e9 : Qu&rsquo;est-ce que l&rsquo;Esprit cherche \u00e0 former dans l&rsquo;Eglise ? Dans notre Eglise locale, dans le groupe ou le service o\u00f9 il m&rsquo;a conduit ? Que lui permettons-nous d&rsquo;accomplir ?<\/p>\n<p style=\"text-align: justify;\">\u00a0<\/p>\n<h3>Voici quelques rappels pour nous orienter :<\/h3>\n<p style=\"text-align: justify;\">\u00a0<\/p>\n<p style=\"text-align: justify;\">a) C&rsquo;est l&rsquo;Esprit qui cr\u00e9e l&rsquo;unit\u00e9, mais il nous appelle \u00e0 la<strong> maintenir<\/strong> <span style=\"background-color: #add8e6;\"><em>(Ep 4.1-6).<\/em><\/span> Il est tr\u00e8s instructif d&rsquo;observer dans le livre des Actes comment et combien les ap\u00f4tres se sont efforc\u00e9s de conserver l&rsquo;unit\u00e9 qu&rsquo;ils consid\u00e9raient comme un don (parfois re\u00e7u avec quelques h\u00e9sitations, voir <span style=\"background-color: #add8e6;\"><em>Ac 6; 8 ; 10-1 1 ; 15<\/em><\/span>), mais pour lequel il fallait lutter si on ne voulait pas le perdre. On peut se demander de quelle unit\u00e9 il s&rsquo;agit. Unit\u00e9 de foi, doctrinale, certes, mais intimement li\u00e9e aussi \u00e0 l&rsquo;unit\u00e9 dynamique et vivante, \u00e0 l&rsquo;exp\u00e9rience de relations <strong>nouvelles<\/strong> dont l&rsquo;initiateur n&rsquo;est nul autre que l&rsquo;Esprit lui-m\u00eame, mais qui demandent de notre part aussi des efforts <span style=\"background-color: #add8e6;\"><em>(Ph 2.1-5)<\/em><\/span>.<\/p>\n<p style=\"text-align: justify;\">\u00a0<\/p>\n<p style=\"text-align: justify;\">b) Ainsi cette unit\u00e9 par l&rsquo;Esprit s&rsquo;enracine dans une exp\u00e9rience r\u00e9elle et profonde de l&rsquo;Esprit de <strong>r\u00e9conciliation<\/strong> <span style=\"background-color: #add8e6;\"><em>(<\/em>voir<em> Ep 2.14-18)<\/em><\/span>, avec Dieu certes, mais aussi avec le fr\u00e8re et la s\u0153ur. Honte sur nous, si nous attristons l&rsquo;Esprit par nos r\u00e9sistances et nos refus en ce domaine !<\/p>\n<p style=\"text-align: justify;\">\u00a0<\/p>\n<p style=\"text-align: justify;\">c) <strong>La communion<\/strong> \u00e0 laquelle oeuvre l&rsquo;Esprit n&rsquo;est pas seulement du domaine des mots ou des \u00e9tats d&rsquo;\u00e2me, c&rsquo;est aussi une authentique communication (c&rsquo;est l&rsquo;un des sens de l&rsquo;expression dans<span style=\"background-color: #add8e6;\"><em> 2 Co 1 3,13 <\/em>et<em> Ph 2.1<\/em><\/span>). Et cette participation \u00e0 l&rsquo;Esprit devrait nous mener loin dans la solidarit\u00e9 tr\u00e8s concr\u00e8te. N&rsquo;aurions-nous rien \u00e0 r\u00e9apprendre sur ce plan ?<\/p>\n<p style=\"text-align: justify;\">\u00a0<\/p>\n<p style=\"text-align: justify;\">d) Puis, l&rsquo;unit\u00e9 qu&rsquo;\u00e9difie l&rsquo;Esprit est l&rsquo;unit\u00e9 du corps dans sa diversit\u00e9. On pense imm\u00e9diatement ici aux dons <span style=\"background-color: #add8e6;\"><em>(1 Co 12)<\/em><\/span>. Mais au lieu de nous lancer dans la discussion classique \u00ab\u00a0Quels dons&#8230; ?\u00a0\u00bb (avec le refrain connu \u00ab\u00a0il vous manque ceci\u00a0\u00bb), ne devrions-nous pas commencer par sonder s\u00e9rieusement nos comportements et nos mobiles ? Si je cherchais sinc\u00e8rement \u00e0 d\u00e9couvrir tout ce que j&rsquo;ai re\u00e7u positivement de tel fr\u00e8re, de telle s\u0153ur&#8230; si j&rsquo;apprenais \u00e0 voir simplement tout ce que je leur ai vraiment donn\u00e9&#8230; si je savais reconna\u00eetre humblement et appr\u00e9cier fid\u00e8lement tout ce que le Seigneur m&rsquo;a donn\u00e9&#8230; et me demander si je l&rsquo;ai joyeusement re\u00e7u&#8230;<\/p>\n<p style=\"text-align: justify;\">\u00a0<\/p>\n<p style=\"text-align: justify;\">e) Nous sommes au c\u0153ur de la question ! Ce que l&rsquo;Esprit veut apporter c&rsquo;est l&rsquo;amour <span style=\"background-color: #add8e6;\"><em>(Rm 5.5 ; 1 Co 13)<\/em><\/span>. Est-ce vraiment cette \u00ab\u00a0voie par excellence\u00a0\u00bb, que nous poursuivons ?<\/p>\n<p style=\"text-align: justify;\">\u00a0<\/p>\n<p style=\"text-align: justify;\">\u00a0<\/p>\n<h2>IV. O\u00f9 en suis-je avec l&rsquo;Esprit ?<\/h2>\n<p style=\"text-align: justify;\">\u00a0<\/p>\n<p style=\"text-align: justify;\">Parler sur le Saint-Esprit, discuter du \u00ab\u00a0probl\u00e8me\u00a0\u00bb, peut \u00eatre une mani\u00e8re de fuir la vraie question : dans quelle mesure est-il une r\u00e9alit\u00e9 vivante pour moi ? Une fois de plus, et nous ne le r\u00e9p\u00e9terons jamais assez, si nous voulons b\u00e2tir sur des bases solides et non sur des impressions personnelles ou des opinions d&rsquo;autrui, il nous faut relire et \u00e9couter attentivement les Ecritures. Cela ne signifie pas que nous comprendrons tout d&rsquo;un seul coup, ni que nous en d\u00e9tiendrons seuls la cl\u00e9. Mais elles demeurent au-dessus de toute exp\u00e9rience ou doctrine dont quelqu&rsquo;un voudrait se pr\u00e9valoir, la lumi\u00e8re sur notre chemin, \u00e0 d\u00e9couvrir progressivement.<\/p>\n<p>&nbsp;<\/p>\n<h3>Rappelons quelques lignes de force qui peuvent nous garder de passablement d&rsquo;\u00e9garements.<\/h3>\n<p style=\"text-align: justify;\">\u00a0<\/p>\n<p style=\"text-align: justify;\">1) L&rsquo;Esprit Saint est <strong>le v\u00e9ritable initiateur de la vie du chr\u00e9tien<\/strong>. Il n&rsquo;y a pas de foi, ni de conversion authentique sans l&rsquo;action et le don de l&rsquo;Esprit. C&rsquo;est avec une \u00e9tonnante libert\u00e9 et une grande souplesse que les ap\u00f4tres utilisent plusieurs expressions pour d\u00e9signer la m\u00eame chose : le commencement de la vie chr\u00e9tienne &#8211; conversion, nouvelle naissance, bapt\u00eame de l&rsquo;Esprit. Non pas des exp\u00e9riences diff\u00e9rentes, mais les diverses facettes d&rsquo;une r\u00e9alit\u00e9 profonde et complexe, dans laquelle toute la divinit\u00e9, le P\u00e8re, le Fils, l&rsquo;Esprit sont impliqu\u00e9s <span style=\"background-color: #add8e6;\"><em>(<\/em>cf.<em> 1 P 1.2)<\/em><\/span>. Que l&rsquo;homme n&rsquo;en saisisse pas en bloc et imm\u00e9diatement tous les aspects, peut-\u00eatre faute d&rsquo;un enseignement correct, est un autre probl\u00e8me.<\/p>\n<p style=\"text-align: justify;\">\u00a0<\/p>\n<p style=\"text-align: justify;\">Gardons-nous des formules sorties de leur contexte et des syst\u00e9matisations que nous croyons logiques. Non seulement c&rsquo;est raisonnablement erron\u00e9 de projeter notre conception des choses sur ce que dit la Bible, mais c&rsquo;est spirituellement dangereux de b\u00e2tir un cheminement de foi sur de fausses distinctions ou repr\u00e9sentations. Puissions-nous nous ajuster \u00e0 la Parole de Dieu !<\/p>\n<p style=\"text-align: justify;\">\u00a0<\/p>\n<p style=\"text-align: justify;\">2) De ce fait d\u00e9coule le suivant : si nous pouvons avoir une pleine assurance, une conviction <strong>dans la foi<\/strong>, c&rsquo;est encore et d&rsquo;abord l&rsquo;Esprit qui la donne. Combien de fois l&rsquo;ap\u00f4tre ne doit-il pas rappeler aux croyants : <span style=\"background-color: #add8e6;\"><em>\u00ab\u00a0Dieu nous a donn\u00e9 l&rsquo;Esprit&#8230; vous avez&#8230; vous \u00eates&#8230; ne savez-vous pas ?\u00a0\u00bb<\/em><\/span><\/p>\n<p style=\"text-align: justify;\">\u00a0<\/p>\n<p style=\"text-align: justify;\">Interrogeons-nous : quelle part donnons-nous secr\u00e8tement \u00e0 l&rsquo;\u00e9coute de nous-m\u00eames ? Que savons-nous r\u00e9ellement ?<\/p>\n<p style=\"text-align: justify;\">\u00a0<\/p>\n<p style=\"text-align: justify;\">3) En m\u00eame temps l&rsquo;action du Saint-Esprit dans notre vie et notre foi est continue et progressive. La formation des \u00ab\u00a0caract\u00e9ristiques de J\u00e9sus\u00a0\u00bb dans une dimension toute nouvelle de libert\u00e9 et de force, notre croissance et maturation spirituelles, autrement dit <strong>notre sanctification<\/strong>, tout cela demande du temps <span style=\"background-color: #add8e6;\"><em>(<\/em>cf<em>. Je 5.7b)<\/em><\/span>. Certains progr\u00e8s peuvent \u00eatre bouleversants, la plupart du temps ils sont lents. \u00ab\u00a0J&rsquo;ai appris&#8230; je poursuis&#8230;\u00a0\u00bb <span style=\"background-color: #add8e6;\"><em>(<\/em>cf.<em> Ph 4.1 1- 12 ; 3.1 2ss)<\/em><\/span>. Dans l&rsquo;\u00e9coute de nous-m\u00eames, sommes-nous vrais ? Prenons-nous notre foi au s\u00e9rieux ?<\/p>\n<p style=\"text-align: justify;\">\u00a0<\/p>\n<p style=\"text-align: justify;\">4) Soulignons encore cet aspect important : l&rsquo;Esprit veut aussi \u00eatre <strong>notre guide<\/strong>. C&rsquo;est ainsi que J\u00e9sus l&rsquo;a pr\u00e9sent\u00e9 et promis et c&rsquo;est ce que l&rsquo;ap\u00f4tre Paul demandait avant tout le reste pour les chr\u00e9tiens <span style=\"background-color: #add8e6;\"><em>(Co 1.9, Ep 1.17-18)<\/em><\/span>. Peut-\u00eatre avons-nous de la peine \u00e0 reconna\u00eetre la volont\u00e9 de Dieu parce que nous en connaissons mal le chemin et si peu son auteur lui-m\u00eame ! Mais sa promesse demeure, encourageante, corrobor\u00e9e par tant de t\u00e9moins qui nous ont pr\u00e9c\u00e9d\u00e9s <span style=\"background-color: #add8e6;\"><em>(Jn 16.13-15 ; Mt 16.16-18)<\/em><\/span>.<\/p>\n<p style=\"text-align: justify;\">\u00a0<\/p>\n<p style=\"text-align: justify;\">Nous voici renvoy\u00e9s \u00e0 la question pos\u00e9e au d\u00e9but :<\/p>\n<p style=\"text-align: justify;\">\u00a0<\/p>\n<h3>Que d\u00e9sirons-nous ?<\/h3>\n<h3>\u00a0<\/h3>\n<h3>Que poursuivons-nous r\u00e9ellement ?<\/h3>\n<p style=\"text-align: justify;\">\u00a0<\/p>\n<p style=\"text-align: center;\">D.B.<\/p>\n<p style=\"text-align: justify;\">\u00a0<\/p>\n<p>&nbsp;<\/p>\n<table style=\"width: 97%;\" border=\"1\" cellspacing=\"3\" cellpadding=\"2\">\n<colgroup>\n<col style=\"text-align: justify;\" width=\"97%\" \/><\/colgroup>\n<tbody>\n<tr>\n<td bgcolor=\"#ffffff\" width=\"97%\">\n<p style=\"text-align: justify;\">La gr\u00e2ce de l&rsquo;Esprit est vraiment n\u00e9cessaire si \u2022nous voulons nous occuper du Saint-Esprit ; non pour que nous en parlions d&rsquo;une mani\u00e8re correcte &#8211; car cela est impossible &#8211; mais pour que nous puissions passer \u00e0 travers ce sujet sans danger, en ne disant que ce que les divines Ecritures contiennent.<\/p>\n<p style=\"text-align: justify;\">Cyrille de J\u00e9rusalem (IVe s., Cat\u00e9ch\u00e8se XVI, 1).<\/p>\n<\/td>\n<\/tr>\n<\/tbody>\n<\/table>\n<p>&nbsp;<\/p>\n<p style=\"text-align: justify;\">\u00a0<\/p>\n","protected":false},"excerpt":{"rendered":"<p>L&rsquo;Esprit et nous, \u00a0 l&rsquo;Esprit et moi &nbsp; &nbsp; &nbsp; &nbsp; &nbsp; &nbsp; par Daniel BRESCH &nbsp; &nbsp; &nbsp; Livres et \u00e9tudes sur le sujet, parus et \u00e0 para\u00eetre encore foisonnent ; n&rsquo;a-t-on d\u00e9couvert le Saint-Esprit qu&rsquo;en ce si\u00e8cle ? Il est heureux pour nous de savoir que, comme J\u00e9sus (le premier Paraclet) est le [&hellip;]<\/p>\n","protected":false},"author":55,"featured_media":0,"comment_status":"closed","ping_status":"closed","sticky":false,"template":"","format":"standard","meta":{"footnotes":""},"categories":[24,13,11],"tags":[],"class_list":["post-6589","post","type-post","status-publish","format-standard","hentry","category-le-saint-esprit","category-la-vie-de-leglise","category-la-vie-du-chretien"],"_links":{"self":[{"href":"https:\/\/www.servir.caef.net\/index.php?rest_route=\/wp\/v2\/posts\/6589","targetHints":{"allow":["GET"]}}],"collection":[{"href":"https:\/\/www.servir.caef.net\/index.php?rest_route=\/wp\/v2\/posts"}],"about":[{"href":"https:\/\/www.servir.caef.net\/index.php?rest_route=\/wp\/v2\/types\/post"}],"author":[{"embeddable":true,"href":"https:\/\/www.servir.caef.net\/index.php?rest_route=\/wp\/v2\/users\/55"}],"replies":[{"embeddable":true,"href":"https:\/\/www.servir.caef.net\/index.php?rest_route=%2Fwp%2Fv2%2Fcomments&post=6589"}],"version-history":[{"count":0,"href":"https:\/\/www.servir.caef.net\/index.php?rest_route=\/wp\/v2\/posts\/6589\/revisions"}],"wp:attachment":[{"href":"https:\/\/www.servir.caef.net\/index.php?rest_route=%2Fwp%2Fv2%2Fmedia&parent=6589"}],"wp:term":[{"taxonomy":"category","embeddable":true,"href":"https:\/\/www.servir.caef.net\/index.php?rest_route=%2Fwp%2Fv2%2Fcategories&post=6589"},{"taxonomy":"post_tag","embeddable":true,"href":"https:\/\/www.servir.caef.net\/index.php?rest_route=%2Fwp%2Fv2%2Ftags&post=6589"}],"curies":[{"name":"wp","href":"https:\/\/api.w.org\/{rel}","templated":true}]}}