{"id":6591,"date":"1997-11-07T14:04:11","date_gmt":"1997-11-07T14:04:11","guid":{"rendered":"\/?p=6591"},"modified":"2016-05-24T06:20:51","modified_gmt":"2016-05-24T06:20:51","slug":"editorial-du-n6-novembre-decembre-1997","status":"publish","type":"post","link":"https:\/\/www.servir.caef.net\/?p=6591","title":{"rendered":"Editorial du n\u00b06 Novembre-D\u00e9cembre 1997 &#8211; Conf\u00e9rence"},"content":{"rendered":"<p style=\"text-align: center;\"><img loading=\"lazy\" decoding=\"async\" class=\"aligncenter size-medium wp-image-6592\" title=\"1997_06_00 couverture PM\" src=\"\/wp-content\/uploads\/1997\/11\/1997_06_00-couverture-PM-212x300.jpg\" alt=\"\" width=\"212\" height=\"300\" srcset=\"https:\/\/www.servir.caef.net\/wp-content\/uploads\/1997\/11\/1997_06_00-couverture-PM-212x300.jpg 212w, https:\/\/www.servir.caef.net\/wp-content\/uploads\/1997\/11\/1997_06_00-couverture-PM-723x1024.jpg 723w, https:\/\/www.servir.caef.net\/wp-content\/uploads\/1997\/11\/1997_06_00-couverture-PM.jpg 876w\" sizes=\"auto, (max-width: 212px) 100vw, 212px\" \/><\/p>\n<p style=\"text-align: center;\">\u00a0<\/p>\n<h1 style=\"text-align: center;\">Editorial du n\u00b06 Novembre-D\u00e9cembre 1997<\/h1>\n<p style=\"text-align: center;\">\u00a0<\/p>\n<p style=\"text-align: center;\"><b><span style=\"font-size: 14pt;\"><span style=\"font-family: Arial;\">Conf\u00e9rence<br \/> <\/span><\/span><\/b><\/p>\n<p style=\"text-align: justify;\">\u00a0<\/p>\n<p style=\"text-align: justify;\"><span style=\"color: #800000;\"><strong><span style=\"font-size: medium;\">Par<\/span> Jean-Pierre BORY<\/strong><\/span><\/p>\n<p style=\"text-align: justify;\">\u00a0<\/p>\n<p style=\"text-align: justify;\">Les 8-9-10 novembre prochain la <em>Conf\u00e9rence Nationale<\/em> des C.A.E.F. se r\u00e9unira \u00e0 Chevilly-Larue.<\/p>\n<p>&nbsp;<\/p>\n<p style=\"text-align: justify;\">\u00a0<\/p>\n<p style=\"text-align: justify;\">Ce titre de \u00ab Conf\u00e9rence Nationale \u00bb me semble parfois bien ambitieux lorsque je consulte l\u2019<em>Annuaire<\/em> de nos \u00e9glises : \u00e0 peine 100 \u00e9glises, et sur ce nombre, bon an, mal an, une fois \u00e0 Lyon, une fois \u00e0 Paris, environ 70 d&rsquo;entre elles sont repr\u00e9sent\u00e9es.<\/p>\n<p style=\"text-align: justify;\">\u00a0<\/p>\n<p style=\"text-align: justify;\">\u00a0<\/p>\n<p style=\"text-align: justify;\"><!--more--><\/p>\n<p style=\"text-align: justify;\"><a href=\"\/wp-content\/uploads\/1997\/pdf1997\/1997_06_00B_editorial.pdf\" target=\"_blank\"><img loading=\"lazy\" decoding=\"async\" title=\"iconePDF\" src=\"\/wp-content\/uploads\/2011\/01\/iconePDF.jpg\" alt=\"\" width=\"81\" height=\"76\" align=\"right\" hspace=\"8\" vspace=\"8\" \/><\/a>Pourquoi tant d&rsquo;absents ? distance ? co\u00fbt du voyage ? maladie ? surcharge ? C&rsquo;est certainement le cas pour plusieurs de ceux qui ne seront pas l\u00e0 cette ann\u00e9e. D&rsquo;autres ne mettent pas ces deux journ\u00e9es dans leur agenda : d\u00e9lib\u00e9r\u00e9ment ? par d\u00e9sint\u00e9r\u00eat de ce qui se passe loin des priorit\u00e9s locales ?<\/p>\n<p style=\"text-align: justify;\">\u00a0<\/p>\n<p style=\"text-align: justify;\">Quoi qu&rsquo;il en soit, ceux qui s&rsquo;y retrouvent viennent de tous les coins de France et de Navarre, et se r\u00e9jouissent chaque ann\u00e9e de la communion fraternelle, de cette unit\u00e9 spirituelle en Christ qui les lie, de retrouver un ami avec qui l&rsquo;on a fait un bout de chemin, de partager des joies et des soucis, de r\u00e9conforter un fr\u00e8re et d&rsquo;\u00eatre encourag\u00e9 soi-m\u00eame&#8230; N&rsquo;est-ce pas un peu tout cela, la douceur de la rencontre des fr\u00e8res dont parle le <span style=\"background-color: #add8e6;\"><em>Psaume 133<\/em><\/span> ? Pourquoi s&rsquo;en priver ? Ce titre de \u00ab Conf\u00e9rence Nationale \u00bb est peut-\u00eatre un peu trop pompeux ou solennel pour notre sympathique rencontre annuelle&#8230; mais la conf\u00e9rence elle-m\u00eame en vaut la peine !<\/p>\n<p style=\"text-align: justify;\">\u00a0<\/p>\n<p style=\"text-align: justify;\">Cette rencontre est aussi importante pour d&rsquo;autres raisons. Il s&rsquo;y passe des choses !<\/p>\n<p style=\"text-align: justify;\">\u00a0<\/p>\n<p style=\"text-align: justify;\">On y aborde des questions qui nous int\u00e9ressent tous : qui ne s&rsquo;est jamais heurt\u00e9 au probl\u00e8me de l&rsquo;autorit\u00e9 dans l&rsquo;\u00e9glise ? pour l&rsquo;\u00e9tablir, pour la justifier, pour l&rsquo;exercer, pour la respecter&#8230; On en d\u00e9battra \u00e0 Chevilly-Larue .<\/p>\n<p style=\"text-align: justify;\">\u00a0<\/p>\n<p style=\"text-align: justify;\">Il s&rsquo;y prend des d\u00e9cisions qui concernent l&rsquo;avenir de nos \u00e9glises, de leurs relations mutuelles, de leur collaboration, de leur unit\u00e9 ; et sur un registre plus terre-\u00e0-terre, des questions administratives dont il faut parler, car elles concernent la gestion de fonds importants que le Seigneur nous a confi\u00e9s, de propri\u00e9t\u00e9s, de camps, d&rsquo;\u00e9ditions&#8230;<\/p>\n<p style=\"text-align: justify;\">\u00a0<\/p>\n<p style=\"text-align: justify;\">Chacune de nos Communaut\u00e9s et Assembl\u00e9es Evang\u00e9liques de France devrait se sentir concern\u00e9e par ce qui se passe dans les autres assembl\u00e9es, comme un membre ne peut que l&rsquo;\u00eatre par la sant\u00e9 des autres membres du corps dont il fait partie. Toutes devraient s&rsquo;impliquer pour le bien du corps, afin que chaque membre s&rsquo;en porte mieux. C&rsquo;est une des raisons de cette Conf\u00e9rence, qui se veut nationale&#8230;<\/p>\n<p style=\"text-align: justify;\">\u00a0<\/p>\n<p style=\"text-align: justify;\">En attendant, la lecture de ce num\u00e9ro de <em>SERVIR<\/em> suscitera peut-\u00eatre chez vous quelques questions \u00e0 poser \u00e0 Chevilly-Larue sur l&rsquo;incin\u00e9ration, la fa\u00e7on de prier, de lire les paraboles, l&rsquo;histoire du Nord de la France, ou tout simplement la valeur d&rsquo;une plume d&rsquo;oiseau&#8230;<\/p>\n<p style=\"text-align: justify;\">\u00a0<\/p>\n<p style=\"text-align: center;\">Jean-Pierre BORY<\/p>\n","protected":false},"excerpt":{"rendered":"<p>\u00a0 Editorial du n\u00b06 Novembre-D\u00e9cembre 1997 \u00a0 Conf\u00e9rence \u00a0 Par Jean-Pierre BORY \u00a0 Les 8-9-10 novembre prochain la Conf\u00e9rence Nationale des C.A.E.F. se r\u00e9unira \u00e0 Chevilly-Larue. &nbsp; \u00a0 Ce titre de \u00ab Conf\u00e9rence Nationale \u00bb me semble parfois bien ambitieux lorsque je consulte l\u2019Annuaire de nos \u00e9glises : \u00e0 peine 100 \u00e9glises, et sur ce [&hellip;]<\/p>\n","protected":false},"author":2,"featured_media":0,"comment_status":"closed","ping_status":"closed","sticky":false,"template":"","format":"standard","meta":{"footnotes":""},"categories":[3,39,13],"tags":[],"class_list":["post-6591","post","type-post","status-publish","format-standard","hentry","category-caef","category-editorial","category-la-vie-de-leglise"],"_links":{"self":[{"href":"https:\/\/www.servir.caef.net\/index.php?rest_route=\/wp\/v2\/posts\/6591","targetHints":{"allow":["GET"]}}],"collection":[{"href":"https:\/\/www.servir.caef.net\/index.php?rest_route=\/wp\/v2\/posts"}],"about":[{"href":"https:\/\/www.servir.caef.net\/index.php?rest_route=\/wp\/v2\/types\/post"}],"author":[{"embeddable":true,"href":"https:\/\/www.servir.caef.net\/index.php?rest_route=\/wp\/v2\/users\/2"}],"replies":[{"embeddable":true,"href":"https:\/\/www.servir.caef.net\/index.php?rest_route=%2Fwp%2Fv2%2Fcomments&post=6591"}],"version-history":[{"count":0,"href":"https:\/\/www.servir.caef.net\/index.php?rest_route=\/wp\/v2\/posts\/6591\/revisions"}],"wp:attachment":[{"href":"https:\/\/www.servir.caef.net\/index.php?rest_route=%2Fwp%2Fv2%2Fmedia&parent=6591"}],"wp:term":[{"taxonomy":"category","embeddable":true,"href":"https:\/\/www.servir.caef.net\/index.php?rest_route=%2Fwp%2Fv2%2Fcategories&post=6591"},{"taxonomy":"post_tag","embeddable":true,"href":"https:\/\/www.servir.caef.net\/index.php?rest_route=%2Fwp%2Fv2%2Ftags&post=6591"}],"curies":[{"name":"wp","href":"https:\/\/api.w.org\/{rel}","templated":true}]}}