{"id":6603,"date":"1995-01-23T12:38:11","date_gmt":"1995-01-23T12:38:11","guid":{"rendered":"\/?p=6603"},"modified":"2016-05-07T10:45:33","modified_gmt":"2016-05-07T10:45:33","slug":"lautorite-aujourdhui","status":"publish","type":"post","link":"https:\/\/www.servir.caef.net\/?p=6603","title":{"rendered":"L&rsquo;autorit\u00e9 aujourd&rsquo;hui (1\u00e8re partie)"},"content":{"rendered":"<h1 style=\"text-align: center;\">L&rsquo;autorit\u00e9 aujourd&rsquo;hui &#8211; (1\u00e8re partie)<\/h1>\n<p>&nbsp;<\/p>\n<p>\u00a0<a href=\"\/wp-content\/uploads\/2010\/10\/magistrat.jpg\"><img loading=\"lazy\" decoding=\"async\" class=\"wp-image-7015 aligncenter\" src=\"\/wp-content\/uploads\/2010\/10\/magistrat.jpg\" alt=\"magistrat\" width=\"173\" height=\"245\" srcset=\"https:\/\/www.servir.caef.net\/wp-content\/uploads\/2010\/10\/magistrat.jpg 288w, https:\/\/www.servir.caef.net\/wp-content\/uploads\/2010\/10\/magistrat-211x300.jpg 211w\" sizes=\"auto, (max-width: 173px) 100vw, 173px\" \/><\/a><\/p>\n<p style=\"text-align: right;\"><a href=\"\/wp-content\/uploads\/1995\/pdf1995\/1995_01_01_autoritedansleglise1et2.pdf\"><span style=\"color: #b22222;\"><strong><br \/> <\/strong><\/span><\/a><\/p>\n<p><span style=\"font-size: 16px;\"><span style=\"color: #b22222;\"><strong>par Francis BAILET<\/strong><\/span><\/span><\/p>\n<p>&nbsp;<\/p>\n<p>&nbsp;<\/p>\n<h2>Nous savons en quel temps nous sommes&#8230;<\/h2>\n<p style=\"text-align: justify;\">\u00a0<\/p>\n<p style=\"text-align: right;\">\u00a0<\/p>\n<p style=\"text-align: justify;\">Voici quelques appr\u00e9ciations sur notre temps : \u00ab\u00a0Notre temps est d\u00e9boussol\u00e9. Il ne sait \u00e0 quel saint se vouer\u00a0\u00bb<strong><sub>1<\/sub><\/strong>.<\/p>\n<p style=\"text-align: justify;\">\u00a0<\/p>\n<p style=\"text-align: justify;\">\u00ab\u00a0D\u00e9b\u00e2cle culturelle, institutions qui se d\u00e9sagr\u00e8gent, emballement irr\u00e9m\u00e9diable du syst\u00e8me : nous allons vers un d\u00e9sordre extr\u00eame\u00a0\u00bb<strong><sub>2<\/sub><\/strong>.<\/p>\n<p style=\"text-align: justify;\">\u00a0<\/p>\n<p style=\"text-align: justify;\">\u00ab\u00a0C&rsquo;est la crise du progr\u00e8s\u00a0\u00bb<sub><strong>3<\/strong><\/sub>.<\/p>\n<p style=\"text-align: justify;\">\u00a0<\/p>\n<p style=\"text-align: justify;\">\u00ab\u00a0Nous vivons la tyrannie de l&rsquo;\u00e9ph\u00e9m\u00e8re. Nous perdons tous nos rep\u00e8res et toute autorit\u00e9&#8230; La soci\u00e9t\u00e9 est de plus en plus adolescente\u00a0\u00bb<sub>4<\/sub>.<\/p>\n<p style=\"text-align: justify;\">\u00a0<\/p>\n<p style=\"text-align: justify;\">\u00ab\u00a0Tous les rep\u00e8res moraux ont \u00e9t\u00e9 balay\u00e9s comme faux et hypocrites. On ne sait plus ce qui se fait et ce qui ne se fait pas. Tout est permis puisque l&rsquo;homme moderne pense que le malaise vient des tabous religieux&#8230;\u00a0\u00bb<strong><sub>5<\/sub><\/strong>.<\/p>\n<p style=\"text-align: justify;\"><!--more--><\/p>\n<p style=\"text-align: right;\"><span style=\"color: #0000ff;\">\u00a0<\/span><\/p>\n<p style=\"text-align: right;\"><span style=\"color: #0000ff;\"><a href=\"\/wp-content\/uploads\/1995\/pdf1995\/1995_01_01_autoritedansleglise1et2.pdf\"><span style=\"color: #0000ff;\"><strong>Version compl\u00e8te<\/strong><\/span><\/a><\/span><\/p>\n<p style=\"text-align: justify;\"><a href=\"\/wp-content\/uploads\/1995\/pdf1995\/1995_01_01_autoritedansleglise1et2.pdf\" target=\"_blank\"><img loading=\"lazy\" decoding=\"async\" title=\"iconePDF\" src=\"\/wp-content\/uploads\/2011\/01\/iconePDF.jpg\" alt=\"\" width=\"81\" height=\"76\" align=\"right\" hspace=\"8\" vspace=\"8\" \/><\/a><\/p>\n<p style=\"text-align: justify;\">\u00a0<\/p>\n<p style=\"text-align: justify;\">\u00a0<\/p>\n<p style=\"text-align: justify;\">\u00a0<\/p>\n<p style=\"text-align: justify;\">\u00a0<\/p>\n<h2>Le vrai probl\u00e8me de notre temps est celui de l&rsquo;autorit\u00e9.<\/h2>\n<p style=\"text-align: justify;\">\u00a0<\/p>\n<p style=\"text-align: justify;\"><a href=\"\/wp-content\/uploads\/1995\/pdf1995\/1995_01_01_autoritedansleglise1.pdf\" target=\"_blank\"><img loading=\"lazy\" decoding=\"async\" title=\"iconePDF\" src=\"\/wp-content\/uploads\/2011\/01\/iconePDF.jpg\" alt=\"\" width=\"81\" height=\"76\" align=\"right\" hspace=\"8\" vspace=\"8\" \/><\/a>L&rsquo;autorit\u00e9 est contest\u00e9e, sans cesse remise en cause, dans la soci\u00e9t\u00e9 en g\u00e9n\u00e9ral, dans la famille, le couple, l&rsquo;\u00e9glise.<\/p>\n<p style=\"text-align: justify;\">\u00a0<\/p>\n<p style=\"text-align: justify;\">Le plus grave &#8211; et c&rsquo;est en fait l&rsquo;origine de toutes les contestations &#8211; c&rsquo;est que l&rsquo;autorit\u00e9 de Dieu n&rsquo;est plus reconnue. Dieu inutile&#8230; Dieu refoul\u00e9&#8230; Dieu mort.<\/p>\n<p style=\"text-align: justify;\">\u00a0<\/p>\n<p style=\"text-align: justify;\">De tout temps, l&rsquo;autorit\u00e9 a \u00e9t\u00e9 contest\u00e9e. Refus d&rsquo;ob\u00e9ir, insoumission, r\u00e9volte. Le temps des Juges est un exemple bien connu : <span style=\"background-color: #add8e6;\"><em>\u00ab\u00a0II n&rsquo;y avait pas de roi, chacun faisait ce qui lui semblait bon\u00a0\u00bb<\/em><\/span>. Aujourd&rsquo;hui, cette attitude s&rsquo;est g\u00e9n\u00e9ralis\u00e9e et est pr\u00f4n\u00e9e comme la voie de la libert\u00e9. \u00ab\u00a0II est interdit d&rsquo;interdire\u00a0\u00bb.<\/p>\n<p style=\"text-align: justify;\">\u00a0<\/p>\n<p style=\"text-align: justify;\">\u00a0<\/p>\n<h2>C&rsquo;est la nouvelle mani\u00e8re d&rsquo;envisager la v\u00e9rit\u00e9 qui a engendr\u00e9 cette situation.<\/h2>\n<p style=\"text-align: justify;\">\u00a0<\/p>\n<p style=\"text-align: justify;\">Le philosophe allemand Friedrich Hegel a ouvert la voie en proposant de ne plus raisonner sur le principe de la th\u00e8se et de son contraire l&rsquo;antith\u00e8se, mais par le biais de la synth\u00e8se. Autrement dit et plus simplement : il n&rsquo;y a plus le vrai et le faux et par voie de cons\u00e9quence, il n&rsquo;y a plus le bien et le mal. Notre g\u00e9n\u00e9ration est toujours marqu\u00e9e par la philosophie d&rsquo;Albert Camus et de Jean-Paul Sartre. \u00ab\u00a0II n&rsquo;y a plus rien au ciel, ni bien, ni mal, ni personne pour me donner d&rsquo;ordres, car je suis un homme, Jupiter, et chaque homme doit inventer son chemin \u00bb<strong><sub>6<\/sub><\/strong>. Je suis \u00ab\u00a0condamn\u00e9\u00a0\u00bb \u00e9crit encore Jean-Paul Sartre \u00ab\u00a0\u00e0 n&rsquo;avoir d&rsquo;autre loi que la mienne\u00a0\u00bb.<\/p>\n<p style=\"text-align: justify;\">\u00a0<\/p>\n<p style=\"text-align: justify;\">Cette nouvelle mani\u00e8re de penser s&rsquo;exprime aujourd&rsquo;hui dans l&rsquo;art, la musique, les films et les chansons. Pour Jospeh Beuys \u00ab\u00a0Tout est art\u00a0\u00bb et sa <em>Fetstuhl<\/em> &#8211; motte de graisse jaun\u00e2tre \u00e9cras\u00e9e sur une chaise de cuisine &#8211; pourrait bien devenir l&rsquo;une des \u00ab\u00a0cr\u00e9ations\u00a0\u00bb les plus importantes de cette fin de si\u00e8cle ! Une des chansons du groupe<em> I am <\/em>a pour titre \u00ab\u00a0Ombre est Lumi\u00e8re\u00a0\u00bb (notez bien l&rsquo;orthographe). Ainsi notre vie quotidienne s&rsquo;impr\u00e8gne de cette nouvelle pens\u00e9e qui devient ainsi une nouvelle mani\u00e8re de vivre.<\/p>\n<p style=\"text-align: justify;\">\u00a0<\/p>\n<p style=\"text-align: justify;\">\u00a0<\/p>\n<h2>L&rsquo;influence New Age<\/h2>\n<p style=\"text-align: justify;\">\u00a0<\/p>\n<p style=\"text-align: justify;\">Au plan th\u00e9ologique on voudrait une religion sans Dieu. \u00ab\u00a0II faudrait \u00e9laborer une nouvelle d\u00e9finition du `divin&rsquo;, celui-ci \u00e9tant libre de tout lien avec des \u00eatres ext\u00e9rieurs surnaturels\u00a0\u00bb<strong><sub>7<\/sub><\/strong>. On conna\u00eet les slogans populaires : \u00ab\u00a0Ni Dieu, ni ma\u00eetre\u00a0\u00bb et \u00ab\u00a0Au commencement rien et personne\u00a0\u00bb ou encore : \u00ab\u00a0Nous disons non \u00e0 la dictature du bien\u00a0\u00bb. Ainsi les r\u00e9f\u00e9rences fixes ont disparu. Nous sommes dans un monde <em>fluant<\/em>.<\/p>\n<p style=\"text-align: justify;\">\u00a0<\/p>\n<p style=\"text-align: justify;\">Le Nouvel Age est impr\u00e9gn\u00e9 de cette nouvelle mani\u00e8re de penser. \u00ab\u00a0II nous faut p\u00e9n\u00e9trer dans l&rsquo;inconnu, le connu n&rsquo;a d\u00e9j\u00e0 que trop failli aux espoirs que nous y avons fond\u00e9s\u00a0\u00bb \u00e9crit Marilyn Ferguson dans son livre <em>Les enfants du Verseau<\/em>. \u00ab\u00a0Tout peut \u00eatre autrement. La doctrine est un savoir de seconde main, un danger\u00a0\u00bb<strong><sub>8<\/sub><\/strong>. Il ne peut y avoir de v\u00e9rit\u00e9 absolue. Le relativisme doctrinal est \u00e0 la mode. L&rsquo;exp\u00e9rience est prioritaire, fait autorit\u00e9. \u00ab\u00a0Peu importe ce que vous croyez du moment que cela marche\u00a0\u00bb. \u00ab\u00a0C&rsquo;est vrai si tu le crois\u00a0\u00bb.<\/p>\n<p style=\"text-align: justify;\">\u00a0<\/p>\n<p style=\"text-align: justify;\">La soci\u00e9t\u00e9 est en crise. L&rsquo;homme lui-m\u00eame est en crise. Cette crise est d&rsquo;abord spirituelle. Le rejet de toute autorit\u00e9 entra\u00eene le d\u00e9sordre, le d\u00e9s\u00e9quilibre moral, psychologique et physique. La crise aboutit \u00e0 la perte de notre identit\u00e9, au d\u00e9sespoir et \u00e0 la mort.<\/p>\n<p style=\"text-align: justify;\">\u00a0<\/p>\n<p style=\"text-align: justify;\">\u00a0<\/p>\n<h2>Notre mani\u00e8re d&rsquo;\u00e9vang\u00e9liser doit tenir compte de cette situation.<\/h2>\n<p style=\"text-align: justify;\">\u00a0<\/p>\n<p style=\"text-align: justify;\">Au niveau de la pens\u00e9e, il faut montrer qu&rsquo;il y a une v\u00e9rit\u00e9 absolue. Le vrai et le faux ne peuvent \u00eatre confondus. On ne peut pas croire n&rsquo;importe quoi au m\u00e9pris du simple bon sens.<\/p>\n<p style=\"text-align: justify;\">\u00a0<\/p>\n<p style=\"text-align: justify;\">Au niveau de la morale affirmons que s&rsquo;il y a des lois physiques, il y a aussi des lois morales et spirituelles. Le non-respect des lois entra\u00eene le d\u00e9sordre, le chaos. Le m\u00e9pris des autorit\u00e9s et de celle de Dieu en particulier et en priorit\u00e9 est le point de d\u00e9part d&rsquo;une trag\u00e9die g\u00e9n\u00e9rale vers laquelle le monde se dirige.<\/p>\n<p style=\"text-align: justify;\">\u00a0<\/p>\n<p style=\"text-align: justify;\">Ce retour \u00e0 la bonne mani\u00e8re de penser qui affirme que la v\u00e9rit\u00e9 est une et, par voie de cons\u00e9quence, marque la diff\u00e9rence entre le vrai et le faux, le bien et le mal est indispensable. C&rsquo;est alors que nous pouvons pr\u00e9senter le message biblique et en particulier l&rsquo;Evangile de la gr\u00e2ce. Cette <strong>pr\u00e9-\u00e9vang\u00e9lisation<\/strong>, ch\u00e8re \u00e0 Francis Schaeffer est aujourd&rsquo;hui plus que jamais prioritaire. \u00ab\u00a0La connaissance pr\u00e9c\u00e8de la foi\u00a0\u00bb<strong><sub>9<\/sub><\/strong>. \u00ab\u00a0La foi n&rsquo;est pas un saut dans l&rsquo;inconnu, c&rsquo;est un pas vers quelqu&rsquo;un\u00a0\u00bb, Dieu r\u00e9v\u00e9l\u00e9 en J\u00e9sus-Christ<strong><sub>10<\/sub><\/strong>. Dieu n&rsquo;est pas Force vague, Energie impersonnelle, ni Conscience cosmique, c&rsquo;est une Personne.<\/p>\n<p style=\"text-align: justify;\">\u00a0<\/p>\n<p style=\"text-align: justify;\">\u00a0<\/p>\n<h2>\u00ab\u00a0Le Dieu vivant et vrai\u00a0\u00bb, fondement de l&rsquo;autorit\u00e9<\/h2>\n<p style=\"text-align: justify;\">\u00a0<\/p>\n<p style=\"text-align: justify;\">L&rsquo;autorit\u00e9 c&rsquo;est Dieu. <span style=\"background-color: #add8e6;\"><em>\u00ab\u00a0Au commencement Dieu&#8230;\u00a0\u00bb<\/em><\/span>. C&rsquo;est le \u00ab\u00a0Je suis\u00a0\u00bb qui se r\u00e9v\u00e9la \u00e0 Mo\u00efse. Il existe en Lui-m\u00eame et de Lui-m\u00eame. Il est \u00e0 l&rsquo;origine de toutes choses. Il est le Ma\u00eetre de l&rsquo;Univers et de nos vies. <span style=\"background-color: #add8e6;\"><em>\u00ab\u00a0II est au-dessus de tous, parmi tous et en tous. Il est assis sur les ch\u00e9rubins\u00a0\u00bb (Ps 99.1)<\/em><\/span>. Le <span style=\"background-color: #add8e6;\"><em>Psaume 18<\/em><\/span> dit sa puissance et sa souverainet\u00e9. Il sauve ceux qui l&rsquo;invoquent et juge ceux qui s&rsquo;opposent \u00e0 lui. <span style=\"background-color: #add8e6;\"><em>\u00ab\u00a0A lui la sagesse et la toute-puissance : qui lui r\u00e9sisterait impun\u00e9ment ? &#8230; Qui lui dira : Que fais-tu ?\u00a0\u00bb<\/em><\/span> s&rsquo;\u00e9criait Job<strong><sub>11<\/sub><\/strong>. Et Elihu, rempli de l&rsquo;Esprit Saint pouvait proclamer : <span style=\"background-color: #add8e6;\"><em>\u00ab\u00a0Si Dieu ne pensait qu&rsquo;\u00e0 lui-m\u00eame, s&rsquo;il retirait \u00e0 lui son esprit et son souffle, toute chair p\u00e9rirait soudain, et l&rsquo;homme rentrerait dans la poussi\u00e8re\u00a0\u00bb<\/em><\/span><strong><sub>12<\/sub><\/strong>.<\/p>\n<p style=\"text-align: justify;\">\u00a0<\/p>\n<p style=\"text-align: justify;\">\u00a0<\/p>\n<h2>Sa Parole est la V\u00e9rit\u00e9<\/h2>\n<p style=\"text-align: justify;\">\u00a0<\/p>\n<p style=\"text-align: justify;\">La Bible est la Parole de Dieu. Nous croyons \u00e0 l&rsquo;Inspiration \u00ab\u00a0pl\u00e9ni\u00e8re et verbale\u00a0\u00bb de l&rsquo;Ecriture. Elle est notre autorit\u00e9, notre seule autorit\u00e9.<\/p>\n<p style=\"text-align: justify;\">\u00a0<\/p>\n<h3>L&rsquo;autorit\u00e9 de la Bible est aujourd&rsquo;hui contest\u00e9e<\/h3>\n<p style=\"text-align: justify;\">\u00a0<\/p>\n<p style=\"text-align: justify;\">Autorit\u00e9 affaiblie par le lib\u00e9ralisme. Il affirme que tout n&rsquo;est pas \u00ab\u00a0Parole de Dieu\u00a0\u00bb dans la Bible. \u00ab\u00a0Nous n&rsquo;accorderons pas une \u00e9gale importance \u00e0 tous les textes bibliques. Autrement dit un choix nous para\u00eet in\u00e9vitable\u00a0\u00bb. Autorit\u00e9 partag\u00e9e par la tradition.<\/p>\n<p style=\"text-align: justify;\">\u00a0<\/p>\n<p style=\"text-align: justify;\">Dans l&rsquo;Eglise catholique romaine, la tradition et l&rsquo;Ecriture Sainte sont reli\u00e9es et communiquent \u00e9troitement entre elles. Car toutes deux jaillissent d&rsquo;une source divine identique, ne forment pour ainsi dire qu&rsquo;un tout et tendent \u00e0 une m\u00eame fin. L&rsquo;Eglise \u00e0 laquelle est confi\u00e9e l&rsquo;interpr\u00e9tation de la R\u00e9v\u00e9lation \u00ab\u00a0ne tire pas de la seule Ecriture sa certitude sur tous les points de la R\u00e9v\u00e9lation. C&rsquo;est pourquoi l&rsquo;une et l&rsquo;autre doivent \u00eatre re\u00e7ues et v\u00e9n\u00e9r\u00e9es avec \u00e9gal sentiment d&rsquo;amour et de respect\u00a0\u00bb<strong><sub>13<\/sub><\/strong>.<\/p>\n<p style=\"text-align: justify;\">\u00a0<\/p>\n<p>Autorit\u00e9 remplac\u00e9e par <strong>l&rsquo;illuminisme.<\/strong><\/p>\n<p style=\"text-align: justify;\">\u00a0<\/p>\n<p style=\"text-align: justify;\">La proph\u00e9tie prend le pas sur la Parole \u00e9crite.<\/p>\n<p style=\"text-align: justify;\">\u00a0<\/p>\n<p style=\"text-align: justify;\"><span style=\"background-color: #add8e6;\"><em>La lettre tue<\/em><\/span> et <span style=\"background-color: #add8e6;\"><em>l&rsquo;Esprit vivifie<\/em><\/span>, mais ce que me dit l&rsquo;Esprit ne peut \u00eatre en contradiction avec la Parole \u00e9crite. De m\u00eame l&rsquo;exp\u00e9rience n&rsquo;a pas la priorit\u00e9 sur l&rsquo;Ecriture.<\/p>\n<p style=\"text-align: justify;\">\u00a0<\/p>\n<h3>\u00ab\u00a0Sola Scriptura\u00a0\u00bb<\/h3>\n<p style=\"text-align: justify;\">\u00a0<\/p>\n<p style=\"text-align: justify;\"><span style=\"background-color: #add8e6;\"><em>\u00ab\u00a0L&rsquo;Ecriture ne peut \u00eatre an\u00e9antie\u00a0\u00bb<\/em><\/span> ou, comme le traduit la Bible du Semeur : <span style=\"background-color: #add8e6;\"><em>\u00ab\u00a0On ne saurait discuter le t\u00e9moignage de l&rsquo;Ecriture\u00a0\u00bb<\/em><\/span>. C&rsquo;est par elle que se manifeste l&rsquo;autorit\u00e9 du Seigneur.<\/p>\n<p style=\"text-align: justify;\">\u00a0<\/p>\n<p style=\"text-align: justify;\">Ce message est plus que jamais r\u00e9volutionnaire. Pour le transmettre aujourd&rsquo;hui il n&rsquo;y a que l&rsquo;amour. L&rsquo;autorit\u00e9 de Dieu c&rsquo;est une autorit\u00e9 d&rsquo;amour. La Parole que nous proclamons comme seule autorit\u00e9 c&rsquo;est une Parole \u00e9crite, mais c&rsquo;est aussi, et avant tout, une Personne. Dieu ne nous a pas seulement parl\u00e9 \u00ab\u00a0d&rsquo;en haut\u00a0\u00bb, il est venu \u00ab\u00a0en bas\u00a0\u00bb pour \u00eatre avec les hommes. La Parole s&rsquo;est faite chair.<\/p>\n<p style=\"text-align: justify;\">\u00a0<\/p>\n<p style=\"text-align: justify;\">C&rsquo;est la situation de l&rsquo;Eglise de faire conna\u00eetre l&rsquo;autorit\u00e9 de son Seigneur, l&rsquo;amour de son Seigneur. Quel t\u00e9moignage rendons-nous \u00e0 cet \u00e9gard ? Quelles sont les autorit\u00e9s que nous reconnaissons ? La soumission est-elle difficile \u00e0 vivre ? Et notre autorit\u00e9 ? Comment est-elle v\u00e9cue, accept\u00e9e dans notre couple, notre famille, l&rsquo;\u00e9glise ? Nous avons certainement besoin de nous remettre en question, de faire le point et probablement de nous humilier au niveau personnel et communautaire.<\/p>\n<p style=\"text-align: justify;\">\u00a0<\/p>\n<p style=\"text-align: justify;\">Nous aborderons ces questions dans un prochain article qui traitera de \u00ab\u00a0l&rsquo;autorit\u00e9 dans l&rsquo;Eglise\u00a0\u00bb.<\/p>\n<p style=\"text-align: justify;\">\u00a0<\/p>\n<p style=\"text-align: center;\">F.B.<\/p>\n<hr \/>\n<p>&nbsp;<\/p>\n<p style=\"text-align: justify;\">NOTES<\/p>\n<p>&nbsp;<\/p>\n<p style=\"text-align: justify;\">\u00a0<\/p>\n<p style=\"text-align: justify;\"><strong>1.<\/strong> A Kuen, <em>Introduction \u00e0 Lettres pour notre temps<\/em>.<\/p>\n<p style=\"text-align: justify;\">\u00a0<\/p>\n<p style=\"text-align: justify;\"><strong>2.<\/strong> Le philosophe Ren\u00e9 Girard.<\/p>\n<p style=\"text-align: justify;\">\u00a0<\/p>\n<p style=\"text-align: justify;\"><strong>3.<\/strong> Le sociologue Edgar Morin.<\/p>\n<p style=\"text-align: justify;\">\u00a0<\/p>\n<p style=\"text-align: justify;\"><strong>4.<\/strong> Le Dr Francis Mouhot.<\/p>\n<p style=\"text-align: justify;\">\u00a0<\/p>\n<p style=\"text-align: justify;\"><strong>5.<\/strong> Abb\u00e9 Pierre in <em>Le Christianisme<\/em> n\u00b0 449, 8-14, mai 94, p. 6.<\/p>\n<p style=\"text-align: justify;\">\u00a0<\/p>\n<p style=\"text-align: justify;\"><strong>6.<\/strong> Jean-Paul Sartre, <em>Les mouches<\/em>, acte III, sc\u00e8ne II.<\/p>\n<p style=\"text-align: justify;\">\u00a0<\/p>\n<p style=\"text-align: justify;\"><strong>7.<\/strong> Sir Julien Huxley, <em>Th\u00e9 Humanist Frame<\/em>. S. Marilyn Ferguson,<em> Les enfants du Verseau<\/em>, p. 18, 20,281.<\/p>\n<p style=\"text-align: justify;\">\u00a0<\/p>\n<p style=\"text-align: justify;\"><strong>8.<\/strong> Marylin Ferguson, <em>Les enfants du Verseau<\/em>, p.18, 20, 281.<\/p>\n<p style=\"text-align: justify;\">\u00a0<\/p>\n<p style=\"text-align: justify;\"><strong>9.<\/strong> Francis Schaeffer, <em>Dieu illusion ou r\u00e9alit\u00e9 ?<\/em>, p. 124.<\/p>\n<p style=\"text-align: justify;\">\u00a0<\/p>\n<p style=\"text-align: justify;\"><strong>10.<\/strong> Francis Bailet, <em>Et si la Bible avait raison ?<\/em>, p. 138.<\/p>\n<p style=\"text-align: justify;\">\u00a0<\/p>\n<p style=\"text-align: justify;\"><strong>11.<\/strong> Job 9.4-12<\/p>\n<p style=\"text-align: justify;\">\u00a0<\/p>\n<p style=\"text-align: justify;\"><strong>12.<\/strong> Job 34.14, 15.<\/p>\n<p style=\"text-align: justify;\">\u00a0<\/p>\n<p style=\"text-align: justify;\"><strong>13.<\/strong> Cat\u00e9chisme de l&rsquo;Eglise catholique, p. 31, 32.<\/p>\n<p style=\"text-align: justify;\">\u00a0<\/p>\n","protected":false},"excerpt":{"rendered":"<p>L&rsquo;autorit\u00e9 aujourd&rsquo;hui &#8211; (1\u00e8re partie) &nbsp; \u00a0 par Francis BAILET &nbsp; &nbsp; Nous savons en quel temps nous sommes&#8230; \u00a0 \u00a0 Voici quelques appr\u00e9ciations sur notre temps : \u00ab\u00a0Notre temps est d\u00e9boussol\u00e9. Il ne sait \u00e0 quel saint se vouer\u00a0\u00bb1. \u00a0 \u00ab\u00a0D\u00e9b\u00e2cle culturelle, institutions qui se d\u00e9sagr\u00e8gent, emballement irr\u00e9m\u00e9diable du syst\u00e8me : nous allons vers [&hellip;]<\/p>\n","protected":false},"author":13,"featured_media":0,"comment_status":"closed","ping_status":"closed","sticky":false,"template":"","format":"standard","meta":{"footnotes":""},"categories":[17,8,13],"tags":[],"class_list":["post-6603","post","type-post","status-publish","format-standard","hentry","category-lautorite","category-evangelisation","category-la-vie-de-leglise"],"_links":{"self":[{"href":"https:\/\/www.servir.caef.net\/index.php?rest_route=\/wp\/v2\/posts\/6603","targetHints":{"allow":["GET"]}}],"collection":[{"href":"https:\/\/www.servir.caef.net\/index.php?rest_route=\/wp\/v2\/posts"}],"about":[{"href":"https:\/\/www.servir.caef.net\/index.php?rest_route=\/wp\/v2\/types\/post"}],"author":[{"embeddable":true,"href":"https:\/\/www.servir.caef.net\/index.php?rest_route=\/wp\/v2\/users\/13"}],"replies":[{"embeddable":true,"href":"https:\/\/www.servir.caef.net\/index.php?rest_route=%2Fwp%2Fv2%2Fcomments&post=6603"}],"version-history":[{"count":0,"href":"https:\/\/www.servir.caef.net\/index.php?rest_route=\/wp\/v2\/posts\/6603\/revisions"}],"wp:attachment":[{"href":"https:\/\/www.servir.caef.net\/index.php?rest_route=%2Fwp%2Fv2%2Fmedia&parent=6603"}],"wp:term":[{"taxonomy":"category","embeddable":true,"href":"https:\/\/www.servir.caef.net\/index.php?rest_route=%2Fwp%2Fv2%2Fcategories&post=6603"},{"taxonomy":"post_tag","embeddable":true,"href":"https:\/\/www.servir.caef.net\/index.php?rest_route=%2Fwp%2Fv2%2Ftags&post=6603"}],"curies":[{"name":"wp","href":"https:\/\/api.w.org\/{rel}","templated":true}]}}