{"id":6618,"date":"1995-05-24T09:44:10","date_gmt":"1995-05-24T09:44:10","guid":{"rendered":"\/?p=6618"},"modified":"2016-05-10T06:12:39","modified_gmt":"2016-05-10T06:12:39","slug":"editorial-du-n3-mai-juin-1995","status":"publish","type":"post","link":"https:\/\/www.servir.caef.net\/?p=6618","title":{"rendered":"Editorial du n\u00b03 Mai-Juin 1995 &#8211; Evang\u00e9lisation"},"content":{"rendered":"<h1 style=\"text-align: center;\"><img loading=\"lazy\" decoding=\"async\" class=\"aligncenter size-medium wp-image-6803\" title=\"1995_03_00 couverture PM\" src=\"\/wp-content\/uploads\/1995\/05\/1995_03_00-couverture-PM-214x300.jpg\" alt=\"\" width=\"214\" height=\"300\" srcset=\"https:\/\/www.servir.caef.net\/wp-content\/uploads\/1995\/05\/1995_03_00-couverture-PM-214x300.jpg 214w, https:\/\/www.servir.caef.net\/wp-content\/uploads\/1995\/05\/1995_03_00-couverture-PM-733x1024.jpg 733w, https:\/\/www.servir.caef.net\/wp-content\/uploads\/1995\/05\/1995_03_00-couverture-PM.jpg 889w\" sizes=\"auto, (max-width: 214px) 100vw, 214px\" \/><\/h1>\n<h1 style=\"text-align: center;\">\u00a0<\/h1>\n<h1 style=\"text-align: center;\">Editorial du n\u00b03 Mai-Juin 1995<\/h1>\n<p>&nbsp;<\/p>\n<h1 style=\"text-align: center;\">Evang\u00e9lisation<\/h1>\n<p>&nbsp;<\/p>\n<p><span style=\"color: #800000; font-size: medium;\"><strong>Par Esther BUCKENHAM<\/strong><\/span><\/p>\n<p>&nbsp;<\/p>\n<p style=\"text-align: right;\">\u00a0<\/p>\n<p style=\"text-align: justify;\">Dans l&rsquo;exp\u00e9rience du chr\u00e9tien, <strong>le salut<\/strong> reste toujours central, : \u00ab c&rsquo;est vers la croix que nous regardons, m\u00eame si elle est maintenant vide, car Christ est ressuscit\u00e9 ! \u00bb En lisant l&rsquo;article de M. B\u00e9n\u00e9treau nous sommes amen\u00e9s de nouveau au pied de cette croix. Louons Dieu pour notre si grand salut ! C&rsquo;est un salut si immense que nous en faisons chacun une exp\u00e9rience <strong>personnelle<\/strong> &#8211; et l&rsquo;exp\u00e9rience dure toute la vie ! Que cela commence par une lumi\u00e8re foudroyante comme pour l&rsquo;ap\u00f4tre Paul &#8211; ou par un simple t\u00e9moignage comme pour Andr\u00e9 &#8211; par un appel &#8211; ou par une profonde r\u00e9alisation de la pr\u00e9sence divine &#8211; chaque chr\u00e9tien passe par la repentance, par la croix, et par le tombeau vide.<\/p>\n<p style=\"text-align: justify;\">\u00a0<\/p>\n<p style=\"text-align: justify;\"><!--more--><\/p>\n<p style=\"text-align: justify;\"><a href=\"\/wp-content\/uploads\/1995\/pdf1995\/1995_03_00B_editorial.pdf\" target=\"_blank\"><img loading=\"lazy\" decoding=\"async\" title=\"iconePDF\" src=\"\/wp-content\/uploads\/2011\/01\/iconePDF.jpg\" alt=\"\" width=\"81\" height=\"76\" align=\"right\" hspace=\"8\" vspace=\"8\" \/><\/a>Ces r\u00e9alit\u00e9s, qui sont \u00e0 la base de notre foi, nous d\u00e9passent ; nous les acceptons par la foi, et peu \u00e0 peu nous avan\u00e7ons dans le chemin de Dieu. Nous sommes peut-\u00eatre surpris de constater que notre salut affecte chaque domaine de notre vie : il est central dans notre vie de famille &#8211; dans notre t\u00e9moignage \u00e0 l&rsquo;\u00e9cole, au lyc\u00e9e, \u00e0 la facult\u00e9, sur notre lieu de travail&#8230; Il influence nos opinions politiques&#8230; notre vote ! Et bien s\u00fbr notre service dans le monde en d\u00e9coule.<\/p>\n<p style=\"text-align: justify;\">\u00a0<\/p>\n<p style=\"text-align: justify;\">Nous avons \u00e9t\u00e9 r\u00e9jouis, ces derni\u00e8res semaines, par MISSION MONDIALE, et par le nombre de personnes qui ont fait l&rsquo;exp\u00e9rience toute r\u00e9cente de ce grand salut de Dieu : prions pour elles, et pour les \u00e9glises qui ont su s&rsquo;unir dans cet effort.<\/p>\n<p style=\"text-align: justify;\">\u00a0<\/p>\n<p style=\"text-align: justify;\"><span style=\"background-color: #add8e6;\"><em>\u00ab Je veux dire merci au Seigneur ; de tout mon c\u0153ur je veux remercier Dieu ; je veux le remercier sans oublier un seul de ses bienfaits.<\/em><\/span><\/p>\n<p style=\"text-align: justify;\"><span style=\"background-color: #add8e6;\"><em>C&rsquo;est Lui qui pardonne toutes mes fautes, gu\u00e9rit toutes mes maladies, m&rsquo;arrache \u00e0 la tombe, me comble de tendresse et de bont\u00e9.<\/em><\/span><\/p>\n<p style=\"text-align: justify;\"><span style=\"background-color: #add8e6;\"><em>II remplit ma vie de bonheur. Il est bienveillant et compatissant, patient et d&rsquo;une immense bont\u00e9. Sa bont\u00e9 pour ses fid\u00e8les monte aussi haut que le ciel, au-dessus de la terre. Le Seigneur aime ses fid\u00e8les comme un p\u00e8re aime ses enfants. \u00bb(Extraits du Psaume 103)<\/em><\/span><\/p>\n<p style=\"text-align: justify;\">\u00a0<\/p>\n<p style=\"text-align: center;\">Esther BUCKENHAM<\/p>\n<p style=\"text-align: justify;\">\u00a0<\/p>\n","protected":false},"excerpt":{"rendered":"<p>\u00a0 Editorial du n\u00b03 Mai-Juin 1995 &nbsp; Evang\u00e9lisation &nbsp; Par Esther BUCKENHAM &nbsp; \u00a0 Dans l&rsquo;exp\u00e9rience du chr\u00e9tien, le salut reste toujours central, : \u00ab c&rsquo;est vers la croix que nous regardons, m\u00eame si elle est maintenant vide, car Christ est ressuscit\u00e9 ! \u00bb En lisant l&rsquo;article de M. B\u00e9n\u00e9treau nous sommes amen\u00e9s de nouveau [&hellip;]<\/p>\n","protected":false},"author":117,"featured_media":0,"comment_status":"closed","ping_status":"closed","sticky":false,"template":"","format":"standard","meta":{"footnotes":""},"categories":[39,8,71],"tags":[],"class_list":["post-6618","post","type-post","status-publish","format-standard","hentry","category-editorial","category-evangelisation","category-salut"],"_links":{"self":[{"href":"https:\/\/www.servir.caef.net\/index.php?rest_route=\/wp\/v2\/posts\/6618","targetHints":{"allow":["GET"]}}],"collection":[{"href":"https:\/\/www.servir.caef.net\/index.php?rest_route=\/wp\/v2\/posts"}],"about":[{"href":"https:\/\/www.servir.caef.net\/index.php?rest_route=\/wp\/v2\/types\/post"}],"author":[{"embeddable":true,"href":"https:\/\/www.servir.caef.net\/index.php?rest_route=\/wp\/v2\/users\/117"}],"replies":[{"embeddable":true,"href":"https:\/\/www.servir.caef.net\/index.php?rest_route=%2Fwp%2Fv2%2Fcomments&post=6618"}],"version-history":[{"count":0,"href":"https:\/\/www.servir.caef.net\/index.php?rest_route=\/wp\/v2\/posts\/6618\/revisions"}],"wp:attachment":[{"href":"https:\/\/www.servir.caef.net\/index.php?rest_route=%2Fwp%2Fv2%2Fmedia&parent=6618"}],"wp:term":[{"taxonomy":"category","embeddable":true,"href":"https:\/\/www.servir.caef.net\/index.php?rest_route=%2Fwp%2Fv2%2Fcategories&post=6618"},{"taxonomy":"post_tag","embeddable":true,"href":"https:\/\/www.servir.caef.net\/index.php?rest_route=%2Fwp%2Fv2%2Ftags&post=6618"}],"curies":[{"name":"wp","href":"https:\/\/api.w.org\/{rel}","templated":true}]}}