{"id":6646,"date":"1995-11-14T08:02:13","date_gmt":"1995-11-14T08:02:13","guid":{"rendered":"\/?p=6646"},"modified":"2016-05-11T06:18:20","modified_gmt":"2016-05-11T06:18:20","slug":"editorial-du-n6-novembre-decembre-1995-des-mots-et-des-hommes","status":"publish","type":"post","link":"https:\/\/www.servir.caef.net\/?p=6646","title":{"rendered":"Editorial du n\u00b06 Novembre-D\u00e9cembre 1995 &#8211; Des mots et des hommes"},"content":{"rendered":"<h1 style=\"text-align: center;\"><img loading=\"lazy\" decoding=\"async\" class=\"aligncenter size-medium wp-image-6647\" title=\"1995_06_00 couverture PM\" src=\"\/wp-content\/uploads\/2012\/06\/1995_06_00-couverture-PM-211x300.jpg\" alt=\"\" width=\"211\" height=\"300\" srcset=\"https:\/\/www.servir.caef.net\/wp-content\/uploads\/2012\/06\/1995_06_00-couverture-PM-211x300.jpg 211w, https:\/\/www.servir.caef.net\/wp-content\/uploads\/2012\/06\/1995_06_00-couverture-PM-720x1024.jpg 720w, https:\/\/www.servir.caef.net\/wp-content\/uploads\/2012\/06\/1995_06_00-couverture-PM.jpg 878w\" sizes=\"auto, (max-width: 211px) 100vw, 211px\" \/><\/h1>\n<h1 style=\"text-align: center;\">\u00a0<\/h1>\n<h1 style=\"text-align: center;\">\u00a0Editorial du n\u00b06 Novembre-D\u00e9cembre 1995<\/h1>\n<p style=\"text-align: center;\">\u00a0<\/p>\n<h1 style=\"text-align: center;\">\u00ab\u00a0Des mots et des hommes\u00a0\u00bb<\/h1>\n<p>&nbsp;<\/p>\n<p><span style=\"color: #800000; font-size: medium;\"><strong>Par Francis BAILET<\/strong><\/span><\/p>\n<p>&nbsp;<\/p>\n<p style=\"text-align: right;\">\u00a0<\/p>\n<p style=\"text-align: justify;\">Pour dire le message biblique, pour dire le message chr\u00e9tien, il faut des mots, il faut des hommes. Les proph\u00e8tes ont port\u00e9 la Parole de Dieu. Ils l&rsquo;ont aussi, bien souvent, incarn\u00e9e dans leur vie. Message et messager vont ensemble.<\/p>\n<p style=\"text-align: justify;\">\u00a0<\/p>\n<p style=\"text-align: justify;\"><span style=\"background-color: #add8e6;\"><em>\u00ab Au commencement \u00e9tait la Parole, le Verbe, et la Parole s&rsquo;est faite chair \u00bb<\/em><\/span>, c&rsquo;est-\u00e0-dire homme. Dieu a parl\u00e9. Il s&rsquo;est aussi montr\u00e9 dans la personne de J\u00e9sus-Christ. La Parole a habit\u00e9 au milieu des hommes.<\/p>\n<p style=\"text-align: justify;\">\u00a0<\/p>\n<p style=\"text-align: justify;\"><!--more--><\/p>\n<p style=\"text-align: justify;\"><strong><a href=\"\/wp-content\/uploads\/1995\/pdf1995\/1995_06_00B_editorial.pdf\" target=\"_blank\"><img loading=\"lazy\" decoding=\"async\" title=\"iconePDF\" src=\"\/wp-content\/uploads\/2011\/01\/iconePDF.jpg\" alt=\"\" width=\"81\" height=\"76\" align=\"right\" hspace=\"8\" vspace=\"8\" \/><\/a><\/strong>Les mots de la Bible, \u00ab mots de Dieu \u00bb, sont des mots simples, des mots de tous les jours. De nombreux passages bibliques sont d&rsquo;une grande beaut\u00e9 po\u00e9tique. Cependant, le texte biblique n&rsquo;est pas toujours d&rsquo;une grande valeur litt\u00e9raire. La parole divine est v\u00e9hicul\u00e9e par des mots tr\u00e8s humains. Chacun des auteurs bibliques a son style. Dieu a respect\u00e9 la personnalit\u00e9 de tous.<\/p>\n<p style=\"text-align: justify;\">\u00a0<\/p>\n<p style=\"text-align: justify;\">Que dire <strong>des hommes et des femmes de la Bible<\/strong> ? Ce ne sont pas des \u00ab supermen \u00bb, mais des hommes de la m\u00eame nature que nous, aux m\u00eames passions que nous, dont les erreurs, les fautes et les faiblesses ne nous sont pas cach\u00e9es.<\/p>\n<p style=\"text-align: justify;\">\u00a0<\/p>\n<p style=\"text-align: justify;\"><strong>Pourtant<\/strong>, au travers de ces mots et de ces personnes, le message passe. Le message \u00e9ternel de Dieu, incomparable, puissant, r\u00e9volutionnaire&#8230; passe. Ce message est si exceptionnel, si extraordinaire que J\u00e9sus a pu dire que \u00ab les deux et la terre passeraient, mais que ses paroles ne passeraient pas \u00bb.<\/p>\n<p style=\"text-align: justify;\">\u00a0<\/p>\n<p style=\"text-align: justify;\">Pourquoi en est-il ainsi ?<\/p>\n<p style=\"text-align: justify;\">\u00a0<\/p>\n<p style=\"text-align: center;\"><strong>C&rsquo;est l&rsquo;oeuvre du Saint-Esprit.<\/strong><\/p>\n<p style=\"text-align: justify;\">\u00a0<\/p>\n<p style=\"text-align: justify;\">Ces mots sont les mots de l&rsquo;Esprit, ces messagers sont ceux que Dieu a choisis. Elihou l&rsquo;exprimait avec clart\u00e9 et autorit\u00e9 : <span style=\"background-color: #add8e6;\"><em>\u00ab En r\u00e9alit\u00e9, dans l&rsquo;homme, c&rsquo;est l&rsquo;Esprit, le souffle du Tout-Puissant qui donne l\u2019intelligence \u00bb (<\/em>lire <em>Job 32.8 <\/em>et <em>18 \u00e0 22).<\/em><\/span><\/p>\n<p style=\"text-align: justify;\">\u00a0<\/p>\n<p style=\"text-align: justify;\">C&rsquo;est l&rsquo;Esprit Saint qui change tout, et les mots et les hommes.<\/p>\n<p style=\"text-align: justify;\">\u00a0<\/p>\n<p style=\"text-align: justify;\">Alors qu&rsquo;en cette saison II nous rappelle avec force la venues du Sauveur et qu&rsquo;il nous pr\u00e9c\u00e8de dans la nouvelle ann\u00e9e, red\u00e9couvrons Sa personne et Son \u0153uvre. Mais pas une imitation. M\u00e9fiez-vous des imitations !<\/p>\n<p style=\"text-align: justify;\">\u00a0<\/p>\n<p style=\"text-align: justify;\">L&rsquo;Esprit Saint n&rsquo;agira pas dans la vie de ceux qui mettent leur confiance en l&rsquo;homme, qui se croient forts, mais dans la vie de ceux qui confesseront leur faiblesse, leur incapacit\u00e9 et se rendront disponibles pour Dieu. Des hommes qui marchent avec Dieu, qui t\u00e9moignent dans notre pays ou au Tchad, ou en Afrique du Nord, partout o\u00f9 Dieu les conduira.<\/p>\n<p style=\"text-align: justify;\">\u00a0<\/p>\n<p style=\"text-align: justify;\">Que les mots de l&rsquo;Esprit touchent nos c\u0153urs pour que nous soyons ces hommes, ces femmes de Dieu dont notre temps a un urgent besoin.<\/p>\n<p>&nbsp;<\/p>\n<p style=\"text-align: center;\">Francis BAILET<\/p>\n<p>&nbsp;<\/p>\n","protected":false},"excerpt":{"rendered":"<p>\u00a0 \u00a0Editorial du n\u00b06 Novembre-D\u00e9cembre 1995 \u00a0 \u00ab\u00a0Des mots et des hommes\u00a0\u00bb &nbsp; Par Francis BAILET &nbsp; \u00a0 Pour dire le message biblique, pour dire le message chr\u00e9tien, il faut des mots, il faut des hommes. Les proph\u00e8tes ont port\u00e9 la Parole de Dieu. Ils l&rsquo;ont aussi, bien souvent, incarn\u00e9e dans leur vie. Message et [&hellip;]<\/p>\n","protected":false},"author":13,"featured_media":0,"comment_status":"closed","ping_status":"closed","sticky":false,"template":"","format":"standard","meta":{"footnotes":""},"categories":[26,39,24],"tags":[],"class_list":["post-6646","post","type-post","status-publish","format-standard","hentry","category-la-bible","category-editorial","category-le-saint-esprit"],"_links":{"self":[{"href":"https:\/\/www.servir.caef.net\/index.php?rest_route=\/wp\/v2\/posts\/6646","targetHints":{"allow":["GET"]}}],"collection":[{"href":"https:\/\/www.servir.caef.net\/index.php?rest_route=\/wp\/v2\/posts"}],"about":[{"href":"https:\/\/www.servir.caef.net\/index.php?rest_route=\/wp\/v2\/types\/post"}],"author":[{"embeddable":true,"href":"https:\/\/www.servir.caef.net\/index.php?rest_route=\/wp\/v2\/users\/13"}],"replies":[{"embeddable":true,"href":"https:\/\/www.servir.caef.net\/index.php?rest_route=%2Fwp%2Fv2%2Fcomments&post=6646"}],"version-history":[{"count":0,"href":"https:\/\/www.servir.caef.net\/index.php?rest_route=\/wp\/v2\/posts\/6646\/revisions"}],"wp:attachment":[{"href":"https:\/\/www.servir.caef.net\/index.php?rest_route=%2Fwp%2Fv2%2Fmedia&parent=6646"}],"wp:term":[{"taxonomy":"category","embeddable":true,"href":"https:\/\/www.servir.caef.net\/index.php?rest_route=%2Fwp%2Fv2%2Fcategories&post=6646"},{"taxonomy":"post_tag","embeddable":true,"href":"https:\/\/www.servir.caef.net\/index.php?rest_route=%2Fwp%2Fv2%2Ftags&post=6646"}],"curies":[{"name":"wp","href":"https:\/\/api.w.org\/{rel}","templated":true}]}}