{"id":6671,"date":"1993-07-18T12:43:16","date_gmt":"1993-07-18T12:43:16","guid":{"rendered":"\/?p=6671"},"modified":"2016-05-03T06:45:27","modified_gmt":"2016-05-03T06:45:27","slug":"editorial-du-n4-juillet-aout-1993","status":"publish","type":"post","link":"https:\/\/www.servir.caef.net\/?p=6671","title":{"rendered":"Editorial du N\u00b04 Juillet-Ao\u00fbt 1993 &#8211; Pr\u00e9destin\u00e9s \u00e0 \u00eatre libres"},"content":{"rendered":"<h1 style=\"text-align: center;\"><img loading=\"lazy\" decoding=\"async\" class=\"aligncenter size-medium wp-image-6672\" title=\"1993_04_00 couverture PM\" src=\"\/wp-content\/uploads\/1993\/07\/1993_04_00-couverture-PM-213x300.jpg\" alt=\"\" width=\"213\" height=\"300\" srcset=\"https:\/\/www.servir.caef.net\/wp-content\/uploads\/1993\/07\/1993_04_00-couverture-PM-213x300.jpg 213w, https:\/\/www.servir.caef.net\/wp-content\/uploads\/1993\/07\/1993_04_00-couverture-PM-729x1024.jpg 729w, https:\/\/www.servir.caef.net\/wp-content\/uploads\/1993\/07\/1993_04_00-couverture-PM.jpg 878w\" sizes=\"auto, (max-width: 213px) 100vw, 213px\" \/><\/h1>\n<p style=\"text-align: center;\">\u00a0<\/p>\n<h1 style=\"text-align: center;\">Editorial du N\u00b04 Juillet-Ao\u00fbt 1993<\/h1>\n<p>&nbsp;<\/p>\n<h1 style=\"text-align: center;\">Pr\u00e9destin\u00e9s \u00e0 \u00eatre libres<\/h1>\n<p>&nbsp;<\/p>\n<p><span style=\"font-size: medium; color: #800000;\"><strong>Par Fran\u00e7ois-jean Martin<\/strong><\/span><\/p>\n<p style=\"text-align: justify;\">\u00a0<\/p>\n<p style=\"text-align: justify;\">Pr\u00e9destin\u00e9s ou libres : ce d\u00e9bat ancien est toujours d&rsquo;actualit\u00e9. Quel beau statut que celui d&rsquo;homme responsable, d&rsquo;homme ayant la ma\u00eetrise du \u00ab oui \u00bb et du \u00ab non \u00bb ! Dieu accorde de la valeur \u00e0 la parole <span style=\"background-color: #add8e6;\"><em>(Mt 5.37 ; Je 5.12)<\/em><\/span>. Dieu fait reposer sur l&rsquo;homme les choix que ce dernier fait. L&rsquo;article de Jean-Pierre Bory va nous conduire dans cette r\u00e9flexion.<\/p>\n<p style=\"text-align: justify;\">\u00a0<\/p>\n<p>&nbsp;<\/p>\n<p style=\"text-align: justify;\">Mais il est vrai que sans J\u00e9sus-Christ nous restons esclaves du p\u00e8re du mensonge en qui la mort para\u00eet \u00eatre une solution positive. Ainsi nos soci\u00e9t\u00e9s finissent par glorifier comme affirmation de la libert\u00e9 et de l&rsquo;humanit\u00e9 le fait de s&rsquo;\u00f4ter la vie. Des \u00e9v\u00e9nements attristants dans l&rsquo;actualit\u00e9 ont provoqu\u00e9 toute une foule de discours et d&rsquo;attitudes sur le sujet. Au-del\u00e0 du suicide d&rsquo;un homme que nous ne voulons ni ne pouvons analyser, nous avons voulu nous interroger sur l&rsquo;acte et \u00e9couter la Parole de Dieu. Henri Blocher et Francis Bailet vont nous permettre de reprendre des perspectives bibliques sur le sujet.<\/p>\n<p style=\"text-align: justify;\">\u00a0<\/p>\n<p style=\"text-align: justify;\"><!--more--><\/p>\n<p style=\"text-align: justify;\">\u00a0<\/p>\n<p style=\"text-align: justify;\"><a href=\"\/wp-content\/uploads\/1993\/pdf1993\/1993_04_00B_editorial.pdf\" target=\"_blank\"><img loading=\"lazy\" decoding=\"async\" title=\"iconePDF\" src=\"\/wp-content\/uploads\/2011\/01\/iconePDF.jpg\" alt=\"\" width=\"81\" height=\"76\" align=\"right\" hspace=\"8\" vspace=\"8\" \/><\/a>En Christ, nous avons re\u00e7u une libert\u00e9 nouvelle, celle du fils dans la maison du P\u00e8re c\u00e9leste. Cette libert\u00e9 d\u00e9coule de la Parole incarn\u00e9e du Christ qui comme parole divine se r\u00e9alise en allant jusqu&rsquo;au bout et en notre parole d&rsquo;acceptation. Ces paroles sont agissantes, en nous donnant une nouvelle id\u00e9e d\u00e9coulant de l&rsquo;adoption par le P\u00e8re c\u00e9leste. C&rsquo;est ce oui \u00e0 la vie qu&rsquo;Esther Buckenham nous rappelle et que Dieu propose en Christ encore aujourd&rsquo;hui, seule esp\u00e9rance pour tout \u00eatre humain.<\/p>\n<p style=\"text-align: justify;\">\u00a0<\/p>\n<p style=\"text-align: justify;\">Ce oui, d&rsquo;autres l&rsquo;ont dit, nous apprenons ainsi \u00e0 conna\u00eetre dans ce num\u00e9ro nos fr\u00e8res et s\u0153urs en Martinique.<\/p>\n<p style=\"text-align: justify;\">\u00a0<\/p>\n<p style=\"text-align: justify;\">Puissent ces temps d&rsquo;\u00e9t\u00e9, o\u00f9 la vie semble plus forte et par l\u00e0-m\u00eame parfois plus dure \u00e0 porter, nous rappeler qu&rsquo;en Christ nous sommes libres. J\u00e9sus-Christ reste pour nous dans nos r\u00e9alit\u00e9s parfois si dures la seule raison d&rsquo;esp\u00e9rer contre toute esp\u00e9rance <span style=\"background-color: #add8e6;\"><em>(Rm 4.18)<\/em><\/span>. Le oui humain qui r\u00e9pond au oui divin. Ce faible oui esp\u00e8re dans le oui de Dieu, il est le cri de ce P\u00e8re <span style=\"background-color: #add8e6;\"><em>(Mc 9.24)<\/em><\/span>.<\/p>\n<p style=\"text-align: justify;\">\u00a0<\/p>\n<p style=\"text-align: center;\"><strong><span style=\"background-color: #add8e6;\"><em>\u00ab Je crois, viens au secours de mon incr\u00e9dulit\u00e9. \u00bb<\/em><\/span><\/strong><\/p>\n<p>&nbsp;<\/p>\n<p style=\"text-align: center;\">F-J. MARTIN<\/p>\n<p>&nbsp;<\/p>\n","protected":false},"excerpt":{"rendered":"<p>\u00a0 Editorial du N\u00b04 Juillet-Ao\u00fbt 1993 &nbsp; Pr\u00e9destin\u00e9s \u00e0 \u00eatre libres &nbsp; Par Fran\u00e7ois-jean Martin \u00a0 Pr\u00e9destin\u00e9s ou libres : ce d\u00e9bat ancien est toujours d&rsquo;actualit\u00e9. Quel beau statut que celui d&rsquo;homme responsable, d&rsquo;homme ayant la ma\u00eetrise du \u00ab oui \u00bb et du \u00ab non \u00bb ! Dieu accorde de la valeur \u00e0 la parole [&hellip;]<\/p>\n","protected":false},"author":3,"featured_media":0,"comment_status":"closed","ping_status":"closed","sticky":false,"template":"","format":"standard","meta":{"footnotes":""},"categories":[39,41,11],"tags":[],"class_list":["post-6671","post","type-post","status-publish","format-standard","hentry","category-editorial","category-lhomme","category-la-vie-du-chretien"],"_links":{"self":[{"href":"https:\/\/www.servir.caef.net\/index.php?rest_route=\/wp\/v2\/posts\/6671","targetHints":{"allow":["GET"]}}],"collection":[{"href":"https:\/\/www.servir.caef.net\/index.php?rest_route=\/wp\/v2\/posts"}],"about":[{"href":"https:\/\/www.servir.caef.net\/index.php?rest_route=\/wp\/v2\/types\/post"}],"author":[{"embeddable":true,"href":"https:\/\/www.servir.caef.net\/index.php?rest_route=\/wp\/v2\/users\/3"}],"replies":[{"embeddable":true,"href":"https:\/\/www.servir.caef.net\/index.php?rest_route=%2Fwp%2Fv2%2Fcomments&post=6671"}],"version-history":[{"count":0,"href":"https:\/\/www.servir.caef.net\/index.php?rest_route=\/wp\/v2\/posts\/6671\/revisions"}],"wp:attachment":[{"href":"https:\/\/www.servir.caef.net\/index.php?rest_route=%2Fwp%2Fv2%2Fmedia&parent=6671"}],"wp:term":[{"taxonomy":"category","embeddable":true,"href":"https:\/\/www.servir.caef.net\/index.php?rest_route=%2Fwp%2Fv2%2Fcategories&post=6671"},{"taxonomy":"post_tag","embeddable":true,"href":"https:\/\/www.servir.caef.net\/index.php?rest_route=%2Fwp%2Fv2%2Ftags&post=6671"}],"curies":[{"name":"wp","href":"https:\/\/api.w.org\/{rel}","templated":true}]}}