{"id":6679,"date":"1993-09-18T15:52:51","date_gmt":"1993-09-18T15:52:51","guid":{"rendered":"\/?p=6679"},"modified":"2016-05-03T07:05:10","modified_gmt":"2016-05-03T07:05:10","slug":"desaccords-querelles-conflits-1","status":"publish","type":"post","link":"https:\/\/www.servir.caef.net\/?p=6679","title":{"rendered":"D\u00e9saccords, querelles, conflits (1)"},"content":{"rendered":"<h1 style=\"text-align: center;\">D\u00e9saccords, querelles, conflits (1)<\/h1>\n<p>&nbsp;<\/p>\n<p><a><span style=\"font-size: 10pt;\"><span style=\"color: #7a02db; font-family: Arial;\"><b>\u00a0<\/b><\/span><\/span><\/a><a href=\"\/wp-content\/uploads\/2013\/04\/colere.jpg\"><img loading=\"lazy\" decoding=\"async\" class=\"wp-image-8489 aligncenter\" src=\"\/wp-content\/uploads\/2013\/04\/colere.jpg\" alt=\"colere\" width=\"285\" height=\"212\" srcset=\"https:\/\/www.servir.caef.net\/wp-content\/uploads\/2013\/04\/colere.jpg 407w, https:\/\/www.servir.caef.net\/wp-content\/uploads\/2013\/04\/colere-300x223.jpg 300w\" sizes=\"auto, (max-width: 285px) 100vw, 285px\" \/><\/a><a href=\"\/wp-content\/uploads\/1993\/pdf1993\/1993_05_01_desaccords_querelles123.pdf\"><br \/> <\/a><\/p>\n<p>&nbsp;<\/p>\n<p>&nbsp;<\/p>\n<p><span style=\"color: #b22222;\"><span style=\"font-size: 16px;\"><strong>par Daniel BRESCH<\/strong><\/span><\/span><\/p>\n<p>&nbsp;<\/p>\n<p>&nbsp;<\/p>\n<p style=\"text-align: justify;\"><strong>Notre langue est fort riche de termes qui d\u00e9crivent toutes les formes et les degr\u00e9s de tension et de heurts qui peuvent troubler les relations entre les personnes et les groupes. Le titre de nos r\u00e9flexions sugg\u00e8re une escalade qui n&rsquo;est que trop fr\u00e9quente et semble in\u00e9luctable. Or, doit-on se retrouver en pleine bagarre pour s&rsquo;apercevoir que cela n&rsquo;arrive pas qu&rsquo;aux autres, mais atteint les \u00ab\u00a0meilleures familles\u00a0\u00bb ? Faut-il \u00eatre entra\u00een\u00e9 \u00e0 deux doigts de la rupture pour se pr\u00e9occuper de savoir comment on en est arriv\u00e9 l\u00e0 et chercher ce qu&rsquo;il y a lieu de faire pour en sortir ?<\/strong><\/p>\n<p style=\"text-align: justify;\"><strong>Certes, ni un article ni un livre n&rsquo;\u00e9puiseront ce sujet \u00e9pineux. L&rsquo;histoire des hommes, comme, h\u00e9las, celle de l&rsquo;Eglise n&rsquo;ont arr\u00eat\u00e9 la spirale infernale des m\u00e9sententes, diff\u00e9rends et affrontements qui ont abouti \u00e0 des divisions avec leur cort\u00e8ge de larmes, d&rsquo;incompr\u00e9hensions et de ressentiments. Des conflits entre chr\u00e9tiens cela existe, il ne faut pas craindre d&rsquo;en parler. Trois raisons nous motivent \u00e0 aborder ce probl\u00e8me.<\/strong><\/p>\n<p style=\"text-align: justify;\"><strong><br \/> <\/strong><\/p>\n<p style=\"text-align: justify;\">\u00a0<\/p>\n<p style=\"text-align: justify;\"><!--more--><\/p>\n<p style=\"text-align: right;\"><span style=\"color: #0000ff;\"><a href=\"\/wp-content\/uploads\/1993\/pdf1993\/1993_05_01_desaccords_querelles123.pdf\"><span style=\"color: #0000ff;\"><b>&gt;&gt;&gt; voir l&rsquo;article complet en 3 parties en .pdf<\/b><\/span><\/a><\/span><\/p>\n<p><a href=\"\/wp-content\/uploads\/1993\/pdf1993\/1993_05_01_desaccords_querelles123.pdf\" target=\"_blank\"><img loading=\"lazy\" decoding=\"async\" title=\"iconePDF\" src=\"\/wp-content\/uploads\/2011\/01\/iconePDF.jpg\" alt=\"\" width=\"81\" height=\"76\" align=\"right\" hspace=\"8\" vspace=\"8\" \/><\/a><\/p>\n<p>&nbsp;<\/p>\n<p>&nbsp;<\/p>\n<p>&nbsp;<\/p>\n<p>&nbsp;<\/p>\n<h2>Entre fatal et id\u00e9al<\/h2>\n<p style=\"text-align: justify;\">\u00a0<\/p>\n<p style=\"text-align: justify;\"><a href=\"\/wp-content\/uploads\/1993\/pdf1993\/1993_05_01_desaccords_querelles1.pdf\" target=\"_blank\"><img loading=\"lazy\" decoding=\"async\" title=\"iconePDF\" src=\"\/wp-content\/uploads\/2011\/01\/iconePDF.jpg\" alt=\"\" width=\"81\" height=\"76\" align=\"right\" hspace=\"8\" vspace=\"8\" \/><\/a>Il faut bien constater que, malgr\u00e9 toutes les bonnes r\u00e9solutions, chaque g\u00e9n\u00e9ration revit un peu les m\u00eames scenari que ses pr\u00e9d\u00e9cesseurs. Le surgissement de difficult\u00e9s semblables engendre les m\u00eames surprises, les m\u00eames embarras, les m\u00eames \u00e9checs. Qu&rsquo;il est difficile de s&rsquo;\u00e9carter des vieilles orni\u00e8res ! La m\u00e9moire fait-elle \u00e0 ce point d\u00e9faut ? Mais les exemples du pass\u00e9 ont-ils vraiment la vertu de nous pr\u00e9munir des pi\u00e8ges et des errements qui entachent notre vie communautaire ?<\/p>\n<p style=\"text-align: justify;\">\u00a0<\/p>\n<p style=\"text-align: justify;\">Plusieurs faits significatifs du contexte actuel nous fournissent une deuxi\u00e8me raison. On assiste \u00e0 toutes sortes de r\u00e9actions de d\u00e9fense particularistes. Elles sont parfois justifi\u00e9es par des motifs compr\u00e9hensibles comme le droit \u00e0 la diff\u00e9rence, l&rsquo;affirmation d&rsquo;une identit\u00e9, la revendication du respect des sensibilit\u00e9s. Mais pouss\u00e9s \u00e0 bout cela d\u00e9bouche sur des replis s\u00e9paratistes, entra\u00eenant dans leur cort\u00e8ge toutes sortes de comportements l\u00e9galistes et sectaires. Autoritarisme, intol\u00e9rance, discriminations, exclusions sont abondamment illustr\u00e9s par les situations explosives dans beaucoup de pays aujourd&rsquo;hui. Les m\u00eames ingr\u00e9dients assaisonn\u00e9s de soup\u00e7on et de jalousie se m\u00ealent dans nos ind\u00e9pendances. Ne nous voilons pas la face : l&rsquo;individualisme ambiant porte ses marques dans l&rsquo;\u00e9miettement du t\u00e9moignage \u00e9vang\u00e9lique.<\/p>\n<p style=\"text-align: justify;\">\u00a0<\/p>\n<p style=\"text-align: justify;\">\u00a0<\/p>\n<h2>Quel est donc l&rsquo;impact r\u00e9el de l&rsquo;Evangile sur nos rapports mutuels,<\/h2>\n<h2>au plan personnel, communautaire et social ?<\/h2>\n<p style=\"text-align: justify;\">\u00a0<\/p>\n<p style=\"text-align: justify;\">La troisi\u00e8me raison, fondamentale, \u00e9vidente, est l&rsquo;attente, que dis-je ? la volont\u00e9 exprim\u00e9e avec la plus grande clart\u00e9 par J\u00e9sus : <span style=\"background-color: #add8e6;\"><em>\u00ab\u00a0Je vous donne un commandement nouveau : aimez-vous les uns les autres ; comme je vous ai aim\u00e9s, vous aussi aimez-vous les uns les autres. A ceci tous conna\u00eetront que vous \u00eates mes disciples, si vous avez de l&rsquo;amour les uns pour les autres\u00a0\u00bb (Jn 13.34-35)<\/em><\/span>. Quels que soient notre \u00e9tat ou notre environnement cette exigence est incontournable. La question ultime dans tout probl\u00e8me relationnel est ; quel est donc l&rsquo;impact r\u00e9el de l&rsquo;Evangile sur nos rapports mutuels, aux plans personnel, communautaire et social ? Que reconna\u00eet de la vie de J\u00e9sus le monde environnant dans nos comportements face \u00e0 la controverse et \u00e0 la division ?<\/p>\n<p style=\"text-align: justify;\">\u00a0<\/p>\n<p style=\"text-align: justify;\">En imitateurs fid\u00e8les de J\u00e9sus, les ap\u00f4tres r\u00e9percut\u00e8rent le m\u00eame appel \u00e0 vivre ensemble dans la concorde. Presque chaque \u00e9p\u00eetre contient des exhortations au pardon r\u00e9ciproque, au support mutuel, au maintien de l&rsquo;unit\u00e9 dans la paix <em><span style=\"background-color: #add8e6;\">(<\/span><\/em><span style=\"background-color: #add8e6;\">voir<\/span><em><span style=\"background-color: #add8e6;\"> Rm-1 2.4-10, 17-18 ; 1 3.8-10 ; 1 Co 12.12-27 ; 13 ; Ep4.1-3, 32 ; 5.2 ; Ph2.1-5 ; 3.16 ; Col 3.12-17 ; 1 Th 4.9-12 ; H\u00e9 13.1 ; 1 Pi 3.8 ; 5.5 ; <\/span><\/em><span style=\"background-color: #add8e6;\">etc<\/span><em><span style=\"background-color: #add8e6;\">.)<\/span><\/em>.<\/p>\n<p style=\"text-align: justify;\">\u00a0<\/p>\n<p style=\"text-align: justify;\">Assur\u00e9ment si cela devait \u00eatre si facile, pourquoi se donnaient-ils la peine de le rappeler si souvent ? Mais ils savaient que les chr\u00e9tiens peuvent aussi se mordre les uns les autres et se quereller <span style=\"background-color: #add8e6;\"><em>(<\/em>voir<em> Ga 5.15 ; Jc 4.1-2 ; Rm 13.13 ; 16.17 ; 1Co1.11-12 ; 2 Co 12.20 ; Ep4.31 ; 1 Tm 1.3-4 ; H\u00e9 10.25 ;<\/em> etc.<em>)<\/em><\/span>. Le tableau qui se d\u00e9gage des expressions parfois dures n&rsquo;est pas \u00e0 l&rsquo;honneur de l&rsquo;Eglise, encore moins \u00e0 la gloire du Christ. N&rsquo;est-ce pas l&rsquo;objectif de toutes les man\u0153uvres et tentations du malin depuis le d\u00e9but jusqu&rsquo;\u00e0 nos jours ?<\/p>\n<p style=\"text-align: justify;\">\u00a0<\/p>\n<p style=\"text-align: justify;\">\u00a0<\/p>\n<h2>Une vision r\u00e9aliste<\/h2>\n<p style=\"text-align: justify;\">\u00a0<\/p>\n<p style=\"text-align: justify;\">Or, les situations conflictuelles se reproduisent bel et bien d&rsquo;une \u00e9poque \u00e0 l&rsquo;autre, d&rsquo;un lieu \u00e0 l&rsquo;autre. Avec elles rebondissent aussi les questions sur l&rsquo;attitude \u00e0 adopter lorsque l&rsquo;opposition \u00e9clate et s&rsquo;amplifie. Une lecture superficielle des recommandations des ap\u00f4tres pourrait nous amener \u00e0 les recevoir comme des reproches n\u00e9gatifs ou, d&rsquo;apr\u00e8s un auteur, comme des \u00ab\u00a0corrections seulement\u00a0\u00bb, nous privant du vrai message cach\u00e9 \u00e0 jamais.<\/p>\n<p style=\"text-align: justify;\">\u00a0<\/p>\n<p style=\"text-align: justify;\">Pr\u00e9cis\u00e9ment, les Ecritures n&rsquo;esquivent pas les r\u00e9alit\u00e9s de la vie. <span style=\"background-color: #add8e6;\"><em>\u00ab\u00a0J&rsquo;apprends, <\/em>dit Paul,<em> que lorsque vous vous r\u00e9unissez, il y a parmi vous des divisions&#8230; Il faut bien qu&rsquo;il y ait aussi parmi vous des controverses&#8230;\u00a0\u00bb (1 Co 11.18-19)<\/em><\/span>. En aucun cas l&rsquo;ap\u00f4tre n&rsquo;approuve une telle situation qui doit toujours \u00eatre consid\u00e9r\u00e9e comme anormale, mais parce qu&rsquo;elle est possible et qu&rsquo;elle se produit, il faut l&rsquo;assumer. Deux remarques, \u00e9videntes peut-\u00eatre, m\u00e9ritent attention.<\/p>\n<p style=\"text-align: justify;\">\u00a0<\/p>\n<p style=\"text-align: justify;\">On ne soulignera jamais assez clairement que, bien comprise, la vie chr\u00e9tienne individuelle et collective, tendue entre ce qui est \u00ab\u00a0d\u00e9j\u00e0\u00a0\u00bb et ce qui n&rsquo;est \u00ab\u00a0pas encore\u00a0\u00bb, ne peut \u00e9chapper au paradoxe qui traverse toute la cr\u00e9ation dans le temps pr\u00e9sent ; la cohabitation du meilleur et du pire. Pr\u00e9cisons tout de suite qu&rsquo;il ne s&rsquo;agit pas de deux forces aveugles qui se livrent un combat \u00e0 l&rsquo;issue incertaine, et dans lequel nous ne serions que des jouets stupides.<\/p>\n<p style=\"text-align: justify;\">\u00a0<\/p>\n<p style=\"text-align: justify;\">La voie est trac\u00e9e par la victoire du Christ, les pr\u00e9mices de l&rsquo;Esprit sont \u00e0 notre port\u00e9e. En m\u00eame temps notre responsabilit\u00e9 demeure enti\u00e8re dans tout ce que nous croyons ou comprenons et tout ce que nous disons et faisons. Le fait est que nous ne sommes pas \u00e0 une contradiction pr\u00e8s, et il ne faudrait pas que nous nous trompions de cause de souffrance <span style=\"background-color: #add8e6;\"><em>(<\/em>voir<em> Rm 8.18, 22-23)<\/em><\/span>.<\/p>\n<p style=\"text-align: justify;\">\u00a0<\/p>\n<p style=\"text-align: justify;\">\u00a0<\/p>\n<h2>Apprenons \u00e0 g\u00e9rer la situation avec l&rsquo;aide de la Parole et de l&rsquo;Esprit.<\/h2>\n<p style=\"text-align: justify;\">\u00a0<\/p>\n<p style=\"text-align: justify;\">En pr\u00e9sence ou dans le feu d&rsquo;un conflit, quelle est notre responsabilit\u00e9 ? Sch\u00e9matiquement deux attitudes sont possibles, deux voies s&rsquo;offrent \u00e0 nous : accepter le statu quo ou chercher \u00e0 \u00ab\u00a0g\u00e9rer\u00a0\u00bb la situation avec l&rsquo;aide de la Parole et de l&rsquo;Esprit. La premi\u00e8re, enferm\u00e9e dans la dramatisation diabolique ou aveugl\u00e9e par une minimisation na\u00efve, aboutit \u00e0 l&rsquo;enfermement dans la d\u00e9ception, la confusion, la solitude. La deuxi\u00e8me plus proche du r\u00e9alisme biblique, car elle prend en compte la gravit\u00e9 du mal, mais ne perd pas de vue les v\u00e9ritables enjeux de l&rsquo;honneur de Dieu, reste ouverture sur la gr\u00e2ce, la v\u00e9rit\u00e9, la communion.<\/p>\n<p style=\"text-align: justify;\">\u00a0<\/p>\n<p style=\"text-align: justify;\">\u00a0<\/p>\n<h2>Des exemples bibliques<\/h2>\n<p style=\"text-align: justify;\">\u00a0<\/p>\n<p style=\"text-align: justify;\">Plusieurs cas de conflits nous sont rapport\u00e9s en toute franchise par les Ecritures. Bornons-nous \u00e0 quelques exemples du Nouveau Testament pour r\u00e9fl\u00e9chir \u00e0 deux questions pratiques importantes : la nature du conflit et la conduite \u00e0 tenir. Certains concernent des discordes entre des individus, d&rsquo;autres des oppositions de groupes. La fronti\u00e8re n&rsquo;est pas toujours ais\u00e9e \u00e0 tracer, mais il serait erron\u00e9 de tout r\u00e9duire \u00e0 un probl\u00e8me de personne.<\/p>\n<p style=\"text-align: justify;\">\u00a0<\/p>\n<p style=\"text-align: justify;\">\u00a0<\/p>\n<h2>Une simple brouille ?<\/h2>\n<p style=\"text-align: justify;\">\u00a0<\/p>\n<p style=\"text-align: justify;\">Le premier exemple \u00e9voqu\u00e9 discr\u00e8tement par Paul concerne un antagonisme sans doute assez important entre deux membres bien en vue de la m\u00eame \u00e9glise : Evodie et Syntyche, chr\u00e9tiennes chevronn\u00e9es et engag\u00e9es <span style=\"background-color: #add8e6;\"><em>(<\/em>voir<em> Ph 4.2-3)<\/em><\/span>, Si l&rsquo;ap\u00f4tre n&rsquo;en dit pas plus c&rsquo;est parce que son attention n&rsquo;\u00e9tait fix\u00e9e ni sur les d\u00e9tails de<\/p>\n<p style=\"text-align: justify;\">\u00a0<\/p>\n<p style=\"text-align: justify;\">la querelle, ni sur les torts ou les droits des parties en cause. Il ch\u00e9rissait tout particuli\u00e8rement cette communaut\u00e9, il en connaissait le prix aux yeux du Seigneur <span style=\"background-color: #add8e6;\"><em>(v. 1 et 3b)<\/em><\/span>, par cons\u00e9quent cette dissension entre deux collaboratrices de la m\u00eame famille de Dieu \u00e9tait inadmissible. L&rsquo;expression <span style=\"background-color: #add8e6;\"><em>\u00ab\u00a0une m\u00eame pens\u00e9e<\/em><\/span><span style=\"background-color: #add8e6;\">\u00bb<\/span> renvoie \u00e0 <span style=\"background-color: #add8e6;\">\u00ab\u00a0la pens\u00e9e qui \u00e9tait en J\u00e9sus-Christ\u00a0\u00bb<\/span> et les phrases qui pr\u00e9c\u00e8dent <span style=\"background-color: #add8e6;\"><em>(<\/em>voir<em> 2.3-5)<\/em><\/span>. Nous en savons assez sur la cause de ce conflit : des int\u00e9r\u00eats \u00e9go\u00efstes, un manque d&rsquo;humilit\u00e9, du m\u00e9pris. Loin de nous de porter un jugement, que cela ait pu arriver \u00e0 des personnes de ce rang doit nous inspirer beaucoup de modestie.<\/p>\n<p style=\"text-align: justify;\">\u00a0<\/p>\n<p style=\"text-align: justify;\">La conduite \u00e0 tenir ? Comme si elle \u00e9tait seule \u00e0 y \u00eatre appel\u00e9e, chacune devait se mettre en mouvement, sans attendre. Une m\u00e9diation s&rsquo;imposait, car un conflit n&rsquo;est jamais secret, jamais anodin et porte toujours pr\u00e9judice \u00e0 la communaut\u00e9, et celui qui en \u00e9tait charg\u00e9 en connaissait l&rsquo;exigence de qualit\u00e9 : se comporter en \u00ab\u00a0vrai compagnon\u00a0\u00bb. \u00ab\u00a0Vivre en plein accord avec le Seigneur\u00a0\u00bb ne consistait pas \u00e0 renier leur personnalit\u00e9, \u00e0 r\u00e9duire au silence les sentiments, \u00e0 adopter un langage st\u00e9r\u00e9otyp\u00e9. Il leur \u00e9tait demand\u00e9 de retrouver une autre motivation, une autre orientation, une autre communication de tout leur \u00eatre l&rsquo;une envers l&rsquo;autre, l&rsquo;une avec l&rsquo;autre et non contre l&rsquo;autre, \u00e0 l&rsquo;exemple du Christ <span style=\"background-color: #add8e6;\"><em>(<\/em>voir <em>2.5-8)<\/em><\/span>, Sinon, comment serait-il possible de professer l&rsquo;esp\u00e9rance d&rsquo;une union au ciel alors que sur terre on vit dans la d\u00e9sunion.<\/p>\n<p style=\"text-align: justify;\">\u00a0<\/p>\n<p style=\"text-align: justify;\">\u00a0<\/p>\n<h2>Qui aura le dernier mot ?<\/h2>\n<p style=\"text-align: justify;\">\u00a0<\/p>\n<p style=\"text-align: justify;\">Dans la m\u00eame ligne de conflit entre deux personnes il faut mentionner comme deuxi\u00e8me exemple la navrante altercation entre Paul et Barnabas <span style=\"background-color: #add8e6;\"><em>(Ac 15.36-40)<\/em><\/span>. Deux hommes au fort caract\u00e8re, pionniers dans les premi\u00e8res actions missionnaires de l&rsquo;histoire chr\u00e9tienne, ont une discussion. Personne ne s&rsquo;\u00e9tonnera de ce fait. Mais brusquement la dispute s&#8217;emballe. Luc, auteur des Actes, ne le cache pas puisqu&rsquo;il caract\u00e9rise l&rsquo;incident avec un mot tr\u00e8s fort. Une question de personne devient une affaire de principe, le tout aboutit \u00e0 une s\u00e9paration.<\/p>\n<p style=\"text-align: justify;\">\u00a0<\/p>\n<p style=\"text-align: justify;\">Pour comprendre le motif du conflit il faut approfondir l&rsquo;analyse. Quel \u00e9tait donc le litige ? Au premier abord : peut-on, dans le cadre de la mission envisag\u00e9e, faire confiance \u00e0 Jean-Marc ? C&rsquo;est la r\u00e9ponse donn\u00e9e qui fit \u00e9clater l&rsquo;opposition entre Paul et Barnabas, \u00e0 cause de leur divergence d&rsquo;appr\u00e9ciation et de point de vue. Nous sommes ici en pr\u00e9sence du probl\u00e8me permanent de savoir quels sont les int\u00e9r\u00eats qui priment : ceux de la personne ou ceux de l&rsquo;\u0153uvre ?<\/p>\n<p style=\"text-align: justify;\">\u00a0<\/p>\n<p style=\"text-align: justify;\">Barnabas pensait peut-\u00eatre \u00e0 l&rsquo;aspect formateur de cette entreprise et \u00e0 la nouvelle chance qu&rsquo;il fallait donner \u00e0 son neveu, malgr\u00e9 la d\u00e9fection regrettable <span style=\"background-color: #add8e6;\"><em>(13.3)<\/em><\/span>. Paul pensait aux risques et aux enjeux du projet, compte tenu des situations que l&rsquo;on allait rencontrer et des questions d\u00e9licates \u00e0 clarifier <span style=\"background-color: #add8e6;\"><em>(<\/em>voir <em>16.4)<\/em><\/span>. En vain auraient-ils cherch\u00e9 le \u00ab\u00a0verset magique\u00a0\u00bb qui r\u00e9gl\u00e2t le probl\u00e8me. Le mal n&rsquo;\u00e9tait d&rsquo;ailleurs ni dans la question, ni dans la r\u00e9ponse, ni dans le probl\u00e8me, ni dans la conviction de chacun. Mais affrontement il y eut, avec tous les risques d&rsquo;un \u00e9chec entra\u00eenant l&rsquo;abandon et l&rsquo;amertume : le mal \u00e9tait tout pr\u00e8s.<\/p>\n<p style=\"text-align: justify;\">\u00a0<\/p>\n<p style=\"text-align: justify;\">\u00a0<\/p>\n<h2>L&rsquo;impossibilit\u00e9 d&rsquo;un accord n&#8217;emp\u00eache pas le respect r\u00e9ciproque de l&rsquo;appel de chacun.<\/h2>\n<p style=\"text-align: justify;\">\u00a0<\/p>\n<p style=\"text-align: justify;\">Nous connaissons heureusement la suite \u00e0 court et \u00e0 long termes. Elle nous permet de supposer la conduite qui a \u00e9t\u00e9 suivie. Il y eut s\u00e9paration, mais en deux \u00e9quipes missionnaires qui se \u00ab\u00a0partag\u00e8rent\u00a0\u00bb le trajet pr\u00e9vu. L&rsquo;impossibilit\u00e9 d&rsquo;un accord n&#8217;emp\u00eacha pas le respect r\u00e9ciproque de l&rsquo;appel de chacun : on d\u00fbt se mettre d&rsquo;accord de ne pas rester ensemble. Je pense que l&rsquo;on se quitta l&rsquo;esprit en paix. Car ce n&rsquo;\u00e9tait pas une libert\u00e9 arrach\u00e9e \u00e0 l&rsquo;autre mais partag\u00e9e dans l&rsquo;amour. On ne se d\u00e9molirait pas l&rsquo;un l&rsquo;autre et Satan n&rsquo;aurait pas gain de cause. En effet, Paul fit bien de partir avec Silas : ce voyage allait les mener jusqu&rsquo;en Europe <span style=\"background-color: #add8e6;\"><em>(chap. 16 \u00e0 18)<\/em><\/span>. Et Barnabas n&rsquo;eut pas tort de prendre soin de Marc : il allait remplir d&rsquo;importantes fonctions. Plus tard, Paul se souvint positivement du premier <span style=\"background-color: #add8e6;\"><em>(1 Co 9.6)<\/em><\/span> et appr\u00e9cia vivement le second <span style=\"background-color: #add8e6;\"><em>(Col 4.10 ;2 Ti 4.11)<\/em><\/span>.<\/p>\n<p style=\"text-align: justify;\">\u00a0<\/p>\n<p style=\"text-align: justify;\">Cet exemple nous montre qu&rsquo;en fin de compte Dieu ne permettra pas que ses desseins soient contrecarr\u00e9s par notre p\u00e9ch\u00e9, l&rsquo;histoire t\u00e9moigne d&rsquo;autres faits semblables. Ceci ne nous autorise \u00e9videmment pas \u00e0 minimiser nos errements. Nous apprenons par l\u00e0 encore que tout homme apparemment tr\u00e8s fort, a aussi des faiblesses. C&rsquo;est ce Paul qui des ann\u00e9es plus tard exhorte Evodie et Syntyche&#8230; Attention aux conflits, mais ce qui est plus grave, c&rsquo;est l&rsquo;ent\u00eatement et l&rsquo;enlisement dans l&rsquo;orgueil.<\/p>\n<p style=\"text-align: justify;\">\u00a0<\/p>\n<p style=\"text-align: justify;\">La prochaine \u00e9tude nous am\u00e8nera \u00e0 r\u00e9fl\u00e9chir, \u00e0 l&rsquo;aide d&rsquo;autres exemples aux conflits dans un groupe. Une actualisation s&rsquo;imposera in\u00e9vitablement avant de conclure sur quelques propositions.<\/p>\n<p style=\"text-align: justify;\">\u00a0<\/p>\n<p style=\"text-align: center;\">D.B.<\/p>\n<h3>\u00a0<\/h3>\n<h3>R\u00e9flexions \u00e0 poursuivre<\/h3>\n<p style=\"text-align: justify;\">\u00a0<\/p>\n<p style=\"text-align: justify;\">&#8211; Quelle est ma r\u00e9action personnelle en pr\u00e9sence d&rsquo;un conflit entre des personnes dans mon \u00e9glise (mes sentiments \u00e0 leur \u00e9gard, mes pens\u00e9es \u00e0 propos de ce diff\u00e9rend, mes comportements) ?<\/p>\n<p style=\"text-align: justify;\">\u00a0<\/p>\n<p style=\"text-align: justify;\">&#8211; Par les responsables d&rsquo;\u00e9glise : Avons-nous mis au point un accord pratique concernant nos possibles d\u00e9saccords entre nous ? Avons-nous une ligne de conduite dans le cas de querelles entre des membres de notre communaut\u00e9 ?<\/p>\n<p>&nbsp;<\/p>\n","protected":false},"excerpt":{"rendered":"<p>D\u00e9saccords, querelles, conflits (1) &nbsp; \u00a0 &nbsp; &nbsp; par Daniel BRESCH &nbsp; &nbsp; Notre langue est fort riche de termes qui d\u00e9crivent toutes les formes et les degr\u00e9s de tension et de heurts qui peuvent troubler les relations entre les personnes et les groupes. Le titre de nos r\u00e9flexions sugg\u00e8re une escalade qui n&rsquo;est que [&hellip;]<\/p>\n","protected":false},"author":55,"featured_media":0,"comment_status":"closed","ping_status":"closed","sticky":false,"template":"","format":"standard","meta":{"footnotes":""},"categories":[13,11],"tags":[],"class_list":["post-6679","post","type-post","status-publish","format-standard","hentry","category-la-vie-de-leglise","category-la-vie-du-chretien"],"_links":{"self":[{"href":"https:\/\/www.servir.caef.net\/index.php?rest_route=\/wp\/v2\/posts\/6679","targetHints":{"allow":["GET"]}}],"collection":[{"href":"https:\/\/www.servir.caef.net\/index.php?rest_route=\/wp\/v2\/posts"}],"about":[{"href":"https:\/\/www.servir.caef.net\/index.php?rest_route=\/wp\/v2\/types\/post"}],"author":[{"embeddable":true,"href":"https:\/\/www.servir.caef.net\/index.php?rest_route=\/wp\/v2\/users\/55"}],"replies":[{"embeddable":true,"href":"https:\/\/www.servir.caef.net\/index.php?rest_route=%2Fwp%2Fv2%2Fcomments&post=6679"}],"version-history":[{"count":0,"href":"https:\/\/www.servir.caef.net\/index.php?rest_route=\/wp\/v2\/posts\/6679\/revisions"}],"wp:attachment":[{"href":"https:\/\/www.servir.caef.net\/index.php?rest_route=%2Fwp%2Fv2%2Fmedia&parent=6679"}],"wp:term":[{"taxonomy":"category","embeddable":true,"href":"https:\/\/www.servir.caef.net\/index.php?rest_route=%2Fwp%2Fv2%2Fcategories&post=6679"},{"taxonomy":"post_tag","embeddable":true,"href":"https:\/\/www.servir.caef.net\/index.php?rest_route=%2Fwp%2Fv2%2Ftags&post=6679"}],"curies":[{"name":"wp","href":"https:\/\/api.w.org\/{rel}","templated":true}]}}