{"id":6695,"date":"1991-01-03T13:07:22","date_gmt":"1991-01-03T13:07:22","guid":{"rendered":"\/?p=6695"},"modified":"2015-12-16T18:46:40","modified_gmt":"2015-12-16T18:46:40","slug":"la-priere-devoir","status":"publish","type":"post","link":"https:\/\/www.servir.caef.net\/?p=6695","title":{"rendered":"La pri\u00e8re-devoir"},"content":{"rendered":"<h1 style=\"text-align: center;\">La pri\u00e8re-devoir<\/h1>\n<p>\u00a0<a href=\"\/wp-content\/uploads\/2007\/03\/Mains-en-pri\u00e8re.jpg\"><img loading=\"lazy\" decoding=\"async\" class=\"size-full wp-image-2020 aligncenter\" src=\"\/wp-content\/uploads\/2007\/03\/Mains-en-pri\u00e8re.jpg\" alt=\"Mains en pri\u00e8re\" width=\"113\" height=\"180\" \/><\/a><\/p>\n<p><span style=\"color: #b22222;\"><span style=\"font-size: 16px;\"><strong>par Andr\u00e9 Adoul<\/strong><\/span><\/span><\/p>\n<p>&nbsp;<\/p>\n<p style=\"text-align: center;\"><span style=\"background-color: #add8e6;\"><strong><em>\u00ab\u00a0Fais de l&rsquo;Eternel tes d\u00e9lices et il te donnera<br \/> ce que ton coeur d\u00e9sire\u00a0\u00bb (Ps 37.4). <\/em><\/strong><\/span><\/p>\n<p>&nbsp;<\/p>\n<p>&nbsp;<\/p>\n<p>&nbsp;<\/p>\n<p style=\"text-align: justify;\">Une fillette de 5 ans s&rsquo;\u00e9vertue \u00e0 maintenir dans ses bras un gros poupon remuant. Un passant la regarde et s&rsquo;apitoie sur elle :<\/p>\n<p style=\"text-align: justify;\">\u00a0<\/p>\n<p style=\"text-align: justify;\">&#8211; Ma petite, je vois que tu portes un bien lourd fardeau ! Indign\u00e9e, la fillette de r\u00e9pliquer : &#8211; Ce n&rsquo;est pas un fardeau ! C&rsquo;est mon fr\u00e8re.<\/p>\n<p style=\"text-align: justify;\">\u00a0<\/p>\n<p style=\"text-align: justify;\">Belle r\u00e9ponse dont on devrait se souvenir. Rien n&rsquo;est pesant quand on aime.<\/p>\n<p style=\"text-align: justify;\">\u00a0<\/p>\n<p style=\"text-align: justify;\"><!--more--><\/p>\n<p>&nbsp;<\/p>\n<h2 style=\"text-align: justify;\">L&rsquo;ordre de prier<\/h2>\n<p style=\"text-align: justify;\">\u00a0<\/p>\n<p style=\"text-align: justify;\"><a href=\"\/wp-content\/uploads\/1991\/pdf1991\/1991_01_20_laprieredevoir.pdf\" target=\"_blank\"><img loading=\"lazy\" decoding=\"async\" title=\"iconePDF\" src=\"\/wp-content\/uploads\/2011\/01\/iconePDF.jpg\" alt=\"\" width=\"81\" height=\"76\" align=\"right\" hspace=\"8\" vspace=\"8\" \/><\/a>Savez-vous pourquoi la pri\u00e8re est pour beaucoup un fardeau, une corv\u00e9e accomplie sans chaleur, presque \u00e0 contre-coeur, peut-\u00eatre pour apaiser une conscience alert\u00e9e par les nombreux imp\u00e9ratifs bibliques : \u00ab<span style=\"background-color: #add8e6;\"><em>\u00a0Priez sans cesse<\/em><\/span> &#8211; <span style=\"background-color: #add8e6;\"><em>Faites en tout temps par l&rsquo;Esprit toutes sortes de pri\u00e8res<\/em><\/span>&#8230; &#8211; <span style=\"background-color: #add8e6;\"><em>Pers\u00e9v\u00e9rez dans la pri\u00e8re. Veillez-y avec actions de gr\u00e2ces<\/em><\/span> &#8211; <span style=\"background-color: #add8e6;\"><em>II faut toujours prier et ne pas se lasser.<\/em><\/span>..\u00a0\u00bb <span style=\"background-color: #add8e6;\"><em>(1Tm 5.17 ; Ep 6.18 ; Col 4.2 ; Lc 18.1)<\/em><\/span>. Sans doute parce qu&rsquo;elle est g\u00e9n\u00e9ralement pr\u00e9sent\u00e9e comme un devoir \u00e0 remplir \u00e0 l&rsquo;\u00e9gard de Dieu, une loi \u00e0 observer avec rigueur, un exercice auquel je dois imp\u00e9rativement me livrer si je tiens \u00e0 grandir spirituellement.<\/p>\n<p style=\"text-align: justify;\">\u00a0<\/p>\n<p style=\"text-align: justify;\">Voici comment l&rsquo;auteur d&rsquo;un ouvrage remarquable traitant de ce sujet introduit le premier chapitre de son livre : \u00ab\u00a0L&rsquo;enfant de Dieu avis\u00e9&#8230; \u00e9crit-il, est pouss\u00e9 \u00e0 s&rsquo;\u00e9crier : Je dois prier, prier, prier. Je dois mettre toute mon \u00e9nergie et tout mon coeur \u00e0 la pri\u00e8re. Quoi que je fasse d&rsquo;autre, je dois prier.\u00a0\u00bb Sans doute n&rsquo;est-il pas inutile de tenir un tel langage car nous sommes plut\u00f4t enclins \u00e0 n\u00e9gliger ce service, car c&rsquo;en est un des plus importants ; et pourtant, si la pri\u00e8re n&rsquo;est qu&rsquo;un devoir, je ne tarderai pas \u00e0 la d\u00e9laisser et j&rsquo;entonnerai bient\u00f4t avec tant de chr\u00e9tiens le refrain qui ne change rien \u00e0 rien : \u00ab\u00a0Seigneur, pardonne-moi de ce que je ne prie pas comme je devrais prier.\u00a0\u00bb<\/p>\n<p style=\"text-align: justify;\">\u00a0<\/p>\n<p style=\"text-align: justify;\">\u00a0<\/p>\n<h2 style=\"text-align: justify;\">La fatigue de prier<\/h2>\n<p style=\"text-align: justify;\">\u00a0<\/p>\n<p style=\"text-align: justify;\">H\u00e9las ! Le z\u00e8le tombe vite lorsque j&rsquo;agis \u00ab\u00a0par devoir\u00a0\u00bb. J&rsquo;ai beau engager la lutte avec d\u00e9termination, redoubler d&rsquo;effort pour donner du temps \u00e0 Dieu, je suis tr\u00e8s vite d\u00e9\u00e7u et culpabilis\u00e9 en d\u00e9couvrant la s\u00e9cheresse de mon coeur et mon manque de ferveur. Honn\u00eatement, suis-je satisfait de ma vie de pri\u00e8re, m\u00eame si je me discipline au point d&rsquo;y consacrer de longs instants ? Est-ce que je sers le Seigneur avec joie (la pri\u00e8re est un service qui recevra sa r\u00e9compense, <span style=\"background-color: #add8e6;\"><em>Mt 6.6<\/em><\/span>) ? H\u00e9las !<\/p>\n<p style=\"text-align: justify;\">\u00a0<\/p>\n<p style=\"text-align: justify;\">Trop souvent et apr\u00e8s de multiples d\u00e9faites, le Seigneur peut nous appara\u00eetre tel un ma\u00eetre dur, exigeant, impossible \u00e0 satisfaire, <span style=\"background-color: #add8e6;\"><em>\u00ab\u00a0qui moissonne o\u00f9 il n&rsquo;a pas sem\u00e9\u00a0\u00bb (Mt 25.24)<\/em><\/span>. Il serait temps de se poser la question suivante en pensant \u00e0 ce Dieu ainsi accus\u00e9 : Quelle serait la r\u00e9action d&rsquo;un fianc\u00e9 s&rsquo;il s&rsquo;apercevait que sa bien-aim\u00e9e ne le recherche que par devoir, n&rsquo;\u00e9prouvant aucun plaisir \u00e0 s&rsquo;attarder aupr\u00e8s de lui, espa\u00e7ant de plus en plus les rencontres et faisant la moue lorsqu&rsquo;il lui propose un nouveau rendez-vous ?<\/p>\n<p style=\"text-align: justify;\">\u00a0<\/p>\n<p style=\"text-align: justify;\">Attrist\u00e9 de constater ses r\u00e9ticences, le jeune homme ne manquerait pas de lui poser la question que J\u00e9sus, par trois fois, lan\u00e7a \u00e0 Simon Pierre : Oui ou non, <span style=\"background-color: #add8e6;\"><em>\u00ab\u00a0m&rsquo;aimes-tu\u00a0\u00bb<\/em><\/span> ? Dieu non plus ne peut \u00eatre satisfait de me voir tra\u00eener les pieds devant lui, de le prier sans joie, simplement pour prier, parce qu&rsquo;il faut prier, pour ob\u00e9ir \u00e0 un commandement que je taxe volontiers de p\u00e9nible. Lui aussi est en droit de m&rsquo;interroger : Oui ou non, m&rsquo;aimes-tu ?<\/p>\n<p style=\"text-align: justify;\">\u00a0<\/p>\n<p style=\"text-align: justify;\">\u00a0<\/p>\n<h2 style=\"text-align: justify;\">Le moteur de la pri\u00e8re<\/h2>\n<p style=\"text-align: justify;\">\u00a0<\/p>\n<p style=\"text-align: justify;\">Et pourtant, son joug est ais\u00e9 et son fardeau l\u00e9ger !<\/p>\n<p style=\"text-align: justify;\">\u00a0<\/p>\n<p style=\"text-align: justify;\">Vous qui \u00eates parents, demandez \u00e0 votre enfant d&rsquo;\u00e9crire une longue lettre \u00e0 une vieille tante qu&rsquo;on ne voit jamais. Si vous avez quelque autorit\u00e9, il finira par s&rsquo;ex\u00e9cuter mais c&rsquo;est en grognant qu&rsquo;il prendra la plume et le style s&rsquo;en ressentira. Lorsque le fils sera devenu adulte, il ne sera pas n\u00e9cessaire d&rsquo;intervenir ou d&rsquo;insister pour qu&rsquo;il \u00e9crive \u00e0 sa fianc\u00e9e. Peut-\u00eatre lui enverra-t-il une missive tous les jours et d&rsquo;une autre facture. Alors votre r\u00f4le se bornera., \u00e0 lui fournir des timbres.<\/p>\n<p style=\"text-align: justify;\">\u00a0<\/p>\n<p style=\"text-align: justify;\"><a href=\"\/wp-content\/uploads\/2007\/03\/Enfant-priant.jpg\"><img loading=\"lazy\" decoding=\"async\" class=\" wp-image-2071 alignleft\" style=\"margin: 10px;\" src=\"\/wp-content\/uploads\/2007\/03\/Enfant-priant.jpg\" alt=\"Enfant priant\" width=\"209\" height=\"157\" srcset=\"https:\/\/www.servir.caef.net\/wp-content\/uploads\/2007\/03\/Enfant-priant.jpg 348w, https:\/\/www.servir.caef.net\/wp-content\/uploads\/2007\/03\/Enfant-priant-300x225.jpg 300w\" sizes=\"auto, (max-width: 209px) 100vw, 209px\" \/><\/a>Le moteur de la pri\u00e8re n&rsquo;est-ce pas l&rsquo;amour, l&rsquo;amour qui rend le fardeau l\u00e9ger ? Non pas l&rsquo;amour que \u00ab\u00a0je\u00a0\u00bb m&rsquo;efforce de cr\u00e9er mais \u00ab\u00a0Son\u00a0\u00bb amour, le sien qu&rsquo;il me donne, Lui qui pourvoit \u00e0 tous mes besoins. Et celui-l\u00e0 en est un. Et un grand.<\/p>\n<p style=\"text-align: justify;\">\u00a0<\/p>\n<p style=\"text-align: justify;\">Jean ainsi que les ap\u00f4tres qui observaient les faits et gestes de leur Ma\u00eetre \u00e9taient \u00e9merveill\u00e9s de voir la fa\u00e7on dont le Fils s&rsquo;entretenait avec son P\u00e8re. Leur intimit\u00e9 et leurs relations \u00e9taient d&rsquo;une telle qualit\u00e9 qu&rsquo;ils allaient jusqu&rsquo;\u00e0 les qualifier de \u00ab\u00a0glorieuses\u00a0\u00bb. Que leurs pri\u00e8res \u00e9taient mis\u00e9rables compar\u00e9es \u00e0 celles de J\u00e9sus ! Et comme ils avaient besoin d&rsquo;apprendre \u00e0 prier <span style=\"background-color: #add8e6;\"><em>(Luc 12.1 )<\/em><\/span> !<\/p>\n<p style=\"text-align: justify;\">\u00a0<\/p>\n<p style=\"text-align: justify;\"><span style=\"background-color: #add8e6;\"><em>\u00ab\u00a0Nous avons, <\/em>s&rsquo;exaltait l&rsquo;ap\u00f4tre Jean<em>, contempl\u00e9 sa gloire, une gloire comme la gloire du Fils unique venu du P\u00e8re\u00a0\u00bb (Jn1.17)<\/em><\/span>. En parlant de gloire (\u00e0 trois reprises dans cette parole) l&rsquo;ap\u00f4tre ne pense nullement \u00e0 l&rsquo;infinie splendeur de la majest\u00e9 que J\u00e9sus poss\u00e9dait <span style=\"background-color: #add8e6;\"><em>\u00ab\u00a0avant que le monde f\u00fbt\u00a0\u00bb (Jn 17.5)<\/em><\/span> et dont il s&rsquo;\u00e9tait volontairement d\u00e9pouill\u00e9 : aux yeux des hommes, <span style=\"background-color: #add8e6;\"><em>\u00ab\u00a0il n&rsquo;avait rien pour attirer les regards\u00a0\u00bb<\/em><\/span><\/p>\n<p style=\"text-align: justify;\">\u00a0<\/p>\n<p style=\"text-align: justify;\">Sur la montagne de la Transfiguration ainsi qu&rsquo;\u00e0 Patmos l&rsquo;ap\u00f4tre, un instant \u00e9bloui, s&rsquo;\u00e9tait bien gard\u00e9 de contempler ce qu&rsquo;un regard humain ne pouvait soutenir. Saisi de terreur, il n&rsquo;y songeait m\u00eame pas. Ici, Jean parle &#8211; notez les mots employ\u00e9s &#8211; de la gloire <span style=\"background-color: #add8e6;\"><em>\u00ab\u00a0comme celle du Fils unique\u00a0\u00bb<\/em><\/span>. J\u00e9sus vivait si pr\u00e8s de son P\u00e8re et leurs relations \u00e9taient si harmonieuses, si parfaites qu&rsquo;elles for\u00e7aient l&rsquo;admiration de ceux qui en \u00e9taient les t\u00e9moins.<\/p>\n<p style=\"text-align: justify;\">\u00a0<\/p>\n<p style=\"text-align: justify;\">A genoux, qu&rsquo;il \u00e9tait grand le Fils de Dieu !<\/p>\n<p style=\"text-align: justify;\">\u00a0<\/p>\n<p style=\"text-align: justify;\">\u00a0<\/p>\n<h2 style=\"text-align: justify;\">La libert\u00e9 dans la pri\u00e8re<\/h2>\n<p style=\"text-align: justify;\">\u00a0<\/p>\n<p style=\"text-align: justify;\">Mo\u00efse descendant du Sina\u00ef apr\u00e8s un long face \u00e0 face avec l&rsquo;Eternel avait un visage rayonnant au point que le peuple craignait de s&rsquo;approcher de lui <span style=\"background-color: #add8e6;\"><em>(Ex 34.30)<\/em><\/span>. Evoquant ce r\u00e9cit, Saint Paul parle de \u00ab\u00a0gloire\u00a0\u00bb, de <span style=\"background-color: #add8e6;\"><em>\u00ab\u00a0la gloire pourtant passag\u00e8re de son visage\u00a0\u00bb (2 Co 3.7)<\/em><\/span>. Or, le visage du Fils \u00e9tait infiniment plus rayonnant, donc plus glorieux ; il refl\u00e9tait tellement les perfections du P\u00e8re qu&rsquo;il pouvait dire sans vanit\u00e9 : <span style=\"background-color: #add8e6;\"><em>\u00ab\u00a0Celui qui m&rsquo;a vu \u00e0 vu le P\u00e8re\u00a0\u00bb (Jn14.9).<\/em><\/span><\/p>\n<p style=\"text-align: justify;\">Dans leurs entretiens r\u00e9p\u00e9t\u00e9s \u00e9clataient chez le Fils la certitude joyeuse d&rsquo;\u00eatre aim\u00e9, une fid\u00e9lit\u00e9 filiale sans faille, une ferveur authentique, une libert\u00e9 totale devant celui qu&rsquo;il invoquait. Il n&rsquo;y avait aucune ombre, aucun nuage dans leurs relations <span style=\"background-color: #add8e6;\"><em>(Jn 10.30)<\/em><\/span>. Le ciel \u00e9tait toujours ouvert lorsqu&rsquo;il priait et il entrait d&#8217;embl\u00e9e en communion parfaite avec le P\u00e8re. Alors, toute la personne du Fils criait : <span style=\"background-color: #add8e6;\"><em>\u00ab\u00a0Gloire !\u00a0\u00bb<\/em><\/span><\/p>\n<p style=\"text-align: justify;\">\u00a0<\/p>\n<p style=\"text-align: justify;\">\u00a0<\/p>\n<h2 style=\"text-align: justify;\">La soif de la pri\u00e8re<\/h2>\n<p style=\"text-align: justify;\">\u00a0<\/p>\n<p style=\"text-align: justify;\">Quiconque a m\u00eame une faible id\u00e9e de cette gloire est humili\u00e9, il prend en d\u00e9go\u00fbt ses pri\u00e8res sans vie et il \u00e9prouve une r\u00e9elle soif, la soif de vivre pareille intimit\u00e9 avec le Seigneur. N&rsquo;est-ce pas ce que nous devrions rechercher ? Mais est-il possible d&rsquo;y parvenir ? Oui, puisque l&rsquo;ap\u00f4tre nous y encourage lorsqu&rsquo;il \u00e9crit : <span style=\"background-color: #add8e6;\"><em>\u00ab\u00a0Vous avez \u00e9t\u00e9 appel\u00e9s \u00e0 la communion de son Fils J\u00e9sus-Christ\u00a0\u00bb<\/em><\/span>. C&rsquo;est-\u00e0-dire \u00e0 conna\u00eetre ces \u00e9troites relations que le Fils entretenait jadis avec son P\u00e8re et qu&rsquo;il d\u00e9sire vous communiquer, telle une gr\u00e2ce.<\/p>\n<p style=\"text-align: justify;\">\u00a0<\/p>\n<p style=\"text-align: justify;\">C&rsquo;est pourquoi, ne nous contentons pas de la pri\u00e8re-obligation, d&rsquo;une pri\u00e8re forc\u00e9e, d&rsquo;une pri\u00e8re-corv\u00e9e qui offenserait le Seigneur. Dieu ne moissonne que l\u00e0 o\u00f9 il a sem\u00e9. Avant de recueillir des fruits, il veut d&rsquo;abord \u00ab\u00a0semer\u00a0\u00bb, c&rsquo;est-\u00e0-dire, r\u00e9pandre son amour pour lui dans mon coeur; je dois d&rsquo;abord recevoir pour donner. Je ne pourrais prier avec amour que si je d\u00e9sesp\u00e8re de \u00ab\u00a0mon\u00a0\u00bb amour, accepte d&rsquo;y renoncer en r\u00e9clamant le sien. Je veux en finir avec mes balbutiements et mettre un terme \u00e0 mes vaines redites d\u00e9nu\u00e9es de ferveur pour lui dire, avec l&rsquo;auteur du <span style=\"background-color: #add8e6;\"><em>Psaume 119 : \u00ab\u00a0Elargis mon coeur&#8230; et je courrai dans la voie de tes commandements\u00a0\u00bb (v. 32)<\/em><\/span>. Autrement dit, r\u00e9chauffe-le et la pri\u00e8re fusera.<\/p>\n<p style=\"text-align: justify;\">\u00a0<\/p>\n<p style=\"text-align: justify;\">Ne voudriez-vous pas, maintenant, tenir un semblable langage devant Celui qui vous appelle \u00e0 la communion de son Fils ?<\/p>\n<p style=\"text-align: justify;\">\u00a0<\/p>\n<p style=\"text-align: justify;\">\u00a0<\/p>\n<h2 style=\"text-align: justify;\">La gr\u00e2ce de la pri\u00e8re<\/h2>\n<p style=\"text-align: justify;\">\u00a0<\/p>\n<p style=\"text-align: justify;\">Je suis conscient que ces lignes peuvent devenir un pi\u00e8ge pour ceux qui seraient tent\u00e9s de conclure\u00a0: \u00ab\u00a0Puisque je n&rsquo;\u00e9prouve aucun plaisir \u00e0 prier et dois me faire tirer l&rsquo;oreille pour ployer les genoux&#8230; `\u00a0j&rsquo;attends&rsquo; que Dieu me saisisse et me communique l&rsquo;amour qui me poussera \u00e0 Le rechercher\u00a0\u00bb. Halte l\u00e0\u00a0! Dieu ne donne rien aux passifs qui \u00ab\u00a0attendent d&rsquo;\u00eatre pouss\u00e9s\u00a0\u00bb. Il r\u00e9pond \u00e0 celui qui a soif de le rencontrer&#8230; qui vient \u00e0 Lui pour recevoir la gr\u00e2ce de prier et qui boit, c&rsquo;est-\u00e0-dire saisit par la foi cette gr\u00e2ce selon la parole m\u00eame de J\u00e9sus <span style=\"background-color: #add8e6;\"><em>(Jn 7.37)<\/em><\/span><\/p>\n<p style=\"text-align: justify;\">\u00a0<\/p>\n<p style=\"text-align: justify;\">Soyons pratiques\u00a0:<\/p>\n<p style=\"text-align: justify;\">\u00a0<\/p>\n<ul>\n<li>\n<p style=\"text-align: justify;\"><a href=\"\/wp-content\/uploads\/2007\/07\/A-genoux.jpg\"><img loading=\"lazy\" decoding=\"async\" class=\" wp-image-2596 alignright\" style=\"margin: 10px;\" src=\"\/wp-content\/uploads\/2007\/07\/A-genoux.jpg\" alt=\"A genoux\" width=\"194\" height=\"290\" srcset=\"https:\/\/www.servir.caef.net\/wp-content\/uploads\/2007\/07\/A-genoux.jpg 323w, https:\/\/www.servir.caef.net\/wp-content\/uploads\/2007\/07\/A-genoux-200x300.jpg 200w\" sizes=\"auto, (max-width: 194px) 100vw, 194px\" \/><\/a>Apr\u00e8s la lecture de ces lignes, sans attendre, je me mets \u00e0 genoux, sans h\u00e2te, un instant silencieux devant lui. M&rsquo;approcher de Lui, c&rsquo;est d\u00e9j\u00e0 l&rsquo;aimer.<\/p>\n<\/li>\n<\/ul>\n<p style=\"text-align: justify;\">\u00a0<\/p>\n<ul>\n<li>\n<p style=\"text-align: justify;\">Si la pri\u00e8re est pour moi un devoir p\u00e9nible, je le reconnais et l&rsquo;avoue humblement au Seigneur. En tout cas, je cesse de me culpabiliser ou d&rsquo;en faire un pr\u00e9texte pour rester loin de Lui.<\/p>\n<\/li>\n<\/ul>\n<p style=\"text-align: justify;\">\u00a0<\/p>\n<ul>\n<li>\n<p style=\"text-align: justify;\">Assur\u00e9 de son pardon, je formule ma demande \u00ab\u00a0qui est selon sa volont\u00e9\u00a0\u00bb\u00a0: Seigneur, donne-moi une envie d&rsquo;\u00eatre avec toi parce que tu es un Dieu incomparable.<\/p>\n<\/li>\n<\/ul>\n<p style=\"text-align: justify;\">\u00a0<\/p>\n<ul>\n<li>\n<p style=\"text-align: justify;\">Je Le b\u00e9nis sans attendre car il a d\u00e9j\u00e0 r\u00e9pondu \u00e0 ma requ\u00eate. Donc, inutile de m&rsquo;attarder sur ce que je ressens, ou de me laisser aller au d\u00e9couragement si ma pri\u00e8re est vraiment m\u00e9diocre. Peu importe. Je d\u00e9tourne les yeux de moi-m\u00eame et de mon service pour les fixer sur celui que j&rsquo;invoque\u00a0: n&rsquo;est-il pas merveilleux\u00a0?<\/p>\n<\/li>\n<\/ul>\n<p style=\"text-align: justify;\">\u00a0<\/p>\n<p style=\"text-align: justify;\"><span style=\"background-color: #add8e6;\"><em>\u00ab\u00a0Voici l&rsquo;assurance que nous avons aupr\u00e8s de Lui\u00a0: si nous demandons quelque chose selon sa volont\u00e9, il nous \u00e9coute. Et si nous savons qu&rsquo;Il nous \u00e9coute, quoi que ce soit que nous demandions nous savons que nous poss\u00e9dons ce que nous Lui avons demand\u00e9\u00a0\u00bb. (Jn 5.14-15)<\/em><\/span><\/p>\n<p style=\"text-align: justify;\">\u00a0<\/p>\n<p>All\u00e9luia.<\/p>\n<p>&nbsp;<\/p>\n<p style=\"text-align: center;\">A.A.<\/p>\n","protected":false},"excerpt":{"rendered":"<p>La pri\u00e8re-devoir \u00a0 par Andr\u00e9 Adoul &nbsp; \u00ab\u00a0Fais de l&rsquo;Eternel tes d\u00e9lices et il te donnera ce que ton coeur d\u00e9sire\u00a0\u00bb (Ps 37.4). &nbsp; &nbsp; &nbsp; Une fillette de 5 ans s&rsquo;\u00e9vertue \u00e0 maintenir dans ses bras un gros poupon remuant. Un passant la regarde et s&rsquo;apitoie sur elle : \u00a0 &#8211; Ma petite, je [&hellip;]<\/p>\n","protected":false},"author":7,"featured_media":0,"comment_status":"closed","ping_status":"closed","sticky":false,"template":"","format":"standard","meta":{"footnotes":""},"categories":[35,11],"tags":[],"class_list":["post-6695","post","type-post","status-publish","format-standard","hentry","category-la-priere","category-la-vie-du-chretien"],"_links":{"self":[{"href":"https:\/\/www.servir.caef.net\/index.php?rest_route=\/wp\/v2\/posts\/6695","targetHints":{"allow":["GET"]}}],"collection":[{"href":"https:\/\/www.servir.caef.net\/index.php?rest_route=\/wp\/v2\/posts"}],"about":[{"href":"https:\/\/www.servir.caef.net\/index.php?rest_route=\/wp\/v2\/types\/post"}],"author":[{"embeddable":true,"href":"https:\/\/www.servir.caef.net\/index.php?rest_route=\/wp\/v2\/users\/7"}],"replies":[{"embeddable":true,"href":"https:\/\/www.servir.caef.net\/index.php?rest_route=%2Fwp%2Fv2%2Fcomments&post=6695"}],"version-history":[{"count":0,"href":"https:\/\/www.servir.caef.net\/index.php?rest_route=\/wp\/v2\/posts\/6695\/revisions"}],"wp:attachment":[{"href":"https:\/\/www.servir.caef.net\/index.php?rest_route=%2Fwp%2Fv2%2Fmedia&parent=6695"}],"wp:term":[{"taxonomy":"category","embeddable":true,"href":"https:\/\/www.servir.caef.net\/index.php?rest_route=%2Fwp%2Fv2%2Fcategories&post=6695"},{"taxonomy":"post_tag","embeddable":true,"href":"https:\/\/www.servir.caef.net\/index.php?rest_route=%2Fwp%2Fv2%2Ftags&post=6695"}],"curies":[{"name":"wp","href":"https:\/\/api.w.org\/{rel}","templated":true}]}}