{"id":6698,"date":"1991-03-03T14:08:25","date_gmt":"1991-03-03T14:08:25","guid":{"rendered":"\/?p=6698"},"modified":"2015-12-16T18:59:47","modified_gmt":"2015-12-16T18:59:47","slug":"leurope-bouge-les-murs-tombent","status":"publish","type":"post","link":"https:\/\/www.servir.caef.net\/?p=6698","title":{"rendered":"L&rsquo;Europe bouge, les murs tombent&#8230;"},"content":{"rendered":"<h1 style=\"text-align: center;\">L&rsquo;Europe bouge, les murs tombent&#8230;<\/h1>\n<p style=\"text-align: center;\">\u00a0<a href=\"\/wp-content\/uploads\/2008\/09\/planete.jpg\"><img loading=\"lazy\" decoding=\"async\" class=\"wp-image-8426 alignnone\" style=\"margin: 10px;\" src=\"\/wp-content\/uploads\/2008\/09\/planete.jpg\" alt=\"planete\" width=\"277\" height=\"277\" srcset=\"https:\/\/www.servir.caef.net\/wp-content\/uploads\/2008\/09\/planete.jpg 462w, https:\/\/www.servir.caef.net\/wp-content\/uploads\/2008\/09\/planete-150x150.jpg 150w, https:\/\/www.servir.caef.net\/wp-content\/uploads\/2008\/09\/planete-300x300.jpg 300w\" sizes=\"auto, (max-width: 277px) 100vw, 277px\" \/><\/a><\/p>\n<p>&nbsp;<\/p>\n<p><span style=\"font-size: 16px;\"><span style=\"color: #b22222;\"><strong>par Jean-Pierre Graber<sub>1<\/sub><\/strong><\/span><\/span><\/p>\n<p>&nbsp;<\/p>\n<p>&nbsp;<\/p>\n<p>&nbsp;<\/p>\n<h2>O\u00f9 allons-nous ?<\/h2>\n<p style=\"text-align: justify;\">\u00a0<\/p>\n<p style=\"text-align: justify;\"><strong>Cette question redoutable figurait dans le titre de cette conf\u00e9rence. Y apporter une r\u00e9ponse satisfaisante est p\u00e9rilleux. Y apporter une r\u00e9ponse compl\u00e8te exigerait la r\u00e9daction d&rsquo;un livre volumineux. <\/strong><\/p>\n<p style=\"text-align: justify;\"><strong><br \/> <\/strong><\/p>\n<p>&nbsp;<\/p>\n<p style=\"text-align: justify;\"><strong>Je me bornerai donc \u00e0 dessiner \u00e0 grands traits le paysage du futur \u00e0 partir des tendances lourdes et des \u00e9volutions les plus importantes des soci\u00e9t\u00e9s contemporaines. <\/strong><\/p>\n<p style=\"text-align: justify;\">\u00a0<\/p>\n<p style=\"text-align: justify;\"><!--more--><\/p>\n<p>&nbsp;<\/p>\n<h2>Une mondialisation des relations<\/h2>\n<p style=\"text-align: justify;\">\u00a0<\/p>\n<p style=\"text-align: justify;\"><a href=\"\/wp-content\/uploads\/1991\/pdf1991\/1991_02_01_leuropebouge.pdf\" target=\"_blank\"><img loading=\"lazy\" decoding=\"async\" title=\"iconePDF\" src=\"\/wp-content\/uploads\/2011\/01\/iconePDF.jpg\" alt=\"\" width=\"81\" height=\"76\" align=\"right\" hspace=\"8\" vspace=\"8\" \/><\/a>Tout d&rsquo;abord, nous assisterons \u00e0 une mondialisation croisante des activit\u00e9s humaines. Les \u00e9changes de toute nature sont en expansion continuelle. Le nombre, chaque ann\u00e9e plus \u00e9lev\u00e9, des voyageurs transport\u00e9s par avion atteste ce ph\u00e9nom\u00e8ne majeur de notre temps.<\/p>\n<p style=\"text-align: justify;\">\u00a0<\/p>\n<p style=\"text-align: justify;\">Le volume du commerce international progresse d&rsquo;ann\u00e9es en ann\u00e9es. La multiplicit\u00e9 des \u00e9changes ainsi que la complexit\u00e9 accrue des probl\u00e8mes auxquels est confront\u00e9e l&rsquo;humanit\u00e9 rend les pays de plus en plus interd\u00e9pendants et renforce tr\u00e8s logiquement le r\u00f4le des institutions internationales telles que l&rsquo;ONU, l&rsquo;UNESCO, l&rsquo;OIT, l&rsquo;OCDE, etc.<\/p>\n<p style=\"text-align: justify;\">\u00a0<\/p>\n<p style=\"text-align: justify;\">Il y a quelques semaines, le Conseil de s\u00e9curit\u00e9 de l&rsquo;ONU, comptant quinze membres dont cinq permanents (Etats-Unis, URSS, Chine, Grande-Bretagne et France) a unanimement condamn\u00e9 l&rsquo;invasion du Kowe\u00eft par l&rsquo;Irak avant de prendre des sanctions. Cette unanimit\u00e9 e\u00fbt \u00e9t\u00e9 inconcevable il y a trois ans.<\/p>\n<p style=\"text-align: justify;\">\u00a0<\/p>\n<p style=\"text-align: justify;\">Des concepts tels que \u00ab\u00a0nouvel ordre politique mondial\u00a0\u00bb, \u00ab\u00a0nouvel ordre \u00e9conomique mondial\u00a0\u00bb, \u00ab\u00a0nouvel ordre mon\u00e9taire mondial\u00a0\u00bb, reviennent quotidiennement sous la plume des journalistes et dans la bouche des hommes politiques.<\/p>\n<p style=\"text-align: justify;\">\u00a0<\/p>\n<p style=\"text-align: justify;\">\u00a0<\/p>\n<h2>Un gouvernement mondial<\/h2>\n<p style=\"text-align: justify;\">\u00a0<\/p>\n<p style=\"text-align: justify;\"><a href=\"\/wp-content\/uploads\/2007\/07\/Babel.jpg\"><img loading=\"lazy\" decoding=\"async\" class=\" wp-image-2673 alignleft\" style=\"margin: 10px;\" src=\"\/wp-content\/uploads\/2007\/07\/Babel.jpg\" alt=\"Babel\" width=\"209\" height=\"244\" srcset=\"https:\/\/www.servir.caef.net\/wp-content\/uploads\/2007\/07\/Babel.jpg 349w, https:\/\/www.servir.caef.net\/wp-content\/uploads\/2007\/07\/Babel-257x300.jpg 257w\" sizes=\"auto, (max-width: 209px) 100vw, 209px\" \/><\/a>La mondialisation croissante rend chaque jour plus plausible l&rsquo;instauration, \u00e0 moyen terme, d&rsquo;un gouvernement mondial dont l&rsquo;Europe unie serait la pr\u00e9figuration par son extension \u00e0 l&rsquo;Afrique du Nord et au Proche-Orient. Des intellectuels, tel Andr\u00e9 Chouraqui, le grand traducteur de la Bible, et des hommes politiques toujours plus nombreux, tel Claude Cheysson, ancien Ministre des affaires \u00e9trang\u00e8res de la France, plaident en faveur d&rsquo;un dialogue euro-arabe et pour un rapprochement de la Communaut\u00e9 Europ\u00e9enne avec les pays m\u00e9diterran\u00e9ens, de l&rsquo;Asie et du Maghreb.<\/p>\n<p style=\"text-align: justify;\">\u00a0<\/p>\n<p style=\"text-align: justify;\">Depuis plusieurs d\u00e9cennies, voire depuis plusieurs si\u00e8cles, des hommes et des mouvements, inspir\u00e9s par les motivations les plus diverses, tentent d&rsquo;\u00e9tablir un gouvernement mondial en vue d&rsquo;\u00e9carter les grandes menaces qui p\u00e8sent sur l&rsquo;humanit\u00e9.<\/p>\n<p style=\"text-align: justify;\">\u00a0<\/p>\n<p style=\"text-align: justify;\">La conf\u00e9rence de Bilderberg qui si\u00e8ge depuis 1954 et la Commission trilat\u00e9rale cr\u00e9\u00e9e en 1974 oeuvrent dans cette direction. Elles n&rsquo;ont probablement pas \u00e9t\u00e9 sans influence sur le Pr\u00e9sident George Bush qui, en 1973 d\u00e9j\u00e0, d\u00e9clarait : \u00ab\u00a0II faut arriver par la multiplication des investissements et du commerce, \u00e0 lier \u00e0 ce point les nations, qu&rsquo;elles soient capitalistes ou communistes, qu&rsquo;il n&rsquo;y aura plus qu&rsquo;un seul monde.\u00a0\u00bb Gageons que sa politique s&rsquo;abreuve, au moins partiellement, aux sources de l&rsquo;id\u00e9ologie qui \u00e9tait la sienne voici 17 ans.<\/p>\n<p style=\"text-align: justify;\">\u00a0<\/p>\n<p style=\"text-align: justify;\"><strong>Un futur gouvernement mondial est ainsi hautement probable et il a toutes les chances d&rsquo;\u00eatre le si\u00e8ge d&rsquo;un pouvoir antichrist, voire de l&rsquo;Antichrist. <\/strong><\/p>\n<p style=\"text-align: justify;\">\u00a0<\/p>\n<p style=\"text-align: justify;\">\u00a0<\/p>\n<h2>Une religion unifi\u00e9e<\/h2>\n<p style=\"text-align: justify;\">\u00a0<\/p>\n<p style=\"text-align: justify;\">Parall\u00e8lement au chemin conduisant vers un gouvernement mondial, il en est un autre qui risque fort de mener au succ\u00e8s de tous les efforts entrepris en vue de rapprocher les diverses religions du monde. Une religion unifi\u00e9e, issue du syncr\u00e9tisme : c&rsquo;est l&rsquo;objectif avou\u00e9 du COE, dont le Secr\u00e9taire g\u00e9n\u00e9ral, Emilio de Castro, a appel\u00e9 les chr\u00e9tiens \u00e0 travailler \u00e0 la \u00ab\u00a0r\u00e9alisation d&rsquo;une communaut\u00e9 mondiale d\u00e9barrass\u00e9e de toute discrimination de races, de classes, de religions et de syst\u00e8mes politiques, et dirig\u00e9e par un gouvernement mondial unique\u00a0\u00bb.<\/p>\n<p style=\"text-align: justify;\">\u00a0<\/p>\n<p style=\"text-align: justify;\">En 1973, le th\u00e9ologien J\u00fcrgen Moltmann a d\u00e9clar\u00e9, lors du Congr\u00e8s de Melbourne, \u00ab\u00a0qu&rsquo;un gouvernement universel pourrait \u00eatre r\u00e9alis\u00e9 \u00e0 travers une Eglise universelle\u00a0\u00bb. Ces informations, aussi int\u00e9ressantes que capitales, sont tir\u00e9es de la revue <em>R\u00e9sister et construire<\/em>.<\/p>\n<p style=\"text-align: justify;\">\u00a0<\/p>\n<p style=\"text-align: justify;\">Font partie des pr\u00e9mices de ce syncr\u00e9tisme, deux faits impliquant le Pape Jean-Paul II. Le premier : \u00e0 l&rsquo;automne de 1989, alors qu&rsquo;il \u00e9tait encore en fonction, l&rsquo;ancien Archev\u00eaque anglican de Canterbury, Mgr Runcie, a invit\u00e9 tous les chr\u00e9tiens \u00e0 reconna\u00eetre la primaut\u00e9 universelle du Pape &#8211; un primat dans la charit\u00e9 &#8211; garantie de l&rsquo;unit\u00e9 des Eglises dans la diversit\u00e9 de leur mission. Le second : en 1986, le Souverain pontife a dirig\u00e9 une pri\u00e8re pour la paix \u00e0 Assise qui a regroup\u00e9 les repr\u00e9sentants de plusieurs \u00e9glises chr\u00e9tiennes, mais aussi des Juifs, des Bouddhistes et des Hindouistes.<\/p>\n<p style=\"text-align: justify;\">\u00a0<\/p>\n<p style=\"text-align: justify;\">En 1989, lors du Rassemblement oecum\u00e9nique de Baie, une oratrice hindoue fut acclam\u00e9e en exhortant les d\u00e9l\u00e9gu\u00e9s \u00e0 emp\u00eacher activement l&rsquo;envoi d&rsquo;\u00e9vang\u00e9listes dans le Tiers-Monde, avant de pr\u00e9ciser que les \u00e9vang\u00e9listes fondamentalistes \u00e9taient un obstacle \u00e0 la r\u00e9volution n\u00e9cessaire.<\/p>\n<p style=\"text-align: justify;\">\u00a0<\/p>\n<p style=\"text-align: justify;\">Sous la signature de Lucien Vouillamoz, <em>L&rsquo;Av\u00e8nement<\/em>, magazine \u00e9vang\u00e9lique, nous rapporte dans son num\u00e9ro de 1990, que lors de la Conf\u00e9rence \u00ab\u00a0Mission et \u00e9vang\u00e9lisation\u00a0\u00bb du COE, qui s&rsquo;est tenue en mai dernier au Texas, l&rsquo;Intifada des Palestiniens fut consid\u00e9r\u00e9e comme un \u00ab\u00a0acte de fid\u00e9lit\u00e9\u00a0\u00bb accompli par des hommes engag\u00e9s dans la mission divine sans m\u00eame conna\u00eetre le nom de J\u00e9sus.<\/p>\n<p style=\"text-align: justify;\">\u00a0<\/p>\n<p style=\"text-align: justify;\">Seules des \u00e9glises particuli\u00e8rement apostates peuvent s&rsquo;engager dans la voie d&rsquo;un tel syncr\u00e9tisme religieux en occultant les fondements m\u00eames de l&rsquo;Evangile qu&rsquo;elles devraient proclamer en mettant en exergue cette parole du Fils de Dieu : <span style=\"background-color: #add8e6;\"><em>\u00ab\u00a0Je suis le chemin, la v\u00e9rit\u00e9 et la vie, nul ne vient au P\u00e8re que par moi\u00a0\u00bb (Jn 14.6)<\/em><\/span>.<\/p>\n<p style=\"text-align: justify;\">\u00a0<\/p>\n<p style=\"text-align: justify;\">Notons dans ce contexte que l&rsquo;islam, en d\u00e9pit du visage hideux, expansionniste et totalitaire de son int\u00e9grisme, ne submergera probablement pas le monde. Il risque bien plut\u00f4t d&rsquo;\u00eatre absorb\u00e9 par le syncr\u00e9tisme religieux en gestation appel\u00e9 de leurs voeux par tous ceux qui pr\u00e9conisent un dialogue s\u00e9rieux entre les trois grandes religions monoth\u00e9istes du monde.<\/p>\n<p style=\"text-align: justify;\">\u00a0<\/p>\n<p style=\"text-align: justify;\">\u00a0<\/p>\n<h2>Une civilisation en \u00e9volution rapide<\/h2>\n<p style=\"text-align: justify;\">\u00a0<\/p>\n<p style=\"text-align: justify;\">Parmi les autres ph\u00e9nom\u00e8nes fondamentaux du monde actuel, citons encore, mais sans trop nous y attarder :<\/p>\n<p style=\"text-align: justify;\">\u00a0<\/p>\n<p style=\"text-align: justify;\">&#8211; Les graves et irr\u00e9versibles atteintes \u00e0 l&rsquo;environnement, notamment l&rsquo;effet de serre et l&rsquo;alt\u00e9ration de la couche d&rsquo;ozone.<\/p>\n<p style=\"text-align: justify;\">\u00a0<\/p>\n<p style=\"text-align: justify;\">&#8211; L&rsquo;int\u00e9r\u00eat croissant des individus du monde occidental de culture chr\u00e9tienne pour les enseignements \u00e9sot\u00e9riques, les religions orientales, le n\u00e9o-paganisme, le surnaturel d&rsquo;origine obscure et le Nouvel-Age dont les pr\u00e9tentions sont totalisantes et qui se propagent tr\u00e8s rapidement en promettant le bonheur et le bien-\u00eatre parce que nous serions entr\u00e9s dans l&rsquo;\u00e8re du Verseau et parce qu&rsquo;il suffit, pour y acc\u00e9der, de d\u00e9couvrir toutes les riches potentialit\u00e9s affectives, intellectuelles et physiques qui jusqu&rsquo;\u00e0 pr\u00e9sent n&rsquo;ont fait que sommeiller en nous par la faute des \u00ab\u00a0tabous\u00a0\u00bb chr\u00e9tiens.<\/p>\n<p style=\"text-align: justify;\">\u00a0<\/p>\n<p style=\"text-align: justify;\">&#8211; La propension croissante des hommes \u00e0 consommer des sensations, \u00e0 privil\u00e9gier l&rsquo;exp\u00e9rience au d\u00e9triment de la connaissance objective, ce qui, soit dit entre parenth\u00e8ses, privil\u00e9gie, au sein des milieux \u00e9vang\u00e9liques, la mouvance charismatique au niveau de l&rsquo;\u00e9vang\u00e9lisation et de l&rsquo;eccl\u00e9siologie.<\/p>\n<p style=\"text-align: justify;\">\u00a0<\/p>\n<p style=\"text-align: justify;\">&#8211; Le culte de l&rsquo;argent et du mat\u00e9rialisme pratique dont Alain Minc a pu dire avec raison dans son livre<em> L&rsquo;argent fou<\/em> : \u00ab\u00a0Le march\u00e9 et le capitalisme, ce n&rsquo;est pas accepter un culte d\u00e9lirant, dont les exc\u00e8s sont \u00e0 la mesure des tabous d&rsquo;autrefois.\u00a0\u00bb<\/p>\n<p style=\"text-align: justify;\">\u00a0<\/p>\n<p style=\"text-align: justify;\">&#8211; La mont\u00e9e de l&rsquo;antis\u00e9mitisme dans le monde entier, m\u00eame au Japon o\u00f9 il n&rsquo;y a que 1500 Juifs, c&rsquo;est-\u00e0-dire 1 habitant sur 80 000 ! La profanation odieuse du cimeti\u00e8re de Carpentras, le d\u00e9fil\u00e9 de hordes n\u00e9o-nazies \u00e0 Berlin et le scandaleux r\u00e9visionnisme historique visant \u00e0 nier la Schoah t\u00e9moignent d&rsquo;une haine croissante et ouverte \u00e0 l&rsquo;\u00e9gard du peuple historique de Dieu.<\/p>\n<p style=\"text-align: justify;\">\u00a0<\/p>\n<p style=\"text-align: justify;\">Dans sa volont\u00e9 permissive, Dieu oriente les \u00e9v\u00e9nements de mani\u00e8re \u00e0 r\u00e9aliser cette proph\u00e9tie de J\u00e9r\u00e9mie : <span style=\"background-color: #add8e6;\"><em>\u00ab\u00a0l&rsquo;Eternel est vivant, lui qui a fait monter les enfants d&rsquo;Isra\u00ebl du pays du septentrion et de tous les pays o\u00f9 il les avait chass\u00e9s ! Je les ram\u00e8nerai dans leur pays, que j&rsquo;avais donn\u00e9 \u00e0 leurs p\u00e8res. Voici, j&rsquo;envoie une multitude de p\u00eacheurs, dit l&rsquo;Eternel, et ils les p\u00e9cheront. Et apr\u00e8s cela, j&rsquo;enverrai une multitude de chasseurs, et ils les chasseront\u00a0\u00bb (Jr 16.15-16). <\/em><\/span><\/p>\n<p style=\"text-align: justify;\">\u00a0<\/p>\n<p style=\"text-align: justify;\">Plus g\u00e9n\u00e9ralement, toutes les mentalit\u00e9s, la culture, les coutumes, les lois, les comportements, les structures judiciaires, politiques et m\u00eames \u00e9conomiques des pays de civilisations chr\u00e9tiennes vont s&rsquo;\u00e9loigner rapidement des mod\u00e8les chr\u00e9tiens qui les ont influenc\u00e9s, ici profond\u00e9ment, l\u00e0 superficiellement. Un fait isol\u00e9 symbolise h\u00e9las remarquablement cette d\u00e9rive catastrophique vers les abysses de l&rsquo;anomie : le mariage, le premier octobre 1989, d&rsquo;Ove Carlsen avec le pasteur luth\u00e9rien Larsen.<\/p>\n<p style=\"text-align: justify;\">\u00a0<\/p>\n<p style=\"text-align: justify;\">Cette union l\u00e9gale a \u00e9t\u00e9 rendue possible par une loi du 26 mai 1989 qui accorde aux couples homosexuels les m\u00eames droits qu&rsquo;aux couples h\u00e9t\u00e9rosexuels, adopt\u00e9e en d\u00e9pit de v\u00e9h\u00e9mentes protestations de plusieurs chr\u00e9tiens. Toutes ces \u00e9volutions sont autant de facteurs de convergence vers la mise en place des structures qui, dans un futur plus ou moins proche, plongeront l&rsquo;humanit\u00e9 dans le temps de l&rsquo;Apocalypse.<\/p>\n<p style=\"text-align: justify;\">\u00a0<\/p>\n<p style=\"text-align: justify;\">\u00a0<\/p>\n<h2>L&rsquo;avenir de l&rsquo;Eglise<\/h2>\n<p style=\"text-align: justify;\">\u00a0<\/p>\n<p style=\"text-align: justify;\">Quel sera l&rsquo;avenir du Corps de Christ dans ce monde pr\u00e9-apocalyptique ?<\/p>\n<p style=\"text-align: justify;\">\u00a0<\/p>\n<p style=\"text-align: justify;\">A n&rsquo;en pas douter, l&rsquo;Eglise de J\u00e9sus-Christ va \u00eatre marginalis\u00e9e, refoul\u00e9e dans les marges des pages noires que l&rsquo;humanit\u00e9 s&rsquo;appr\u00eate \u00e0 \u00e9crire et \u00e9crit d\u00e9j\u00e0 pour son plus grand malheur. Le message de l&rsquo;Eglise deviendra une contre-culture m\u00e9pris\u00e9e par la majorit\u00e9, mais pr\u00e9cieuse pour le salut de toutes les \u00e2mes assoiff\u00e9es de v\u00e9rit\u00e9.<\/p>\n<p style=\"text-align: justify;\">\u00a0<\/p>\n<p style=\"text-align: justify;\"><strong>Avec l&rsquo;aide de son Seigneur, l&rsquo;Eglise se doit de rester fid\u00e8le \u00e0 l&rsquo;Evangile de J\u00e9sus-Christ.<\/strong> Sinon les pierres crieront, comme c&rsquo;est d\u00e9j\u00e0 le cas dans certains laboratoires sophistiqu\u00e9s o\u00f9 des chercheurs balbutient le nom d&rsquo;un Dieu cr\u00e9ateur qu&rsquo;ils d\u00e9couvrent au bout de leurs t\u00e9lescopes et sur les \u00e9crans de leurs ordinateurs. Il y a quelques ann\u00e9es, le plus c\u00e9l\u00e8bre astrophysicien de notre \u00e9poque, Stephen Hawkin, de Cambridge, r\u00e9pondit \u00e0 la question : \u00ab\u00a0Un Dieu cr\u00e9ateur existe-t-il ?\u00a0\u00bb par un \u00ab\u00a0yes\u00a0\u00bb \u00e9chapp\u00e9 de son corps gravement malade et priv\u00e9 de l&rsquo;usage normal de la parole. A la question : \u00ab\u00a0Ce Dieu est-il personnel ?\u00a0\u00bb, il a r\u00e9pondu \u00ab\u00a0no\u00a0\u00bb.<\/p>\n<p style=\"text-align: justify;\">\u00a0<\/p>\n<p style=\"text-align: justify;\">Esp\u00e9rons que le Cr\u00e9ateur lui fera conna\u00eetre sa face proche, apr\u00e8s lui avoir fait conna\u00eetre sa face lointaine, pour reprendre les mots du regrett\u00e9 Francis Schaeffer.<\/p>\n<p style=\"text-align: justify;\">\u00a0<\/p>\n<p style=\"text-align: justify;\">Depuis plus de vingt ans, je crois \u00e0 ce paradoxe : au moment m\u00eame o\u00f9 les hommes abandonneront massivement Dieu, les savants simplement respectueux de la v\u00e9rit\u00e9 attesteront fortement la vraisemblance de son existence et m\u00eame probablement celle de sa r\u00e9v\u00e9lation historique au travers de sa parole et en J\u00e9sus-Christ.<\/p>\n<p style=\"text-align: justify;\">\u00a0<\/p>\n<p style=\"text-align: justify;\">L&rsquo;horizon de notre humanit\u00e9 est sombre. Il faut avoir le courage de dire qu&rsquo;il le sera toujours davantage jusqu&rsquo;au jour o\u00f9 l&rsquo;orage et la temp\u00eate \u00e9clateront pour faire place \u00e0 un ciel d&rsquo;azur !<\/p>\n<p style=\"text-align: justify;\">\u00a0<\/p>\n<p style=\"text-align: justify;\">Jusque-l\u00e0, l&rsquo;Eglise de J\u00e9sus-Christ doit se souvenir de cette promesse intangible du Seigneur en <span style=\"background-color: #add8e6;\"><em>Matthieu 16.18 : \u00ab\u00a0Je b\u00e2tirai mon Eglise&#8230; et les portes du s\u00e9jour des morts ne pr\u00e9vaudront point contre elle\u00a0\u00bb ! <\/em><\/span><\/p>\n<p style=\"text-align: justify;\">\u00a0<\/p>\n<p style=\"text-align: center;\">J.-P.G.<\/p>\n<p style=\"text-align: justify;\">\u00a0<\/p>\n<hr \/>\n<p style=\"text-align: justify;\">NOTE<\/p>\n<p style=\"text-align: justify;\">\u00a0<\/p>\n<p style=\"text-align: justify;\"><strong>1.<\/strong> M. Jean-Pierre Graber de La Neuveville, en Suisse, invit\u00e9 par le Congr\u00e8s des Eglises de Professants, a donn\u00e9 en septembre dernier une conf\u00e9rence d&rsquo;actualit\u00e9 sur l&rsquo;\u00e9volution de l&rsquo;Europe depuis un an. Nous regrettons que son expos\u00e9 soit trop long pour le reproduire in extenso dans Servir, mais sa derni\u00e8re partie parviendra d\u00e9j\u00e0 \u00e0 nous interpeller profond\u00e9ment.<\/p>\n<p>&nbsp;<\/p>\n","protected":false},"excerpt":{"rendered":"<p>L&rsquo;Europe bouge, les murs tombent&#8230; \u00a0 &nbsp; par Jean-Pierre Graber1 &nbsp; &nbsp; &nbsp; O\u00f9 allons-nous ? \u00a0 Cette question redoutable figurait dans le titre de cette conf\u00e9rence. Y apporter une r\u00e9ponse satisfaisante est p\u00e9rilleux. Y apporter une r\u00e9ponse compl\u00e8te exigerait la r\u00e9daction d&rsquo;un livre volumineux. &nbsp; Je me bornerai donc \u00e0 dessiner \u00e0 grands traits [&hellip;]<\/p>\n","protected":false},"author":242,"featured_media":0,"comment_status":"closed","ping_status":"closed","sticky":false,"template":"","format":"standard","meta":{"footnotes":""},"categories":[16,27],"tags":[],"class_list":["post-6698","post","type-post","status-publish","format-standard","hentry","category-le-chretien-et-la-societe","category-religions-et-sectes"],"_links":{"self":[{"href":"https:\/\/www.servir.caef.net\/index.php?rest_route=\/wp\/v2\/posts\/6698","targetHints":{"allow":["GET"]}}],"collection":[{"href":"https:\/\/www.servir.caef.net\/index.php?rest_route=\/wp\/v2\/posts"}],"about":[{"href":"https:\/\/www.servir.caef.net\/index.php?rest_route=\/wp\/v2\/types\/post"}],"author":[{"embeddable":true,"href":"https:\/\/www.servir.caef.net\/index.php?rest_route=\/wp\/v2\/users\/242"}],"replies":[{"embeddable":true,"href":"https:\/\/www.servir.caef.net\/index.php?rest_route=%2Fwp%2Fv2%2Fcomments&post=6698"}],"version-history":[{"count":0,"href":"https:\/\/www.servir.caef.net\/index.php?rest_route=\/wp\/v2\/posts\/6698\/revisions"}],"wp:attachment":[{"href":"https:\/\/www.servir.caef.net\/index.php?rest_route=%2Fwp%2Fv2%2Fmedia&parent=6698"}],"wp:term":[{"taxonomy":"category","embeddable":true,"href":"https:\/\/www.servir.caef.net\/index.php?rest_route=%2Fwp%2Fv2%2Fcategories&post=6698"},{"taxonomy":"post_tag","embeddable":true,"href":"https:\/\/www.servir.caef.net\/index.php?rest_route=%2Fwp%2Fv2%2Ftags&post=6698"}],"curies":[{"name":"wp","href":"https:\/\/api.w.org\/{rel}","templated":true}]}}