{"id":6704,"date":"1991-03-04T07:56:36","date_gmt":"1991-03-04T07:56:36","guid":{"rendered":"\/?p=6704"},"modified":"2015-12-16T18:52:53","modified_gmt":"2015-12-16T18:52:53","slug":"50-ans-de-service","status":"publish","type":"post","link":"https:\/\/www.servir.caef.net\/?p=6704","title":{"rendered":"T\u00e9moignage &#8211; 50 ans de service"},"content":{"rendered":"<h1 style=\"text-align: center;\"><a href=\"\/wp-content\/uploads\/2011\/05\/Temoignage.jpg\"><img loading=\"lazy\" decoding=\"async\" class=\"alignnone size-full wp-image-2645\" src=\"\/wp-content\/uploads\/2011\/05\/Temoignage.jpg\" alt=\"Temoignage\" width=\"390\" height=\"36\" srcset=\"https:\/\/www.servir.caef.net\/wp-content\/uploads\/2011\/05\/Temoignage.jpg 390w, https:\/\/www.servir.caef.net\/wp-content\/uploads\/2011\/05\/Temoignage-300x27.jpg 300w\" sizes=\"auto, (max-width: 390px) 100vw, 390px\" \/><\/a><\/h1>\n<h1 style=\"text-align: center;\">\u00a0<\/h1>\n<h1 style=\"text-align: center;\">50 ans de service<\/h1>\n<p>\u00a0<a href=\"\/wp-content\/uploads\/2011\/03\/dialogue3.jpg\"><img loading=\"lazy\" decoding=\"async\" class=\"size-full wp-image-758 aligncenter\" src=\"\/wp-content\/uploads\/2011\/03\/dialogue3.jpg\" alt=\"dialogue3\" width=\"199\" height=\"213\" \/><\/a><\/p>\n<p>&nbsp;<\/p>\n<p><span style=\"font-size: 16px;\"><strong><span style=\"color: #b22222;\">Charles et Violette Rick<\/span> interview\u00e9s par <span style=\"color: #b22222;\">Esther Buckenham<\/span> <\/strong><\/span><\/p>\n<p>&nbsp;<\/p>\n<p>&nbsp;<\/p>\n<p>&nbsp;<\/p>\n<p style=\"text-align: justify;\"><strong><a href=\"\/wp-content\/uploads\/2014\/04\/dialogue-2.jpg\"><img loading=\"lazy\" decoding=\"async\" class=\"alignnone  wp-image-8166\" src=\"\/wp-content\/uploads\/2014\/04\/dialogue-2.jpg\" alt=\"dialogue-2\" width=\"53\" height=\"56\" \/><\/a>Monsieur et Madame Rick, depuis longtemps, votre nom est associ\u00e9 \u00e0 l&rsquo;\u00e9glise de la \u00ab\u00a0Bonne nouvelle\u00a0\u00bb \u00e0 Strasbourg. Depuis combien de temps faites-vous partie de cette \u00e9glise ? <\/strong><\/p>\n<p style=\"text-align: justify;\">\u00a0<\/p>\n<p style=\"text-align: justify;\"><strong><a href=\"\/wp-content\/uploads\/2014\/04\/dialogue-2.jpg\"><img loading=\"lazy\" decoding=\"async\" class=\"alignnone  wp-image-8166\" src=\"\/wp-content\/uploads\/2014\/04\/dialogue-2.jpg\" alt=\"dialogue-2\" width=\"53\" height=\"56\" \/><\/a>Charles R. :<\/strong> Personnellement, j&rsquo;ai fait partie d\u00e8s ma conversion du noyau de d\u00e9part de cette \u00e9glise, ce groupe de jeunes normaliens qui, en 1939-40, s&rsquo;est r\u00e9uni dans le cadre de l&rsquo;internat de l&rsquo;Ecole Normale de Strasbourg repli\u00e9e \u00e0 P\u00e9rigueux.<\/p>\n<p style=\"text-align: justify;\">\u00a0<\/p>\n<p style=\"text-align: justify;\">Celle qui allait devenir mon \u00e9pouse s&rsquo;est jointe 3 ans plus tard \u00e0 cette \u00ab\u00a0Communaut\u00e9 de Jeunes\u00a0\u00bb.<\/p>\n<p style=\"text-align: justify;\">\u00a0<\/p>\n<p style=\"text-align: justify;\">Ainsi, nous pouvons dire que notre engagement dans l&rsquo;oeuvre de Dieu, de 1940 \u00e0 aujourd&rsquo;hui, soit 50 ans, a eu comme cadre la Bonne Nouvelle.<\/p>\n<p style=\"text-align: justify;\">\u00a0<\/p>\n<p style=\"text-align: justify;\"><!--more--><\/p>\n<p style=\"text-align: justify;\"><strong><a href=\"\/wp-content\/uploads\/1991\/pdf1991\/1991_02_19_50ansdeservice.pdf\" target=\"_blank\"><img loading=\"lazy\" decoding=\"async\" title=\"iconePDF\" src=\"\/wp-content\/uploads\/2011\/01\/iconePDF.jpg\" alt=\"\" width=\"81\" height=\"76\" align=\"right\" hspace=\"8\" vspace=\"8\" \/><\/a><a href=\"\/wp-content\/uploads\/2014\/04\/dialogue-2.jpg\"><img loading=\"lazy\" decoding=\"async\" class=\"alignnone  wp-image-8166\" src=\"\/wp-content\/uploads\/2014\/04\/dialogue-2.jpg\" alt=\"dialogue-2\" width=\"53\" height=\"56\" \/><\/a>Est-ce que vous avez une fonction dans l&rsquo;\u00e9glise ? <\/strong><\/p>\n<p style=\"text-align: justify;\">\u00a0<\/p>\n<p style=\"text-align: justify;\"><strong>C.R. :<\/strong> J&rsquo;ai accept\u00e9 d&rsquo;\u00eatre l&rsquo;un des anciens de l&rsquo;\u00e9glise, fonction que j&rsquo;exerce depuis 16 ans, apr\u00e8s avoir \u00e9t\u00e9 diacre.<\/p>\n<p style=\"text-align: justify;\">\u00a0<\/p>\n<p style=\"text-align: justify;\">J&rsquo;ai heureusement pu me d\u00e9charger du travail de tr\u00e9sorier de l&rsquo;\u00e9glise. Par contre je suis responsable, avec un autre fr\u00e8re, de la r\u00e9daction du bulletin de liaison trimestriel <em>Partage<\/em>. Ce travail demande un suivi constant de toutes les activit\u00e9s de l&rsquo;assembl\u00e9e. J&rsquo;aime \u00e9galement consacrer du temps aux visites et, avec mon \u00e9pouse, nous animons le Groupe 3e \u00e2ge de l&rsquo;\u00e9glise, depuis 12 ans.<\/p>\n<p style=\"text-align: justify;\">\u00a0<\/p>\n<p style=\"text-align: justify;\"><strong>Violette R. :<\/strong> Notre maison a toujours \u00e9t\u00e9 ouverte. Nous avons eu la joie de loger sous notre toit ou d&rsquo;accueillir \u00e0 notre table, de nombreuses personnes, jeunes ou \u00e2g\u00e9es. De temps en temps nous soulagions de jeunes mamans malades ou en couches, en prenant chez nous l&rsquo;un ou l&rsquo;autre de leurs enfants. Pendant plusieurs ann\u00e9es nous avons aussi log\u00e9 de jeunes \u00e9tudiants et des enfants de missionnaires.<\/p>\n<p style=\"text-align: justify;\">\u00a0<\/p>\n<p style=\"text-align: justify;\"><strong><a href=\"\/wp-content\/uploads\/2014\/04\/dialogue-2.jpg\"><img loading=\"lazy\" decoding=\"async\" class=\"alignnone  wp-image-8166\" src=\"\/wp-content\/uploads\/2014\/04\/dialogue-2.jpg\" alt=\"dialogue-2\" width=\"53\" height=\"56\" \/><\/a>Vous pensez donc que l&rsquo;hospitalit\u00e9 est importante ? <\/strong><\/p>\n<p style=\"text-align: justify;\">\u00a0<\/p>\n<p style=\"text-align: justify;\"><strong>C.R. :<\/strong> Les Ecritures nous ordonnent de l&rsquo;exercer et cet ordre s&rsquo;adresse \u00e0 tous les chr\u00e9tiens. Mais bien s\u00fbr certains, pour diverses raisons, sont dans l&rsquo;impossibilit\u00e9 de la pratiquer, au moins temporairement, et on ne peut leur en faire grief.<\/p>\n<p style=\"text-align: justify;\">\u00a0<\/p>\n<p style=\"text-align: justify;\">Pour ce qui nous concerne, nous avons non seulement la possibilit\u00e9 mat\u00e9rielle de le faire, mais nous croyons que Dieu nous a fait ce don de servir de cette fa\u00e7on. Nous sommes toujours reconnaissants lorsque nous avons pu \u00e9couter nos h\u00f4tes, \u00e9changer avec eux, parfois pu les encourager. Faut-il dire combien nous avons \u00e9t\u00e9 enrichis \u00e0 ces occasions ?<\/p>\n<p style=\"text-align: justify;\">\u00a0<\/p>\n<p style=\"text-align: justify;\">Nous avons appris \u00e0 conna\u00eetre les serviteurs de Dieu autrement que dans l&rsquo;exercice de leur minist\u00e8re, nous avons partag\u00e9 bien des pr\u00e9occupations de nos invit\u00e9s. Nos enfants ont ainsi grandi dans le contact avec les autres, avec leurs joies, et leurs probl\u00e8mes. Avoir des h\u00f4tes chez nous \u00e9tait une joie pour eux. Il n&rsquo;est donc pas \u00e9tonnant qu&rsquo;\u00e0 leur tour, depuis qu&rsquo;ils ont fond\u00e9 leur propre foyer, ils aiment exercer l&rsquo;hospitalit\u00e9.<\/p>\n<p style=\"text-align: justify;\">\u00a0<\/p>\n<p style=\"text-align: justify;\"><strong><a href=\"\/wp-content\/uploads\/2014\/04\/dialogue-2.jpg\"><img loading=\"lazy\" decoding=\"async\" class=\"alignnone  wp-image-8166\" src=\"\/wp-content\/uploads\/2014\/04\/dialogue-2.jpg\" alt=\"dialogue-2\" width=\"53\" height=\"56\" \/><\/a>N&rsquo;avez-vous que des souvenirs positifs dans ce domaine ? <\/strong><\/p>\n<p style=\"text-align: justify;\">\u00a0<\/p>\n<p style=\"text-align: justify;\"><strong>V.R. :<\/strong> Aucun service pour le Seigneur n&rsquo;est exempt de probl\u00e8mes. On peut murmurer en exer\u00e7ant l&rsquo;hospitalit\u00e9, mais l&rsquo;ap\u00f4tre Pierre nous demande de nous abstenir de murmurer. Qu&rsquo;est-ce qui peut nous poussera nous plaindre ? Il y a d&rsquo;abord le travail suppl\u00e9mentaire, une fatigue personnelle, un plat \u00ab\u00a0rat\u00e9\u00a0\u00bb, des h\u00f4tes peut-\u00eatre importuns, un contretemps&#8230;<\/p>\n<p style=\"text-align: justify;\">\u00a0<\/p>\n<p style=\"text-align: justify;\"><strong>C.R. : <\/strong>Peut-\u00eatre ces contraintes nous gardent-elles dans l&rsquo;humilit\u00e9 et nous \u00e9vitent de nous enorgueillir dans notre service.<\/p>\n<p style=\"text-align: justify;\">\u00a0<\/p>\n<p style=\"text-align: justify;\"><strong><a href=\"\/wp-content\/uploads\/2014\/04\/dialogue-2.jpg\"><img loading=\"lazy\" decoding=\"async\" class=\"alignnone  wp-image-8166\" src=\"\/wp-content\/uploads\/2014\/04\/dialogue-2.jpg\" alt=\"dialogue-2\" width=\"53\" height=\"56\" \/><\/a>Vous \u00eates mari\u00e9s depuis 47 ans et vous avez 2 enfants et \/petits-enfants. Pendant toutes ces ann\u00e9es, comment avez-vous su faire co\u00efncider vos responsabilit\u00e9s de parents, de grands-parents et d&rsquo;ancien dans l&rsquo;\u00e9glise ? <\/strong><\/p>\n<p style=\"text-align: justify;\">\u00a0<\/p>\n<p style=\"text-align: justify;\"><strong>C.R. :<\/strong> C&rsquo;est vrai qu&rsquo;avec le recul, je r\u00e9alise aujourd&rsquo;hui que tout cela faisait beaucoup d&rsquo;engagements cumul\u00e9s, s&rsquo;ajoutant \u00e0 ma profession d&rsquo;enseignant.<\/p>\n<p style=\"text-align: justify;\">\u00a0<\/p>\n<p style=\"text-align: justify;\">Mais Dieu a donn\u00e9 la force et l&rsquo;enthousiasme pour assumer ces responsabilit\u00e9s. Se savoir \u00e0 la place o\u00f9 Dieu nous veut, participer avec d&rsquo;autres \u00e0 fonder puis \u00e0 d\u00e9velopper une \u00e9glise qui compte actuellement 300 membres, assister tout au long de cette aventure aux interventions divines aussi bien dans les p\u00e9riodes d&rsquo;expansion que dans les temps de difficult\u00e9s, voire de crise, tout cela, m\u00eame si parfois on aurait envie de l\u00e2cher, est stimulant et vous pousse \u00e0 tenir.<\/p>\n<p style=\"text-align: justify;\">\u00a0<\/p>\n<p style=\"text-align: justify;\">Aussi le temps accord\u00e9 \u00e0 la famille \u00e9tait-il souvent r\u00e9duit. Et l\u00e0 je dois rendre hommage \u00e0 mon \u00e9pouse, qui dans sa discr\u00e9tion, m&rsquo;a toujours encourag\u00e9. Elle a pleinement accept\u00e9 mes engagements propres ainsi que ceux que nous avions en commun, en \u00e9tant disponible et compr\u00e9hensive. Comme bien d&rsquo;autres \u00e9pouses d&rsquo;anciens ou de serviteurs de Dieu, elle a pass\u00e9 pas mal de veill\u00e9es seule ou elle a patient\u00e9 \u00e0 l&rsquo;heure des repas. Je peux dire aussi que les enfants \u00e9taient pleinement dans le coup. Mais nous comprenons tr\u00e8s bien qu&rsquo;il puisse en \u00eatre autrement dans des foyers o\u00f9 les contraintes sont diff\u00e9rentes.<\/p>\n<p style=\"text-align: justify;\">\u00a0<\/p>\n<p style=\"text-align: justify;\"><strong><a href=\"\/wp-content\/uploads\/2014\/04\/dialogue-2.jpg\"><img loading=\"lazy\" decoding=\"async\" class=\"alignnone  wp-image-8166\" src=\"\/wp-content\/uploads\/2014\/04\/dialogue-2.jpg\" alt=\"dialogue-2\" width=\"53\" height=\"56\" \/><\/a>Vous avez certainement vu beaucoup de conversions et de personnes se joindre \u00e0 l&rsquo;\u00e9glise. Pensez-vous que les jeunes d&rsquo;aujourd&rsquo;hui s&rsquo;int\u00e9ressent autant qu&rsquo;autrefois aux choses de Dieu ? Et de la m\u00eame mani\u00e8re ? <\/strong><\/p>\n<p style=\"text-align: justify;\">\u00a0<\/p>\n<p style=\"text-align: justify;\"><strong>C.R. :<\/strong> En effet, nous avons \u00e9t\u00e9 t\u00e9moins de beaucoup de conversions et on peut dire que nous connaissons pratiquement toutes les personnes qui, au cours des ann\u00e9es, se sont jointes \u00e0 l&rsquo;\u00e9glise.<\/p>\n<p style=\"text-align: justify;\">\u00a0<\/p>\n<p style=\"text-align: justify;\">Ces conversions comptent un grand pourcentage de jeunes. Par exemple, une statistique de 1982 donnait 93 personnes entre 20 et 30 ans et 101 entre 30 et 40 ans (les moins de 20 ans n&rsquo;ont pas \u00e9t\u00e9 recens\u00e9s).<\/p>\n<p style=\"text-align: justify;\">\u00a0<\/p>\n<p style=\"text-align: justify;\"><a href=\"\/wp-content\/uploads\/2010\/05\/enfant1.jpg\"><img loading=\"lazy\" decoding=\"async\" class=\" wp-image-6986 alignleft\" style=\"margin: 10px;\" src=\"\/wp-content\/uploads\/2010\/05\/enfant1.jpg\" alt=\"enfant1\" width=\"172\" height=\"265\" srcset=\"https:\/\/www.servir.caef.net\/wp-content\/uploads\/2010\/05\/enfant1.jpg 797w, https:\/\/www.servir.caef.net\/wp-content\/uploads\/2010\/05\/enfant1-194x300.jpg 194w, https:\/\/www.servir.caef.net\/wp-content\/uploads\/2010\/05\/enfant1-664x1024.jpg 664w\" sizes=\"auto, (max-width: 172px) 100vw, 172px\" \/><\/a>A la Bonne Nouvelle, nous avons toujours mis l&rsquo;accent sur le travail parmi les enfants et les jeunes, aussi bien durant l&rsquo;ann\u00e9e par divers groupes d&rsquo;activit\u00e9s, que pendant l&rsquo;\u00e9t\u00e9 avec l&rsquo;organisation de 7 \u00e0 8 camps en diverses r\u00e9gions de France. Le dimanche matin, jeunes et enfants sont nombreux. Par contre aux r\u00e9unions de semaine (pri\u00e8re, \u00e9tudes bibliques, rencontres de quartiers), ils le sont moins ; il est vrai qu&rsquo;ils ont leurs propres rencontres.<\/p>\n<p style=\"text-align: justify;\">\u00a0<\/p>\n<p style=\"text-align: justify;\">Mais nous sommes toujours frapp\u00e9s de voir combien les jeunes sont ouverts aux choses de Dieu. A chaque s\u00e9ance de bapt\u00eame, le nombre de jeunes est largement majoritaire. C&rsquo;est vrai qu&rsquo;ils n&rsquo;\u00e9pousent pas forc\u00e9ment les formes de pi\u00e9t\u00e9 usuelles il y a quelques d\u00e9cennies. Ils pr\u00e9f\u00e8rent se retrouver plus souvent entre eux, pratiquer le partage, s&rsquo;adonner \u00e0 des activit\u00e9s communes. Ainsi un certain nombre se rencontrent r\u00e9guli\u00e8rement pour prier ensemble et au moins une vingtaine suivent les cours de Formation de l&rsquo;Institut Biblique de Nogent.<\/p>\n<p style=\"text-align: justify;\"><strong><br \/> <\/strong><\/p>\n<p style=\"text-align: justify;\"><strong><a href=\"\/wp-content\/uploads\/2014\/04\/dialogue-2.jpg\"><img loading=\"lazy\" decoding=\"async\" class=\"alignnone  wp-image-8166\" src=\"\/wp-content\/uploads\/2014\/04\/dialogue-2.jpg\" alt=\"dialogue-2\" width=\"53\" height=\"56\" \/><\/a>Et pour les responsabilit\u00e9s ? Sont-ils aussi pr\u00eats \u00e0 en prendre ? Sont-ils aussi fid\u00e8les dans l&rsquo;ex\u00e9cution de leurs engagements ? <\/strong><\/p>\n<p style=\"text-align: justify;\">\u00a0<\/p>\n<p style=\"text-align: justify;\"><strong>C.R. :<\/strong> Oui, je le pense ; ainsi, par exemple, les responsables de nos divers groupes d&rsquo;enfants ou de jeunes, qui, semaine apr\u00e8s semaine, sont pr\u00e9sents pour servir. Il est vrai que, la vie moderne aidant, ils sont plus vuln\u00e9rables, parfois moins pers\u00e9v\u00e9rants. Le mandat qu&rsquo;ils acceptent a tendance \u00e0 se raccourcir en dur\u00e9e. Il nous appara\u00eet donc important de les encourager en multipliant les contacts entre jeunes et a\u00een\u00e9s.<\/p>\n<p style=\"text-align: justify;\"><strong><br \/> <\/strong><\/p>\n<p style=\"text-align: justify;\"><strong><a href=\"\/wp-content\/uploads\/2014\/04\/dialogue-2.jpg\"><img loading=\"lazy\" decoding=\"async\" class=\"alignnone  wp-image-8166\" src=\"\/wp-content\/uploads\/2014\/04\/dialogue-2.jpg\" alt=\"dialogue-2\" width=\"53\" height=\"56\" \/><\/a>Avez-vous, en tant que couple, un t\u00e9moignage \u00e0 nous donner ? <\/strong><\/p>\n<p style=\"text-align: justify;\">\u00a0<\/p>\n<p style=\"text-align: justify;\"><strong>C.R. :<\/strong> Lorsqu&rsquo;on arrive tout doucement au soir de sa vie, on est port\u00e9 \u00e0 \u00e9valuer le chemin parcouru pour voir si les choix faits dans le pass\u00e9 \u00e9taient valables.<\/p>\n<p style=\"text-align: justify;\">\u00a0<\/p>\n<p style=\"text-align: justify;\">Dans la pens\u00e9e du Seigneur, l&rsquo;\u00e9glise (et notamment l&rsquo;\u00e9glise locale) est le lieu id\u00e9al pour la croissance du chr\u00e9tien et l&rsquo;exercice de ses dons. C&rsquo;est pourquoi, une des lignes directrices que nous avions adopt\u00e9e d\u00e8s notre mariage et que nous avons maintenue jusqu&rsquo;au bout, \u00e9tait de tout faire pour que notre lieu de r\u00e9sidence (et si possible de travail), soit le plus proche possible de l&rsquo;\u00e9glise locale dans laquelle nous nous engagions. Par la gr\u00e2ce de Dieu nous avons \u00e9t\u00e9 exauc\u00e9s, puisqu&rsquo;\u00e0 chaque mutation nous nous sommes rapproch\u00e9s de l&rsquo;\u00e9glise. Cela nous a grandement facilit\u00e9 notre engagement et les contacts ; de plus, nos enfants ont pu ais\u00e9ment participer aux activit\u00e9s de jeunes.<\/p>\n<p style=\"text-align: justify;\">\u00a0<\/p>\n<p style=\"text-align: justify;\"><strong>V.R. :<\/strong> Peut-\u00eatre encore autre chose qui a \u00e9t\u00e9 b\u00e9n\u00e9fique pour notre foyer : nous nous sommes rarement pos\u00e9 la question si nous irions ou non \u00e0 la r\u00e9union du dimanche matin ou \u00e0 celles de la semaine. Il fallait, ou une cause de maladie ou un emp\u00eachement majeur pour y renoncer. La fr\u00e9quentation r\u00e9guli\u00e8re des rencontres d&rsquo;\u00e9glise nous a permis de cro\u00eetre spirituellement et de cultiver la communion fraternelle.<\/p>\n<p style=\"text-align: justify;\">\u00a0<\/p>\n<p style=\"text-align: justify;\"><strong>C.R. :<\/strong> En donnant ces 2 exemples, il n&rsquo;est pas question de les imposer \u00e0 d&rsquo;autres. M\u00eame si nous sommes convaincus que ce serait une bonne chose, les circonstances ne permettent pas toujours de le r\u00e9aliser. Des contraintes professionnelles ou familiales peuvent effectivement \u00eatre un frein. Toutefois nous croyons que le Seigneur a la possibilit\u00e9 de nous ouvrir des portes, si nous le lui demandons avec foi.<\/p>\n<p style=\"text-align: justify;\">\u00a0<\/p>\n<p style=\"text-align: justify;\"><strong><a href=\"\/wp-content\/uploads\/2014\/04\/dialogue-2.jpg\"><img loading=\"lazy\" decoding=\"async\" class=\"alignnone  wp-image-8166\" src=\"\/wp-content\/uploads\/2014\/04\/dialogue-2.jpg\" alt=\"dialogue-2\" width=\"53\" height=\"56\" \/><\/a>Merci beaucoup, M. et Mme Rick. <\/strong><\/p>\n<p style=\"text-align: justify;\">\u00a0<\/p>\n","protected":false},"excerpt":{"rendered":"<p>\u00a0 50 ans de service \u00a0 &nbsp; Charles et Violette Rick interview\u00e9s par Esther Buckenham &nbsp; &nbsp; &nbsp; Monsieur et Madame Rick, depuis longtemps, votre nom est associ\u00e9 \u00e0 l&rsquo;\u00e9glise de la \u00ab\u00a0Bonne nouvelle\u00a0\u00bb \u00e0 Strasbourg. Depuis combien de temps faites-vous partie de cette \u00e9glise ? \u00a0 Charles R. : Personnellement, j&rsquo;ai fait partie d\u00e8s [&hellip;]<\/p>\n","protected":false},"author":122,"featured_media":0,"comment_status":"closed","ping_status":"closed","sticky":false,"template":"","format":"standard","meta":{"footnotes":""},"categories":[70,72,33],"tags":[],"class_list":["post-6704","post","type-post","status-publish","format-standard","hentry","category-le-couple","category-service","category-temoignages"],"_links":{"self":[{"href":"https:\/\/www.servir.caef.net\/index.php?rest_route=\/wp\/v2\/posts\/6704","targetHints":{"allow":["GET"]}}],"collection":[{"href":"https:\/\/www.servir.caef.net\/index.php?rest_route=\/wp\/v2\/posts"}],"about":[{"href":"https:\/\/www.servir.caef.net\/index.php?rest_route=\/wp\/v2\/types\/post"}],"author":[{"embeddable":true,"href":"https:\/\/www.servir.caef.net\/index.php?rest_route=\/wp\/v2\/users\/122"}],"replies":[{"embeddable":true,"href":"https:\/\/www.servir.caef.net\/index.php?rest_route=%2Fwp%2Fv2%2Fcomments&post=6704"}],"version-history":[{"count":0,"href":"https:\/\/www.servir.caef.net\/index.php?rest_route=\/wp\/v2\/posts\/6704\/revisions"}],"wp:attachment":[{"href":"https:\/\/www.servir.caef.net\/index.php?rest_route=%2Fwp%2Fv2%2Fmedia&parent=6704"}],"wp:term":[{"taxonomy":"category","embeddable":true,"href":"https:\/\/www.servir.caef.net\/index.php?rest_route=%2Fwp%2Fv2%2Fcategories&post=6704"},{"taxonomy":"post_tag","embeddable":true,"href":"https:\/\/www.servir.caef.net\/index.php?rest_route=%2Fwp%2Fv2%2Ftags&post=6704"}],"curies":[{"name":"wp","href":"https:\/\/api.w.org\/{rel}","templated":true}]}}